{"id":10493,"date":"2019-09-24T06:00:34","date_gmt":"2019-09-24T09:00:34","guid":{"rendered":"https:\/\/www.naoobvio.com\/?p=10493"},"modified":"2019-10-15T12:13:35","modified_gmt":"2019-10-15T15:13:35","slug":"45-frases-fora-dos-cliches-para-colocar-nas-legendas","status":"publish","type":"post","link":"https:\/\/www.naoobvio.com\/index.php\/2019\/09\/24\/45-frases-fora-dos-cliches-para-colocar-nas-legendas\/","title":{"rendered":"45 FRASES FORA DOS CLICH\u00caS PARA COLOCAR NAS LEGENDAS"},"content":{"rendered":"\n<p style=\"background-color:#f9f1da\" class=\"has-background\">Frases que foram escritas h\u00e1 s\u00e9culos atr\u00e1s podem continuar a ser menos clich\u00eas do que outras tantas escritas atualmente, assim como palavras escritas na atualidade podem ter um impacto ainda mais atemporal do que outras tantas que foram sucesso h\u00e1 anos atr\u00e1s.<br><br>Foi pensando em sair dos <em>quotes <\/em>que parecem \u00f3bvios que o N\u00c3O \u00d3BVIO uniu autores marcantes h\u00e1 gera\u00e7\u00f5es, como Paulo Leminski e Clarice Lispector, a outros contempor\u00e2neos, como <a href=\"http:\/\/instagram.com\/eumechamoantonio\">Pedro Gabriel<\/a>, <a href=\"http:\/\/instagram.com\/vanessabrunt\">Vanessa Brunt<\/a>, <a href=\"https:\/\/www.instagram.com\/augustocury\/?hl=pt-br\">Augusto Cury<\/a> e <a href=\"https:\/\/www.instagram.com\/licasantanna\/?hl=pt-br\">Alice Sant&#8217;anna<\/a>. <\/p>\n\n\n\n<figure class=\"wp-block-image\"><img src=\"https:\/\/i.pinimg.com\/originals\/f6\/16\/6e\/f6166ede6f99a8a4675a901327431a7e.gif\" alt=\"\"\/><\/figure>\n\n\n\n<p style=\"background-color:#e2bbbb\" class=\"has-background\"><strong>\u260c<\/strong> VEJA TAMB\u00c9M: <a href=\"https:\/\/www.naoobvio.com\/index.php\/2019\/04\/03\/6-perfis-com-frases-de-filmes-e-series-para-seguir-no-instagram\/\"><strong>seis perfis com frases de filmes e s\u00e9ries<\/strong><\/a><strong> para seguir no Instagram <\/strong>e<strong> <\/strong><a href=\"https:\/\/www.naoobvio.com\/index.php\/2019\/04\/16\/7-escritores-que-compartilham-frases-e-textos-curtos-no-instagram\/\"><strong>sete escritores que compartilham frases<\/strong><\/a><strong> e trechos curtos no Instagram.<\/strong><\/p>\n\n\n\n<p style=\"background-color:#f9f1da\" class=\"has-background\">Todos esses autores, com suas diferentes realidades e faixas et\u00e1rias, est\u00e3o em uma mesma lista, repleta de frases que j\u00e1 circularam demasiadamente na internet ou daquelas que s\u00e3o frescas e\/ou raras o bastante para que haja a garantia de que algum dos trechos vai ser in\u00e9dito para qualquer que seja o leitor.<br><br>Seja para colocar nas legendas das fotos do Instagram, para colocar pelas paredes ou simplesmente para refletir, as frases selecionadas trazem temas como liberdade, destino, amor-pr\u00f3prio, amor rom\u00e2ntico, corrida atr\u00e1s dos sonhos, sucesso e diversos outros temas sociais ou mais pessoais. <strong>Confira:<\/strong><\/p>\n\n\n\n<p class=\"has-background has-medium-font-size has-very-light-gray-background-color\"><strong>O rio pensava que estava morrendo. N\u00e3o percebia que se tornava mar.<\/strong><br><em>Autor Desconhecido<\/em><\/p>\n\n\n\n<p class=\"has-background has-medium-font-size has-very-light-gray-background-color\"><strong>\u00c9 quando a vida d\u00e1 uns n\u00f3s que se cruzam os porqu\u00eas.<\/strong><br><em>Vanessa Brunt<\/em><\/p>\n\n\n\n<p class=\"has-background has-medium-font-size has-very-light-gray-background-color\"><strong><em>V<\/em>oc\u00ea pode&nbsp;se queixar&nbsp;porque&nbsp;a&nbsp;rosa tem espinhos&nbsp;ou se alegrar&nbsp;porque&nbsp;os&nbsp;espinhos t\u00eam&nbsp;rosas.<\/strong><em><br>Zig Ziglar<\/em><\/p>\n\n\n\n<p class=\"has-background has-medium-font-size has-very-light-gray-background-color\"><strong>N\u00e3o fosse isso e era menos. N\u00e3o fosse tanto e era quase.<\/strong><br><em>Paulo Leminski<\/em><\/p>\n\n\n\n<p class=\"has-background has-medium-font-size has-very-light-gray-background-color\"><strong>Transbordo em tudo. Fico onde couber. <\/strong><br><em>Vanessa Brunt<\/em><\/p>\n\n\n\n<p class=\"has-background has-medium-font-size has-very-light-gray-background-color\"><strong>Pegue um l\u00e1pis e marque um ponto no centro de uma folha. A solid\u00e3o \u00e9 tudo o que est\u00e1 em volta.<\/strong><br><em>Alice Sant&#8217;anna <\/em><\/p>\n\n\n\n<p class=\"has-background has-medium-font-size has-very-light-gray-background-color\"><strong>\u00c9 na rachadura que mora a luz e o segredo.<\/strong><br><em>Vanessa Brunt<\/em><\/p>\n\n\n\n<p class=\"has-background has-medium-font-size has-very-light-gray-background-color\"><strong>A estrada nunca \u00e9 firme, a firmeza est\u00e1 no caminhante.<\/strong><br><em>Autor Desconhecido<\/em><\/p>\n\n\n\n<p class=\"has-background has-medium-font-size has-very-light-gray-background-color\"><strong>S\u00f3 \u00e9 livre quem n\u00e3o tem medo de cortar as pr\u00f3prias asas. <\/strong><br><em>Vanessa Brunt<\/em><\/p>\n\n\n\n<p class=\"has-background has-medium-font-size has-very-light-gray-background-color\"><strong>Os fracos&nbsp;se&nbsp;vingam, os&nbsp;fortes se protegem.  <\/strong><br><em>Augusto Cury<\/em><\/p>\n\n\n\n<p class=\"has-background has-medium-font-size has-very-light-gray-background-color\"><strong>Os mais vivos s\u00e3o os afogados. Os \u00fanicos que conseguem realmente respirar.<\/strong><br><em>Vanessa Brunt<\/em><\/p>\n\n\n\n<p class=\"has-background has-medium-font-size has-very-light-gray-background-color\"><strong>Trope\u00e7amos \u00e9 nas pequenas pedras. Montanha a gente escala.<\/strong><br><em>Vanessa Brunt<\/em><\/p>\n\n\n\n<p class=\"has-background has-medium-font-size has-very-light-gray-background-color\"><strong>A utilidade da pedra: fazer um muro ao redor do que n\u00e3o d\u00e1 para amar e nem destruir. A utilidade do gelo: apaga tudo o que arde ou pelo menos difar\u00e7a. A utilidade do tempo: o sil\u00eancio.<\/strong><br><em>Paulo Henrique Britto <\/em><\/p>\n\n\n\n<p class=\"has-background has-medium-font-size has-very-light-gray-background-color\"><strong>Leia a hist\u00f3ria enquanto sentir que pode escrev\u00ea-la.<\/strong><br><em>Vanessa Brunt<\/em><\/p>\n\n\n\n<p class=\"has-background has-medium-font-size has-very-light-gray-background-color\"><strong>Nada mais fundo do que a superf\u00edcie. Nada mais torto do que s\u00f3 plan\u00edcie.<\/strong><br><em>Vanessa Brunt<\/em><\/p>\n\n\n\n<p class=\"has-background has-medium-font-size has-very-light-gray-background-color\"><strong>Quebra a cara \u00e9 quem s\u00f3 vive de olho aberto: que ora arde a vista, n\u00e3o enxerga mais nada e trope\u00e7a.<\/strong><br><em>Vanessa Brunt<\/em><\/p>\n\n\n\n<p class=\"has-background has-medium-font-size has-very-light-gray-background-color\"><strong>Tem coisa que s\u00f3 vira flor quando a gente cor-ta.<\/strong><br><em>Vanessa Brunt<\/em><\/p>\n\n\n\n<p class=\"has-background has-medium-font-size has-very-light-gray-background-color\"><strong>Escolha batalhas grandes o suficiente para serem importantes e pequenas o suficiente para serem vencidas.<\/strong><br><em>Kozol <\/em><\/p>\n\n\n\n<p class=\"has-background has-medium-font-size has-very-light-gray-background-color\"><strong>Vamos tirar os sapatos, colocar os p\u00e9s na cal\u00e7ada. Vamos encarar os fatos de que tudo tem sua pancada. Vamos olhar para tr\u00e1s, fazer cruz e dizer am\u00e9m: por ser hoje capaz de ver que fica o que faz bem.&nbsp; <\/strong><br><em>Vanessa Brunt<\/em><\/p>\n\n\n\n<p class=\"has-background has-medium-font-size has-very-light-gray-background-color\"><strong>O raro s\u00f3 \u00e9 raro para quem aceita o pouco como muito.<\/strong><br>Vanessa Brunt<\/p>\n\n\n\n<p class=\"has-background has-medium-font-size has-very-light-gray-background-color\"><strong>N\u00e3o vemos as coisas como s\u00e3o:&nbsp;vemos as coisas&nbsp;como somos.<\/strong><br><em>Ana\u00efs Nin <\/em><\/p>\n\n\n\n<p class=\"has-background has-medium-font-size has-very-light-gray-background-color\"><strong>Onde fico \u00e9 imenso, denso, extenso e minto se digo que est\u00e1 em quinto lugar. De onde vou levo a cor e o som do incenso, porque areia s\u00f3 gruda onde esparra-mar. <\/strong><br><em>Vanessa Brunt<\/em><\/p>\n\n\n\n<p class=\"has-background has-medium-font-size has-very-light-gray-background-color\"><strong>Quem fica faz arte com as sobras de quem parte. <\/strong><br><em>Pedro Gabriel<\/em><\/p>\n\n\n\n<p class=\"has-background has-medium-font-size has-very-light-gray-background-color\"><strong>Aprendi com as primaveras a deixar-me cortar para poder voltar sempre inteira.<\/strong><br><em>Cec\u00edlia Meireles<\/em><\/p>\n\n\n\n<p class=\"has-background has-medium-font-size has-very-light-gray-background-color\"><strong>A gente esquece na sa\u00edda que o come\u00e7o do fim \u00e9 nossa vida em espiral. <\/strong><br><em>Elizza Barreto<\/em><\/p>\n\n\n\n<p class=\"has-background has-medium-font-size has-very-light-gray-background-color\"><strong>Mude o ponto de refer\u00eancia e tudo ter\u00e1.<\/strong><br><em>Vanessa Brunt<\/em> <\/p>\n\n\n\n<p class=\"has-background has-medium-font-size has-very-light-gray-background-color\"><strong>Desista. Mas desista aos poucos para dar tempo de n\u00e3o desistir.<\/strong><br><em>Pedro Gabriel<\/em><\/p>\n\n\n\n<p class=\"has-background has-medium-font-size has-very-light-gray-background-color\"><strong>Pausar \u00e9 tamb\u00e9m estar fazendo. Fazer \u00e9 tamb\u00e9m algo pausar. Aprenda quando o cansa\u00e7o bater, n\u00e3o a desistir, mas a descansar.<\/strong><br><em>Vanessa Brunt<\/em><\/p>\n\n\n\n<p class=\"has-background has-medium-font-size has-very-light-gray-background-color\"><strong>Nenhum p\u00e1ssaro voa olhando para as pr\u00f3prias asas.<\/strong><br><em>Carpinejar<\/em><\/p>\n\n\n\n<p class=\"has-background has-medium-font-size has-very-light-gray-background-color\"><strong>A corrida n\u00e3o \u00e9 para o de maior velocidade, mas sim para o que n\u00e3o para de percorrer. Quem muito corre, cansa na primeira linha de chegada. O preparado para a pr\u00f3xima corrida aproveita a caminhada.<\/strong><br><em>Vanessa Brunt<\/em><\/p>\n\n\n\n<p class=\"has-background has-medium-font-size has-very-light-gray-background-color\"><strong>Nas quedas, s\u00f3 quem cai no fundo \u00e9 quem pode regar raiz.<\/strong><br><em>Vanessa Brunt<\/em> <\/p>\n\n\n\n<p class=\"has-background has-medium-font-size has-very-light-gray-background-color\"><strong>Sol-te, fica. Parte, arte. Sala abandonada n\u00e3o est\u00e1 vazia. Liberdade n\u00e3o faz descarte. Toda morte faz algo viver. Toda for\u00e7a abra\u00e7a o doer. Nada nunca realmente se vai. S\u00f3 voa quem ninho n\u00e3o trai. Dar a volta por cima \u00e9 saber voltar aos entornos. Todo estudo merece retornos. Depender \u00e9 tamb\u00e9m ser independente. No comercial, esqueceram de dizer. Crescer \u00e9 tamb\u00e9m n\u00e3o seguir em frente. Entre ter tanto e ter (n)\u00e3o, s\u00f3 depende de viver sentindo. Olha por outra angula\u00e7\u00e3o? Tem mais um olho em estar r(indo).&nbsp; <\/strong><br><em>Vanessa Brunt<\/em> <\/p>\n\n\n\n<p class=\"has-background has-medium-font-size has-very-light-gray-background-color\"><strong>Os nossos maiores problemas n\u00e3o est\u00e3o nos obst\u00e1culos do caminho, mas na escolha da dire\u00e7\u00e3o errada.<\/strong><br><em>Augusto Cury<\/em><\/p>\n\n\n\n<p class=\"has-background has-medium-font-size has-very-light-gray-background-color\"><strong>A natureza \u00e9 nosso \u00fanico horizonte. O resto \u00e9 consequ\u00eancia.<\/strong><br><em>Geferson Santana <\/em>  <\/p>\n\n\n\n<p class=\"has-background has-medium-font-size has-very-light-gray-background-color\"><strong>Liberdade \u00e9 saber ao que se prende.<\/strong><br><em>Vanessa Brunt<\/em> <\/p>\n\n\n\n<p class=\"has-background has-medium-font-size has-very-light-gray-background-color\"><strong>Se for poss\u00edvel, est\u00e1 feito. Se for imposs\u00edvel, vamos faz\u00ea-lo.<\/strong><br><em>Alexandre Gomes de Argolo Ferr\u00e3o Filho <\/em><\/p>\n\n\n\n<p class=\"has-background has-medium-font-size has-very-light-gray-background-color\"><strong>Se voc\u00ea deixou saudade, j\u00e1 se vingou. <\/strong><br><em>Vanessa Brunt<\/em><\/p>\n\n\n\n<p class=\"has-background has-medium-font-size has-very-light-gray-background-color\"><strong>No complexo, o simples. No simples, o complexo. No outro, a diferen\u00e7a. Na resposta, o reflexo.<\/strong><br><em>Vanessa Brunt<\/em> <\/p>\n\n\n\n<p class=\"has-background has-medium-font-size has-very-light-gray-background-color\"><strong>Que \u00e9 assim mesmo, resta de mil, cem. Se o problema \u00e9 o que fica, a solu\u00e7\u00e3o tamb\u00e9m.<\/strong><br><em>Vanessa Brunt<\/em> <\/p>\n\n\n\n<p class=\"has-background has-medium-font-size has-very-light-gray-background-color\"><strong>Eu quero ficar a n\u00f3s.<\/strong><br><em>Pedro Gabriel<\/em><\/p>\n\n\n\n<p class=\"has-background has-medium-font-size has-very-light-gray-background-color\"><strong>Quero voc\u00ea sempre aqui: consigo.<\/strong><br><em>Vanessa Brunt<\/em><\/p>\n\n\n\n<p class=\"has-background has-medium-font-size has-very-light-gray-background-color\"><strong>Cada sempre \u00e9 agora. Cada instante \u00e9 eterno. Nada tanto demora: cada \u00e2ngulo alterno. Ficando sempre muda, mudando sempre fica. O que marca se desnuda; o que d\u00f3i virando dica. Cada sempre \u00e9 ver\u00eddico, cada hora do dia. Cada eterno fat\u00eddico vira um tanto alegria. <\/strong><br><em>Vanessa Brunt<\/em> <\/p>\n\n\n\n<p class=\"has-background has-medium-font-size has-very-light-gray-background-color\"><strong>Ela anda meio perdida, sempre, em um mundo feito de folhetim. Vive driblando piscinas vazias, querendo alma na pornografia, sentada no trampolim. \u00c9 que ela sabe que a maior fortaleza vem do quebrar de muros. E percebe que n\u00e3o quebra nada quem n\u00e3o cai para se molhar. Da luz que s\u00f3 \u00e9 vista no escuro, ela v\u00ea que o primeiro muro \u00e9 sempre o pr\u00f3prio olhar. <\/strong><br><em>Vanessa Brunt<\/em> <\/p>\n\n\n\n<p class=\"has-background has-medium-font-size has-very-light-gray-background-color\"><strong>O amor \u00e9 mais s\u00e1bio que a sabedoria. <\/strong><br><em>Umberto Eco<\/em><\/p>\n\n\n\n<p class=\"has-background has-medium-font-size has-very-light-gray-background-color\"><strong>Quem ama a solid\u00e3o n\u00e3o ama a liberdade.<\/strong><br><em>Clarice Lispector<\/em><\/p>\n","protected":false},"excerpt":{"rendered":"<p>Seja com pensamentos de autores que marcaram gera\u00e7\u00f5es ou com trechos de autores contempor\u00e2neos, certas frases conseguem soar fora do \u00f3bvio ainda que o mundo da internet apresente tantos quotes e j\u00e1 n\u00e3o pare\u00e7a trazer tantas singularidades. Confira uma sele\u00e7\u00e3o especial que apresenta relfex\u00f5es de diversos temas e mostra a originalidade tamb\u00e9m do hoje.<\/p>\n","protected":false},"author":14,"featured_media":10509,"comment_status":"open","ping_status":"open","sticky":false,"template":"","format":"standard","meta":[],"categories":[20],"tags":[41,468,447],"acf":[],"yoast_head":"<!-- This site is optimized with the Yoast SEO plugin v15.9.2 - https:\/\/yoast.com\/wordpress\/plugins\/seo\/ -->\n<title>45 FRASES FORA DOS CLICH\u00caS PARA COLOCAR NAS LEGENDAS - N\u00e3o \u00d3bvio<\/title>\n<meta name=\"robots\" content=\"index, follow, max-snippet:-1, max-image-preview:large, max-video-preview:-1\" \/>\n<link rel=\"canonical\" href=\"https:\/\/www.naoobvio.com\/index.php\/2019\/09\/24\/45-frases-fora-dos-cliches-para-colocar-nas-legendas\/\" \/>\n<meta property=\"og:locale\" content=\"pt_BR\" \/>\n<meta property=\"og:type\" content=\"article\" \/>\n<meta property=\"og:title\" content=\"45 FRASES FORA DOS CLICH\u00caS PARA COLOCAR NAS LEGENDAS - N\u00e3o \u00d3bvio\" \/>\n<meta property=\"og:url\" content=\"https:\/\/www.naoobvio.com\/index.php\/2019\/09\/24\/45-frases-fora-dos-cliches-para-colocar-nas-legendas\/\" \/>\n<meta property=\"og:site_name\" content=\"N\u00e3o \u00d3bvio\" \/>\n<meta property=\"article:publisher\" content=\"http:\/\/facebook.com\/nao.obvio\" \/>\n<meta property=\"article:published_time\" content=\"2019-09-24T09:00:34+00:00\" \/>\n<meta property=\"article:modified_time\" content=\"2019-10-15T15:13:35+00:00\" \/>\n<meta property=\"og:image\" content=\"https:\/\/www.naoobvio.com\/wp-content\/uploads\/2019\/09\/frafra.jpg\" \/>\n\t<meta property=\"og:image:width\" content=\"1502\" \/>\n\t<meta property=\"og:image:height\" content=\"1001\" \/>\n<meta name=\"twitter:card\" content=\"summary_large_image\" \/>\n<meta name=\"twitter:label1\" content=\"Est. reading time\">\n\t<meta name=\"twitter:data1\" content=\"6 minutos\">\n<script type=\"application\/ld+json\" class=\"yoast-schema-graph\">{\"@context\":\"https:\/\/schema.org\",\"@graph\":[{\"@type\":\"WebSite\",\"@id\":\"https:\/\/www.naoobvio.com\/#website\",\"url\":\"https:\/\/www.naoobvio.com\/\",\"name\":\"N\\u00e3o \\u00d3bvio\",\"description\":\"O que falta na sua  lista\",\"potentialAction\":[{\"@type\":\"SearchAction\",\"target\":\"https:\/\/www.naoobvio.com\/?s={search_term_string}\",\"query-input\":\"required name=search_term_string\"}],\"inLanguage\":\"pt-BR\"},{\"@type\":\"ImageObject\",\"@id\":\"https:\/\/www.naoobvio.com\/index.php\/2019\/09\/24\/45-frases-fora-dos-cliches-para-colocar-nas-legendas\/#primaryimage\",\"inLanguage\":\"pt-BR\",\"url\":\"https:\/\/www.naoobvio.com\/wp-content\/uploads\/2019\/09\/frafra.jpg\",\"width\":1502,\"height\":1001},{\"@type\":\"WebPage\",\"@id\":\"https:\/\/www.naoobvio.com\/index.php\/2019\/09\/24\/45-frases-fora-dos-cliches-para-colocar-nas-legendas\/#webpage\",\"url\":\"https:\/\/www.naoobvio.com\/index.php\/2019\/09\/24\/45-frases-fora-dos-cliches-para-colocar-nas-legendas\/\",\"name\":\"45 FRASES FORA DOS CLICH\\u00caS PARA COLOCAR NAS LEGENDAS - N\\u00e3o \\u00d3bvio\",\"isPartOf\":{\"@id\":\"https:\/\/www.naoobvio.com\/#website\"},\"primaryImageOfPage\":{\"@id\":\"https:\/\/www.naoobvio.com\/index.php\/2019\/09\/24\/45-frases-fora-dos-cliches-para-colocar-nas-legendas\/#primaryimage\"},\"datePublished\":\"2019-09-24T09:00:34+00:00\",\"dateModified\":\"2019-10-15T15:13:35+00:00\",\"author\":{\"@id\":\"https:\/\/www.naoobvio.com\/#\/schema\/person\/819d970ea34342ee968cb5d8f4cd7685\"},\"breadcrumb\":{\"@id\":\"https:\/\/www.naoobvio.com\/index.php\/2019\/09\/24\/45-frases-fora-dos-cliches-para-colocar-nas-legendas\/#breadcrumb\"},\"inLanguage\":\"pt-BR\",\"potentialAction\":[{\"@type\":\"ReadAction\",\"target\":[\"https:\/\/www.naoobvio.com\/index.php\/2019\/09\/24\/45-frases-fora-dos-cliches-para-colocar-nas-legendas\/\"]}]},{\"@type\":\"BreadcrumbList\",\"@id\":\"https:\/\/www.naoobvio.com\/index.php\/2019\/09\/24\/45-frases-fora-dos-cliches-para-colocar-nas-legendas\/#breadcrumb\",\"itemListElement\":[{\"@type\":\"ListItem\",\"position\":1,\"item\":{\"@type\":\"WebPage\",\"@id\":\"https:\/\/www.naoobvio.com\/\",\"url\":\"https:\/\/www.naoobvio.com\/\",\"name\":\"In\\u00edcio\"}},{\"@type\":\"ListItem\",\"position\":2,\"item\":{\"@type\":\"WebPage\",\"@id\":\"https:\/\/www.naoobvio.com\/index.php\/2019\/09\/24\/45-frases-fora-dos-cliches-para-colocar-nas-legendas\/\",\"url\":\"https:\/\/www.naoobvio.com\/index.php\/2019\/09\/24\/45-frases-fora-dos-cliches-para-colocar-nas-legendas\/\",\"name\":\"45 FRASES FORA DOS CLICH\\u00caS PARA COLOCAR NAS LEGENDAS\"}}]},{\"@type\":\"Person\",\"@id\":\"https:\/\/www.naoobvio.com\/#\/schema\/person\/819d970ea34342ee968cb5d8f4cd7685\",\"name\":\"Equipe\",\"image\":{\"@type\":\"ImageObject\",\"@id\":\"https:\/\/www.naoobvio.com\/#personlogo\",\"inLanguage\":\"pt-BR\",\"url\":\"https:\/\/secure.gravatar.com\/avatar\/0dcfc0e360637409fdbed398961837cd?s=96&d=mm&r=g\",\"caption\":\"Equipe\"},\"sameAs\":[\"http:\/\/www.semquases.com\"]}]}<\/script>\n<!-- \/ Yoast SEO plugin. -->","_links":{"self":[{"href":"https:\/\/www.naoobvio.com\/index.php\/wp-json\/wp\/v2\/posts\/10493"}],"collection":[{"href":"https:\/\/www.naoobvio.com\/index.php\/wp-json\/wp\/v2\/posts"}],"about":[{"href":"https:\/\/www.naoobvio.com\/index.php\/wp-json\/wp\/v2\/types\/post"}],"author":[{"embeddable":true,"href":"https:\/\/www.naoobvio.com\/index.php\/wp-json\/wp\/v2\/users\/14"}],"replies":[{"embeddable":true,"href":"https:\/\/www.naoobvio.com\/index.php\/wp-json\/wp\/v2\/comments?post=10493"}],"version-history":[{"count":23,"href":"https:\/\/www.naoobvio.com\/index.php\/wp-json\/wp\/v2\/posts\/10493\/revisions"}],"predecessor-version":[{"id":11740,"href":"https:\/\/www.naoobvio.com\/index.php\/wp-json\/wp\/v2\/posts\/10493\/revisions\/11740"}],"wp:featuredmedia":[{"embeddable":true,"href":"https:\/\/www.naoobvio.com\/index.php\/wp-json\/wp\/v2\/media\/10509"}],"wp:attachment":[{"href":"https:\/\/www.naoobvio.com\/index.php\/wp-json\/wp\/v2\/media?parent=10493"}],"wp:term":[{"taxonomy":"category","embeddable":true,"href":"https:\/\/www.naoobvio.com\/index.php\/wp-json\/wp\/v2\/categories?post=10493"},{"taxonomy":"post_tag","embeddable":true,"href":"https:\/\/www.naoobvio.com\/index.php\/wp-json\/wp\/v2\/tags?post=10493"}],"curies":[{"name":"wp","href":"https:\/\/api.w.org\/{rel}","templated":true}]}}