{"id":10639,"date":"2019-10-31T17:48:58","date_gmt":"2019-10-31T20:48:58","guid":{"rendered":"https:\/\/www.naoobvio.com\/?p=10639"},"modified":"2019-10-31T17:48:59","modified_gmt":"2019-10-31T20:48:59","slug":"6-livros-de-ficcao-fora-do-obvio-sobre-censura","status":"publish","type":"post","link":"https:\/\/www.naoobvio.com\/index.php\/2019\/10\/31\/6-livros-de-ficcao-fora-do-obvio-sobre-censura\/","title":{"rendered":"6 LIVROS DE FIC\u00c7\u00c3O FORA DO \u00d3BVIO SOBRE CENSURA"},"content":{"rendered":"\n<p>Em tempos de crise, a arte \u00e9 resist\u00eancia. Ap\u00f3s cancelamento de s\u00e9ries pr\u00e9-selecionadas em edital, recolhimento de HQ com beijo gay na Bienal, cancelamento da temporada de apresenta\u00e7\u00f5es do grupo Clowns de Shakespeare e diversas outras situa\u00e7\u00f5es, o amplo debate sobre o cercamento \u00e0 liberdade art\u00edstica no Brasil ganhou mais vozes e preocupa\u00e7\u00f5es. <\/p>\n\n\n\n<p>E para entender melhor como s\u00e3o os per\u00edodos de censura, o N\u00c3O \u00d3BVIO recorreu a obras de fic\u00e7\u00e3o que nos transportam para realidades n\u00e3o t\u00e3o distantes, e que se fazem necess\u00e1rias nos dias atuais.\u00a0S\u00e3o narrativas importantes para aprender, refletir e conhecer contextos hist\u00f3ricos.<\/p>\n\n\n\n<blockquote class=\"wp-block-quote\"><p>\u201cUm povo que n\u00e3o conhece a sua hist\u00f3ria est\u00e1 condenado a repeti-la.\u201d <\/p><cite> Edmund Burke (1729-1797)\u00a0 <\/cite><\/blockquote>\n\n\n\n<div class=\"wp-block-image\"><figure class=\"alignleft is-resized\"><img loading=\"lazy\" src=\"https:\/\/www.naoobvio.com\/wp-content\/uploads\/2019\/10\/censuraaaaaaaa.gif\" alt=\"\" class=\"wp-image-11183\" width=\"493\" height=\"493\"\/><\/figure><\/div>\n\n\n\n<p class=\"has-text-color has-background has-very-light-gray-color has-very-dark-gray-background-color\">Obras com hist\u00f3rias sobre a ditadura militar, desaparecimentos e persegui\u00e7\u00f5es pol\u00edticas se misturam, no compilado, a sociedades fict\u00edcias que muito representam e refletem sobre a tortura, dificuldades ao acesso de informa\u00e7\u00f5es e muita resist\u00eancia.\u00a0<br><br>Confira a lista com livros de fic\u00e7\u00e3o que narram per\u00edodos hist\u00f3ricos onde a liberdade de express\u00e3o era reprimida e atrasava toda a evolu\u00e7\u00e3o social. <\/p>\n\n\n\n<h1>1. N\u00f3s | <em>de I\u00eavgueni Zami\u00e1tin <\/em><\/h1>\n\n\n\n<hr class=\"wp-block-separator\"\/>\n\n\n\n<ul class=\"wp-block-gallery columns-2 is-cropped\"><li class=\"blocks-gallery-item\"><figure><img loading=\"lazy\" width=\"500\" height=\"500\" src=\"https:\/\/www.naoobvio.com\/wp-content\/uploads\/2019\/10\/51xjVPYsTxL.jpg\" alt=\"\" data-id=\"11165\" data-link=\"https:\/\/www.naoobvio.com\/?attachment_id=11165\" class=\"wp-image-11165\" srcset=\"https:\/\/www.naoobvio.com\/wp-content\/uploads\/2019\/10\/51xjVPYsTxL.jpg 500w, https:\/\/www.naoobvio.com\/wp-content\/uploads\/2019\/10\/51xjVPYsTxL-150x150.jpg 150w, https:\/\/www.naoobvio.com\/wp-content\/uploads\/2019\/10\/51xjVPYsTxL-300x300.jpg 300w\" sizes=\"(max-width: 500px) 85vw, 500px\" \/><\/figure><\/li><li class=\"blocks-gallery-item\"><figure><img loading=\"lazy\" width=\"500\" height=\"500\" src=\"https:\/\/www.naoobvio.com\/wp-content\/uploads\/2019\/10\/4160oCGSAUL.jpg\" alt=\"\" data-id=\"11166\" data-link=\"https:\/\/www.naoobvio.com\/?attachment_id=11166\" class=\"wp-image-11166\" srcset=\"https:\/\/www.naoobvio.com\/wp-content\/uploads\/2019\/10\/4160oCGSAUL.jpg 500w, https:\/\/www.naoobvio.com\/wp-content\/uploads\/2019\/10\/4160oCGSAUL-150x150.jpg 150w, https:\/\/www.naoobvio.com\/wp-content\/uploads\/2019\/10\/4160oCGSAUL-300x300.jpg 300w\" sizes=\"(max-width: 500px) 85vw, 500px\" \/><\/figure><\/li><\/ul>\n\n\n\n<p class=\"has-background has-very-light-gray-background-color\">N\u00f3s, escrito por I\u00eavgueni Zami\u00e1tin, \u00e9 a distopia original que inspirou desde grandes cl\u00e1ssicos do g\u00eanero \u2013 Admir\u00e1vel Mundo Novo, 1984, <a href=\"https:\/\/www.amazon.com.br\/Laranja-mec%C3%A2nica-Anthony-Burgess\/dp\/8576571366\/ref=asc_df_8576571366\/?tag=googleshopp00-20&amp;linkCode=df0&amp;hvadid=379715883099&amp;hvpos=1o1&amp;hvnetw=g&amp;hvrand=18375665829554423097&amp;hvpone=&amp;hvptwo=&amp;hvqmt=&amp;hvdev=c&amp;hvdvcmdl=&amp;hvlocint=&amp;hvlocphy=1001521&amp;hvtargid=pla-812244098308&amp;psc=1\">Laranja Mec\u00e2nica<\/a> e <a href=\"https:\/\/www.amazon.com.br\/Fahrenheit-451-Ray-Bradbury\/dp\/8525052248\/ref=asc_df_8525052248\/?tag=googleshopp00-20&amp;linkCode=df0&amp;hvadid=379733573200&amp;hvpos=1o1&amp;hvnetw=g&amp;hvrand=17967739661179308147&amp;hvpone=&amp;hvptwo=&amp;hvqmt=&amp;hvdev=c&amp;hvdvcmdl=&amp;hvlocint=&amp;hvlocphy=1001521&amp;hvtargid=pla-720317557114&amp;psc=1\">Fahrenheit 451<\/a> \u2013 at\u00e9 livros mais recentes, como <a href=\"https:\/\/www.saraiva.com.br\/divergente-uma-escolha-pode-te-transformar-4081347\/p\">Divergente<\/a> e <a href=\"https:\/\/www.saraiva.com.br\/jogos-vorazes-jogos-vorazes-vol-1-3043954\/p\">Jogos Vorazes<\/a>. Apesar de ser base para tais tramas, a obra acaba n\u00e3o sendo t\u00e3o popularmente reconhecida como elas e, por tal motivo, entra na nossa listagem.<br><br>Em suas p\u00e1ginas, o autor imaginou um governo totalit\u00e1rio chamado Estado \u00danico que, supostamente pelo bem da sociedade, privou a popula\u00e7\u00e3o de direitos fundamentais como o livre-arb\u00edtrio, a individualidade, a imagina\u00e7\u00e3o, a liberdade de express\u00e3o e o direito \u00e0 pr\u00f3pria vida. Um mundo completamente mecanizado e l\u00f3gico, onde as pessoas n\u00e3o possuem nomes, mas sim n\u00fameros, e o Estado dita os hor\u00e1rios de trabalho, de lazer, de refei\u00e7\u00f5es e at\u00e9 de sexo.<br><br>A trama traz a hist\u00f3ria de D-503, um engenheiro que vive pleno e feliz (exatamente como ordena o grandioso Estado \u00danico), mas come\u00e7a a duvidar das pr\u00f3prias convic\u00e7\u00f5es ao conhecer uma misteriosa mulher que comete a ousadia de bular regras, e que o contamina com <em>a doen\u00e7a <\/em>chamada imagina\u00e7\u00e3o.<\/p>\n\n\n\n<figure class=\"wp-block-embed-youtube wp-block-embed is-type-video is-provider-youtube wp-embed-aspect-16-9 wp-has-aspect-ratio\"><div class=\"wp-block-embed__wrapper\">\n<iframe title=\"N\u00d3S, DE ZAMI\u00c1TIN, A PEDRA FUNDAMENTAL DA DISTOPIA | Resenha no Pipoca Musical\" width=\"840\" height=\"473\" src=\"https:\/\/www.youtube.com\/embed\/r4-9Ntpii8o?feature=oembed\" frameborder=\"0\" allow=\"accelerometer; autoplay; encrypted-media; gyroscope; picture-in-picture\" allowfullscreen><\/iframe>\n<\/div><\/figure>\n\n\n\n<p class=\"has-background has-pale-pink-background-color\">\u260c\u00a0<strong>Onde comprar:<\/strong> <a href=\"https:\/\/www.editoraaleph.com.br\/nos\/p\">Editora Aleph<\/a><br>\u260c\u00a0<strong>Formato:<\/strong> f\u00edsico<br>\u260c\u00a0<strong>Pre\u00e7o:<\/strong>\u00a0R$ 64,90<br>\u260c\u00a0<strong>Ano de lan\u00e7amento:<\/strong> 1924 | 2017 (\u00faltima edi\u00e7\u00e3o)<br>\u260c\u00a0<strong>Editora:<\/strong> <a href=\"https:\/\/www.editoraaleph.com.br\/nos\/p\">Aleph<\/a><br>\u260c\u00a0<strong>P\u00e1ginas:<\/strong> 344<\/p>\n\n\n\n<h1>2. Tempos Extremos | <em>de M\u00edriam Leit\u00e3o\u00a0<\/em><\/h1>\n\n\n\n<hr class=\"wp-block-separator\"\/>\n\n\n\n<ul class=\"wp-block-gallery columns-2 is-cropped\"><li class=\"blocks-gallery-item\"><figure><img loading=\"lazy\" width=\"714\" height=\"1024\" src=\"https:\/\/www.naoobvio.com\/wp-content\/uploads\/2019\/10\/914AfF9SJL-714x1024.jpg\" alt=\"\" data-id=\"13011\" data-link=\"https:\/\/www.naoobvio.com\/?attachment_id=13011\" class=\"wp-image-13011\" srcset=\"https:\/\/www.naoobvio.com\/wp-content\/uploads\/2019\/10\/914AfF9SJL-714x1024.jpg 714w, https:\/\/www.naoobvio.com\/wp-content\/uploads\/2019\/10\/914AfF9SJL-209x300.jpg 209w, https:\/\/www.naoobvio.com\/wp-content\/uploads\/2019\/10\/914AfF9SJL-768x1101.jpg 768w, https:\/\/www.naoobvio.com\/wp-content\/uploads\/2019\/10\/914AfF9SJL-1200x1720.jpg 1200w, https:\/\/www.naoobvio.com\/wp-content\/uploads\/2019\/10\/914AfF9SJL-1320x1892.jpg 1320w, https:\/\/www.naoobvio.com\/wp-content\/uploads\/2019\/10\/914AfF9SJL.jpg 1786w\" sizes=\"(max-width: 709px) 85vw, (max-width: 909px) 67vw, (max-width: 984px) 61vw, (max-width: 1362px) 45vw, 600px\" \/><\/figure><\/li><li class=\"blocks-gallery-item\"><figure><img loading=\"lazy\" width=\"729\" height=\"1024\" src=\"https:\/\/www.naoobvio.com\/wp-content\/uploads\/2019\/10\/tempp-729x1024.jpg\" alt=\"\" data-id=\"13045\" data-link=\"https:\/\/www.naoobvio.com\/?attachment_id=13045\" class=\"wp-image-13045\" srcset=\"https:\/\/www.naoobvio.com\/wp-content\/uploads\/2019\/10\/tempp-729x1024.jpg 729w, https:\/\/www.naoobvio.com\/wp-content\/uploads\/2019\/10\/tempp-214x300.jpg 214w, https:\/\/www.naoobvio.com\/wp-content\/uploads\/2019\/10\/tempp-768x1079.jpg 768w, https:\/\/www.naoobvio.com\/wp-content\/uploads\/2019\/10\/tempp-1200x1686.jpg 1200w, https:\/\/www.naoobvio.com\/wp-content\/uploads\/2019\/10\/tempp-1320x1855.jpg 1320w, https:\/\/www.naoobvio.com\/wp-content\/uploads\/2019\/10\/tempp.jpg 1822w\" sizes=\"(max-width: 709px) 85vw, (max-width: 909px) 67vw, (max-width: 984px) 61vw, (max-width: 1362px) 45vw, 600px\" \/><\/figure><\/li><\/ul>\n\n\n\n<div class=\"wp-block-image\"><figure class=\"aligncenter\"><img src=\"http:\/\/www.naoobvio.com\/wp-content\/uploads\/2019\/03\/linha-4-1024x5.png\" alt=\"O atributo alt desta imagem est\u00c3\u0083\u00c2\u0083\u00c3\u0082\u00c2\u0083\u00c3\u0083\u00c2\u0082\u00c3\u0082\u00c2\u0083\u00c3\u0083\u00c2\u0083\u00c3\u0082\u00c2\u0082\u00c3\u0083\u00c2\u0082\u00c3\u0082\u00c2\u0083\u00c3\u0083\u00c2\u0083\u00c3\u0082\u00c2\u0083\u00c3\u0083\u00c2\u0082\u00c3\u0082\u00c2\u0082\u00c3\u0083\u00c2\u0083\u00c3\u0082\u00c2\u0082\u00c3\u0083\u00c2\u0082\u00c3\u0082\u00c2\u00a1 vazio. O nome do arquivo \u00c3\u0083\u00c2\u0083\u00c3\u0082\u00c2\u0083\u00c3\u0083\u00c2\u0082\u00c3\u0082\u00c2\u0083\u00c3\u0083\u00c2\u0083\u00c3\u0082\u00c2\u0082\u00c3\u0083\u00c2\u0082\u00c3\u0082\u00c2\u0083\u00c3\u0083\u00c2\u0083\u00c3\u0082\u00c2\u0083\u00c3\u0083\u00c2\u0082\u00c3\u0082\u00c2\u0082\u00c3\u0083\u00c2\u0083\u00c3\u0082\u00c2\u0082\u00c3\u0083\u00c2\u0082\u00c3\u0082\u00c2\u00a9 linha-4-1024x5.png\"\/><\/figure><\/div>\n\n\n\n<p class=\"has-background has-very-light-gray-background-color\">Publicado em 2014, Tempos Extremos \u00e9 o primeiro romance da conceituada jornalista <a rel=\"noreferrer noopener\" aria-label=\"M\u00edriam Leit\u00e3o (abre numa nova aba)\" href=\"https:\/\/twitter.com\/miriamleitaocom?lang=en\" target=\"_blank\">M\u00edriam Leit\u00e3o<\/a> e apresenta atrav\u00e9s de camadas hist\u00f3ricas, dois per\u00edodos obscuros e tristes da hist\u00f3ria do Brasil: a escravid\u00e3o e a ditadura militar.<br><br>Com uma viagem no tempo, a narrativa apresenta os mist\u00e9rios de uma fazenda perdida entre as serras das Minas Gerais, para contar a hist\u00f3ria de uma fam\u00edlia t\u00edpica brasileira. Conduzido pela sonhadora Larissa, a jovem abre as feridas em busca da sua pr\u00f3pria identidade.&nbsp;<br><br>Formada em jornalismo, Larissa sofre uma desilus\u00e3o com a profiss\u00e3o e resolve cursar Hist\u00f3ria. E \u00e9 durante uma reuni\u00e3o familiar para celebrar o anivers\u00e1rio da matriarca Maria Jos\u00e9, que a jovem recebe um convite para conhecer a parte esquecida da hist\u00f3ria daquele lugar.&nbsp;<br><br>Tempos Extremos usa realismo m\u00e1gico para conectar os fatos hist\u00f3ricos e reafirma a import\u00e2ncia de discutir e conhecer os vest\u00edgios deixados por lados t\u00e3o sombrios do pa\u00eds.&nbsp;<\/p>\n\n\n\n<figure class=\"wp-block-embed-youtube wp-block-embed is-type-video is-provider-youtube wp-embed-aspect-16-9 wp-has-aspect-ratio\"><div class=\"wp-block-embed__wrapper\">\n<iframe title=\"&quot;Tempos extremos&quot;, de M\u00edriam Leit\u00e3o: Ditadura e escravid\u00e3o\" width=\"840\" height=\"473\" src=\"https:\/\/www.youtube.com\/embed\/OUKZk5iCNd4?feature=oembed\" frameborder=\"0\" allow=\"accelerometer; autoplay; encrypted-media; gyroscope; picture-in-picture\" allowfullscreen><\/iframe>\n<\/div><\/figure>\n\n\n\n<p class=\"has-background has-pale-pink-background-color\">\u260c&nbsp;<strong>Onde comprar:<\/strong> <a rel=\"noreferrer noopener\" aria-label=\"Amazon (abre numa nova aba)\" href=\"https:\/\/www.amazon.com.br\/Tempos-extremos-M%C3%ADriam-Leit\u00e3o-ebook\/dp\/B00JRD29VO\" target=\"_blank\">Amazon<\/a> (e-book) | <a rel=\"noreferrer noopener\" aria-label=\"Livraria Cultura (abre numa nova aba)\" href=\"https:\/\/www.livrariacultura.com.br\/p\/livros\/literatura-nacional\/romances\/tempos-extremos-42234879\" target=\"_blank\">Livraria Cultura<\/a> | <a rel=\"noreferrer noopener\" aria-label=\"Livraria da Travessa (abre numa nova aba)\" href=\"https:\/\/www.travessa.com.br\/tempos-extremos\/artigo\/220cbdf6-c502-48e4-8693-64d50247fd75\" target=\"_blank\">Livraria da Travessa<\/a> | <a rel=\"noreferrer noopener\" aria-label=\"Submarino (abre numa nova aba)\" href=\"https:\/\/www.submarino.com.br\/produto\/119485771\/tempos-extremos?afpid=33992483&amp;epar=lomadee&amp;hl=lower&amp;lmdsid=077536295982-6147-1572517607756&amp;opn=AFLNOVOSUB&amp;sellerId=00776574000660&amp;utm_source=lomadee\" target=\"_blank\">Submarino<\/a> | <a rel=\"noreferrer noopener\" aria-label=\"Americanas&nbsp; (abre numa nova aba)\" href=\"https:\/\/www.americanas.com.br\/produto\/119485771\/tempos-extremos?afpid=33992483&amp;epar=4AD7-0B94-6391&amp;hl=lower&amp;lmdsid=099736295982-6147-1572517609973&amp;opn=AFLACOM&amp;utm_campaign=lomadee&amp;utm_medium=lomadee&amp;utm_source=lomadee\" target=\"_blank\">Americanas<\/a><br>\u260c&nbsp;<strong>Formato:<\/strong> f\u00edsico e e-book<br>\u260c&nbsp;<strong>Pre\u00e7o:<\/strong>&nbsp;R$ 34,90<br>\u260c&nbsp;<strong>Ano de lan\u00e7amento:<\/strong> 2014<br>\u260c&nbsp;<strong>Editora:<\/strong> Intr\u00ednseca<br>\u260c&nbsp;<strong>P\u00e1ginas:<\/strong> 272<\/p>\n\n\n\n<h1>3. Incidente em Antares | <em>de \u00c9rico Ver\u00edssimo<\/em><\/h1>\n\n\n\n<hr class=\"wp-block-separator\"\/>\n\n\n\n<ul class=\"wp-block-gallery columns-2 is-cropped\"><li class=\"blocks-gallery-item\"><figure><img loading=\"lazy\" width=\"333\" height=\"500\" src=\"https:\/\/www.naoobvio.com\/wp-content\/uploads\/2019\/10\/515g78EgfxL.jpg\" alt=\"\" data-id=\"11159\" data-link=\"https:\/\/www.naoobvio.com\/?attachment_id=11159\" class=\"wp-image-11159\" srcset=\"https:\/\/www.naoobvio.com\/wp-content\/uploads\/2019\/10\/515g78EgfxL.jpg 333w, https:\/\/www.naoobvio.com\/wp-content\/uploads\/2019\/10\/515g78EgfxL-200x300.jpg 200w\" sizes=\"(max-width: 333px) 85vw, 333px\" \/><\/figure><\/li><li class=\"blocks-gallery-item\"><figure><img loading=\"lazy\" width=\"768\" height=\"1024\" src=\"https:\/\/www.naoobvio.com\/wp-content\/uploads\/2019\/10\/incidente-em-antares-erico-verissimo-D_NQ_NP_707685-MLB28132341496_092018-F-768x1024.jpg\" alt=\"\" data-id=\"11160\" data-link=\"https:\/\/www.naoobvio.com\/?attachment_id=11160\" class=\"wp-image-11160\" srcset=\"https:\/\/www.naoobvio.com\/wp-content\/uploads\/2019\/10\/incidente-em-antares-erico-verissimo-D_NQ_NP_707685-MLB28132341496_092018-F-768x1024.jpg 768w, https:\/\/www.naoobvio.com\/wp-content\/uploads\/2019\/10\/incidente-em-antares-erico-verissimo-D_NQ_NP_707685-MLB28132341496_092018-F-225x300.jpg 225w, https:\/\/www.naoobvio.com\/wp-content\/uploads\/2019\/10\/incidente-em-antares-erico-verissimo-D_NQ_NP_707685-MLB28132341496_092018-F.jpg 900w\" sizes=\"(max-width: 709px) 85vw, (max-width: 909px) 67vw, (max-width: 984px) 61vw, (max-width: 1362px) 45vw, 600px\" \/><\/figure><\/li><\/ul>\n\n\n\n<p class=\"has-background has-very-light-gray-background-color\">Mais conhecido pelos amantes de cl\u00e1ssicos ou por gera\u00e7\u00f5es passadas e publicado no auge da ditadura militar,\u00a0Incidente em Antares\u00a0\u00e9 uma trama em que os lados c\u00f4micos e dram\u00e1ticos servem (ambos) como met\u00e1foras cr\u00edticas sobre a pol\u00edtica brasileira. O livro, que foi uma das \u00faltimas publica\u00e7\u00f5es do ga\u00facho \u00c9rico Ver\u00edssimo, consegue ser atual, po\u00e9tica e densa.<br><br>Na obra, ap\u00f3s declararem greve, os trabalhadores da cidade de Antares sa\u00edram para o almo\u00e7o e n\u00e3o voltaram. Sete deles morreram, e ainda dentro do caix\u00e3o, a espera de serem enterrados, se levantam e v\u00e3o at\u00e9 a cidade. Eles, agora que s\u00e3o defuntos, podem fazer cr\u00edticas e den\u00fancias.  <br><br>O livro \u00e9, ent\u00e3o, dividido em duas partes, Antares e o Incidente. Na primeira parte do romance, Antares, que \u00e9 uma cidade fict\u00edcia situada no Rio Grande do Sul, \u00e9 palco do conflito entre duas fam\u00edlias da regi\u00e3o. A descri\u00e7\u00e3o da cidade e a no\u00e7\u00e3o dos extremismos entre as duas fam\u00edlias que brigam pelo poder come\u00e7am a desenla\u00e7ar mais cr\u00edticas pelas p\u00e1ginas.<br><br>O Incidente, que d\u00e1 nome \u00e0 segunda parte do livro e tamb\u00e9m ao t\u00edtulo, acontece em uma sexta-feira, dia 13 de dezembro do ano de 1963, e coloca Antares \u2013 at\u00e9 ent\u00e3o esquecida pelo pa\u00eds \u2013, no radar do Rio Grande do Sul e do Brasil. <\/p>\n\n\n\n<p style=\"background-color:#f5dee4\" class=\"has-background\">\u260c O romance de \u00c9rico Ver\u00edssimo foi adaptado para a televis\u00e3o pela rede Globo. Entre 29 de novembro de 1994 e 16 de dezembro de 1994 foram exibidos, \u00e0s 21h30, 12 cap\u00edtulos de&nbsp;Incidente em Antares. <\/p>\n\n\n\n<figure class=\"wp-block-embed-youtube wp-block-embed is-type-video is-provider-youtube wp-embed-aspect-4-3 wp-has-aspect-ratio\"><div class=\"wp-block-embed__wrapper\">\n<iframe title=\"INCIDENTE EM ANTARES (1994) - chamada de elenco - estreia\" width=\"840\" height=\"630\" src=\"https:\/\/www.youtube.com\/embed\/VMwteguC9I0?feature=oembed\" frameborder=\"0\" allow=\"accelerometer; autoplay; encrypted-media; gyroscope; picture-in-picture\" allowfullscreen><\/iframe>\n<\/div><\/figure>\n\n\n\n<p class=\"has-background has-pale-pink-background-color\">\u260c&nbsp;<strong>Onde comprar:<\/strong>&nbsp;<a href=\"https:\/\/www.amazon.com.br\/Incidente-em-Antares-Erico-Verissimo\/dp\/853590767X\/ref=asc_df_853590767X\/?tag=googleshopp00-20&amp;linkCode=df0&amp;hvadid=379726091008&amp;hvpos=1o1&amp;hvnetw=g&amp;hvrand=11222911932257591064&amp;hvpone=&amp;hvptwo=&amp;hvqmt=&amp;hvdev=c&amp;hvdvcmdl=&amp;hvlocint=&amp;hvlocphy=1001521&amp;hvtargid=pla-837716855167&amp;psc=1\">Amazon<\/a> | <a href=\"https:\/\/www.travessa.com.br\/incidente-em-antares\/artigo\/bc224679-39c0-4d5e-82c5-f648e0357547?pcd=041\">Livraria Travessa<\/a> |<a href=\"https:\/\/www.livrariacultura.com.br\/p\/livros\/literatura-nacional\/incidente-em-antares-1753524?id_link=8787&amp;adtype=pla&amp;id_link=8787&amp;gclid=Cj0KCQjwuNbsBRC-ARIsAAzITudZgsG2kFGHyA1ElfZi5_nr8jNuS9l3J_B0oxTtmhvCAcG9hPjWIEkaAsKmEALw_wcB\"> Livraria Cultura<\/a> | <a href=\"https:\/\/www.submarino.com.br\/produto\/5618444\/livro-incidente-em-antares?WT.srch=1&amp;acc=d47a04c6f99456bc289220d5d0ff208d&amp;epar=bp_pl_00_go_g35177&amp;gclid=Cj0KCQjwuNbsBRC-ARIsAAzITuftcvpWczQuwNekUlcT216qoRTxRcoEZgkWOS5cWW9GAzg3zPAbbagaAizaEALw_wcB&amp;i=561e53416ed24cafb5322074&amp;o=55b01c269c3238c7d1cdb598&amp;opn=XMLGOOGLE&amp;sellerId=00776574000660\">Submarino<\/a>  <br>\u260c&nbsp;<strong>Formato:<\/strong>&nbsp;f\u00edsico<br>\u260c&nbsp;<strong>Pre\u00e7o:<\/strong>&nbsp;R$ 24<br>\u260c&nbsp;<strong>Ano de lan\u00e7amento:<\/strong>&nbsp;1971 <br>\u260c&nbsp;<strong>Editora:<\/strong>&nbsp;<a href=\"http:\/\/globolivros.globo.com\/\">Globo<\/a> <br>\u260c&nbsp;<strong>P\u00e1ginas:<\/strong>&nbsp;485 <\/p>\n\n\n\n<h1>4. As Meninas | <em>de Lygia Fagundes Telles<\/em><\/h1>\n\n\n\n<hr class=\"wp-block-separator\"\/>\n\n\n\n<ul class=\"wp-block-gallery columns-2 is-cropped\"><li class=\"blocks-gallery-item\"><figure><img loading=\"lazy\" width=\"683\" height=\"1024\" src=\"https:\/\/www.naoobvio.com\/wp-content\/uploads\/2019\/10\/91Q5KS5bQvL-683x1024.jpg\" alt=\"\" data-id=\"13014\" data-link=\"https:\/\/www.naoobvio.com\/?attachment_id=13014\" class=\"wp-image-13014\" srcset=\"https:\/\/www.naoobvio.com\/wp-content\/uploads\/2019\/10\/91Q5KS5bQvL-683x1024.jpg 683w, https:\/\/www.naoobvio.com\/wp-content\/uploads\/2019\/10\/91Q5KS5bQvL-200x300.jpg 200w, https:\/\/www.naoobvio.com\/wp-content\/uploads\/2019\/10\/91Q5KS5bQvL-768x1152.jpg 768w, https:\/\/www.naoobvio.com\/wp-content\/uploads\/2019\/10\/91Q5KS5bQvL-1200x1799.jpg 1200w, https:\/\/www.naoobvio.com\/wp-content\/uploads\/2019\/10\/91Q5KS5bQvL-1320x1979.jpg 1320w, https:\/\/www.naoobvio.com\/wp-content\/uploads\/2019\/10\/91Q5KS5bQvL.jpg 1654w\" sizes=\"(max-width: 709px) 85vw, (max-width: 909px) 67vw, (max-width: 984px) 61vw, (max-width: 1362px) 45vw, 600px\" \/><\/figure><\/li><li class=\"blocks-gallery-item\"><figure><img loading=\"lazy\" width=\"685\" height=\"1024\" src=\"https:\/\/www.naoobvio.com\/wp-content\/uploads\/2019\/10\/meninas-nova-fronteira-685x1024.jpg\" alt=\"\" data-id=\"13015\" data-link=\"https:\/\/www.naoobvio.com\/?attachment_id=13015\" class=\"wp-image-13015\" srcset=\"https:\/\/www.naoobvio.com\/wp-content\/uploads\/2019\/10\/meninas-nova-fronteira-685x1024.jpg 685w, https:\/\/www.naoobvio.com\/wp-content\/uploads\/2019\/10\/meninas-nova-fronteira-201x300.jpg 201w, https:\/\/www.naoobvio.com\/wp-content\/uploads\/2019\/10\/meninas-nova-fronteira-768x1147.jpg 768w, https:\/\/www.naoobvio.com\/wp-content\/uploads\/2019\/10\/meninas-nova-fronteira.jpg 824w\" sizes=\"(max-width: 709px) 85vw, (max-width: 909px) 67vw, (max-width: 984px) 61vw, (max-width: 1362px) 45vw, 600px\" \/><\/figure><\/li><\/ul>\n\n\n\n<p class=\"has-background has-very-light-gray-background-color\">Da consagrada autora brasileira <a rel=\"noreferrer noopener\" aria-label=\"Lygia Fagundes Telles (abre numa nova aba)\" href=\"http:\/\/www.academia.org.br\/academicos\/lygia-fagundes-telles\/biografia\" target=\"_blank\">Lygia Fagundes Telles<\/a>, o livro <a rel=\"noreferrer noopener\" aria-label=\"As Meninas (abre numa nova aba)\" href=\"https:\/\/www.amazon.com.br\/dp\/B009WW4X6O\/ref=dp-kindle-redirect?_encoding=UTF8&amp;btkr=1\" target=\"_blank\">As Meninas<\/a> pode n\u00e3o ser conhecido pela nova gera\u00e7\u00e3o. Lan\u00e7ado em 1973, o romance aborda temas que continuam atuais, em uma cr\u00edtica ao regime vigente, e rompe quest\u00f5es morais de uma sociedade machista.\u00a0<br><br>A obra faz um panorama da sociedade brasileira no final dos anos 60, apresentado a vida de tr\u00eas jovens universit\u00e1rias que vivem em um pensionato de freiras paulistano. Lorena, Lia e Ana Clara t\u00eam personalidades muito diferentes, mas s\u00e3o unidas pela amizade ao dividirem suas ang\u00fastias t\u00edpicas da juventude.<br><br>Por utilizar a t\u00e9cnica de fluxo de consci\u00eancia, onde a autora tenta inserir o leitor dentro dos pensamentos de cada personagem, o livro pode parecer confuso no in\u00edcio. A personalidade marcante de cada uma das protagonista, no entanto, garante o reconhecimento e identifica\u00e7\u00e3o das personagens, fluindo cada vez melhor.<br><br>Com grande import\u00e2ncia hist\u00f3rica, o romance faz cr\u00edticas ao governo da \u00e9poca (1973), sendo bem corajoso ao descrever uma sess\u00e3o de tortura e trazer quest\u00f5es feministas \u00e0 frente do seu tempo.\u00a0\u00a0<\/p>\n\n\n\n<p class=\"has-background has-pale-pink-background-color\">\u260c\u00a0O<strong>nde comprar:<\/strong> <a rel=\"noreferrer noopener\" aria-label=\"Saraiva (abre numa nova aba)\" href=\"https:\/\/www.saraiva.com.br\/as-meninas-2636309\/p\" target=\"_blank\">Saraiva<\/a> | <a rel=\"noreferrer noopener\" aria-label=\"Amazon (abre numa nova aba)\" href=\"https:\/\/www.amazon.com.br\/dp\/B009WW4X6O\/ref=dp-kindle-redirect?_encoding=UTF8&amp;btkr=1\" target=\"_blank\">Amazon<\/a> (e-book) | <a rel=\"noreferrer noopener\" aria-label=\"Livraria Cultura (abre numa nova aba)\" href=\"https:\/\/www.livrariacultura.com.br\/p\/livros\/literatura-nacional\/romances\/as-meninas-2745882\" target=\"_blank\">Livraria Cultura<\/a><br>\u260c\u00a0<strong>Formato:<\/strong> f\u00edsico e e-book<br>\u260c\u00a0<strong>Pre\u00e7o:<\/strong>\u00a0R$31,70<br>\u260c\u00a0<strong>Ano de lan\u00e7amento:<\/strong> 1973<br>\u260c\u00a0<strong>Editora:<\/strong> Companhia das Letras<br>\u260c\u00a0<strong>P\u00e1ginas:<\/strong> 304<\/p>\n\n\n\n<h1>5. O Amor, Esse Obst\u00e1culo | <em>de Micheliny Verunschk<\/em><\/h1>\n\n\n\n<hr class=\"wp-block-separator\"\/>\n\n\n\n<ul class=\"wp-block-gallery columns-2 is-cropped\"><li class=\"blocks-gallery-item\"><figure><img loading=\"lazy\" width=\"729\" height=\"1024\" src=\"https:\/\/www.naoobvio.com\/wp-content\/uploads\/2019\/10\/amor-esse-729x1024.jpg\" alt=\"\" data-id=\"13042\" data-link=\"https:\/\/www.naoobvio.com\/?attachment_id=13042\" class=\"wp-image-13042\" srcset=\"https:\/\/www.naoobvio.com\/wp-content\/uploads\/2019\/10\/amor-esse-729x1024.jpg 729w, https:\/\/www.naoobvio.com\/wp-content\/uploads\/2019\/10\/amor-esse-214x300.jpg 214w, https:\/\/www.naoobvio.com\/wp-content\/uploads\/2019\/10\/amor-esse-768x1079.jpg 768w, https:\/\/www.naoobvio.com\/wp-content\/uploads\/2019\/10\/amor-esse.jpg 854w\" sizes=\"(max-width: 709px) 85vw, (max-width: 909px) 67vw, (max-width: 984px) 61vw, (max-width: 1362px) 45vw, 600px\" \/><\/figure><\/li><li class=\"blocks-gallery-item\"><figure><img loading=\"lazy\" width=\"778\" height=\"1024\" src=\"https:\/\/www.naoobvio.com\/wp-content\/uploads\/2019\/10\/20181107174749_8420991580_DZ-1-778x1024.jpg\" alt=\"\" data-id=\"11172\" data-link=\"https:\/\/www.naoobvio.com\/?attachment_id=11172\" class=\"wp-image-11172\" srcset=\"https:\/\/www.naoobvio.com\/wp-content\/uploads\/2019\/10\/20181107174749_8420991580_DZ-1-778x1024.jpg 778w, https:\/\/www.naoobvio.com\/wp-content\/uploads\/2019\/10\/20181107174749_8420991580_DZ-1-228x300.jpg 228w, https:\/\/www.naoobvio.com\/wp-content\/uploads\/2019\/10\/20181107174749_8420991580_DZ-1-768x1011.jpg 768w, https:\/\/www.naoobvio.com\/wp-content\/uploads\/2019\/10\/20181107174749_8420991580_DZ-1.jpg 1000w\" sizes=\"(max-width: 709px) 85vw, (max-width: 909px) 67vw, (max-width: 984px) 61vw, (max-width: 1362px) 45vw, 600px\" \/><\/figure><\/li><\/ul>\n\n\n\n<p class=\"has-background has-very-light-gray-background-color\">O romance brasileiro O Amor, Esse Obst\u00e1culo, quebra o sil\u00eancio e aborda assuntos como censura \u00e0 imprensa e boicote a arte, e encerra a <a rel=\"noreferrer noopener\" aria-label=\"Trilogia Infernal (abre numa nova aba)\" href=\"https:\/\/www.editorapatua.com.br\/produto\/36977\/trilogia-infernal-reuniao-dos-romances-de-micheliny-verunschk\" target=\"_blank\">Trilogia Infernal<\/a> da autora, composta pelos livros: Aqui, no Cora\u00e7\u00e3o do Inferno (Patu\u00e1, 2016) e O Peso do Cora\u00e7\u00e3o de um Homem (Patu\u00e1, 2017), finalista do Pr\u00eamio S\u00e3o Paulo de Literatura 2018.&nbsp;<br><br>Micheliny Verunschk regata por meio da fic\u00e7\u00e3o e quebra o sil\u00eancio marcado pelo per\u00edodo da ditadura militar no pa\u00eds. Um convite para conhecer o passado, entender e refletir sobre a repress\u00e3o sofrida na \u00e9poca.&nbsp;<br><br>Com a morte do pai, a narradora Laura utiliza uma maleta deixada com c\u00e9lulas de identidade para iniciar uma pesquisa e desvendar hist\u00f3rias de pessoas desaparecidas, v\u00edtimas do regime militar.&nbsp;<br><br>Com a possibilidade de ajudar e possibilitar o encontro de parentes que se perderam, o romance \u00e9 um mergulho para esse per\u00edodo t\u00e3o sombrio da hist\u00f3ria recente do pa\u00eds, dando voz aos personagens que foram reprimidos na \u00e9poca.&nbsp;<\/p>\n\n\n\n<blockquote class=\"wp-block-quote\"><p>&#8220;A ditadura \u00e9 um assunto que incide silenciosamente, insidiosamente em v\u00e1rias gera\u00e7\u00f5es, em todos os que viveram e sobreviveram a ela, at\u00e9 hoje. N\u00e3o por acaso surgem na cena liter\u00e1ria contempor\u00e2nea cada vez mais fic\u00e7\u00f5es sobre esse per\u00edodo, escritas por autores nascidos p\u00f3s-golpe de 1964.<br><br>Quebra-se assim o sil\u00eancio que tanto marcou a inf\u00e2ncia e a adolesc\u00eancia dos filhos da ditadura. \u00c9 como se s\u00f3 recentemente, na vida madura, perceb\u00eassemos enfim os efeitos catastr\u00f3ficos de um regime militar que manipulou toda uma popula\u00e7\u00e3o na base do medo, da censura total \u00e0 imprensa e do boicote a qualquer arte minimamente reflexiva&#8221;<\/p><cite><a href=\"https:\/\/www.travessa.com.br\/amor-esse-obstaculo\/artigo\/cf834297-e88c-40f5-a0c4-5b61e05055f8\">Site Livraria Travessa<\/a><\/cite><\/blockquote>\n\n\n\n<p class=\"has-background has-pale-pink-background-color\">\u260c&nbsp;<strong>Onde comprar:<\/strong> <a href=\"https:\/\/www.travessa.com.br\/amor-esse-obstaculo\/artigo\/cf834297-e88c-40f5-a0c4-5b61e05055f8\">Livraria da Travessa<\/a><br>\u260c&nbsp;<strong>Formato:<\/strong> f\u00edsico<br>\u260c&nbsp;<strong>Pre\u00e7o:<\/strong>&nbsp;R$ 38<br>\u260c&nbsp;<strong>Ano de lan\u00e7amento:<\/strong> 2018<br>\u260c&nbsp;<strong>Editora:<\/strong> <a href=\"https:\/\/www.travessa.com.br\/Patu%C3%A1\/editora\/ba0a4807-2918-4a59-b1e0-94f40bcd3b1a\">Patu\u00e1<\/a> <br>\u260c&nbsp;<strong>P\u00e1ginas:<\/strong> 168<\/p>\n\n\n\n<h1>6. K. Relato de uma Busca | <em>de Bernardo Kucinski<\/em><\/h1>\n\n\n\n<hr class=\"wp-block-separator\"\/>\n\n\n\n<ul class=\"wp-block-gallery columns-2 is-cropped\"><li class=\"blocks-gallery-item\"><figure><img loading=\"lazy\" width=\"433\" height=\"650\" src=\"https:\/\/www.naoobvio.com\/wp-content\/uploads\/2019\/10\/14225_gg.jpg\" alt=\"\" data-id=\"13019\" data-link=\"https:\/\/www.naoobvio.com\/?attachment_id=13019\" class=\"wp-image-13019\" srcset=\"https:\/\/www.naoobvio.com\/wp-content\/uploads\/2019\/10\/14225_gg.jpg 433w, https:\/\/www.naoobvio.com\/wp-content\/uploads\/2019\/10\/14225_gg-200x300.jpg 200w\" sizes=\"(max-width: 433px) 85vw, 433px\" \/><\/figure><\/li><li class=\"blocks-gallery-item\"><figure><img loading=\"lazy\" width=\"600\" height=\"1024\" src=\"https:\/\/www.naoobvio.com\/wp-content\/uploads\/2019\/10\/relatode-600x1024.jpeg\" alt=\"\" data-id=\"13046\" data-link=\"https:\/\/www.naoobvio.com\/?attachment_id=13046\" class=\"wp-image-13046\" srcset=\"https:\/\/www.naoobvio.com\/wp-content\/uploads\/2019\/10\/relatode-600x1024.jpeg 600w, https:\/\/www.naoobvio.com\/wp-content\/uploads\/2019\/10\/relatode-176x300.jpeg 176w, https:\/\/www.naoobvio.com\/wp-content\/uploads\/2019\/10\/relatode-768x1310.jpeg 768w, https:\/\/www.naoobvio.com\/wp-content\/uploads\/2019\/10\/relatode-1200x2047.jpeg 1200w, https:\/\/www.naoobvio.com\/wp-content\/uploads\/2019\/10\/relatode.jpeg 1313w\" sizes=\"(max-width: 709px) 85vw, (max-width: 909px) 67vw, (max-width: 984px) 61vw, (max-width: 1362px) 45vw, 600px\" \/><\/figure><\/li><\/ul>\n\n\n\n<p class=\"has-background has-very-light-gray-background-color\">A tr\u00e1gica hist\u00f3ria de uma busca durante a ditadura militar \u00e9 tema do romance do jornalista, escritor e cientista pol\u00edtico <a rel=\"noreferrer noopener\" aria-label=\"Bernardo Kucinski (abre numa nova aba)\" href=\"https:\/\/www.companhiadasletras.com.br\/autor.php?codigo=05377\" target=\"_blank\">Bernardo Kucinski<\/a>, que foi originalmente lan\u00e7ado em 2011 pela editora Express\u00e3o Popular e, em 2013, ganhou nova edi\u00e7\u00e3o pela Cosac Naify. Em 2016, o livro chegou \u00e0 <a rel=\"noreferrer noopener\" aria-label=\"Companhia das Letras. (abre numa nova aba)\" href=\"https:\/\/www.companhiadasletras.com.br\" target=\"_blank\">Companhia das Letras.<\/a><br><br>A obra narra a hist\u00f3ria de uma pai em busca de respostas para o desaparecimento da filha, uma militante pol\u00edtica durante a ditadura militar. Durante sua incans\u00e1vel procura, se deparada com a falta de informa\u00e7\u00f5es e crueldade de um governo especializado em n\u00e3o deixar vest\u00edgios.\u00a0<br><br>Apesar de ficcional, a obra \u00e9 inspirada na hist\u00f3ria da fam\u00edlia do autor e conduz, atrav\u00e9s da fic\u00e7\u00e3o, a import\u00e2ncia de observar quando algum tipo de censura est\u00e1 sendo importa, bem como a necessidade de preservar a mem\u00f3ria e reconhecer a luta dos mortos pelo regime.<\/p>\n\n\n\n<figure class=\"wp-block-embed-youtube wp-block-embed is-type-video is-provider-youtube wp-embed-aspect-16-9 wp-has-aspect-ratio\"><div class=\"wp-block-embed__wrapper\">\n<iframe title=\"Resenha - K.: Relato de Uma Busca\" width=\"840\" height=\"473\" src=\"https:\/\/www.youtube.com\/embed\/JQUMxM83e9k?feature=oembed\" frameborder=\"0\" allow=\"accelerometer; autoplay; encrypted-media; gyroscope; picture-in-picture\" allowfullscreen><\/iframe>\n<\/div><\/figure>\n\n\n\n<p class=\"has-background has-pale-pink-background-color\">\u260c\u00a0<strong>Onde comprar:<\/strong>\u00a0 <a rel=\"noreferrer noopener\" aria-label=\"Amazon (abre numa nova aba)\" href=\"https:\/\/www.amazon.com.br\/dp\/B01J4MAN2E\/ref=dp-kindle-redirect?_encoding=UTF8&amp;btkr=1\" target=\"_blank\">Amazon<\/a> (e-book) | <a rel=\"noreferrer noopener\" aria-label=\"Livraria Cultura (abre numa nova aba)\" href=\"https:\/\/www.livrariacultura.com.br\/p\/livros\/literatura-nacional\/romances\/k-relato-de-uma-busca-46328131?id_link=8787&amp;adtype=pla&amp;id_link=8787&amp;gclid=Cj0KCQjwjOrtBRCcARIsAEq4rW4Zt6y_zwyvtgzzW3pLQRdUgWAszDswyqUYw24olU4bIBkIcsWSmbgaAmPiEALw_wcB\" target=\"_blank\">Livraria Cultura<\/a> | <a href=\"https:\/\/www.submarino.com.br\/produto\/127955605\/k-relato-de-uma-busca?WT.srch=1&amp;acc=d47a04c6f99456bc289220d5d0ff208d&amp;epar=bp_pl_00_go_g35177&amp;gclid=Cj0KCQjwjOrtBRCcARIsAEq4rW5NLE60Dkca4esEG9qdvoHTBVggC1Fy06j1VzZ5008qI-CFb_C_vPUaAkbhEALw_wcB&amp;i=5badb7d6eec3dfb1f8537ce7&amp;o=576bb144eec3dfb1f811c0f9&amp;opn=XMLGOOGLE&amp;sellerId=55789390000899\">Submarino<\/a><br>\u260c\u00a0<strong>Formato:<\/strong> f\u00edsico e e-book<br>\u260c\u00a0<strong>Pre\u00e7o:<\/strong>\u00a0R$ 35,90<br>\u260c\u00a0<strong>Ano de lan\u00e7amento:<\/strong> 2016<br>\u260c\u00a0<strong>Editora:<\/strong> Companhia das Letras<br>\u260c\u00a0<strong>P\u00e1ginas:<\/strong> 176<\/p>\n\n\n\n<p style=\"text-align:center\" class=\"has-text-color has-background has-large-font-size has-very-light-gray-color has-very-dark-gray-background-color\"><strong>EXTRAS<\/strong><em>:<\/em><\/p>\n\n\n\n<h1><em>EXTRA 1! <\/em>Admir\u00e1vel Mundo Novo | <em>de Aldous Huxlex<\/em><\/h1>\n\n\n\n<hr class=\"wp-block-separator\"\/>\n\n\n\n<ul class=\"wp-block-gallery columns-2 is-cropped\"><li class=\"blocks-gallery-item\"><figure><img loading=\"lazy\" width=\"200\" height=\"322\" src=\"https:\/\/www.naoobvio.com\/wp-content\/uploads\/2019\/10\/1031349.jpg\" alt=\"\" data-id=\"11161\" data-link=\"https:\/\/www.naoobvio.com\/?attachment_id=11161\" class=\"wp-image-11161\" srcset=\"https:\/\/www.naoobvio.com\/wp-content\/uploads\/2019\/10\/1031349.jpg 200w, https:\/\/www.naoobvio.com\/wp-content\/uploads\/2019\/10\/1031349-186x300.jpg 186w\" sizes=\"(max-width: 200px) 85vw, 200px\" \/><\/figure><\/li><li class=\"blocks-gallery-item\"><figure><img loading=\"lazy\" width=\"396\" height=\"600\" src=\"https:\/\/www.naoobvio.com\/wp-content\/uploads\/2019\/10\/Mundonovo2.jpg\" alt=\"\" data-id=\"11162\" data-link=\"https:\/\/www.naoobvio.com\/?attachment_id=11162\" class=\"wp-image-11162\" srcset=\"https:\/\/www.naoobvio.com\/wp-content\/uploads\/2019\/10\/Mundonovo2.jpg 396w, https:\/\/www.naoobvio.com\/wp-content\/uploads\/2019\/10\/Mundonovo2-198x300.jpg 198w\" sizes=\"(max-width: 396px) 85vw, 396px\" \/><\/figure><\/li><\/ul>\n\n\n\n<p class=\"has-background has-very-light-gray-background-color\">Admir\u00e1vel Mundo Novo, escrito por Aldous Huxley, \u00e9 famoso e publicado em 1932, mas para aqueles que n\u00e3o conhecem a trama, ela fica aqui como extra. <br><br>A obra narra os casos de uma sociedade futurista, em que seus habitantes passam por um pr\u00e9-condicionamento biol\u00f3gico e psicol\u00f3gico para que vivam em harmonia com as leis sociais e com um sistema de castas. <br><br>O objetivo maior \u00e9 manter a ordem, mesmo que para isso todos passem por uma grande lavagem cerebral, eliminando qualquer senso de individualidade ou de consci\u00eancia cr\u00edtica sobre a realidade. <br><br>Na trama, toda a popula\u00e7\u00e3o \u00e9 gerada a partir de reprodu\u00e7\u00e3o artificial e manipulada geneticamente para atender \u00e0s especificidades necess\u00e1rias para cada grupo de pertencimento pr\u00e9-determinado (Alfa+, Alfa, Beta+, Beta, Gama, Delta ou \u00c9psilon), ao inv\u00e9s de ter &#8220;pai&#8221; ou &#8220;m\u00e3e&#8221;, os seres humanos saem das f\u00e1bricas como carros. <br><br>Sem consci\u00eancia da pr\u00f3pria condi\u00e7\u00e3o, essa sociedade \u00e9 programada pelo governo para buscar o bem. A felicidade \u00e9 um modelo ideal a ser seguido. Alienados, esses indiv\u00edduos sempre est\u00e3o em constante felicidade. <em>Ser\u00e1?<\/em><\/p>\n\n\n\n<figure class=\"wp-block-embed-youtube wp-block-embed is-type-video is-provider-youtube wp-embed-aspect-16-9 wp-has-aspect-ratio\"><div class=\"wp-block-embed__wrapper\">\n<iframe title=\"ADMIR\u00c1VEL MUNDO NOVO, DE ALDOUS HUXLEY (#52)\" width=\"840\" height=\"473\" src=\"https:\/\/www.youtube.com\/embed\/CG7f0Q0UHug?feature=oembed\" frameborder=\"0\" allow=\"accelerometer; autoplay; encrypted-media; gyroscope; picture-in-picture\" allowfullscreen><\/iframe>\n<\/div><\/figure>\n\n\n\n<p class=\"has-background has-pale-pink-background-color\">\u260c&nbsp;<strong>Onde comprar:<\/strong> <a href=\"https:\/\/www.saraiva.com.br\/admiravel-mundo-novo-7106246\/p?idsku=7106246&amp;gclid=Cj0KCQjwuNbsBRC-ARIsAAzITudxlGajB98EvGXCvDNRncstNdruuqDeP1HXTDxXQ-b_zOzNs0MP1w8aAqIpEALw_wcB\">Saraiva<\/a> | <a href=\"https:\/\/www.amazon.com.br\/Admir%C3%A1vel-mundo-novo-Aldous-Huxley-ebook\/dp\/B00ITZ9XR4\/ref=asc_df_B00ITZ9XR4\/?tag=googleshopp00-20&amp;linkCode=df0&amp;hvadid=379787245604&amp;hvpos=1o2&amp;hvnetw=g&amp;hvrand=773417002031188906&amp;hvpone=&amp;hvptwo=&amp;hvqmt=&amp;hvdev=c&amp;hvdvcmdl=&amp;hvlocint=&amp;hvlocphy=1001521&amp;hvtargid=pla-455711338213&amp;psc=1\">Amazon<\/a> (e-book) | <a href=\"https:\/\/www.travessa.com.br\/admiravel-mundo-novo-22-ed-2014\/artigo\/3debaa08-7d00-4aec-934f-babde7d607e4?pcd=041\">Livraria Travessa<\/a> | <a href=\"https:\/\/www.livrariacultura.com.br\/p\/livros\/literatura-internacional\/romances\/admiravel-mundo-novo-15056131?id_link=8787&amp;adtype=pla&amp;gclid=Cj0KCQjwuNbsBRC-ARIsAAzITufksGr-k5CO05VgF744Ma7Qr4NLuRtkHIjNVJL3ngQiGEtjGTUVhMwaArNPEALw_wcB\">Livraria Cultura<\/a><br>\u260c&nbsp;<strong>Formato:<\/strong> f\u00edsico e e-book<br>\u260c&nbsp;<strong>Pre\u00e7o:<\/strong>&nbsp;R$ 30<br>\u260c&nbsp;<strong>Ano de lan\u00e7amento:<\/strong> 1932<br>\u260c&nbsp;<strong>Editora:<\/strong> <a href=\"http:\/\/globolivros.globo.com\/selos\/biblioteca-azul\">Biblioteca Azul<\/a><br>\u260c&nbsp;<strong>P\u00e1ginas:<\/strong> 312<\/p>\n\n\n\n<h1><em>EXTRA 2! <\/em>Aqueles que Queimam Livros | <em>de George Steiner  <\/em><\/h1>\n\n\n\n<hr class=\"wp-block-separator\"\/>\n\n\n\n<ul class=\"wp-block-gallery columns-2 is-cropped\"><li class=\"blocks-gallery-item\"><figure><img loading=\"lazy\" width=\"699\" height=\"1024\" src=\"https:\/\/www.naoobvio.com\/wp-content\/uploads\/2019\/10\/81ep0qXTuhL-1-699x1024.jpg\" alt=\"\" data-id=\"11176\" data-link=\"https:\/\/www.naoobvio.com\/?attachment_id=11176\" class=\"wp-image-11176\" srcset=\"https:\/\/www.naoobvio.com\/wp-content\/uploads\/2019\/10\/81ep0qXTuhL-1-699x1024.jpg 699w, https:\/\/www.naoobvio.com\/wp-content\/uploads\/2019\/10\/81ep0qXTuhL-1-205x300.jpg 205w, https:\/\/www.naoobvio.com\/wp-content\/uploads\/2019\/10\/81ep0qXTuhL-1-768x1125.jpg 768w, https:\/\/www.naoobvio.com\/wp-content\/uploads\/2019\/10\/81ep0qXTuhL-1.jpg 1184w\" sizes=\"(max-width: 709px) 85vw, (max-width: 909px) 67vw, (max-width: 984px) 61vw, (max-width: 1362px) 45vw, 600px\" \/><\/figure><\/li><li class=\"blocks-gallery-item\"><figure><img loading=\"lazy\" width=\"540\" height=\"649\" src=\"https:\/\/www.naoobvio.com\/wp-content\/uploads\/2019\/10\/Ekaterina-Panikanova1-1.jpg\" alt=\"\" data-id=\"11177\" data-link=\"https:\/\/www.naoobvio.com\/?attachment_id=11177\" class=\"wp-image-11177\" srcset=\"https:\/\/www.naoobvio.com\/wp-content\/uploads\/2019\/10\/Ekaterina-Panikanova1-1.jpg 540w, https:\/\/www.naoobvio.com\/wp-content\/uploads\/2019\/10\/Ekaterina-Panikanova1-1-250x300.jpg 250w\" sizes=\"(max-width: 540px) 85vw, 540px\" \/><\/figure><\/li><\/ul>\n\n\n\n<p class=\"has-background has-very-light-gray-background-color\">Aqueles que Queimam Livros re\u00fane tr\u00eas ensaios do autor Steiner, que \u00e9 professor doutor de literatura e j\u00e1 lecionou em diversas universidades ao redor do mundo. Em Povo do Livro (1999), sengundo ensaio da obra, o escritor traz nitidamente a discuss\u00e3o sobre a censura dos livros e suas consequ\u00eancias em uma sociedade que permite tal feito.<br><br>Os demais ensaios n\u00e3o deixam tamb\u00e9m de abordar consequ\u00eancias poss\u00edveis de diversas censuras nas entrelinhas, mas dessa vez fazem isso focando em import\u00e2ncias como o poder da argumenta\u00e7\u00e3o. \u00c9 o caso do primeiro escrito, por exemplo, que d\u00e1 t\u00edtulo ao livro e foi elaborado em 2000. <br><br>O primeiro ensaio traz como discuss\u00e3o de base como o mesmo livro afeta as pessoas de formas diferentes e imprevis\u00edveis; assim como exibe como a mesma pessoa, em tempos diferentes de sua vida, pode interpretar texto de outra forma quando se compara com a leitura anterior. <br><br>J\u00e1 no terceiro e \u00faltimo escrito, h\u00e1 um contraponto ao anterior, argumentando sobre a desumaniza\u00e7\u00e3o de quem \u00e9 enredado nas formas doutrinadas de pensamento, como no hedonismo dedicado aos livros e a leitura.<\/p>\n\n\n\n<blockquote class=\"wp-block-quote\"><p>&#8221; Os livros s\u00e3o a nossa chave de acesso para nos tornarmos melhores do que somos. A capacidade deles de produzir essa transcend\u00eancia suscitou discuss\u00f5es, alegoriza\u00e7\u00f5es e desconstru\u00e7\u00f5es sem fim. O encontro com o livro, assim como com o homem ou a mulher, que vai mudar a nossa vida, frequentemente em um instante de reconhecimento do qual n\u00e3o se \u00e9 consciente, pode ser completamente casual. O texto que nos converter\u00e1 a uma f\u00e9, nos far\u00e1 aderir a uma ideologia, dar\u00e1 a nossa exist\u00eancia um fim e um crit\u00e9rio, podia estar ali a nos esperar na estante dos livros em promo\u00e7\u00e3o, dos livros usados e em desconto. Talvez empoeirado e esquecido, na estante exatamente ao lado do livro que procur\u00e1vamos.&#8221;<\/p><cite>Sinopse do Livro Aqueles que Queimam os Livros<\/cite><\/blockquote>\n\n\n\n<p class=\"has-background has-pale-pink-background-color\">\u260c\u00a0<strong>Onde comprar:<\/strong> <a href=\"https:\/\/www.amazon.com.br\/Aqueles-Queimam-Livros-George-Steiner\/dp\/8592649218\">Amazon<\/a> |  <a href=\"https:\/\/ayine.com.br\/catalogue\/aqueles-que-queimam-os-livros_160\/\">Ayine<\/a> <br>\u260c\u00a0<strong>Formato:<\/strong> f\u00edsico<br>\u260c\u00a0<strong>Pre\u00e7o:<\/strong>\u00a0R$ 14<br>\u260c\u00a0<strong>Ano de lan\u00e7amento:<\/strong> edi\u00e7\u00e3o: 2\u00aa (20 de dezembro de 2017) <br>\u260c\u00a0<strong>Editora:<\/strong> Ayine<br>\u260c\u00a0<strong>P\u00e1ginas:<\/strong> 92<\/p>\n\n\n\n<blockquote class=\"wp-block-quote\"><p><em>A foto de abertura \u00e9 da Revista Objetiva<\/em>.<\/p><\/blockquote>\n\n\n\n<p style=\"background-color:#c19ea7\" class=\"has-text-color has-background has-very-light-gray-color\"><em>Esta mat\u00e9ria foi feita com colabora\u00e7\u00e3o de Karol Amaral e Vanessa Brunt, editora-chefe do N\u00c3O \u00d3BVIO.<\/em><\/p>\n","protected":false},"excerpt":{"rendered":"<p>Obras que misturam casos ver\u00eddicos com outras que criam distopias e sociedades fict\u00edcias conseguem trazer a import\u00e2ncia de entender quest\u00f5es hist\u00f3ricas para falar do hoje. Conhe\u00e7a tramas que explicam fatos hist\u00f3ricos com personagens e enredos t\u00e3o fortes quanto criativos.<\/p>\n","protected":false},"author":9,"featured_media":13047,"comment_status":"open","ping_status":"open","sticky":false,"template":"","format":"standard","meta":[],"categories":[20],"tags":[257,38,50,228],"acf":[],"yoast_head":"<!-- This site is optimized with the Yoast SEO plugin v15.9.2 - https:\/\/yoast.com\/wordpress\/plugins\/seo\/ -->\n<title>6 LIVROS DE FIC\u00c7\u00c3O FORA DO \u00d3BVIO SOBRE CENSURA - N\u00e3o \u00d3bvio<\/title>\n<meta name=\"robots\" content=\"index, follow, max-snippet:-1, max-image-preview:large, max-video-preview:-1\" \/>\n<link rel=\"canonical\" href=\"https:\/\/www.naoobvio.com\/index.php\/2019\/10\/31\/6-livros-de-ficcao-fora-do-obvio-sobre-censura\/\" \/>\n<meta property=\"og:locale\" content=\"pt_BR\" \/>\n<meta property=\"og:type\" content=\"article\" \/>\n<meta property=\"og:title\" content=\"6 LIVROS DE FIC\u00c7\u00c3O FORA DO \u00d3BVIO SOBRE CENSURA - N\u00e3o \u00d3bvio\" \/>\n<meta property=\"og:url\" content=\"https:\/\/www.naoobvio.com\/index.php\/2019\/10\/31\/6-livros-de-ficcao-fora-do-obvio-sobre-censura\/\" \/>\n<meta property=\"og:site_name\" content=\"N\u00e3o \u00d3bvio\" \/>\n<meta property=\"article:publisher\" content=\"http:\/\/facebook.com\/nao.obvio\" \/>\n<meta property=\"article:published_time\" content=\"2019-10-31T20:48:58+00:00\" \/>\n<meta property=\"article:modified_time\" content=\"2019-10-31T20:48:59+00:00\" \/>\n<meta property=\"og:image\" content=\"https:\/\/www.naoobvio.com\/wp-content\/uploads\/2019\/10\/livro-im.jpeg\" \/>\n\t<meta property=\"og:image:width\" content=\"1280\" \/>\n\t<meta property=\"og:image:height\" content=\"853\" \/>\n<meta name=\"twitter:card\" content=\"summary_large_image\" \/>\n<meta name=\"twitter:label1\" content=\"Est. reading time\">\n\t<meta name=\"twitter:data1\" content=\"12 minutos\">\n<script type=\"application\/ld+json\" class=\"yoast-schema-graph\">{\"@context\":\"https:\/\/schema.org\",\"@graph\":[{\"@type\":\"WebSite\",\"@id\":\"https:\/\/www.naoobvio.com\/#website\",\"url\":\"https:\/\/www.naoobvio.com\/\",\"name\":\"N\\u00e3o \\u00d3bvio\",\"description\":\"O que falta na sua  lista\",\"potentialAction\":[{\"@type\":\"SearchAction\",\"target\":\"https:\/\/www.naoobvio.com\/?s={search_term_string}\",\"query-input\":\"required name=search_term_string\"}],\"inLanguage\":\"pt-BR\"},{\"@type\":\"ImageObject\",\"@id\":\"https:\/\/www.naoobvio.com\/index.php\/2019\/10\/31\/6-livros-de-ficcao-fora-do-obvio-sobre-censura\/#primaryimage\",\"inLanguage\":\"pt-BR\",\"url\":\"https:\/\/www.naoobvio.com\/wp-content\/uploads\/2019\/10\/livro-im.jpeg\",\"width\":1280,\"height\":853},{\"@type\":\"WebPage\",\"@id\":\"https:\/\/www.naoobvio.com\/index.php\/2019\/10\/31\/6-livros-de-ficcao-fora-do-obvio-sobre-censura\/#webpage\",\"url\":\"https:\/\/www.naoobvio.com\/index.php\/2019\/10\/31\/6-livros-de-ficcao-fora-do-obvio-sobre-censura\/\",\"name\":\"6 LIVROS DE FIC\\u00c7\\u00c3O FORA DO \\u00d3BVIO SOBRE CENSURA - N\\u00e3o \\u00d3bvio\",\"isPartOf\":{\"@id\":\"https:\/\/www.naoobvio.com\/#website\"},\"primaryImageOfPage\":{\"@id\":\"https:\/\/www.naoobvio.com\/index.php\/2019\/10\/31\/6-livros-de-ficcao-fora-do-obvio-sobre-censura\/#primaryimage\"},\"datePublished\":\"2019-10-31T20:48:58+00:00\",\"dateModified\":\"2019-10-31T20:48:59+00:00\",\"author\":{\"@id\":\"https:\/\/www.naoobvio.com\/#\/schema\/person\/c8d8e4941eea2c1ccf7410863aa3c826\"},\"breadcrumb\":{\"@id\":\"https:\/\/www.naoobvio.com\/index.php\/2019\/10\/31\/6-livros-de-ficcao-fora-do-obvio-sobre-censura\/#breadcrumb\"},\"inLanguage\":\"pt-BR\",\"potentialAction\":[{\"@type\":\"ReadAction\",\"target\":[\"https:\/\/www.naoobvio.com\/index.php\/2019\/10\/31\/6-livros-de-ficcao-fora-do-obvio-sobre-censura\/\"]}]},{\"@type\":\"BreadcrumbList\",\"@id\":\"https:\/\/www.naoobvio.com\/index.php\/2019\/10\/31\/6-livros-de-ficcao-fora-do-obvio-sobre-censura\/#breadcrumb\",\"itemListElement\":[{\"@type\":\"ListItem\",\"position\":1,\"item\":{\"@type\":\"WebPage\",\"@id\":\"https:\/\/www.naoobvio.com\/\",\"url\":\"https:\/\/www.naoobvio.com\/\",\"name\":\"In\\u00edcio\"}},{\"@type\":\"ListItem\",\"position\":2,\"item\":{\"@type\":\"WebPage\",\"@id\":\"https:\/\/www.naoobvio.com\/index.php\/2019\/10\/31\/6-livros-de-ficcao-fora-do-obvio-sobre-censura\/\",\"url\":\"https:\/\/www.naoobvio.com\/index.php\/2019\/10\/31\/6-livros-de-ficcao-fora-do-obvio-sobre-censura\/\",\"name\":\"6 LIVROS DE FIC\\u00c7\\u00c3O FORA DO \\u00d3BVIO SOBRE CENSURA\"}}]},{\"@type\":\"Person\",\"@id\":\"https:\/\/www.naoobvio.com\/#\/schema\/person\/c8d8e4941eea2c1ccf7410863aa3c826\",\"name\":\"J\\u00e9ssica Zoleti \\u2022 @jessicazoleti\",\"image\":{\"@type\":\"ImageObject\",\"@id\":\"https:\/\/www.naoobvio.com\/#personlogo\",\"inLanguage\":\"pt-BR\",\"url\":\"https:\/\/secure.gravatar.com\/avatar\/b0fbbfef5609da6d09af134092016cd3?s=96&d=mm&r=g\",\"caption\":\"J\\u00e9ssica Zoleti \\u2022 @jessicazoleti\"},\"description\":\"Produtora audiovisual, apaixonada por arte e viagens.\"}]}<\/script>\n<!-- \/ Yoast SEO plugin. -->","_links":{"self":[{"href":"https:\/\/www.naoobvio.com\/index.php\/wp-json\/wp\/v2\/posts\/10639"}],"collection":[{"href":"https:\/\/www.naoobvio.com\/index.php\/wp-json\/wp\/v2\/posts"}],"about":[{"href":"https:\/\/www.naoobvio.com\/index.php\/wp-json\/wp\/v2\/types\/post"}],"author":[{"embeddable":true,"href":"https:\/\/www.naoobvio.com\/index.php\/wp-json\/wp\/v2\/users\/9"}],"replies":[{"embeddable":true,"href":"https:\/\/www.naoobvio.com\/index.php\/wp-json\/wp\/v2\/comments?post=10639"}],"version-history":[{"count":44,"href":"https:\/\/www.naoobvio.com\/index.php\/wp-json\/wp\/v2\/posts\/10639\/revisions"}],"predecessor-version":[{"id":13055,"href":"https:\/\/www.naoobvio.com\/index.php\/wp-json\/wp\/v2\/posts\/10639\/revisions\/13055"}],"wp:featuredmedia":[{"embeddable":true,"href":"https:\/\/www.naoobvio.com\/index.php\/wp-json\/wp\/v2\/media\/13047"}],"wp:attachment":[{"href":"https:\/\/www.naoobvio.com\/index.php\/wp-json\/wp\/v2\/media?parent=10639"}],"wp:term":[{"taxonomy":"category","embeddable":true,"href":"https:\/\/www.naoobvio.com\/index.php\/wp-json\/wp\/v2\/categories?post=10639"},{"taxonomy":"post_tag","embeddable":true,"href":"https:\/\/www.naoobvio.com\/index.php\/wp-json\/wp\/v2\/tags?post=10639"}],"curies":[{"name":"wp","href":"https:\/\/api.w.org\/{rel}","templated":true}]}}