{"id":15913,"date":"2020-01-09T09:14:27","date_gmt":"2020-01-09T12:14:27","guid":{"rendered":"https:\/\/www.naoobvio.com\/?p=15913"},"modified":"2020-01-09T09:14:27","modified_gmt":"2020-01-09T12:14:27","slug":"6-palestras-brasileiras-para-inspirar-novas-atitudes-em-2020","status":"publish","type":"post","link":"https:\/\/www.naoobvio.com\/index.php\/2020\/01\/09\/6-palestras-brasileiras-para-inspirar-novas-atitudes-em-2020\/","title":{"rendered":"6 PALESTRAS BRASILEIRAS PARA INSPIRAR NOVAS ATITUDES EM 2020"},"content":{"rendered":"\n<p>A confer\u00eancia TED come\u00e7ou h\u00e1 26 anos na Calif\u00f3rnia (Estados Unidos) e desde ent\u00e3o apoia ideias que mudam o mundo atrav\u00e9s de m\u00faltiplas iniciativas. J\u00e1 foram realizados mais de cinco mil eventos e as palestras selecionadas s\u00e3o transformadas em v\u00eddeos do TED Talks, os quais s\u00e3o disponibilizados na internet.\u00a0<\/p>\n\n\n\n<p class=\"has-background has-very-light-gray-background-color\">Foi no TED Talks, por exemplo, que surgiram ideias hoje basilares nos estudos de qualquer profissional, como \u00e9 <strong><a href=\"https:\/\/www.youtube.com\/watch?v=POfQlg0V0Cc\">o caso do Golden Circle (o C\u00edrculo de Ouro)<\/a><\/strong>. A ideia buscou estudar como grandes marcas, como a Apple, se diferenciam e conquistam tamanho prest\u00edgio. Assim, o v\u00eddeo mostra a import\u00e2ncia de come\u00e7ar a refletir sobre qualquer neg\u00f3cio a partir do &#8216;Por qu\u00ea?&#8217; e n\u00e3o do &#8216;Como?&#8217;.<\/p>\n\n\n\n<p>Refor\u00e7ando o pensamento de que ideias merecem ser compartilhadas, surgiu o TEDx. Um programa de eventos locais, organizado de forma independente que re\u00fane diferentes convidados, que tem 18 minutos ou menos para compartilhar sua mensagem.&nbsp;<\/p>\n\n\n\n<p>E para esse come\u00e7o de ano, o N\u00c3O \u00d3BIVIO selecionou cinco mensagens de brasileiros que chegaram ao palco do TEDx e que trazem inova\u00e7\u00f5es para diferentes momentos de vida, seja para encorajar novas atitudes, ensinar ou causar reflex\u00f5es pouco \u00f3bvias sobre assuntos importantes. <\/p>\n\n\n\n<div class=\"wp-block-image\"><figure class=\"alignleft is-resized\"><img loading=\"lazy\" src=\"https:\/\/www.naoobvio.com\/wp-content\/uploads\/2020\/01\/3467.gif\" alt=\"\" class=\"wp-image-15936\" width=\"672\" height=\"453\"\/><\/figure><\/div>\n\n\n\n<p class=\"has-text-color has-background has-very-light-gray-color has-cyan-bluish-gray-background-color\">Reflita sobre meritocracia, se inspire para transformar seu projeto pessoal em neg\u00f3cio, encoraje a seguir sua voca\u00e7\u00e3o, descubra como ler mais e aprenda o que \u00e9 uma Marca Nativa Digital, tudo de uma forma nada clich\u00ea. Veja abaixo:<\/p>\n\n\n\n<h1>1. Seja um Pato | <em>D\u00e9bora Alc\u00e2ntara<\/em><\/h1>\n\n\n\n<hr class=\"wp-block-separator\"\/>\n\n\n\n<figure class=\"wp-block-embed-youtube wp-block-embed is-type-video is-provider-youtube wp-embed-aspect-16-9 wp-has-aspect-ratio\"><div class=\"wp-block-embed__wrapper\">\n<iframe title=\"Seja um pato. | D\u00e9bora Alcantara | TEDxCentroUniversit\u00e1rioFAGWomen\" width=\"840\" height=\"473\" src=\"https:\/\/www.youtube.com\/embed\/pJvHAyPPDkM?feature=oembed\" frameborder=\"0\" allow=\"accelerometer; autoplay; encrypted-media; gyroscope; picture-in-picture\" allowfullscreen><\/iframe>\n<\/div><\/figure>\n\n\n\n<p class=\"has-background has-very-light-gray-background-color\">Empreendedora, formada em Rela\u00e7\u00f5es P\u00fablicas, estrategista e especialista em branding e constru\u00e7\u00e3o de marcas, a co-fundadora do <a rel=\"noreferrer noopener\" href=\"https:\/\/tudoorna.com\/2018\/07\/23\/as-marcas-do-grupo-orna\/\" target=\"_blank\">Grupo Orna<\/a>, <a rel=\"noreferrer noopener\" aria-label=\"D\u00e9bora Alc\u00e2ntara (abre numa nova aba)\" href=\"https:\/\/www.instagram.com\/deboralcantara\/?hl=pt-br\" target=\"_blank\">D\u00e9bora Alc\u00e2ntara<\/a>, que \u00e9 tamb\u00e9m Top Voice LinkedIN, explica o motivo da marca do seu grupo empresarial ser um pato. <br><br>Utilizando-se das met\u00e1foras que o s\u00edmbolo pode trazer, D\u00e9bora mergulha em reflex\u00f5es sobre como patos s\u00e3o considerados desajeitados ou pouco produtivos, enquanto a realidade pode ser exatamente o oposto. Enquanto os filmes, os desenhos animados e outras artes colocam o estigma do pato enxergando apenas por um lado, D\u00e9bora vai mostrar o que est\u00e1 por tr\u00e1s das camadas e vai quebrar paradigmas.<br><br>Com diversos exemplos e li\u00e7\u00f5es sobre ser multipotencial nos universos atuais, a palestrante exibe a import\u00e2ncia de que todos busquem ser &#8216;<em>um pouco patos<\/em>&#8216;: sabendo migrar, buscando proatividade e indo para muito al\u00e9m dos julgamentos. <\/p>\n\n\n\n<p class=\"has-background has-pale-cyan-blue-background-color\">\u260c Conhe\u00e7a mais sobre o grupo Orna e as tr\u00eas irm\u00e3s de Curitiba, B\u00e1rbara (<a href=\"https:\/\/www.instagram.com\/barbaralcantara\/\">@barbaralcantara<\/a>), D\u00e9bora <a rel=\"noreferrer noopener\" href=\"https:\/\/www.instagram.com\/deboralcantara\/\" target=\"_blank\">(@deboralcantara<\/a>)\u00a0e Julia (<a rel=\"noreferrer noopener\" href=\"https:\/\/www.instagram.com\/julialcantara\/\" target=\"_blank\">@julialcantara<\/a>), clicando <a rel=\"noreferrer noopener\" href=\"https:\/\/tudoorna.com\/quem-somos\/\" target=\"_blank\">aqui<\/a>.\u00a0 <\/p>\n\n\n\n<h1>2. Menos eu, mais n\u00f3s! | <em>Ana Fontes<\/em><\/h1>\n\n\n\n<hr class=\"wp-block-separator\"\/>\n\n\n\n<figure class=\"wp-block-embed-youtube wp-block-embed is-type-video is-provider-youtube wp-embed-aspect-16-9 wp-has-aspect-ratio\"><div class=\"wp-block-embed__wrapper\">\n<iframe title=\"Menos eu, mais n\u00f3s! | Ana Fontes | TEDxPaju\u00e7ara\" width=\"840\" height=\"473\" src=\"https:\/\/www.youtube.com\/embed\/e1w8CjjR2AI?feature=oembed\" frameborder=\"0\" allow=\"accelerometer; autoplay; encrypted-media; gyroscope; picture-in-picture\" allowfullscreen><\/iframe>\n<\/div><\/figure>\n\n\n\n<p class=\"has-background has-very-light-gray-background-color\">Fundadora da <a rel=\"noreferrer noopener\" aria-label=\"Rede Mulher Empreendedora (abre numa nova aba)\" href=\"https:\/\/rme.net.br\" target=\"_blank\">Rede Mulher Empreendedora<\/a>, <a rel=\"noreferrer noopener\" aria-label=\"Ana Fontes (abre numa nova aba)\" href=\"https:\/\/br.linkedin.com\/in\/anafontesbr\" target=\"_blank\">Ana Fontes<\/a> \u00e9 considerada uma das 20 mulheres mais poderosas do Brasil pela Forbes. Em 15 minutos, a empres\u00e1ria te convida a refletir e entender sobre privil\u00e9gios, e ter consci\u00eancia da nossa condi\u00e7\u00e3o. A import\u00e2ncia da comunidade, e o poder de transformar a sociedade quando pensamos no coletivo: menos eu, mais n\u00f3s!<br><br>Ao conta sua hist\u00f3ria de vida e todas as suas dificuldades, Ana falar sobre meritocracia em um pa\u00eds t\u00e3o desigual. Como \u00e9 viver em um pa\u00eds em que apenas algumas pessoas tem privil\u00e9gios enquanto outras s\u00e3o julgadas pela sua condi\u00e7\u00e3o. E deixa seu recado: s\u00f3 podemos falar de meritocracia, quando n\u00f3s partirmos do mesmo lugar.&nbsp;<\/p>\n\n\n\n<p class=\"has-background has-pale-cyan-blue-background-color\">\u260c Conhe\u00e7a a <a href=\"https:\/\/rme.net.br\" target=\"_blank\" rel=\"noreferrer noopener\" aria-label=\" (abre numa nova aba)\">Rede Mulher Empreendedora<\/a>, a primeira e maior rede de apoio a empreendedoras do Brasil, que tem como prop\u00f3sito empoderar empreendedoras economicamente, garantindo &nbsp;independ\u00eancia financeira e de decis\u00e3o sobre seus neg\u00f3cios e suas vidas.<\/p>\n\n\n\n<h1>3. Como transformar sua paix\u00e3o em neg\u00f3cio e ganhar dinheiro | <em>Juliana Wallauer<\/em><\/h1>\n\n\n\n<hr class=\"wp-block-separator\"\/>\n\n\n\n<figure class=\"wp-block-embed-youtube wp-block-embed is-type-video is-provider-youtube wp-embed-aspect-16-9 wp-has-aspect-ratio\"><div class=\"wp-block-embed__wrapper\">\n<iframe title=\"Como transformar sua paix\u00e3o em neg\u00f3cio e ganhar dinheiro | Juliana Wallauer | TEDxSaoPauloSalon\" width=\"840\" height=\"473\" src=\"https:\/\/www.youtube.com\/embed\/emj4uDvLdqs?feature=oembed\" frameborder=\"0\" allow=\"accelerometer; autoplay; encrypted-media; gyroscope; picture-in-picture\" allowfullscreen><\/iframe>\n<\/div><\/figure>\n\n\n\n<p class=\"has-background has-very-light-gray-background-color\">Publicit\u00e1ria e comunicadora, <a rel=\"noreferrer noopener\" aria-label=\"Juliana Wallauer (abre numa nova aba)\" href=\"https:\/\/www.instagram.com\/jwallauer\/\" target=\"_blank\">Juliana Wallauer<\/a> \u00e9 Co-Fundadora do podcast <a rel=\"noreferrer noopener\" aria-label=\"Mamilos (abre numa nova aba)\" href=\"https:\/\/www.b9.com.br\/shows\/mamilos\/\" target=\"_blank\">Mamilos<\/a>, um dos mais ouvidos do Brasil. E para falar sobre paix\u00e3o, trabalho e dinheiro, a empreendedora divide com o p\u00fablico a trajet\u00f3ria de sucesso de como transformou seu projeto pessoal, em sua fonte renda.&nbsp;<br><br>Juliana conta como se desafiou a tirar seu sonho do papel, e sobre o processo de cria\u00e7\u00e3o dos quatro pilares que mant\u00eam o <a rel=\"noreferrer noopener\" aria-label=\"Mamilos (abre numa nova aba)\" href=\"https:\/\/www.b9.com.br\/shows\/mamilos\/\" target=\"_blank\">Mamilos<\/a> no ar de forma gratuita. Com reflex\u00f5es sobre comprometimento, erros e acertos, a comunicadora alerta sobre a import\u00e2ncia da mulher falar sobre dinheiro.&nbsp;<\/p>\n\n\n\n<p class=\"has-background has-pale-cyan-blue-background-color\">\u260c H\u00e1 5 anos o podcast <a rel=\"noreferrer noopener\" aria-label=\"Mamilos (abre numa nova aba)\" href=\"https:\/\/www.b9.com.br\/shows\/mamilos\/\" target=\"_blank\">Mamilos<\/a> debate temas pol\u00eamicos com empatia e respeito, ou\u00e7a clicando <a rel=\"noreferrer noopener\" aria-label=\"aqui (abre numa nova aba)\" href=\"https:\/\/www.b9.com.br\/shows\/mamilos\/\" target=\"_blank\">aqui<\/a>.&nbsp;<\/p>\n\n\n\n<h1>4. Cigarra-formiga | <em>Guta Stresser<\/em><\/h1>\n\n\n\n<hr class=\"wp-block-separator\"\/>\n\n\n\n<figure class=\"wp-block-embed-youtube wp-block-embed is-type-video is-provider-youtube wp-embed-aspect-16-9 wp-has-aspect-ratio\"><div class=\"wp-block-embed__wrapper\">\n<iframe title=\"Cigarra-formiga | Guta Stresser | TEDxAvC\u00e2ndidoDeAbreu\" width=\"840\" height=\"473\" src=\"https:\/\/www.youtube.com\/embed\/7DypgliIYZg?feature=oembed\" frameborder=\"0\" allow=\"accelerometer; autoplay; encrypted-media; gyroscope; picture-in-picture\" allowfullscreen><\/iframe>\n<\/div><\/figure>\n\n\n\n<p class=\"has-background has-very-light-gray-background-color\">A atriz e diretora <a rel=\"noreferrer noopener\" aria-label=\"Guta Stresser (abre numa nova aba)\" href=\"https:\/\/www.instagram.com\/gutastresser\" target=\"_blank\">Guta Stresser<\/a>, 47, te convida para uma reflex\u00e3o sobre o lugar da mulher no mundo e sobre o papel do artista no Brasil. Usando como base a narrativa de duas f\u00e1bulas infantis, a curitibana conta sobre sua inf\u00e2ncia, de como descobriu cedo seu interesse pela arte e dos obst\u00e1culos que teve que enfrentar para conquistar seu espa\u00e7o.<br><br>Abordando temas como voca\u00e7\u00e3o, talento, trabalho e esfor\u00e7o, a artista conta sobre o seu processo de sair da zona de conforto para seguir sua voca\u00e7\u00e3o e sobre os medos que enfrentou durante a trajet\u00f3ria.<\/p>\n\n\n\n<p class=\"has-background has-pale-cyan-blue-background-color\">\u260c Acompanhe a artista pelas <a rel=\"noreferrer noopener\" aria-label=\"redes sociais (abre numa nova aba)\" href=\"https:\/\/www.instagram.com\/gutastresser\" target=\"_blank\">redes sociais<\/a> e em seu canal do <a href=\"https:\/\/www.youtube.com\/channel\/UCJ8kfHobq9_K-RrWO9QH3Vw\" target=\"_blank\" rel=\"noreferrer noopener\" aria-label=\"YouTube (abre numa nova aba)\">YouTube<\/a>, que estreou no final de 2019.&nbsp;<\/p>\n\n\n\n<h1>5. Como tornar a leitura um h\u00e1bito di\u00e1rio | <em>Pedro Pac\u00edfico<\/em><\/h1>\n\n\n\n<hr class=\"wp-block-separator\"\/>\n\n\n\n<figure class=\"wp-block-embed-youtube wp-block-embed is-type-video is-provider-youtube wp-embed-aspect-16-9 wp-has-aspect-ratio\"><div class=\"wp-block-embed__wrapper\">\n<iframe title=\"Como tornar a leitura um h\u00e1bito di\u00e1rio | Pedro Pac\u00edfico | TEDxCampinas\" width=\"840\" height=\"473\" src=\"https:\/\/www.youtube.com\/embed\/qystOOwpCBE?feature=oembed\" frameborder=\"0\" allow=\"accelerometer; autoplay; encrypted-media; gyroscope; picture-in-picture\" allowfullscreen><\/iframe>\n<\/div><\/figure>\n\n\n\n<p class=\"has-background has-very-light-gray-background-color\">Com o objetivo de incentivar o amor pelos livros, <a rel=\"noreferrer noopener\" aria-label=\"Pedro Pac\u00edfico (abre numa nova aba)\" href=\"https:\/\/booksterpp.com.br\" target=\"_blank\">Pedro Pac\u00edfico<\/a> mostra como enxergar a leitura como um h\u00e1bito di\u00e1rio mudou sua rela\u00e7\u00e3o com a literatura e d\u00e1 a resposta para a pergunta: <em>como ler mais?<\/em><br><br>Advogado formado pela USP, Pedro \u00e9 o criador e respons\u00e1vel pelo <a rel=\"noreferrer noopener\" aria-label=\"Book.ster (abre numa nova aba)\" href=\"https:\/\/www.instagram.com\/book.ster\/?hl=en\" target=\"_blank\">Book.ster<\/a>, um dos maiores perfis brasileiros do Instagram dedicado aos livros. Com dicas, resenhas e coment\u00e1rios sobre suas experi\u00eancias como leitor, o paulista divide com seu seguidores sua rotina e refor\u00e7a a import\u00e2ncia de incentivar e levar a literatura para o nosso dia-a-dia, nas conversas com amigos e colegas de trabalho.<\/p>\n\n\n\n<p class=\"has-background has-pale-cyan-blue-background-color\">\u260c Al\u00e9m da p\u00e1gina no Instagram, o Book.ster tamb\u00e9m est\u00e1 no YouTube. <a href=\"https:\/\/www.youtube.com\/channel\/UCyrtjyBHX6jF6PFF3udhX3w\/videos\" target=\"_blank\" rel=\"noreferrer noopener\" aria-label=\" (abre numa nova aba)\">Confira<\/a>!&nbsp;<\/p>\n\n\n\n<h1>5. Marcas nativas digitais | <em>B\u00e1rbara Alc\u00e2ntara<\/em><\/h1>\n\n\n\n<hr class=\"wp-block-separator\"\/>\n\n\n\n<figure class=\"wp-block-embed-youtube wp-block-embed is-type-video is-provider-youtube wp-embed-aspect-16-9 wp-has-aspect-ratio\"><div class=\"wp-block-embed__wrapper\">\n<iframe title=\"Marcas nativas digitais | B\u00e1rbara Alc\u00e2ntara | TEDxAvC\u00e2ndidoDeAbreu\" width=\"840\" height=\"473\" src=\"https:\/\/www.youtube.com\/embed\/KWRBCpdRd7c?feature=oembed\" frameborder=\"0\" allow=\"accelerometer; autoplay; encrypted-media; gyroscope; picture-in-picture\" allowfullscreen><\/iframe>\n<\/div><\/figure>\n\n\n\n<p class=\"has-background has-very-light-gray-background-color\">Co-Fundadora do <a rel=\"noreferrer noopener\" aria-label=\"Grupo Orna (abre numa nova aba)\" href=\"https:\/\/tudoorna.com\/2018\/07\/23\/as-marcas-do-grupo-orna\/\" target=\"_blank\">Grupo Orna<\/a>, <a href=\"https:\/\/www.instagram.com\/barbaralcantara\/\"><\/a><a rel=\"noreferrer noopener\" aria-label=\" (abre numa nova aba)\" href=\"https:\/\/www.instagram.com\/barbaralcantara\/\" target=\"_blank\">B\u00e1rbara Alc\u00e2ntara<\/a> divide com o p\u00fablico sua ess\u00eancia de empreendedora e seu conhecimento sobre as Marcas Nativas Digitais, esse novo conceito de neg\u00f3cio que convida os consumidores a constru\u00edrem os novos produtos e o conceito da marca.<br><br>A curitibana explica sobre a diferen\u00e7a de presen\u00e7a digital e as caracter\u00edsticas para ser considerada uma MND (marca nativas digital), nesse novo modelo de empresa, onde a venda \u00e9 consequ\u00eancia, e n\u00e3o o foco.&nbsp;<br><br>Idealizada junto de suas duas irm\u00e3s, o <a rel=\"noreferrer noopener\" aria-label=\"Grupo Orna (abre numa nova aba)\" href=\"https:\/\/tudoorna.com\/2018\/07\/23\/as-marcas-do-grupo-orna\/\" target=\"_blank\">Grupo Orna<\/a> hoje engloba quatro marcas (<a rel=\"noreferrer noopener\" aria-label=\"design (abre numa nova aba)\" href=\"https:\/\/www.instagram.com\/orna\/\" target=\"_blank\">design<\/a>, <a rel=\"noreferrer noopener\" aria-label=\"cuidado pessoal (abre numa nova aba)\" href=\"https:\/\/www.instagram.com\/ornaformula\/\" target=\"_blank\">cuidado pessoal<\/a>, <a rel=\"noreferrer noopener\" aria-label=\"gest\u00e3o de marca (abre numa nova aba)\" href=\"https:\/\/www.instagram.com\/efeitoorna\/\" target=\"_blank\">gest\u00e3o de marca<\/a> e um <a rel=\"noreferrer noopener\" aria-label=\"caf\u00e9, (abre numa nova aba)\" href=\"https:\/\/www.instagram.com\/ornacafe\/\" target=\"_blank\">caf\u00e9<\/a>, localizado em Curitiba.&nbsp;<\/p>\n\n\n\n<p class=\"has-background has-pale-cyan-blue-background-color\">\u260c Conhe\u00e7a mais sobre o grupo Orna e as tr\u00eas irm\u00e3s de Curitiba, B\u00e1rbara (<a rel=\"noreferrer noopener\" aria-label=\"@barbaralcantara (abre numa nova aba)\" href=\"https:\/\/www.instagram.com\/deboralcantara\/\" target=\"_blank\"><\/a><a href=\"https:\/\/www.instagram.com\/barbaralcantara\/\">@barbaralcantara<\/a>), D\u00e9bora <a rel=\"noreferrer noopener\" aria-label=\"(@deboralcantar (abre numa nova aba)\" href=\"https:\/\/www.instagram.com\/deboralcantara\/\" target=\"_blank\">(@deboralcantara<\/a>)\u00a0e Julia (<a rel=\"noreferrer noopener\" aria-label=\"@julialcantara (abre numa nova aba)\" href=\"https:\/\/www.instagram.com\/julialcantara\/\" target=\"_blank\">@julialcantara<\/a>), clicando <a rel=\"noreferrer noopener\" aria-label=\"aqui (abre numa nova aba)\" href=\"https:\/\/tudoorna.com\/quem-somos\/\" target=\"_blank\">aqui<\/a>.\u00a0<\/p>\n","protected":false},"excerpt":{"rendered":"<p>Seja para sua vida pessoal ou profissional, palestras brasileiras relevantes podem abrir seus olhos para detalhes n\u00e3o \u00f3bvios que falam de meritocracia, dinheiro, empreendedorismo, h\u00e1bitos e novas maneiras de causar destaques no mundo digital.<\/p>\n","protected":false},"author":9,"featured_media":15935,"comment_status":"open","ping_status":"open","sticky":false,"template":"","format":"standard","meta":[],"categories":[22],"tags":[582,583,157,581],"acf":[],"yoast_head":"<!-- This site is optimized with the Yoast SEO plugin v15.9.2 - https:\/\/yoast.com\/wordpress\/plugins\/seo\/ -->\n<title>6 PALESTRAS BRASILEIRAS PARA INSPIRAR NOVAS ATITUDES EM 2020 - N\u00e3o \u00d3bvio<\/title>\n<meta name=\"robots\" content=\"index, follow, max-snippet:-1, max-image-preview:large, max-video-preview:-1\" \/>\n<link rel=\"canonical\" href=\"https:\/\/www.naoobvio.com\/index.php\/2020\/01\/09\/6-palestras-brasileiras-para-inspirar-novas-atitudes-em-2020\/\" \/>\n<meta property=\"og:locale\" content=\"pt_BR\" \/>\n<meta property=\"og:type\" content=\"article\" \/>\n<meta property=\"og:title\" content=\"6 PALESTRAS BRASILEIRAS PARA INSPIRAR NOVAS ATITUDES EM 2020 - N\u00e3o \u00d3bvio\" \/>\n<meta property=\"og:url\" content=\"https:\/\/www.naoobvio.com\/index.php\/2020\/01\/09\/6-palestras-brasileiras-para-inspirar-novas-atitudes-em-2020\/\" \/>\n<meta property=\"og:site_name\" content=\"N\u00e3o \u00d3bvio\" \/>\n<meta property=\"article:publisher\" content=\"http:\/\/facebook.com\/nao.obvio\" \/>\n<meta property=\"article:published_time\" content=\"2020-01-09T12:14:27+00:00\" \/>\n<meta property=\"og:image\" content=\"https:\/\/www.naoobvio.com\/wp-content\/uploads\/2020\/01\/photo-1498050108023-c5249f4df085.jpg\" \/>\n\t<meta property=\"og:image:width\" content=\"1352\" \/>\n\t<meta property=\"og:image:height\" content=\"900\" \/>\n<meta name=\"twitter:card\" content=\"summary_large_image\" \/>\n<meta name=\"twitter:label1\" content=\"Est. reading time\">\n\t<meta name=\"twitter:data1\" content=\"6 minutos\">\n<script type=\"application\/ld+json\" class=\"yoast-schema-graph\">{\"@context\":\"https:\/\/schema.org\",\"@graph\":[{\"@type\":\"WebSite\",\"@id\":\"https:\/\/www.naoobvio.com\/#website\",\"url\":\"https:\/\/www.naoobvio.com\/\",\"name\":\"N\\u00e3o \\u00d3bvio\",\"description\":\"O que falta na sua  lista\",\"potentialAction\":[{\"@type\":\"SearchAction\",\"target\":\"https:\/\/www.naoobvio.com\/?s={search_term_string}\",\"query-input\":\"required name=search_term_string\"}],\"inLanguage\":\"pt-BR\"},{\"@type\":\"ImageObject\",\"@id\":\"https:\/\/www.naoobvio.com\/index.php\/2020\/01\/09\/6-palestras-brasileiras-para-inspirar-novas-atitudes-em-2020\/#primaryimage\",\"inLanguage\":\"pt-BR\",\"url\":\"https:\/\/www.naoobvio.com\/wp-content\/uploads\/2020\/01\/photo-1498050108023-c5249f4df085.jpg\",\"width\":1352,\"height\":900},{\"@type\":\"WebPage\",\"@id\":\"https:\/\/www.naoobvio.com\/index.php\/2020\/01\/09\/6-palestras-brasileiras-para-inspirar-novas-atitudes-em-2020\/#webpage\",\"url\":\"https:\/\/www.naoobvio.com\/index.php\/2020\/01\/09\/6-palestras-brasileiras-para-inspirar-novas-atitudes-em-2020\/\",\"name\":\"6 PALESTRAS BRASILEIRAS PARA INSPIRAR NOVAS ATITUDES EM 2020 - N\\u00e3o \\u00d3bvio\",\"isPartOf\":{\"@id\":\"https:\/\/www.naoobvio.com\/#website\"},\"primaryImageOfPage\":{\"@id\":\"https:\/\/www.naoobvio.com\/index.php\/2020\/01\/09\/6-palestras-brasileiras-para-inspirar-novas-atitudes-em-2020\/#primaryimage\"},\"datePublished\":\"2020-01-09T12:14:27+00:00\",\"dateModified\":\"2020-01-09T12:14:27+00:00\",\"author\":{\"@id\":\"https:\/\/www.naoobvio.com\/#\/schema\/person\/c8d8e4941eea2c1ccf7410863aa3c826\"},\"breadcrumb\":{\"@id\":\"https:\/\/www.naoobvio.com\/index.php\/2020\/01\/09\/6-palestras-brasileiras-para-inspirar-novas-atitudes-em-2020\/#breadcrumb\"},\"inLanguage\":\"pt-BR\",\"potentialAction\":[{\"@type\":\"ReadAction\",\"target\":[\"https:\/\/www.naoobvio.com\/index.php\/2020\/01\/09\/6-palestras-brasileiras-para-inspirar-novas-atitudes-em-2020\/\"]}]},{\"@type\":\"BreadcrumbList\",\"@id\":\"https:\/\/www.naoobvio.com\/index.php\/2020\/01\/09\/6-palestras-brasileiras-para-inspirar-novas-atitudes-em-2020\/#breadcrumb\",\"itemListElement\":[{\"@type\":\"ListItem\",\"position\":1,\"item\":{\"@type\":\"WebPage\",\"@id\":\"https:\/\/www.naoobvio.com\/\",\"url\":\"https:\/\/www.naoobvio.com\/\",\"name\":\"In\\u00edcio\"}},{\"@type\":\"ListItem\",\"position\":2,\"item\":{\"@type\":\"WebPage\",\"@id\":\"https:\/\/www.naoobvio.com\/index.php\/2020\/01\/09\/6-palestras-brasileiras-para-inspirar-novas-atitudes-em-2020\/\",\"url\":\"https:\/\/www.naoobvio.com\/index.php\/2020\/01\/09\/6-palestras-brasileiras-para-inspirar-novas-atitudes-em-2020\/\",\"name\":\"6 PALESTRAS BRASILEIRAS PARA INSPIRAR NOVAS ATITUDES EM 2020\"}}]},{\"@type\":\"Person\",\"@id\":\"https:\/\/www.naoobvio.com\/#\/schema\/person\/c8d8e4941eea2c1ccf7410863aa3c826\",\"name\":\"J\\u00e9ssica Zoleti \\u2022 @jessicazoleti\",\"image\":{\"@type\":\"ImageObject\",\"@id\":\"https:\/\/www.naoobvio.com\/#personlogo\",\"inLanguage\":\"pt-BR\",\"url\":\"https:\/\/secure.gravatar.com\/avatar\/b0fbbfef5609da6d09af134092016cd3?s=96&d=mm&r=g\",\"caption\":\"J\\u00e9ssica Zoleti \\u2022 @jessicazoleti\"},\"description\":\"Produtora audiovisual, apaixonada por arte e viagens.\"}]}<\/script>\n<!-- \/ Yoast SEO plugin. -->","_links":{"self":[{"href":"https:\/\/www.naoobvio.com\/index.php\/wp-json\/wp\/v2\/posts\/15913"}],"collection":[{"href":"https:\/\/www.naoobvio.com\/index.php\/wp-json\/wp\/v2\/posts"}],"about":[{"href":"https:\/\/www.naoobvio.com\/index.php\/wp-json\/wp\/v2\/types\/post"}],"author":[{"embeddable":true,"href":"https:\/\/www.naoobvio.com\/index.php\/wp-json\/wp\/v2\/users\/9"}],"replies":[{"embeddable":true,"href":"https:\/\/www.naoobvio.com\/index.php\/wp-json\/wp\/v2\/comments?post=15913"}],"version-history":[{"count":35,"href":"https:\/\/www.naoobvio.com\/index.php\/wp-json\/wp\/v2\/posts\/15913\/revisions"}],"predecessor-version":[{"id":15958,"href":"https:\/\/www.naoobvio.com\/index.php\/wp-json\/wp\/v2\/posts\/15913\/revisions\/15958"}],"wp:featuredmedia":[{"embeddable":true,"href":"https:\/\/www.naoobvio.com\/index.php\/wp-json\/wp\/v2\/media\/15935"}],"wp:attachment":[{"href":"https:\/\/www.naoobvio.com\/index.php\/wp-json\/wp\/v2\/media?parent=15913"}],"wp:term":[{"taxonomy":"category","embeddable":true,"href":"https:\/\/www.naoobvio.com\/index.php\/wp-json\/wp\/v2\/categories?post=15913"},{"taxonomy":"post_tag","embeddable":true,"href":"https:\/\/www.naoobvio.com\/index.php\/wp-json\/wp\/v2\/tags?post=15913"}],"curies":[{"name":"wp","href":"https:\/\/api.w.org\/{rel}","templated":true}]}}