{"id":15960,"date":"2020-01-10T18:38:03","date_gmt":"2020-01-10T21:38:03","guid":{"rendered":"https:\/\/www.naoobvio.com\/?p=15960"},"modified":"2020-01-10T18:42:46","modified_gmt":"2020-01-10T21:42:46","slug":"6-lugares-nao-obvios-em-salvador-para-quem-ama-musica","status":"publish","type":"post","link":"https:\/\/www.naoobvio.com\/index.php\/2020\/01\/10\/6-lugares-nao-obvios-em-salvador-para-quem-ama-musica\/","title":{"rendered":"6 LUGARES N\u00c3O \u00d3BVIOS EM SALVADOR PARA QUEM AMA M\u00daSICA"},"content":{"rendered":"\n<p>N\u00e3o \u00e9 por acaso que m\u00fasica \u00e9 uma das artes mais apreciadas pelo mundo. Afinal, al\u00e9m de ser acess\u00edvel, ela \u00e9 meio positivo para a sa\u00fade f\u00edsica e mental dos seres humanos. De acordo com especialistas, ouvir m\u00fasica pode diminuir o estresse, aliviar dores, aumentar a produtividade, tornar atividades f\u00edsicas mais prazerosas e at\u00e9 combater a depress\u00e3o.<\/p>\n\n\n\n<div class=\"wp-block-image\"><figure class=\"alignleft is-resized\"><img loading=\"lazy\" src=\"https:\/\/www.naoobvio.com\/wp-content\/uploads\/2020\/01\/Gif-Jon-Travolta-Dancing.gif\" alt=\"\" class=\"wp-image-15969\" width=\"600\" height=\"486\"\/><\/figure><\/div>\n\n\n\n<p style=\"background-color:#ffdbdb\" class=\"has-background\">Al\u00e9m de tudo isso, <strong>escutar m\u00fasica \u00e9 uma \u00f3tima maneira de resgatar mem\u00f3rias e sentimentos do passado<\/strong>. Quem viveu na d\u00e9cada de 1970, por exemplo, deve recordar v\u00e1rios momentos quando escutava em boates can\u00e7\u00f5es como <em><a rel=\"noreferrer noopener\" aria-label=\"Stayin\u2019 Alive (abre numa nova aba)\" href=\"https:\/\/www.youtube.com\/watch?v=I_izvAbhExY\" target=\"_blank\">Stayin\u2019 Alive<\/a><\/em>. dos Bee Gees, e <em><a rel=\"noreferrer noopener\" aria-label=\"I Will Survive (abre numa nova aba)\" href=\"https:\/\/www.youtube.com\/watch?v=ARt9HV9T0w8\" target=\"_blank\">I Will Survive<\/a><\/em>, de Gloria Gaynor \u2013 dois dos maiores hits da d\u00e9cada.<\/p>\n\n\n\n<p style=\"background-color:#dbf4ff\" class=\"has-background\">Quando o assunto \u00e9 m\u00fasica, os brasileiros t\u00eam h\u00e1bitos muito particulares e especiais. Inclusive, segundo um levantamento feito pelo DeltaFolha, baseado no Spotify, logo ap\u00f3s os EUA, <strong>o Brasil \u00e9 o pa\u00eds em que as pessoas mais ouvem as m\u00fasicas<\/strong> <strong>nacionais.<\/strong> De fato, a lista das 50 mais tocadas no Brasil est\u00e1 sempre repleta de hits nacionais.<\/p>\n\n\n\n<p>Especialmente na Bahia, a m\u00fasica resultou em obras muito especiais e internacionalmente conhecidas. Da irrever\u00eancia de Raul Seixas ao Rock de Pitty, a musicalidade baiana sempre foi bem representada pelo mundo a fora. A prop\u00f3sito, o movimento tropicalista, que nasceu na Bahia no final da d\u00e9cada de 1960, revolucionou a produ\u00e7\u00e3o de m\u00fasica no Brasil. <\/p>\n\n\n\n<figure class=\"wp-block-image\"><img loading=\"lazy\" width=\"430\" height=\"243\" src=\"https:\/\/www.naoobvio.com\/wp-content\/uploads\/2020\/01\/noitesalvador.gif\" alt=\"\" class=\"wp-image-16111\"\/><\/figure>\n\n\n\n<p class=\"has-background has-very-light-gray-background-color\">Foi pensando justamente na rela\u00e7\u00e3o especial dos baianos com a m\u00fasica que o N\u00c3O \u00d3BVIO montou uma lista com espa\u00e7os nada \u00f3bvios que re\u00fanem as anima\u00e7\u00f5es dos soteropolitanos. <br><br>Em Salvador, cantos que poderiam ser vistos como alternativos acabaram ganhando popularidade e hoje s\u00e3o alguns dos mais famosos da capital. \u00c9 o caso, por exemplo, do <strong><a href=\"https:\/\/www.instagram.com\/aborracharia\/?hl=pt-br\">A Borracharia<\/a><\/strong>, do <strong><a href=\"https:\/\/www.instagram.com\/groovebarsalvador\/?hl=pt-br\">Groove Bar<\/a><\/strong> e do<strong> <\/strong><a href=\"https:\/\/www.facebook.com\/pages\/Trapiche-Barnab%C3%A9\/548375805177794\"><strong>Trapiche Barnab\u00e9<\/strong><\/a> (que tamb\u00e9m oferece jogos, muitos cantos para sentar e <em>food trucks<\/em>).<br><br>Al\u00e9m deles, existem os demais cantos famosos espalhados pelo Rio Vermelho, que \u00e9 o bairro principal das festan\u00e7as cotidianas da cidade. Ele mistura boates, barzinhos e gente festejando pelas ruas nos finais de semana.<br><br><strong>Mas, como sempre, o N\u00c3O \u00d3BVIO foi al\u00e9m e trouxe op\u00e7\u00f5es fora dos clich\u00eas para quem quer baladar, se jogar em um karaok\u00ea elogiado ou encontrar outras oportunidades feitas para quem ama dan\u00e7ar, cantar junto ou ouvir uma boa composi\u00e7\u00e3o.<\/strong> <em>Confira:<\/em><\/p>\n\n\n\n<h1>1. COMMONS STUDIO BAR | <em>BOATE<\/em><\/h1>\n\n\n\n<hr class=\"wp-block-separator\"\/>\n\n\n\n<ul class=\"wp-block-gallery columns-2 is-cropped\"><li class=\"blocks-gallery-item\"><figure><img loading=\"lazy\" width=\"640\" height=\"640\" src=\"https:\/\/www.naoobvio.com\/wp-content\/uploads\/2020\/01\/Commons-1.jpg\" alt=\"\" data-id=\"16090\" data-link=\"https:\/\/www.naoobvio.com\/?attachment_id=16090\" class=\"wp-image-16090\" srcset=\"https:\/\/www.naoobvio.com\/wp-content\/uploads\/2020\/01\/Commons-1.jpg 640w, https:\/\/www.naoobvio.com\/wp-content\/uploads\/2020\/01\/Commons-1-150x150.jpg 150w, https:\/\/www.naoobvio.com\/wp-content\/uploads\/2020\/01\/Commons-1-300x300.jpg 300w\" sizes=\"(max-width: 709px) 85vw, (max-width: 909px) 67vw, (max-width: 984px) 61vw, (max-width: 1362px) 45vw, 600px\" \/><\/figure><\/li><li class=\"blocks-gallery-item\"><figure><img loading=\"lazy\" width=\"612\" height=\"612\" src=\"https:\/\/www.naoobvio.com\/wp-content\/uploads\/2020\/01\/Commons-3.jpg\" alt=\"\" data-id=\"16088\" data-link=\"https:\/\/www.naoobvio.com\/?attachment_id=16088\" class=\"wp-image-16088\" srcset=\"https:\/\/www.naoobvio.com\/wp-content\/uploads\/2020\/01\/Commons-3.jpg 612w, https:\/\/www.naoobvio.com\/wp-content\/uploads\/2020\/01\/Commons-3-150x150.jpg 150w, https:\/\/www.naoobvio.com\/wp-content\/uploads\/2020\/01\/Commons-3-300x300.jpg 300w\" sizes=\"(max-width: 709px) 85vw, (max-width: 909px) 67vw, (max-width: 984px) 61vw, (max-width: 1362px) 45vw, 600px\" \/><\/figure><\/li><li class=\"blocks-gallery-item\"><figure><img loading=\"lazy\" width=\"612\" height=\"612\" src=\"https:\/\/www.naoobvio.com\/wp-content\/uploads\/2020\/01\/Commons-2.jpg\" alt=\"\" data-id=\"16089\" data-link=\"https:\/\/www.naoobvio.com\/?attachment_id=16089\" class=\"wp-image-16089\" srcset=\"https:\/\/www.naoobvio.com\/wp-content\/uploads\/2020\/01\/Commons-2.jpg 612w, https:\/\/www.naoobvio.com\/wp-content\/uploads\/2020\/01\/Commons-2-150x150.jpg 150w, https:\/\/www.naoobvio.com\/wp-content\/uploads\/2020\/01\/Commons-2-300x300.jpg 300w\" sizes=\"(max-width: 709px) 85vw, (max-width: 909px) 67vw, (max-width: 984px) 61vw, (max-width: 1362px) 45vw, 600px\" \/><\/figure><\/li><li class=\"blocks-gallery-item\"><figure><img loading=\"lazy\" width=\"640\" height=\"640\" src=\"https:\/\/www.naoobvio.com\/wp-content\/uploads\/2020\/01\/Commons-4.jpg\" alt=\"\" data-id=\"16091\" data-link=\"https:\/\/www.naoobvio.com\/?attachment_id=16091\" class=\"wp-image-16091\" srcset=\"https:\/\/www.naoobvio.com\/wp-content\/uploads\/2020\/01\/Commons-4.jpg 640w, https:\/\/www.naoobvio.com\/wp-content\/uploads\/2020\/01\/Commons-4-150x150.jpg 150w, https:\/\/www.naoobvio.com\/wp-content\/uploads\/2020\/01\/Commons-4-300x300.jpg 300w\" sizes=\"(max-width: 709px) 85vw, (max-width: 909px) 67vw, (max-width: 984px) 61vw, (max-width: 1362px) 45vw, 600px\" \/><\/figure><\/li><\/ul>\n\n\n\n<p class=\"has-background has-very-light-gray-background-color\">De acordo com pesquisa realizada, em 2019, pela Folha de S\u00e3o Paulo, o Brasil \u00e9 o pa\u00eds em que mais se escuta m\u00fasica ao vivo no mundo. Afinal, quando o assunto \u00e9 m\u00fasica ao vivo, o p\u00fablico brasileiro costuma se empolgar ainda mais. <\/p>\n\n\n\n<div class=\"wp-block-image\"><figure class=\"alignleft is-resized\"><img src=\"https:\/\/www.naoobvio.com\/wp-content\/uploads\/2020\/01\/Gif-Bateria.gif\" alt=\"\" class=\"wp-image-16086\" width=\"400\"\/><\/figure><\/div>\n\n\n\n<p style=\"background-color:#e9ebc6\" class=\"has-background\">E se voc\u00ea compartilha desse mesmo gosto musical, provavelmente vai gostar do do Commos Studio Bar. A proposta desse local \u00e9 oferecer uma boa m\u00fasica ao vivo para que os clientes possam se divertir e curtir bastante.<\/p>\n\n\n\n<p class=\"has-background has-very-light-gray-background-color\">Uma das festas promovidas por l\u00e1 \u00e9 a <a rel=\"noreferrer noopener\" aria-label=\"Back in Bahia (abre numa nova aba)\" href=\"https:\/\/www.instagram.com\/backinbahiafesta\/\" target=\"_blank\">Back in Bahia<\/a>, ocasi\u00e3o em que o p\u00fablico se embala apenas ao som de m\u00fasicas baianas e de outros sucessos que embalaram o mundo em \u00e9pocas passadas. Prepare-se para ouvir at\u00e9 uns funks das antigas. O Back in Bahia acontece mensalmente e sempre h\u00e1 uma edi\u00e7\u00e3o especial do nordeste.<br><br>Al\u00e9m disso, o Commos Studio Bar tamb\u00e9m possui um projeto musical, o Commons Lab. Essa \u00e9 uma iniciativa que promove um ciclo de laborat\u00f3rios criativos para m\u00fasicos baianos.<\/p>\n\n\n\n<p style=\"background-color:#f2b9b9\" class=\"has-background\">\u260c&nbsp;<strong>Endere\u00e7o:<\/strong>&nbsp; Rua Odilon Santos, 224 \u2013 Rio Vermelho<br>\u260c&nbsp;<strong>Telefone:<\/strong>&nbsp;(71)  3022.5620<br>\u260c&nbsp;<strong>Entrada: <\/strong>Geralmente entre R$ 15,00 e R$ 25,00<br>\u260c&nbsp;<strong>Hor\u00e1rio:&nbsp;<\/strong>De quinta a s\u00e1bado das 22h \u00e0s 5h <br> \u260c&nbsp;<strong>Mais informa\u00e7\u00f5es:<\/strong> <a rel=\"noreferrer noopener\" aria-label=\"Site (abre numa nova aba)\" href=\"https:\/\/commons.com.br\/site\/\" target=\"_blank\">Site<\/a> | <a rel=\"noreferrer noopener\" aria-label=\"Instagram (abre numa nova aba)\" href=\"https:\/\/www.instagram.com\/commonsstudiobar\/\" target=\"_blank\">Instagram<\/a><\/p>\n\n\n\n<h1>2. CIEN FUEGOS | <em>RESTAURANTE COM KARAOK\u00ca<\/em><\/h1>\n\n\n\n<hr class=\"wp-block-separator\"\/>\n\n\n\n<ul class=\"wp-block-gallery columns-2 is-cropped\"><li class=\"blocks-gallery-item\"><figure><img loading=\"lazy\" width=\"1024\" height=\"631\" src=\"https:\/\/www.naoobvio.com\/wp-content\/uploads\/2020\/01\/Cien-Fuegos-01-1024x631.jpg\" alt=\"\" data-id=\"16038\" data-link=\"https:\/\/www.naoobvio.com\/?attachment_id=16038\" class=\"wp-image-16038\" srcset=\"https:\/\/www.naoobvio.com\/wp-content\/uploads\/2020\/01\/Cien-Fuegos-01-1024x631.jpg 1024w, https:\/\/www.naoobvio.com\/wp-content\/uploads\/2020\/01\/Cien-Fuegos-01-300x185.jpg 300w, https:\/\/www.naoobvio.com\/wp-content\/uploads\/2020\/01\/Cien-Fuegos-01-768x473.jpg 768w, https:\/\/www.naoobvio.com\/wp-content\/uploads\/2020\/01\/Cien-Fuegos-01.jpg 1200w\" sizes=\"(max-width: 709px) 85vw, (max-width: 909px) 67vw, (max-width: 1362px) 62vw, 840px\" \/><\/figure><\/li><li class=\"blocks-gallery-item\"><figure><img loading=\"lazy\" width=\"1024\" height=\"683\" src=\"https:\/\/www.naoobvio.com\/wp-content\/uploads\/2020\/01\/Cien-Fuegos-03-1024x683.jpg\" alt=\"\" data-id=\"16037\" data-link=\"https:\/\/www.naoobvio.com\/?attachment_id=16037\" class=\"wp-image-16037\" srcset=\"https:\/\/www.naoobvio.com\/wp-content\/uploads\/2020\/01\/Cien-Fuegos-03-1024x683.jpg 1024w, https:\/\/www.naoobvio.com\/wp-content\/uploads\/2020\/01\/Cien-Fuegos-03-300x200.jpg 300w, https:\/\/www.naoobvio.com\/wp-content\/uploads\/2020\/01\/Cien-Fuegos-03-768x512.jpg 768w, https:\/\/www.naoobvio.com\/wp-content\/uploads\/2020\/01\/Cien-Fuegos-03.jpg 1080w\" sizes=\"(max-width: 709px) 85vw, (max-width: 909px) 67vw, (max-width: 1362px) 62vw, 840px\" \/><\/figure><\/li><li class=\"blocks-gallery-item\"><figure><img loading=\"lazy\" width=\"640\" height=\"425\" src=\"https:\/\/www.naoobvio.com\/wp-content\/uploads\/2020\/01\/Cien-Fuegos-02.jpg\" alt=\"\" data-id=\"16036\" data-link=\"https:\/\/www.naoobvio.com\/?attachment_id=16036\" class=\"wp-image-16036\" srcset=\"https:\/\/www.naoobvio.com\/wp-content\/uploads\/2020\/01\/Cien-Fuegos-02.jpg 640w, https:\/\/www.naoobvio.com\/wp-content\/uploads\/2020\/01\/Cien-Fuegos-02-300x199.jpg 300w\" sizes=\"(max-width: 709px) 85vw, (max-width: 909px) 67vw, (max-width: 984px) 61vw, (max-width: 1362px) 45vw, 600px\" \/><\/figure><\/li><li class=\"blocks-gallery-item\"><figure><img loading=\"lazy\" width=\"1024\" height=\"1024\" src=\"https:\/\/www.naoobvio.com\/wp-content\/uploads\/2020\/01\/Cien-Fuegos-04-1024x1024.jpg\" alt=\"\" data-id=\"16035\" data-link=\"https:\/\/www.naoobvio.com\/?attachment_id=16035\" class=\"wp-image-16035\" srcset=\"https:\/\/www.naoobvio.com\/wp-content\/uploads\/2020\/01\/Cien-Fuegos-04-1024x1024.jpg 1024w, https:\/\/www.naoobvio.com\/wp-content\/uploads\/2020\/01\/Cien-Fuegos-04-150x150.jpg 150w, https:\/\/www.naoobvio.com\/wp-content\/uploads\/2020\/01\/Cien-Fuegos-04-300x300.jpg 300w, https:\/\/www.naoobvio.com\/wp-content\/uploads\/2020\/01\/Cien-Fuegos-04-768x768.jpg 768w, https:\/\/www.naoobvio.com\/wp-content\/uploads\/2020\/01\/Cien-Fuegos-04.jpg 1080w\" sizes=\"(max-width: 709px) 85vw, (max-width: 909px) 67vw, (max-width: 1362px) 62vw, 840px\" \/><\/figure><\/li><\/ul>\n\n\n\n<div class=\"wp-block-image\"><figure class=\"alignleft is-resized\"><img src=\"https:\/\/www.naoobvio.com\/wp-content\/uploads\/2020\/01\/Minion-Sing-Gif.gif\" alt=\"\" class=\"wp-image-15989\" width=\"420\"\/><\/figure><\/div>\n\n\n\n<p style=\"background-color:#ebc6e9\" class=\"has-background\">Quem gosta da culin\u00e1ria do M\u00e9xico j\u00e1 deve ter ouvido falar, pelo menos uma vez, no Cien Fuegos. Este restaurante \u00e9 refer\u00eancia na cidade quando o assunto \u00e9 comida mexicana. Localizado no Rio Vermelho, de fato, o Cien Fuegos se destaca pela gastronomia. <\/p>\n\n\n\n<p class=\"has-background has-very-light-gray-background-color\">Por outro lado, o que muitos n\u00e3o sabem \u00e9 que eles tamb\u00e9m contam com <strong>um karaok\u00ea.<\/strong> Isso mesmo. Nas quintas feiras, os clientes podem cantar \u00e0 vontade enquanto comem as iguarias com o tempero especial do M\u00e9xico.<br><br>E por falar em iguaria, comida \u00e9 o que n\u00e3o falta por l\u00e1. O card\u00e1pio da Cien Fuegos inclui desde Tacos, Flautas Mexicanas e Quesadilla at\u00e9 Guacamole, Fajitas e Enchiladas.<\/p>\n\n\n\n<p style=\"background-color:#f2b9b9\" class=\"has-background\">\u260c&nbsp;<strong>Endere\u00e7o:<\/strong>&nbsp;R. Alexandre de Gusm\u00e3o, 60 &#8211; Rio Vermelho  <br>\u260c&nbsp;<strong>Telefone:<\/strong>&nbsp;(71) 3334.7711 <br>\u260c&nbsp;<strong>Entrada na \u00e1rea do karaok\u00ea: <\/strong>R$ 6,00&nbsp; <br>\u260c&nbsp;<strong>Hor\u00e1rio:&nbsp;<\/strong>De ter\u00e7a a quinta das 18h \u00e0 0h, \u00e0s sextas e s\u00e1bados das 18h \u00e0s 3h e aos domingos das 18h \u00e0 00h30 <br>\u260c&nbsp;<strong>Mais informa\u00e7\u00f5es: <\/strong><a rel=\"noreferrer noopener\" aria-label=\"Site  (abre numa nova aba)\" href=\"http:\/\/www.cienfuegos.com.br\/\" target=\"_blank\">Site<\/a> | <a rel=\"noreferrer noopener\" aria-label=\"Instagram (abre numa nova aba)\" href=\"https:\/\/www.instagram.com\/cienfuegosmexicano\/\" target=\"_blank\">Instagram<\/a><\/p>\n\n\n\n<h1>3. AURISOM | <em>LOJA<\/em><\/h1>\n\n\n\n<hr class=\"wp-block-separator\"\/>\n\n\n\n<ul class=\"wp-block-gallery columns-3 is-cropped\"><li class=\"blocks-gallery-item\"><figure><img loading=\"lazy\" width=\"1024\" height=\"1024\" src=\"https:\/\/www.naoobvio.com\/wp-content\/uploads\/2020\/01\/Aurisom-2-1024x1024.jpg\" alt=\"\" data-id=\"16059\" data-link=\"https:\/\/www.naoobvio.com\/?attachment_id=16059\" class=\"wp-image-16059\" srcset=\"https:\/\/www.naoobvio.com\/wp-content\/uploads\/2020\/01\/Aurisom-2-1024x1024.jpg 1024w, https:\/\/www.naoobvio.com\/wp-content\/uploads\/2020\/01\/Aurisom-2-150x150.jpg 150w, https:\/\/www.naoobvio.com\/wp-content\/uploads\/2020\/01\/Aurisom-2-300x300.jpg 300w, https:\/\/www.naoobvio.com\/wp-content\/uploads\/2020\/01\/Aurisom-2-768x768.jpg 768w, https:\/\/www.naoobvio.com\/wp-content\/uploads\/2020\/01\/Aurisom-2.jpg 1080w\" sizes=\"(max-width: 709px) 85vw, (max-width: 909px) 67vw, (max-width: 1362px) 62vw, 840px\" \/><\/figure><\/li><li class=\"blocks-gallery-item\"><figure><img loading=\"lazy\" width=\"884\" height=\"1024\" src=\"https:\/\/www.naoobvio.com\/wp-content\/uploads\/2020\/01\/Aurisom-1-884x1024.jpg\" alt=\"\" data-id=\"16060\" data-link=\"https:\/\/www.naoobvio.com\/?attachment_id=16060\" class=\"wp-image-16060\" srcset=\"https:\/\/www.naoobvio.com\/wp-content\/uploads\/2020\/01\/Aurisom-1-884x1024.jpg 884w, https:\/\/www.naoobvio.com\/wp-content\/uploads\/2020\/01\/Aurisom-1-259x300.jpg 259w, https:\/\/www.naoobvio.com\/wp-content\/uploads\/2020\/01\/Aurisom-1-768x890.jpg 768w, https:\/\/www.naoobvio.com\/wp-content\/uploads\/2020\/01\/Aurisom-1.jpg 1080w\" sizes=\"(max-width: 709px) 85vw, (max-width: 909px) 67vw, (max-width: 1362px) 62vw, 840px\" \/><\/figure><\/li><li class=\"blocks-gallery-item\"><figure><img loading=\"lazy\" width=\"1024\" height=\"1024\" src=\"https:\/\/www.naoobvio.com\/wp-content\/uploads\/2020\/01\/Aurisom-3-1024x1024.jpg\" alt=\"\" data-id=\"16058\" data-link=\"https:\/\/www.naoobvio.com\/?attachment_id=16058\" class=\"wp-image-16058\" srcset=\"https:\/\/www.naoobvio.com\/wp-content\/uploads\/2020\/01\/Aurisom-3-1024x1024.jpg 1024w, https:\/\/www.naoobvio.com\/wp-content\/uploads\/2020\/01\/Aurisom-3-150x150.jpg 150w, https:\/\/www.naoobvio.com\/wp-content\/uploads\/2020\/01\/Aurisom-3-300x300.jpg 300w, https:\/\/www.naoobvio.com\/wp-content\/uploads\/2020\/01\/Aurisom-3-768x768.jpg 768w, https:\/\/www.naoobvio.com\/wp-content\/uploads\/2020\/01\/Aurisom-3.jpg 1080w\" sizes=\"(max-width: 709px) 85vw, (max-width: 909px) 67vw, (max-width: 1362px) 62vw, 840px\" \/><\/figure><\/li><\/ul>\n\n\n\n<ul class=\"wp-block-gallery alignleft columns-1 is-cropped\"><li class=\"blocks-gallery-item\"><figure><img loading=\"lazy\" width=\"260\" height=\"260\" src=\"https:\/\/www.naoobvio.com\/wp-content\/uploads\/2020\/01\/Gif-Vinil.gif\" alt=\"\" data-id=\"15983\" class=\"wp-image-15983\"\/><\/figure><\/li><\/ul>\n\n\n\n<p style=\"background-color:#ebe1c6\" class=\"has-background\">Na era do streaming, a maioria das pessoas consome m\u00fasica atrav\u00e9s da internet. Entretanto, ainda h\u00e1 quem goste de comprar os CDs f\u00edsicos \u201cmodernos\u201d ou os cl\u00e1ssicos LPs.<\/p>\n\n\n\n<p class=\"has-background has-very-light-gray-background-color\">\u00c9 para atender esses clientes que a Aurisom abre as portas de segunda \u00e0 s\u00e1bado no centro hist\u00f3rico de Salvador. Localizada na Pra\u00e7a da S\u00e9, essa loja trabalha com CDs, DVDs e discos de vinil novos, usados e importados desde 1975.<br><br>Al\u00e9m de s\u00f3 funcionar em Salvador, a Aurisom tamb\u00e9m entrega para todo o Brasil. Mas, sem d\u00favida, a experi\u00eancia presencial \u00e9 ainda mais enriquecedora. Afinal, o Pelourinho transpira ritmo e musicalidade.<\/p>\n\n\n\n<p style=\"background-color:#f2b9b9\" class=\"has-background\">\u260c&nbsp;<strong>Endere\u00e7o:<\/strong>&nbsp;Pra\u00e7a da S\u00e9, 22 &#8211; Centro <br>\u260c&nbsp;<strong>Telefone:<\/strong>&nbsp;(71)  3322.6893 <br>\u260c&nbsp;<strong>Hor\u00e1rio:&nbsp;<\/strong>De segunda a sexta das 8h \u00e0s 18h e aos s\u00e1bados das 8h \u00e0s 14h <br>\u260c&nbsp;<strong>Mais informa\u00e7\u00f5es: <\/strong><a href=\"https:\/\/www.instagram.com\/aurisom_comercio_de_discos_\/\" target=\"_blank\" rel=\"noreferrer noopener\" aria-label=\" (abre numa nova aba)\">Instagram<\/a><\/p>\n\n\n\n<h1>4. LAGOA DOS FRADES | <em>BAR COM KARAOK\u00ca<\/em><\/h1>\n\n\n\n<hr class=\"wp-block-separator\"\/>\n\n\n\n<ul class=\"wp-block-gallery columns-3 is-cropped\"><li class=\"blocks-gallery-item\"><figure><img loading=\"lazy\" width=\"733\" height=\"700\" src=\"https:\/\/www.naoobvio.com\/wp-content\/uploads\/2020\/01\/Lagoa-2.jpg\" alt=\"\" data-id=\"16100\" data-link=\"https:\/\/www.naoobvio.com\/?attachment_id=16100\" class=\"wp-image-16100\" srcset=\"https:\/\/www.naoobvio.com\/wp-content\/uploads\/2020\/01\/Lagoa-2.jpg 733w, https:\/\/www.naoobvio.com\/wp-content\/uploads\/2020\/01\/Lagoa-2-300x286.jpg 300w\" sizes=\"(max-width: 709px) 85vw, (max-width: 909px) 67vw, (max-width: 984px) 61vw, (max-width: 1362px) 45vw, 600px\" \/><\/figure><\/li><li class=\"blocks-gallery-item\"><figure><img loading=\"lazy\" width=\"320\" height=\"371\" src=\"https:\/\/www.naoobvio.com\/wp-content\/uploads\/2020\/01\/Lagoa-1.jpg\" alt=\"\" data-id=\"16101\" data-link=\"https:\/\/www.naoobvio.com\/?attachment_id=16101\" class=\"wp-image-16101\" srcset=\"https:\/\/www.naoobvio.com\/wp-content\/uploads\/2020\/01\/Lagoa-1.jpg 320w, https:\/\/www.naoobvio.com\/wp-content\/uploads\/2020\/01\/Lagoa-1-259x300.jpg 259w\" sizes=\"(max-width: 320px) 85vw, 320px\" \/><\/figure><\/li><li class=\"blocks-gallery-item\"><figure><img loading=\"lazy\" width=\"649\" height=\"649\" src=\"https:\/\/www.naoobvio.com\/wp-content\/uploads\/2020\/01\/Lagoa-3.jpg\" alt=\"\" data-id=\"16102\" data-link=\"https:\/\/www.naoobvio.com\/?attachment_id=16102\" class=\"wp-image-16102\" srcset=\"https:\/\/www.naoobvio.com\/wp-content\/uploads\/2020\/01\/Lagoa-3.jpg 649w, https:\/\/www.naoobvio.com\/wp-content\/uploads\/2020\/01\/Lagoa-3-150x150.jpg 150w, https:\/\/www.naoobvio.com\/wp-content\/uploads\/2020\/01\/Lagoa-3-300x300.jpg 300w\" sizes=\"(max-width: 709px) 85vw, (max-width: 909px) 67vw, (max-width: 984px) 61vw, (max-width: 1362px) 45vw, 600px\" \/><\/figure><\/li><\/ul>\n\n\n\n<div class=\"wp-block-image\"><figure class=\"alignleft is-resized\"><img src=\"https:\/\/www.naoobvio.com\/wp-content\/uploads\/2020\/01\/TBBT-Gif.gif\" alt=\"\" class=\"wp-image-16104\" width=\"500\"\/><\/figure><\/div>\n\n\n\n<p style=\"background-color:#dfc6eb\" class=\"has-background\">Um \u00e9 pouco, dois \u00e9 bom e tr\u00eas n\u00e3o \u00e9 demais. \u00c9 por isso que o N\u00c3O \u00d3BVIO traz mais um karaok\u00ea para a lista e apresenta outro mais abaixo.<\/p>\n\n\n\n<p class=\"has-background has-very-light-gray-background-color\">O Lagoa dos Frades tem um dos karaok\u00eas mais elogiados da capital baiana. \u00c9 uma \u00f3tima pedida para quem quer cantar, beber, dan\u00e7ar e comer petiscos especiais. Com um card\u00e1pio bem diversificado, esse bar conta at\u00e9 com op\u00e7\u00f5es afrodis\u00edacas.<br><br>Uma coisa \u00e9 certa, quem passa por l\u00e1, geralmente acaba voltando, j\u00e1 que as comidas s\u00e3o muito elogiadas e a energia do p\u00fablico que frequenta o local \u00e9 contagiante. Se ainda est\u00e1 com d\u00favida, basta acessar a p\u00e1gina oficial do Lagoa dos Frades no instagram para ver que a divers\u00e3o \u00e9 garantida.<\/p>\n\n\n\n<p style=\"background-color:#f2b9b9\" class=\"has-background\">\u260c&nbsp;<strong>Endere\u00e7o:<\/strong> Tv. Arnaldo Lopes da Silva, 940 &#8211; Stiep<br>\u260c&nbsp;<strong>Telefone:<\/strong>&nbsp;(71) 3271-3847 <br>\u260c&nbsp;<strong>Entrada: <\/strong>Gratuita<br>\u260c&nbsp;<strong>Pre\u00e7o por m\u00fasica: <\/strong>R$ 3,00<br>\u260c&nbsp;<strong>Hor\u00e1rio:&nbsp;<\/strong>De ter\u00e7a a domingo das 11h \u00e0 0h, \u00e0s sextas e aos s\u00e1bados das 11h \u00e0 1h e aos domingos das 11h \u00e0s 23h<br>\u260c&nbsp;<strong>Mais informa\u00e7\u00f5es: <\/strong><a rel=\"noreferrer noopener\" aria-label=\"Instagram (abre numa nova aba)\" href=\"https:\/\/www.instagram.com\/barlagoadosfrades\/\" target=\"_blank\">Instagram<\/a><\/p>\n\n\n\n<h1>5. \u00c2NCORA DO MARUJO | <em>BAR COM PERFORMANCES<\/em><\/h1>\n\n\n\n<hr class=\"wp-block-separator\"\/>\n\n\n\n<ul class=\"wp-block-gallery columns-2 is-cropped\"><li class=\"blocks-gallery-item\"><figure><img loading=\"lazy\" width=\"1024\" height=\"683\" src=\"https:\/\/www.naoobvio.com\/wp-content\/uploads\/2020\/01\/Ancora-1-1024x683.jpg\" alt=\"\" data-id=\"16040\" data-link=\"https:\/\/www.naoobvio.com\/?attachment_id=16040\" class=\"wp-image-16040\" srcset=\"https:\/\/www.naoobvio.com\/wp-content\/uploads\/2020\/01\/Ancora-1-1024x683.jpg 1024w, https:\/\/www.naoobvio.com\/wp-content\/uploads\/2020\/01\/Ancora-1-300x200.jpg 300w, https:\/\/www.naoobvio.com\/wp-content\/uploads\/2020\/01\/Ancora-1-768x512.jpg 768w, https:\/\/www.naoobvio.com\/wp-content\/uploads\/2020\/01\/Ancora-1-1200x800.jpg 1200w, https:\/\/www.naoobvio.com\/wp-content\/uploads\/2020\/01\/Ancora-1-1320x880.jpg 1320w\" sizes=\"(max-width: 709px) 85vw, (max-width: 909px) 67vw, (max-width: 1362px) 62vw, 840px\" \/><\/figure><\/li><li class=\"blocks-gallery-item\"><figure><img loading=\"lazy\" width=\"1024\" height=\"683\" src=\"https:\/\/www.naoobvio.com\/wp-content\/uploads\/2020\/01\/Ancora-2-1024x683.jpg\" alt=\"\" data-id=\"16042\" data-link=\"https:\/\/www.naoobvio.com\/?attachment_id=16042\" class=\"wp-image-16042\" srcset=\"https:\/\/www.naoobvio.com\/wp-content\/uploads\/2020\/01\/Ancora-2-1024x683.jpg 1024w, https:\/\/www.naoobvio.com\/wp-content\/uploads\/2020\/01\/Ancora-2-300x200.jpg 300w, https:\/\/www.naoobvio.com\/wp-content\/uploads\/2020\/01\/Ancora-2-768x512.jpg 768w, https:\/\/www.naoobvio.com\/wp-content\/uploads\/2020\/01\/Ancora-2-1200x800.jpg 1200w, https:\/\/www.naoobvio.com\/wp-content\/uploads\/2020\/01\/Ancora-2-1320x880.jpg 1320w\" sizes=\"(max-width: 709px) 85vw, (max-width: 909px) 67vw, (max-width: 1362px) 62vw, 840px\" \/><\/figure><\/li><li class=\"blocks-gallery-item\"><figure><img loading=\"lazy\" width=\"1024\" height=\"683\" src=\"https:\/\/www.naoobvio.com\/wp-content\/uploads\/2020\/01\/Ancora-4-1024x683.jpg\" alt=\"\" data-id=\"16046\" data-link=\"https:\/\/www.naoobvio.com\/?attachment_id=16046\" class=\"wp-image-16046\" srcset=\"https:\/\/www.naoobvio.com\/wp-content\/uploads\/2020\/01\/Ancora-4-1024x683.jpg 1024w, https:\/\/www.naoobvio.com\/wp-content\/uploads\/2020\/01\/Ancora-4-300x200.jpg 300w, https:\/\/www.naoobvio.com\/wp-content\/uploads\/2020\/01\/Ancora-4-768x512.jpg 768w, https:\/\/www.naoobvio.com\/wp-content\/uploads\/2020\/01\/Ancora-4-1200x800.jpg 1200w, https:\/\/www.naoobvio.com\/wp-content\/uploads\/2020\/01\/Ancora-4-1320x880.jpg 1320w\" sizes=\"(max-width: 709px) 85vw, (max-width: 909px) 67vw, (max-width: 1362px) 62vw, 840px\" \/><\/figure><\/li><li class=\"blocks-gallery-item\"><figure><img loading=\"lazy\" width=\"1024\" height=\"683\" src=\"https:\/\/www.naoobvio.com\/wp-content\/uploads\/2020\/01\/Ancora-3-1024x683.jpg\" alt=\"\" data-id=\"16041\" data-link=\"https:\/\/www.naoobvio.com\/?attachment_id=16041\" class=\"wp-image-16041\" srcset=\"https:\/\/www.naoobvio.com\/wp-content\/uploads\/2020\/01\/Ancora-3-1024x683.jpg 1024w, https:\/\/www.naoobvio.com\/wp-content\/uploads\/2020\/01\/Ancora-3-300x200.jpg 300w, https:\/\/www.naoobvio.com\/wp-content\/uploads\/2020\/01\/Ancora-3-768x512.jpg 768w, https:\/\/www.naoobvio.com\/wp-content\/uploads\/2020\/01\/Ancora-3-1200x800.jpg 1200w, https:\/\/www.naoobvio.com\/wp-content\/uploads\/2020\/01\/Ancora-3-1320x880.jpg 1320w\" sizes=\"(max-width: 709px) 85vw, (max-width: 909px) 67vw, (max-width: 1362px) 62vw, 840px\" \/><\/figure><\/li><\/ul>\n\n\n\n<p class=\"has-background has-very-light-gray-background-color\">Os f\u00e3s de m\u00fasica pop adoram assistir \u00e0s performances das grandes divas internacionais. Mas muitas pessoas v\u00e3o al\u00e9m e decidem reproduzir as apresenta\u00e7\u00f5es mais marcantes. E, sem d\u00favida, as Drag Queens fazem isso como ningu\u00e9m. \u00c9 tamb\u00e9m por isso que o <a rel=\"noreferrer noopener\" aria-label=\"Bar \u00c2ncora do Marujo (abre numa nova aba)\" href=\"https:\/\/www.instagram.com\/ancoramarujo\/?hl=pt-br\" target=\"_blank\">Bar \u00c2ncora do Marujo<\/a> se torna um lugar especial que atrai especialmente o p\u00fablico LGBTQI+. <\/p>\n\n\n\n<div class=\"wp-block-image\"><figure class=\"alignleft is-resized\"><img src=\"https:\/\/www.naoobvio.com\/wp-content\/uploads\/2020\/01\/Gif-Drag.gif\" alt=\"\" class=\"wp-image-15997\" width=\"450\"\/><\/figure><\/div>\n\n\n\n<p style=\"background-color:#c6ebd9\" class=\"has-background\">Por conta dos n\u00fameros musicais empolgantes e do esp\u00edrito jovem do p\u00fablico do local, quem vai at\u00e9 l\u00e1 costuma presenciar uma boa performance ao lado de pessoas alegres e divertidas.<\/p>\n\n\n\n<p class=\"has-background has-very-light-gray-background-color\">Poucas pessoas sabem, mas al\u00e9m de j\u00e1 ter tido a honra de receber a visita de Caetano Veloso, o bar \u00c2ncora do Marujo possui at\u00e9 um <a href=\"http:\/\/www.adorocinema.com\/filmes\/filme-241668\/\">document\u00e1rio<\/a>.<\/p>\n\n\n\n<p style=\"background-color:#f2b9b9\" class=\"has-background\">\u260c&nbsp;<strong>Endere\u00e7o:<\/strong>&nbsp;R. Carlos Gomes, 809 &#8211; Dois de Julho <br>\u260c&nbsp;<strong>Telefone:<\/strong>&nbsp;(71) 99277.9799 <br>\u260c&nbsp;<strong>Entrada: <\/strong>R$ 5,00&nbsp; <br>\u260c&nbsp;<strong>Hor\u00e1rio:&nbsp;<\/strong>De ter\u00e7a a domingo das 21h \u00e0s 4h<br>\u260c&nbsp;<strong>Mais informa\u00e7\u00f5es: <\/strong><a rel=\"noreferrer noopener\" aria-label=\" (abre numa nova aba)\" href=\"https:\/\/www.instagram.com\/ancoramarujo\/?hl=pt-br\" target=\"_blank\">Instagram<\/a><\/p>\n\n\n\n<h1>6. <strong>V\u00cdDEOOK S\u00c3O RAFAEL<\/strong> | <em>BARZINHO COM KARAOK\u00ca<\/em><\/h1>\n\n\n\n<hr class=\"wp-block-separator\"\/>\n\n\n\n<ul class=\"wp-block-gallery columns-2 is-cropped\"><li class=\"blocks-gallery-item\"><figure><img loading=\"lazy\" width=\"723\" height=\"828\" src=\"https:\/\/www.naoobvio.com\/wp-content\/uploads\/2020\/01\/VideoOk-1.png\" alt=\"\" data-id=\"16081\" data-link=\"https:\/\/www.naoobvio.com\/?attachment_id=16081\" class=\"wp-image-16081\" srcset=\"https:\/\/www.naoobvio.com\/wp-content\/uploads\/2020\/01\/VideoOk-1.png 723w, https:\/\/www.naoobvio.com\/wp-content\/uploads\/2020\/01\/VideoOk-1-262x300.png 262w\" sizes=\"(max-width: 709px) 85vw, (max-width: 909px) 67vw, (max-width: 984px) 61vw, (max-width: 1362px) 45vw, 600px\" \/><\/figure><\/li><li class=\"blocks-gallery-item\"><figure><img loading=\"lazy\" width=\"1024\" height=\"593\" src=\"https:\/\/www.naoobvio.com\/wp-content\/uploads\/2020\/01\/VideoOk-2-1024x593.png\" alt=\"\" data-id=\"16082\" data-link=\"https:\/\/www.naoobvio.com\/?attachment_id=16082\" class=\"wp-image-16082\" srcset=\"https:\/\/www.naoobvio.com\/wp-content\/uploads\/2020\/01\/VideoOk-2-1024x593.png 1024w, https:\/\/www.naoobvio.com\/wp-content\/uploads\/2020\/01\/VideoOk-2-300x174.png 300w, https:\/\/www.naoobvio.com\/wp-content\/uploads\/2020\/01\/VideoOk-2-768x445.png 768w, https:\/\/www.naoobvio.com\/wp-content\/uploads\/2020\/01\/VideoOk-2-1200x695.png 1200w, https:\/\/www.naoobvio.com\/wp-content\/uploads\/2020\/01\/VideoOk-2.png 1305w\" sizes=\"(max-width: 709px) 85vw, (max-width: 909px) 67vw, (max-width: 1362px) 62vw, 840px\" \/><\/figure><\/li><\/ul>\n\n\n\n<div class=\"wp-block-image\"><figure class=\"alignleft is-resized\"><img src=\"https:\/\/www.naoobvio.com\/wp-content\/uploads\/2020\/01\/Gif-Meme-Karaoke.gif\" alt=\"\" class=\"wp-image-16011\" width=\"450\"\/><\/figure><\/div>\n\n\n\n<p style=\"background-color:#ebc6c6\" class=\"has-background\">J\u00e1 que \u2013 como diz o ditado \u2013 <em>quem canta seus males espanta<\/em>, essa sele\u00e7\u00e3o n\u00e3o poderia apresentar apenas dois karaok\u00eas, sendo que um funciona uma vez por semana. \u00c9 justamente por isso que a quarta indica\u00e7\u00e3o da lista \u00e9 o Bar V\u00eddeoOk S\u00e3o Rafael.<\/p>\n\n\n\n<p class=\"has-background has-very-light-gray-background-color\">Apesar do espa\u00e7o simples, o V\u00eddeoOk S\u00e3o Rafael \u00e9 bem amplo e possui um p\u00fablico fiel. E como o ambiente n\u00e3o possui um clima de competi\u00e7\u00e3o, at\u00e9 as pessoas mais t\u00edmidas criam coragem para cantar e entram no clima da divers\u00e3o.<br><br>A maioria das pessoas que frequentam o V\u00eddeoOk S\u00e3o Rafael  s\u00e3o os moradores da regi\u00e3o e adjac\u00eancias. Ent\u00e3o, o clima do local \u00e9 de um boteco jovem, animado e descontra\u00eddo.<\/p>\n\n\n\n<p style=\"background-color:#f2b9b9\" class=\"has-background\">\u260c&nbsp;<strong>Endere\u00e7o:<\/strong>&nbsp;Tv. Pastor Geraldo Souza, sn &#8211; S\u00e3o Rafael (Condom\u00ednio Moradas do Campo)<br>\u260c&nbsp;<strong>Telefone:<\/strong>&nbsp;(71) 98639.0519 <br>\u260c&nbsp;<strong>Entrada: <\/strong>Gratuita<br>\u260c&nbsp;<strong>Pre\u00e7o por m\u00fasica: <\/strong>R$ 2,50<br>\u260c&nbsp;<strong>Hor\u00e1rio:&nbsp;<\/strong>De ter\u00e7a a domingo das 16h \u00e0s 2h<\/p>\n\n\n\n<h1><em>EXTRA:<\/em> ESPA\u00c7O MUSICAL<\/h1>\n\n\n\n<hr class=\"wp-block-separator\"\/>\n\n\n\n<div class=\"wp-block-image\"><figure class=\"alignleft is-resized\"><img src=\"https:\/\/www.naoobvio.com\/wp-content\/uploads\/2020\/01\/Crian\u00e7as-Musicais-Gif.gif\" alt=\"\" class=\"wp-image-16020\" width=\"600\"\/><\/figure><\/div>\n\n\n\n<p style=\"background-color:#d8ebc6\" class=\"has-background\">Al\u00e9m de ser extremamente rica e ben\u00e9fica para a os adultos, a m\u00fasica tamb\u00e9m tem uma import\u00e2ncia imensur\u00e1vel na inf\u00e2ncia. Inclusive, a inicia\u00e7\u00e3o musical de beb\u00eas e crian\u00e7as \u00e9 capaz de estimular o desenvolvimento social, est\u00e9tico, intelectual, motor, auditivo, sensorial e da fala.<\/p>\n\n\n\n<p class=\"has-background has-very-light-gray-background-color\">Quando o assunto \u00e9 m\u00fasica e crian\u00e7as, o Espa\u00e7o Musical \u00e9 refer\u00eancia em Salvador. Trata-se de uma escola itinerante de musicaliza\u00e7\u00e3o infantil que trabalha com beb\u00eas a partir de 3 meses at\u00e9 crian\u00e7as de 12 anos.<br><br>Por conta da proposta itinerante, as aulas do Espa\u00e7o Musical acontecem em diferentes lugares da cidade \u2013 como por exemplo, a academia Bodytech e a Escola Maple Bear. Mas fica de olho no instagram do projeto que eles sempre anunciam novas informa\u00e7\u00f5es por l\u00e1.<br><br>A prop\u00f3sito, eles tamb\u00e9m possuem um canal no Youtube. Confira um dos v\u00eddeos que j\u00e1 foram postados por l\u00e1:<\/p>\n\n\n\n<figure class=\"wp-block-embed-youtube wp-block-embed is-type-video is-provider-youtube wp-embed-aspect-16-9 wp-has-aspect-ratio\"><div class=\"wp-block-embed__wrapper\">\n<iframe title=\"ESPACO MUSICAL\" width=\"840\" height=\"473\" src=\"https:\/\/www.youtube.com\/embed\/4Oct3ZV-yow?feature=oembed\" frameborder=\"0\" allow=\"accelerometer; autoplay; encrypted-media; gyroscope; picture-in-picture\" allowfullscreen><\/iframe>\n<\/div><\/figure>\n\n\n\n<p style=\"background-color:#f2b9b9\" class=\"has-background\">\u260c&nbsp;<strong>Endere\u00e7o:<\/strong>&nbsp;Itinerante<br>\u260c&nbsp;<strong>Telefone:<\/strong>&nbsp;(71)  99184.0488<br>\u260c&nbsp;<strong>Mais informa\u00e7\u00f5es:<\/strong> <a rel=\"noreferrer noopener\" aria-label=\"Site (abre numa nova aba)\" href=\"http:\/\/www.somosespacomusical.com.br\/\" target=\"_blank\">Site<\/a> | <a rel=\"noreferrer noopener\" aria-label=\"Instagram (abre numa nova aba)\" href=\"https:\/\/www.instagram.com\/espacomusical\/\" target=\"_blank\">Instagram<\/a>&nbsp;<\/p>\n\n\n\n<p class=\"has-background has-drop-cap has-luminous-vivid-amber-background-color\">M<strong><em>AIS! <\/em><\/strong>\u260c O Espa\u00e7o Musical j\u00e1 tinha sido indicado na mat\u00e9ria de Grupos Art\u00edsticos para Crian\u00e7as em Salvador. <strong><a href=\"https:\/\/www.naoobvio.com\/index.php\/2018\/12\/05\/8-grupos-baianos-artisticos-para-a-criancada\/\">Confira a lista completa.<\/a><\/strong><\/p>\n\n\n\n<p class=\"has-background has-luminous-vivid-amber-background-color\"><em>Esta mat\u00e9ria foi produzida em conjunto com Vanessa Brunt, editora-chefe do N\u00c3O \u00d3BVIO.<\/em><\/p>\n","protected":false},"excerpt":{"rendered":"<p>Loja de discos, karaok\u00ea, balada para voltar no tempo, restaurante para comer dan\u00e7ando e muito mais. Conhe\u00e7a cantos da capital baiana para quem quer mais op\u00e7\u00f5es de cantoria, movimento e produtos musicais para todos os gostos.<\/p>\n","protected":false},"author":17,"featured_media":16112,"comment_status":"open","ping_status":"open","sticky":false,"template":"","format":"standard","meta":[],"categories":[421,7,419,6,23,418],"tags":[489,585,403,586,106],"acf":[],"yoast_head":"<!-- This site is optimized with the Yoast SEO plugin v15.9.2 - https:\/\/yoast.com\/wordpress\/plugins\/seo\/ -->\n<title>6 LUGARES N\u00c3O \u00d3BVIOS EM SALVADOR PARA QUEM AMA M\u00daSICA - N\u00e3o \u00d3bvio<\/title>\n<meta name=\"robots\" content=\"index, follow, max-snippet:-1, max-image-preview:large, max-video-preview:-1\" \/>\n<link rel=\"canonical\" href=\"https:\/\/www.naoobvio.com\/index.php\/2020\/01\/10\/6-lugares-nao-obvios-em-salvador-para-quem-ama-musica\/\" \/>\n<meta property=\"og:locale\" content=\"pt_BR\" \/>\n<meta property=\"og:type\" content=\"article\" \/>\n<meta property=\"og:title\" content=\"6 LUGARES N\u00c3O \u00d3BVIOS EM SALVADOR PARA QUEM AMA M\u00daSICA - N\u00e3o \u00d3bvio\" \/>\n<meta property=\"og:url\" content=\"https:\/\/www.naoobvio.com\/index.php\/2020\/01\/10\/6-lugares-nao-obvios-em-salvador-para-quem-ama-musica\/\" \/>\n<meta property=\"og:site_name\" content=\"N\u00e3o \u00d3bvio\" \/>\n<meta property=\"article:publisher\" content=\"http:\/\/facebook.com\/nao.obvio\" \/>\n<meta property=\"article:published_time\" content=\"2020-01-10T21:38:03+00:00\" \/>\n<meta property=\"article:modified_time\" content=\"2020-01-10T21:42:46+00:00\" \/>\n<meta property=\"og:image\" content=\"https:\/\/www.naoobvio.com\/wp-content\/uploads\/2020\/01\/part.jpg\" \/>\n\t<meta property=\"og:image:width\" content=\"1430\" \/>\n\t<meta property=\"og:image:height\" content=\"862\" \/>\n<meta name=\"twitter:card\" content=\"summary_large_image\" \/>\n<meta name=\"twitter:label1\" content=\"Est. reading time\">\n\t<meta name=\"twitter:data1\" content=\"9 minutos\">\n<script type=\"application\/ld+json\" class=\"yoast-schema-graph\">{\"@context\":\"https:\/\/schema.org\",\"@graph\":[{\"@type\":\"WebSite\",\"@id\":\"https:\/\/www.naoobvio.com\/#website\",\"url\":\"https:\/\/www.naoobvio.com\/\",\"name\":\"N\\u00e3o \\u00d3bvio\",\"description\":\"O que falta na sua  lista\",\"potentialAction\":[{\"@type\":\"SearchAction\",\"target\":\"https:\/\/www.naoobvio.com\/?s={search_term_string}\",\"query-input\":\"required name=search_term_string\"}],\"inLanguage\":\"pt-BR\"},{\"@type\":\"ImageObject\",\"@id\":\"https:\/\/www.naoobvio.com\/index.php\/2020\/01\/10\/6-lugares-nao-obvios-em-salvador-para-quem-ama-musica\/#primaryimage\",\"inLanguage\":\"pt-BR\",\"url\":\"https:\/\/www.naoobvio.com\/wp-content\/uploads\/2020\/01\/part.jpg\",\"width\":1430,\"height\":862},{\"@type\":\"WebPage\",\"@id\":\"https:\/\/www.naoobvio.com\/index.php\/2020\/01\/10\/6-lugares-nao-obvios-em-salvador-para-quem-ama-musica\/#webpage\",\"url\":\"https:\/\/www.naoobvio.com\/index.php\/2020\/01\/10\/6-lugares-nao-obvios-em-salvador-para-quem-ama-musica\/\",\"name\":\"6 LUGARES N\\u00c3O \\u00d3BVIOS EM SALVADOR PARA QUEM AMA M\\u00daSICA - N\\u00e3o \\u00d3bvio\",\"isPartOf\":{\"@id\":\"https:\/\/www.naoobvio.com\/#website\"},\"primaryImageOfPage\":{\"@id\":\"https:\/\/www.naoobvio.com\/index.php\/2020\/01\/10\/6-lugares-nao-obvios-em-salvador-para-quem-ama-musica\/#primaryimage\"},\"datePublished\":\"2020-01-10T21:38:03+00:00\",\"dateModified\":\"2020-01-10T21:42:46+00:00\",\"author\":{\"@id\":\"https:\/\/www.naoobvio.com\/#\/schema\/person\/5f4066e6b760f1d0cfef6221324e9995\"},\"breadcrumb\":{\"@id\":\"https:\/\/www.naoobvio.com\/index.php\/2020\/01\/10\/6-lugares-nao-obvios-em-salvador-para-quem-ama-musica\/#breadcrumb\"},\"inLanguage\":\"pt-BR\",\"potentialAction\":[{\"@type\":\"ReadAction\",\"target\":[\"https:\/\/www.naoobvio.com\/index.php\/2020\/01\/10\/6-lugares-nao-obvios-em-salvador-para-quem-ama-musica\/\"]}]},{\"@type\":\"BreadcrumbList\",\"@id\":\"https:\/\/www.naoobvio.com\/index.php\/2020\/01\/10\/6-lugares-nao-obvios-em-salvador-para-quem-ama-musica\/#breadcrumb\",\"itemListElement\":[{\"@type\":\"ListItem\",\"position\":1,\"item\":{\"@type\":\"WebPage\",\"@id\":\"https:\/\/www.naoobvio.com\/\",\"url\":\"https:\/\/www.naoobvio.com\/\",\"name\":\"In\\u00edcio\"}},{\"@type\":\"ListItem\",\"position\":2,\"item\":{\"@type\":\"WebPage\",\"@id\":\"https:\/\/www.naoobvio.com\/index.php\/2020\/01\/10\/6-lugares-nao-obvios-em-salvador-para-quem-ama-musica\/\",\"url\":\"https:\/\/www.naoobvio.com\/index.php\/2020\/01\/10\/6-lugares-nao-obvios-em-salvador-para-quem-ama-musica\/\",\"name\":\"6 LUGARES N\\u00c3O \\u00d3BVIOS EM SALVADOR PARA QUEM AMA M\\u00daSICA\"}}]},{\"@type\":\"Person\",\"@id\":\"https:\/\/www.naoobvio.com\/#\/schema\/person\/5f4066e6b760f1d0cfef6221324e9995\",\"name\":\"Jo\\u00e3o Victor Greco \\u2022 @jaovictorgreco\",\"image\":{\"@type\":\"ImageObject\",\"@id\":\"https:\/\/www.naoobvio.com\/#personlogo\",\"inLanguage\":\"pt-BR\",\"url\":\"https:\/\/secure.gravatar.com\/avatar\/1c46fa14a70b4970f8b419eff2002a4e?s=96&d=mm&r=g\",\"caption\":\"Jo\\u00e3o Victor Greco \\u2022 @jaovictorgreco\"},\"description\":\"\\u201cApenas um rapaz latino-americano\\u201d de 21 anos que est\\u00e1 sempre em contato com alguma arte. Cin\\u00e9filo, leitor, apreciador da rela\\u00e7\\u00e3o da poesia com a informa\\u00e7\\u00e3o, apaixonado por m\\u00fasica e amante da fotografia \\u2013 n\\u00e3o necessariamente nessa ordem. Nas entrelinhas, mais um estudante de Letras e Jornalismo.\"}]}<\/script>\n<!-- \/ Yoast SEO plugin. -->","_links":{"self":[{"href":"https:\/\/www.naoobvio.com\/index.php\/wp-json\/wp\/v2\/posts\/15960"}],"collection":[{"href":"https:\/\/www.naoobvio.com\/index.php\/wp-json\/wp\/v2\/posts"}],"about":[{"href":"https:\/\/www.naoobvio.com\/index.php\/wp-json\/wp\/v2\/types\/post"}],"author":[{"embeddable":true,"href":"https:\/\/www.naoobvio.com\/index.php\/wp-json\/wp\/v2\/users\/17"}],"replies":[{"embeddable":true,"href":"https:\/\/www.naoobvio.com\/index.php\/wp-json\/wp\/v2\/comments?post=15960"}],"version-history":[{"count":110,"href":"https:\/\/www.naoobvio.com\/index.php\/wp-json\/wp\/v2\/posts\/15960\/revisions"}],"predecessor-version":[{"id":16115,"href":"https:\/\/www.naoobvio.com\/index.php\/wp-json\/wp\/v2\/posts\/15960\/revisions\/16115"}],"wp:featuredmedia":[{"embeddable":true,"href":"https:\/\/www.naoobvio.com\/index.php\/wp-json\/wp\/v2\/media\/16112"}],"wp:attachment":[{"href":"https:\/\/www.naoobvio.com\/index.php\/wp-json\/wp\/v2\/media?parent=15960"}],"wp:term":[{"taxonomy":"category","embeddable":true,"href":"https:\/\/www.naoobvio.com\/index.php\/wp-json\/wp\/v2\/categories?post=15960"},{"taxonomy":"post_tag","embeddable":true,"href":"https:\/\/www.naoobvio.com\/index.php\/wp-json\/wp\/v2\/tags?post=15960"}],"curies":[{"name":"wp","href":"https:\/\/api.w.org\/{rel}","templated":true}]}}