{"id":16134,"date":"2020-01-15T16:17:23","date_gmt":"2020-01-15T19:17:23","guid":{"rendered":"https:\/\/www.naoobvio.com\/?p=16134"},"modified":"2020-01-15T16:17:24","modified_gmt":"2020-01-15T19:17:24","slug":"5-filmes-nacionais-fora-do-obvio-e-com-enredos-cheio-de-misterio","status":"publish","type":"post","link":"https:\/\/www.naoobvio.com\/index.php\/2020\/01\/15\/5-filmes-nacionais-fora-do-obvio-e-com-enredos-cheio-de-misterio\/","title":{"rendered":"5 FILMES NACIONAIS FORA DO \u00d3BVIO E COM ENREDOS CHEIO DE MIST\u00c9RIO"},"content":{"rendered":"\n<div class=\"wp-block-image\"><figure class=\"alignleft is-resized\"><img src=\"https:\/\/www.naoobvio.com\/wp-content\/uploads\/2020\/01\/Herm\u00ednia-Gif.gif\" alt=\"\" class=\"wp-image-16138\" width=\"750\"\/><\/figure><\/div>\n\n\n\n<p class=\"has-text-color has-background has-very-light-gray-color has-vivid-red-background-color\">Quando o assunto \u00e9 cinema nacional, n\u00e3o tem para onde correr, s\u00e3o as hist\u00f3rias de humor que geralmente se destacam. O sucesso desse g\u00eanero cinematogr\u00e1fico \u00e9 t\u00e3o expressivo no pa\u00eds que, em 2013, a Globo divulgou que 96% da renda bruta do cinema brasileiro \u00e9 fruto da com\u00e9dia.<\/p>\n\n\n\n<p style=\"background-color:#505e81\" class=\"has-text-color has-background has-very-light-gray-color\">Os filmes de com\u00e9dia fazem tanto sucesso no pa\u00eds que os n\u00fameros superam dados internacionais. De acordo com a Ag\u00eancia Nacional do Cinema (Ancine), no Brasil, s\u00e3o necess\u00e1rios 2,3 lan\u00e7amentos do g\u00eanero, para se ter um lan\u00e7amento de sucesso. Por outro lado, os estrangeiros precisam lan\u00e7ar 5,1 filmes. <\/p>\n\n\n\n<p>Al\u00e9m de contemplar obras lan\u00e7adas entre 2009 e 2017, esse estudo tamb\u00e9m constatou que se o Brasil produzisse mais filmes, o pa\u00eds lucraria 10% a mais com <em>market share<\/em> (quota de participa\u00e7\u00e3o). No entanto, infelizmente, <strong>a escala de produ\u00e7\u00e3o ainda \u00e9 ineficaz, especialmente quando se trata de terror e anima\u00e7\u00e3o<\/strong>.<\/p>\n\n\n\n<ul class=\"wp-block-gallery alignleft columns-1 is-cropped\"><li class=\"blocks-gallery-item\"><figure><img loading=\"lazy\" width=\"800\" height=\"600\" src=\"https:\/\/www.naoobvio.com\/wp-content\/uploads\/2020\/01\/Cine-art.gif\" alt=\"\" data-id=\"16145\" class=\"wp-image-16145\"\/><\/figure><\/li><\/ul>\n\n\n\n<p style=\"background-color:#658ff0\" class=\"has-text-color has-background has-very-light-gray-color\">Apesar do baixo \u00edndice de produ\u00e7\u00e3o (quando comparado com outros pa\u00edses), o Brasil produz muitos filmes de qualidade, os quais costumam ser reconhecidos nas premia\u00e7\u00f5es internacionais. Inclusive, os cineastas brasileiros est\u00e3o sempre produzindo obras com tramas fora do convencional.<\/p>\n\n\n\n<p>Mas quem quer acompanhar esses lan\u00e7amentos precisa ficar ligado nas Salas de Arte pelo Brasil, j\u00e1 que os longas e curtas alternativos nem sempre s\u00e3o exibidos nos cinemas de shopping.<\/p>\n\n\n\n<p>Diante de um rico cat\u00e1logo cinematogr\u00e1fico, o N\u00c3O \u00d3BVIO selecionou<strong> filmes brasileiros nada \u00f3bvios e com enredos que v\u00e3o deixar voc\u00ea com o cora\u00e7\u00e3o na m\u00e3o<\/strong>. Confira a sele\u00e7\u00e3o de suspense e se surpreenda cada vez mais com a multiplicidade do cinema nacional:<\/p>\n\n\n\n<p class=\"has-background has-drop-cap has-very-light-gray-background-color\">\u260c Veja tamb\u00e9m uma lista especial (na nossa coluna do jornal Correio), com <strong>filmes <a href=\"https:\/\/www.correio24horas.com.br\/noticia\/nid\/5-filmes-nacionais-com-finais-surpreendentes\/\">nacionais que trazem finais<\/a> surpreendentes.<\/strong><\/p>\n\n\n\n<h1>1. A SOMBRA DO PAI<\/h1>\n\n\n\n<hr class=\"wp-block-separator\"\/>\n\n\n\n<figure class=\"wp-block-embed-youtube wp-block-embed is-type-video is-provider-youtube wp-embed-aspect-16-9 wp-has-aspect-ratio\"><div class=\"wp-block-embed__wrapper\">\n<iframe title=\"A Sombra do Pai | Trailer Oficial\" width=\"840\" height=\"473\" src=\"https:\/\/www.youtube.com\/embed\/7dgXpOuz0GQ?feature=oembed\" frameborder=\"0\" allow=\"accelerometer; autoplay; encrypted-media; gyroscope; picture-in-picture\" allowfullscreen><\/iframe>\n<\/div><\/figure>\n\n\n\n<div class=\"wp-block-image\"><figure class=\"alignleft is-resized\"><img loading=\"lazy\" src=\"https:\/\/www.naoobvio.com\/wp-content\/uploads\/2020\/01\/Sombra-do-Pai.jpg\" alt=\"\" class=\"wp-image-16191\" width=\"621\" height=\"506\" srcset=\"https:\/\/www.naoobvio.com\/wp-content\/uploads\/2020\/01\/Sombra-do-Pai.jpg 919w, https:\/\/www.naoobvio.com\/wp-content\/uploads\/2020\/01\/Sombra-do-Pai-300x245.jpg 300w, https:\/\/www.naoobvio.com\/wp-content\/uploads\/2020\/01\/Sombra-do-Pai-768x627.jpg 768w\" sizes=\"(max-width: 709px) 85vw, (max-width: 909px) 67vw, (max-width: 984px) 61vw, (max-width: 1362px) 45vw, 600px\" \/><\/figure><\/div>\n\n\n\n<p class=\"has-background has-very-light-gray-background-color\">Dalva \u00e9 uma menina de nove anos que acaba amadurecendo precocemente, especialmente por ser \u00f3rf\u00e3 de m\u00e3e. Mas \u00e9 quando Jorge adoece que a inf\u00e2ncia de Clara se perde definitivamente. Dalva passa a cuidar do pai e precisa ter cada vez mais responsabilidade.<br><br>Ao mesmo, Jorge passa a se sentir afetado por essa situa\u00e7\u00e3o e a garota fica sempre sozinha e abandonada.<br><br>O clima vai ficando ainda mais tenso quando Dalva se mostra uma crian\u00e7a com muitos problemas e comportamentos perturbadores. A prop\u00f3sito, al\u00e9m de guardar restos do corpo da m\u00e3e, ela acredita que \u00e9 poss\u00edvel traz\u00ea-la de volta. Mas apesar da atmosfera surrealista, a trama se desenvolve com um clima bem ver\u00eddico.<br><br>A Sombra do Pai foi elogiado pela cr\u00edtica e rendeu tr\u00eas pr\u00eamios no 51\u00ba Festival de Bras\u00edlia do Cinema Brasileiro: Melhor Atriz Coadjuvante, Melhor Som e Melhor Montagem.<\/p>\n\n\n\n<p style=\"background-color:#ffd9fe\" class=\"has-background\">\u260c&nbsp;<strong>Onde assistir<\/strong>:&nbsp;Dispon\u00edvel para alugar no <a href=\"https:\/\/www.nowonline.com.br\/filme\/as-boas-maneiras\/341863\"><\/a><a href=\"https:\/\/www.nowonline.com.br\/filme\/a-sombra-do-pai\/686274\">Now<\/a> por R$ 14,90 <br>\u260c&nbsp;<strong>G\u00eanero<\/strong>: Terror<br>\u260c&nbsp;<strong>Dura\u00e7\u00e3o<\/strong>: 1h 29min<br>\u260c&nbsp;<strong>Lan\u00e7amento<\/strong>: 2019<br>\u260c&nbsp;<strong>Dire\u00e7\u00e3o<\/strong>: Gabriela Almeida<br>\u260c&nbsp;<strong>Elenco<\/strong>: Nina Medeiros, Julio Machado, Luciana Paes, Eduardo Gomes <\/p>\n\n\n\n<h1>2. O LOBO ATR\u00c1S DA PORTA<\/h1>\n\n\n\n<hr class=\"wp-block-separator\"\/>\n\n\n\n<figure class=\"wp-block-embed-youtube wp-block-embed is-type-video is-provider-youtube wp-embed-aspect-16-9 wp-has-aspect-ratio\"><div class=\"wp-block-embed__wrapper\">\n<iframe title=\"O Lobo Atr\u00e1s da Porta - Trailer Oficial\" width=\"840\" height=\"473\" src=\"https:\/\/www.youtube.com\/embed\/VKTteIdlEDI?feature=oembed\" frameborder=\"0\" allow=\"accelerometer; autoplay; encrypted-media; gyroscope; picture-in-picture\" allowfullscreen><\/iframe>\n<\/div><\/figure>\n\n\n\n<div class=\"wp-block-image\"><figure class=\"alignleft is-resized\"><img loading=\"lazy\" src=\"https:\/\/www.naoobvio.com\/wp-content\/uploads\/2020\/01\/O-Lobo-Atr\u00e1s-da-Porta.jpg\" alt=\"\" class=\"wp-image-16210\" width=\"290\" height=\"290\" srcset=\"https:\/\/www.naoobvio.com\/wp-content\/uploads\/2020\/01\/O-Lobo-Atr\u00e1s-da-Porta.jpg 393w, https:\/\/www.naoobvio.com\/wp-content\/uploads\/2020\/01\/O-Lobo-Atr\u00e1s-da-Porta-150x150.jpg 150w, https:\/\/www.naoobvio.com\/wp-content\/uploads\/2020\/01\/O-Lobo-Atr\u00e1s-da-Porta-300x300.jpg 300w\" sizes=\"(max-width: 290px) 85vw, 290px\" \/><\/figure><\/div>\n\n\n\n<p class=\"has-background has-very-light-gray-background-color\">O Lobo Atr\u00e1s da Porta \u00e9 um daqueles filmes que vale a pena assistir sem nem saber do que se trata. No entanto, como nem todo mundo gosta de se aventurar tanto assim, \u00e9 indispens\u00e1vel apresentar algumas informa\u00e7\u00f5es.<br><br>Nesse filme de Fernando Coimbra, o casal Bernardo e Sylvia vivem em um casamento conturbado. Mas \u00e9 ap\u00f3s o sequestro da filha do casal que o espectador vai entender que a rela\u00e7\u00e3o deles \u00e9 marcada n\u00e3o apenas por trai\u00e7\u00f5es e mentiras, mas tamb\u00e9m por vingan\u00e7as e comportamentos sombrios. <br><br>Entretanto, al\u00e9m do casal, uma outra pessoa vai prestar depoimento durante o processo investigativo. Rosa, a amante de Bernardo, vai depor na delegacia a respeito de um crime que ela mesma cometeu.<br><br>O Lobo Atr\u00e1s da Porta agradou o p\u00fablico e foi o grande vencedor do Grande Pr\u00eamio do Cinema Brasileiro em 2015. O longa levou nada mais, nada menos, do que sete pr\u00eamios nessa ocasi\u00e3o: melhor filme, atriz, atriz coadjuvante, diretor, roteiro, fotografia e montagem. <\/p>\n\n\n\n<p style=\"background-color:#ffd9fe\" class=\"has-background\">\u260c&nbsp;<strong>Onde assistir<\/strong>:&nbsp;Adquira o <a href=\"https:\/\/www.submarino.com.br\/produto\/121170399\/blu-ray-o-lobo-atras-da-porta?WT.srch=1&amp;acc=d47a04c6f99456bc289220d5d0ff208d&amp;epar=bp_pl_00_go_g35156&amp;gclid=Cj0KCQiAjfvwBRCkARIsAIqSWlNzytcICqoE4ig91mR1IsKOiknAfcGFlRXj_YL6tmOKZDAiX-4bE4UaAhE2EALw_wcB&amp;i=561e53416ed24cafb5322074&amp;o=55f7eee96ed24cafb5bb7e00&amp;opn=XMLGOOGLE&amp;sellerId=00776574000660&amp;sellerid=00776574000660&amp;wt.srch=1\">Blu-ray<\/a><br>\u260c&nbsp;<strong>G\u00eanero<\/strong>: Drama + Suspense<br>\u260c&nbsp;<strong>Dura\u00e7\u00e3o<\/strong>: 1h 41min<br>\u260c&nbsp;<strong>Lan\u00e7amento<\/strong>: 2013<br>\u260c&nbsp;<strong>Dire\u00e7\u00e3o<\/strong>: Fernando Coimbra<br>\u260c&nbsp;<strong>Elenco<\/strong>: Leandra Leal, Milhem Cortaz, Fabiula Nascimento,  Thalita Carauta, Isabelle Ribas<\/p>\n\n\n\n<h1>3. O SOM AO REDOR<\/h1>\n\n\n\n<hr class=\"wp-block-separator\"\/>\n\n\n\n<figure class=\"wp-block-embed-youtube wp-block-embed is-type-video is-provider-youtube wp-embed-aspect-16-9 wp-has-aspect-ratio\"><div class=\"wp-block-embed__wrapper\">\n<iframe title=\"O Som ao Redor (Trailer Oficial)\" width=\"840\" height=\"473\" src=\"https:\/\/www.youtube.com\/embed\/rj0eeHW7lXU?feature=oembed\" frameborder=\"0\" allow=\"accelerometer; autoplay; encrypted-media; gyroscope; picture-in-picture\" allowfullscreen><\/iframe>\n<\/div><\/figure>\n\n\n\n<div class=\"wp-block-image\"><figure class=\"alignleft is-resized\"><img src=\"https:\/\/www.naoobvio.com\/wp-content\/uploads\/2020\/01\/O-Som-GIf.gif\" alt=\"\" class=\"wp-image-16172\" width=\"450\"\/><\/figure><\/div>\n\n\n\n<p class=\"has-background has-very-light-gray-background-color\">Em meio as ruas do bairro de Boa Viagem, bairro de classe m\u00e9dia em Recife, um grupo \u00e9 contratado para fazer a seguran\u00e7a dos moradores.<br><br>Enquanto alguns ficam satisfeitos e tranquilos com a presen\u00e7a da seguran\u00e7a privada, outros passam a viver tensos e amedrontados. Nesse contexto, Bia \u2013 uma mulher casada e m\u00e3e de duas crian\u00e7as \u2013 se esfor\u00e7a para conviver com o barulho provocado pelo cachorro do vizinho.<br><br>Em um ambiente em que a conviv\u00eancia \u00e9 extremamente problem\u00e1tica, v\u00e1rios sons perturbam n\u00e3o s\u00f3 os moradores do local, mas os espectadores do longa. Tudo isso resulta em uma obra marcada pelo suspense e com uma \u00e1urea fantasmag\u00f3rica.<br><br>O Som ao Redor foi dirigido por Kleber Mendon\u00e7a Filho \u2013 o mesmo diretor de <a href=\"https:\/\/www.youtube.com\/watch?v=1DPdE1MBcQc\">Bacurau<\/a> \u2013 e <strong>acabou sendo escolhido para representar o Brasil na corrida pelo Oscar de 2014<\/strong>. Apesar de ter ficado fora da pr\u00e9-sele\u00e7\u00e3o, o longa foi premiado no Festival do Rio, no International Film Festival Rotterdam, na 36\u00aa Mostra Internacional de Cinema de S\u00e3o Paulo e em v\u00e1rias outras ocasi\u00f5es.<\/p>\n\n\n\n<p style=\"background-color:#ffd9fe\" class=\"has-background\">\u260c&nbsp;<strong>Onde assistir<\/strong>:&nbsp;<a href=\"https:\/\/www.netflix.com\/title\/70245247\">Netflix<\/a><br>\u260c&nbsp;<strong>G\u00eanero<\/strong>: Drama<br>\u260c&nbsp;<strong>Dura\u00e7\u00e3o<\/strong>: 2h 11min<br>\u260c&nbsp;<strong>Lan\u00e7amento<\/strong>: 2012<br>\u260c&nbsp;<strong>Dire\u00e7\u00e3o<\/strong>: Kleber Mendon\u00e7a Filho <br>\u260c&nbsp;<strong>Elenco<\/strong>: Irandhir Santos, Maeve Jinkings, Irma Brown, Gustavo Jahn<\/p>\n\n\n\n<h1>4. AS BOAS MANEIRAS<\/h1>\n\n\n\n<hr class=\"wp-block-separator\"\/>\n\n\n\n<figure class=\"wp-block-embed-youtube wp-block-embed is-type-video is-provider-youtube wp-embed-aspect-16-9 wp-has-aspect-ratio\"><div class=\"wp-block-embed__wrapper\">\n<iframe title=\"As Boas Maneiras  | Trailer Oficial\" width=\"840\" height=\"473\" src=\"https:\/\/www.youtube.com\/embed\/FXE-YqM-ROo?feature=oembed\" frameborder=\"0\" allow=\"accelerometer; autoplay; encrypted-media; gyroscope; picture-in-picture\" allowfullscreen><\/iframe>\n<\/div><\/figure>\n\n\n\n<div class=\"wp-block-image\"><figure class=\"alignleft is-resized\"><img src=\"https:\/\/www.naoobvio.com\/wp-content\/uploads\/2020\/01\/Boas-Gif.gif\" alt=\"\" class=\"wp-image-16174\" width=\"380\"\/><\/figure><\/div>\n\n\n\n<p class=\"has-background has-very-light-gray-background-color\">Em As Boas Maneiras, Ana \u00e9 uma mulher de classe m\u00e9dia alta que contrata Clara, uma mulher perif\u00e9rica, para ser bab\u00e1 do seu futuro filho. Com o passar do tempo, a rela\u00e7\u00e3o de Ana com a enfermeira Clara vai ficando cada vez mais pr\u00f3xima e extremamente problem\u00e1tica.<br><br>Ao mesmo temo, a gravidez vai avan\u00e7ando e Ana passa a adquirir h\u00e1bitos sinistros que deixam Clara desconfiada. <br><br>Esse longa possui tantas surpresas e reviravoltas que \u00e9 dif\u00edcil falar muito sem entregar nenhum spoiler. Mas, independente de qualquer coisa, o espectador pode ter uma certeza: os mist\u00e9rios por tr\u00e1s dessa gravidez vai transformar, completamente, as vidas de Ana e Clara.<br><br>As Boas Maneiras recebeu Pr\u00eamio de Cr\u00edtica e de J\u00fari no Gerardmer Fantasy Film Festival \u2013 um festival internacional de filmes de terror e fic\u00e7\u00e3o cient\u00edfica que acontece anualmente, na Fran\u00e7a, desde 1994. O longa tamb\u00e9m foi premiado no Festival do Rio, no Festival SESC Melhores Filmes e em outros festivais internacionais. <\/p>\n\n\n\n<p style=\"background-color:#ffd9fe\" class=\"has-background\">\u260c&nbsp;<strong>Onde assistir<\/strong>:&nbsp;Dispon\u00edvel no <a href=\"https:\/\/www.telecineplay.com.br\/filme\/As_Boas_Maneiras_11596\">Telecine Play<\/a> e para alugar no <a href=\"https:\/\/www.nowonline.com.br\/filme\/as-boas-maneiras\/341863\">Now<\/a> por R$ 6,90<br>\u260c&nbsp;<strong>G\u00eanero<\/strong>: Suspense<br>\u260c&nbsp;<strong>Dura\u00e7\u00e3o<\/strong>: 2h 16min<br>\u260c&nbsp;<strong>Lan\u00e7amento<\/strong>: 2018<br>\u260c&nbsp;<strong>Dire\u00e7\u00e3o<\/strong>: Juliana Rojas, Marco Dutra <br>\u260c&nbsp;<strong>Elenco<\/strong>: Isab\u00e9l Zuaa, Cida Moreira, Marjorie Estiano, Miguel Lobo <\/p>\n\n\n\n<h1>5. MORMA\u00c7O<\/h1>\n\n\n\n<hr class=\"wp-block-separator\"\/>\n\n\n\n<figure class=\"wp-block-embed-youtube wp-block-embed is-type-video is-provider-youtube wp-embed-aspect-16-9 wp-has-aspect-ratio\"><div class=\"wp-block-embed__wrapper\">\n<iframe title=\"Morma\u00e7o | Trailer Oficial\" width=\"840\" height=\"473\" src=\"https:\/\/www.youtube.com\/embed\/Tk0Xr8AMhSM?feature=oembed\" frameborder=\"0\" allow=\"accelerometer; autoplay; encrypted-media; gyroscope; picture-in-picture\" allowfullscreen><\/iframe>\n<\/div><\/figure>\n\n\n\n<div class=\"wp-block-image\"><figure class=\"alignleft is-resized\"><img loading=\"lazy\" src=\"https:\/\/www.naoobvio.com\/wp-content\/uploads\/2020\/01\/Filme-Morma\u00e7o.jpg\" alt=\"\" class=\"wp-image-16226\" width=\"615\" height=\"524\" srcset=\"https:\/\/www.naoobvio.com\/wp-content\/uploads\/2020\/01\/Filme-Morma\u00e7o.jpg 506w, https:\/\/www.naoobvio.com\/wp-content\/uploads\/2020\/01\/Filme-Morma\u00e7o-300x256.jpg 300w\" sizes=\"(max-width: 709px) 85vw, (max-width: 909px) 67vw, (max-width: 984px) 61vw, (max-width: 1362px) 45vw, 600px\" \/><\/figure><\/div>\n\n\n\n<p class=\"has-background has-very-light-gray-background-color\">Por conta das obras para as Olimp\u00edadas de 2016, Ana atua como defensora p\u00fablica para remover a Vila Aut\u00f3dromo do mapa do Rio de Janeiro.<br><br>Entretanto, n\u00e3o s\u00e3o apenas os pobres moradores dessa comunidade da zona oeste que correm o risco de ficar sem um lar, j\u00e1 que Ana pode perder a casa por conta da especula\u00e7\u00e3o imobili\u00e1ria. Essa hist\u00f3ria se torna ainda mais intrigante quando marcas misteriosas come\u00e7am a surgir no corpo da advogada.<br><br>Repleto de simbologias, Morma\u00e7o se destaca por unir imagens reais \u00e0 elementos sobrenaturais. Essa mistura \u00e9 assertiva e ajuda a provocar reflex\u00f5es a respeito de uma situa\u00e7\u00e3o que realmente aconteceu no Rio de Janeiro durante a prepara\u00e7\u00e3o para os Jogos Ol\u00edmpicos. <br><br>A dire\u00e7\u00e3o de arte de Dina Salem Levy foi elogiada pela cr\u00edtica e a constru\u00e7\u00e3o metaf\u00f3rica da flagela\u00e7\u00e3o (na cidade e no corpo de Ana) \u00e9 muito enriquecedora. <\/p>\n\n\n\n<p style=\"background-color:#ffd9fe\" class=\"has-background\">\u260c&nbsp;<strong>Onde assistir<\/strong>: Dispon\u00edvel no <a href=\"https:\/\/www.telecineplay.com.br\/filme\/Morma%C3%A7o_16887\">Telecine Play<\/a> e para alugar no <a href=\"https:\/\/play.google.com\/store\/movies\/details?id=FoT_t7BgBOs.P\">Google Play<\/a> por R$ 6,90<br>\u260c&nbsp;<strong>G\u00eanero<\/strong>: Drama + Fantasia<br>\u260c&nbsp;<strong>Dura\u00e7\u00e3o<\/strong>: 1h 37min<br>\u260c&nbsp;<strong>Lan\u00e7amento<\/strong>: 2019<br>\u260c&nbsp;<strong>Dire\u00e7\u00e3o<\/strong>: Marina Meliande<br>\u260c&nbsp;<strong>Elenco<\/strong>: Marina Provenzzzano, Pedro Gracindo, Anal\u00fa Prestes, Sandra Maria Teixeira<\/p>\n","protected":false},"excerpt":{"rendered":"<p>Fic\u00e7\u00e3o cient\u00edfica, assassinatos e at\u00e9 mitologia se misturam em uma sele\u00e7\u00e3o de longas nacionais com muito suspense e uma pitada de terror. S\u00e3o filmes para quem quer conhecer um outro lado do cinema brasileiro e refletir enquanto o cora\u00e7\u00e3o fica na m\u00e3o.<\/p>\n","protected":false},"author":17,"featured_media":16241,"comment_status":"open","ping_status":"open","sticky":false,"template":"","format":"standard","meta":[],"categories":[14,16],"tags":[],"acf":[],"yoast_head":"<!-- This site is optimized with the Yoast SEO plugin v15.9.2 - https:\/\/yoast.com\/wordpress\/plugins\/seo\/ -->\n<title>5 FILMES NACIONAIS FORA DO \u00d3BVIO E COM ENREDOS CHEIO DE MIST\u00c9RIO - N\u00e3o \u00d3bvio<\/title>\n<meta name=\"robots\" content=\"index, follow, max-snippet:-1, max-image-preview:large, max-video-preview:-1\" \/>\n<link rel=\"canonical\" href=\"https:\/\/www.naoobvio.com\/index.php\/2020\/01\/15\/5-filmes-nacionais-fora-do-obvio-e-com-enredos-cheio-de-misterio\/\" \/>\n<meta property=\"og:locale\" content=\"pt_BR\" \/>\n<meta property=\"og:type\" content=\"article\" \/>\n<meta property=\"og:title\" content=\"5 FILMES NACIONAIS FORA DO \u00d3BVIO E COM ENREDOS CHEIO DE MIST\u00c9RIO - N\u00e3o \u00d3bvio\" \/>\n<meta property=\"og:url\" content=\"https:\/\/www.naoobvio.com\/index.php\/2020\/01\/15\/5-filmes-nacionais-fora-do-obvio-e-com-enredos-cheio-de-misterio\/\" \/>\n<meta property=\"og:site_name\" content=\"N\u00e3o \u00d3bvio\" \/>\n<meta property=\"article:publisher\" content=\"http:\/\/facebook.com\/nao.obvio\" \/>\n<meta property=\"article:published_time\" content=\"2020-01-15T19:17:23+00:00\" \/>\n<meta property=\"article:modified_time\" content=\"2020-01-15T19:17:24+00:00\" \/>\n<meta property=\"og:image\" content=\"https:\/\/www.naoobvio.com\/wp-content\/uploads\/2020\/01\/331076-TV-mockup-3.jpg\" \/>\n\t<meta property=\"og:image:width\" content=\"3030\" \/>\n\t<meta property=\"og:image:height\" content=\"2171\" \/>\n<meta name=\"twitter:card\" content=\"summary_large_image\" \/>\n<meta name=\"twitter:label1\" content=\"Est. reading time\">\n\t<meta name=\"twitter:data1\" content=\"7 minutos\">\n<script type=\"application\/ld+json\" class=\"yoast-schema-graph\">{\"@context\":\"https:\/\/schema.org\",\"@graph\":[{\"@type\":\"WebSite\",\"@id\":\"https:\/\/www.naoobvio.com\/#website\",\"url\":\"https:\/\/www.naoobvio.com\/\",\"name\":\"N\\u00e3o \\u00d3bvio\",\"description\":\"O que falta na sua  lista\",\"potentialAction\":[{\"@type\":\"SearchAction\",\"target\":\"https:\/\/www.naoobvio.com\/?s={search_term_string}\",\"query-input\":\"required name=search_term_string\"}],\"inLanguage\":\"pt-BR\"},{\"@type\":\"ImageObject\",\"@id\":\"https:\/\/www.naoobvio.com\/index.php\/2020\/01\/15\/5-filmes-nacionais-fora-do-obvio-e-com-enredos-cheio-de-misterio\/#primaryimage\",\"inLanguage\":\"pt-BR\",\"url\":\"https:\/\/www.naoobvio.com\/wp-content\/uploads\/2020\/01\/331076-TV-mockup-3.jpg\",\"width\":3030,\"height\":2171},{\"@type\":\"WebPage\",\"@id\":\"https:\/\/www.naoobvio.com\/index.php\/2020\/01\/15\/5-filmes-nacionais-fora-do-obvio-e-com-enredos-cheio-de-misterio\/#webpage\",\"url\":\"https:\/\/www.naoobvio.com\/index.php\/2020\/01\/15\/5-filmes-nacionais-fora-do-obvio-e-com-enredos-cheio-de-misterio\/\",\"name\":\"5 FILMES NACIONAIS FORA DO \\u00d3BVIO E COM ENREDOS CHEIO DE MIST\\u00c9RIO - N\\u00e3o \\u00d3bvio\",\"isPartOf\":{\"@id\":\"https:\/\/www.naoobvio.com\/#website\"},\"primaryImageOfPage\":{\"@id\":\"https:\/\/www.naoobvio.com\/index.php\/2020\/01\/15\/5-filmes-nacionais-fora-do-obvio-e-com-enredos-cheio-de-misterio\/#primaryimage\"},\"datePublished\":\"2020-01-15T19:17:23+00:00\",\"dateModified\":\"2020-01-15T19:17:24+00:00\",\"author\":{\"@id\":\"https:\/\/www.naoobvio.com\/#\/schema\/person\/5f4066e6b760f1d0cfef6221324e9995\"},\"breadcrumb\":{\"@id\":\"https:\/\/www.naoobvio.com\/index.php\/2020\/01\/15\/5-filmes-nacionais-fora-do-obvio-e-com-enredos-cheio-de-misterio\/#breadcrumb\"},\"inLanguage\":\"pt-BR\",\"potentialAction\":[{\"@type\":\"ReadAction\",\"target\":[\"https:\/\/www.naoobvio.com\/index.php\/2020\/01\/15\/5-filmes-nacionais-fora-do-obvio-e-com-enredos-cheio-de-misterio\/\"]}]},{\"@type\":\"BreadcrumbList\",\"@id\":\"https:\/\/www.naoobvio.com\/index.php\/2020\/01\/15\/5-filmes-nacionais-fora-do-obvio-e-com-enredos-cheio-de-misterio\/#breadcrumb\",\"itemListElement\":[{\"@type\":\"ListItem\",\"position\":1,\"item\":{\"@type\":\"WebPage\",\"@id\":\"https:\/\/www.naoobvio.com\/\",\"url\":\"https:\/\/www.naoobvio.com\/\",\"name\":\"In\\u00edcio\"}},{\"@type\":\"ListItem\",\"position\":2,\"item\":{\"@type\":\"WebPage\",\"@id\":\"https:\/\/www.naoobvio.com\/index.php\/2020\/01\/15\/5-filmes-nacionais-fora-do-obvio-e-com-enredos-cheio-de-misterio\/\",\"url\":\"https:\/\/www.naoobvio.com\/index.php\/2020\/01\/15\/5-filmes-nacionais-fora-do-obvio-e-com-enredos-cheio-de-misterio\/\",\"name\":\"5 FILMES NACIONAIS FORA DO \\u00d3BVIO E COM ENREDOS CHEIO DE MIST\\u00c9RIO\"}}]},{\"@type\":\"Person\",\"@id\":\"https:\/\/www.naoobvio.com\/#\/schema\/person\/5f4066e6b760f1d0cfef6221324e9995\",\"name\":\"Jo\\u00e3o Victor Greco \\u2022 @jaovictorgreco\",\"image\":{\"@type\":\"ImageObject\",\"@id\":\"https:\/\/www.naoobvio.com\/#personlogo\",\"inLanguage\":\"pt-BR\",\"url\":\"https:\/\/secure.gravatar.com\/avatar\/1c46fa14a70b4970f8b419eff2002a4e?s=96&d=mm&r=g\",\"caption\":\"Jo\\u00e3o Victor Greco \\u2022 @jaovictorgreco\"},\"description\":\"\\u201cApenas um rapaz latino-americano\\u201d de 21 anos que est\\u00e1 sempre em contato com alguma arte. Cin\\u00e9filo, leitor, apreciador da rela\\u00e7\\u00e3o da poesia com a informa\\u00e7\\u00e3o, apaixonado por m\\u00fasica e amante da fotografia \\u2013 n\\u00e3o necessariamente nessa ordem. Nas entrelinhas, mais um estudante de Letras e Jornalismo.\"}]}<\/script>\n<!-- \/ Yoast SEO plugin. -->","_links":{"self":[{"href":"https:\/\/www.naoobvio.com\/index.php\/wp-json\/wp\/v2\/posts\/16134"}],"collection":[{"href":"https:\/\/www.naoobvio.com\/index.php\/wp-json\/wp\/v2\/posts"}],"about":[{"href":"https:\/\/www.naoobvio.com\/index.php\/wp-json\/wp\/v2\/types\/post"}],"author":[{"embeddable":true,"href":"https:\/\/www.naoobvio.com\/index.php\/wp-json\/wp\/v2\/users\/17"}],"replies":[{"embeddable":true,"href":"https:\/\/www.naoobvio.com\/index.php\/wp-json\/wp\/v2\/comments?post=16134"}],"version-history":[{"count":83,"href":"https:\/\/www.naoobvio.com\/index.php\/wp-json\/wp\/v2\/posts\/16134\/revisions"}],"predecessor-version":[{"id":16242,"href":"https:\/\/www.naoobvio.com\/index.php\/wp-json\/wp\/v2\/posts\/16134\/revisions\/16242"}],"wp:featuredmedia":[{"embeddable":true,"href":"https:\/\/www.naoobvio.com\/index.php\/wp-json\/wp\/v2\/media\/16241"}],"wp:attachment":[{"href":"https:\/\/www.naoobvio.com\/index.php\/wp-json\/wp\/v2\/media?parent=16134"}],"wp:term":[{"taxonomy":"category","embeddable":true,"href":"https:\/\/www.naoobvio.com\/index.php\/wp-json\/wp\/v2\/categories?post=16134"},{"taxonomy":"post_tag","embeddable":true,"href":"https:\/\/www.naoobvio.com\/index.php\/wp-json\/wp\/v2\/tags?post=16134"}],"curies":[{"name":"wp","href":"https:\/\/api.w.org\/{rel}","templated":true}]}}