{"id":16622,"date":"2020-01-27T15:40:38","date_gmt":"2020-01-27T18:40:38","guid":{"rendered":"https:\/\/www.naoobvio.com\/?p=16622"},"modified":"2020-01-27T15:59:44","modified_gmt":"2020-01-27T18:59:44","slug":"5-podcasts-sobre-assuntos-que-voce-nem-imagina","status":"publish","type":"post","link":"https:\/\/www.naoobvio.com\/index.php\/2020\/01\/27\/5-podcasts-sobre-assuntos-que-voce-nem-imagina\/","title":{"rendered":"5 PODCASTS SOBRE ASSUNTOS QUE VOC\u00ca NEM IMAGINA"},"content":{"rendered":"\n<p>Com a populariza\u00e7\u00e3o dos podcasts no Brasil e no mundo, diversos programas come\u00e7aram a surgir no pa\u00eds para contemplar variados nichos. De acordo com pesquisa realizada pela plataforma Deezer, s\u00f3 em 2019 houve um crescimento de 67% desse tipo de programa de \u00e1udio.<br><br>O N\u00c3O \u00d3BVIO, inclusive, j\u00e1 tinha feito uma lista de <a href=\"https:\/\/www.naoobvio.com\/index.php\/2019\/04\/11\/6-podcasts-brasileiros-para-refletir-de-forma-ludica\/\">podcasts brasileiros<\/a> com diversas tem\u00e1ticas reflexivas para acompanhar.<\/p>\n\n\n\n<div class=\"wp-block-image\"><figure class=\"aligncenter\"><img loading=\"lazy\" width=\"480\" height=\"270\" src=\"https:\/\/www.naoobvio.com\/wp-content\/uploads\/2020\/01\/ama.gif\" alt=\"\" class=\"wp-image-16691\"\/><\/figure><\/div>\n\n\n\n<p class=\"has-text-color has-background has-very-light-gray-color has-very-dark-gray-background-color\">Mas existem temas nada \u00f3bvios ganhando aprofundamentos tamb\u00e9m pelas vozes nacionais. Crimes, sexo, separa\u00e7\u00e3o, novas formas de entender literatura e diversos outros t\u00f3picos podem ser encontrados de maneiras criativas e bem aprofundadas em programas feitos por profissionais. <br><br>Foi para trazer esses conte\u00fados que surpreendem e n\u00e3o deixam a desejar que o N\u00c3O \u00d3BVIO mergulhou mais uma vez no mundo dos \u00e1udios e selecionou cinco programas sobre temas diferent\u00f5es, que voc\u00ea provavelmente n\u00e3o pensou em procurar ou achar em meio aos podcasts. <em>Confira:<\/em><\/p>\n\n\n\n<h1>1. <a href=\"https:\/\/open.spotify.com\/show\/1k2AsiW1iHQBnqOVcmmWDW?si=DbluYoi6QyS20_za-ywLLw\">MODUS OPERANDI<\/a><\/h1>\n\n\n\n<hr class=\"wp-block-separator\"\/>\n\n\n\n<ul class=\"wp-block-gallery columns-2 is-cropped\"><li class=\"blocks-gallery-item\"><figure><img loading=\"lazy\" width=\"1024\" height=\"1024\" src=\"https:\/\/www.naoobvio.com\/wp-content\/uploads\/2020\/01\/modus-1-1024x1024.jpg\" alt=\"\" data-id=\"16659\" data-link=\"https:\/\/www.naoobvio.com\/?attachment_id=16659\" class=\"wp-image-16659\" srcset=\"https:\/\/www.naoobvio.com\/wp-content\/uploads\/2020\/01\/modus-1-1024x1024.jpg 1024w, https:\/\/www.naoobvio.com\/wp-content\/uploads\/2020\/01\/modus-1-150x150.jpg 150w, https:\/\/www.naoobvio.com\/wp-content\/uploads\/2020\/01\/modus-1-300x300.jpg 300w, https:\/\/www.naoobvio.com\/wp-content\/uploads\/2020\/01\/modus-1-768x768.jpg 768w, https:\/\/www.naoobvio.com\/wp-content\/uploads\/2020\/01\/modus-1-1200x1200.jpg 1200w, https:\/\/www.naoobvio.com\/wp-content\/uploads\/2020\/01\/modus-1-1320x1320.jpg 1320w, https:\/\/www.naoobvio.com\/wp-content\/uploads\/2020\/01\/modus-1.jpg 1400w\" sizes=\"(max-width: 709px) 85vw, (max-width: 909px) 67vw, (max-width: 1362px) 62vw, 840px\" \/><\/figure><\/li><li class=\"blocks-gallery-item\"><figure><img loading=\"lazy\" width=\"1000\" height=\"1024\" src=\"https:\/\/www.naoobvio.com\/wp-content\/uploads\/2020\/01\/more-1000x1024.jpeg\" alt=\"\" data-id=\"16685\" data-link=\"https:\/\/www.naoobvio.com\/?attachment_id=16685\" class=\"wp-image-16685\" srcset=\"https:\/\/www.naoobvio.com\/wp-content\/uploads\/2020\/01\/more-1000x1024.jpeg 1000w, https:\/\/www.naoobvio.com\/wp-content\/uploads\/2020\/01\/more-293x300.jpeg 293w, https:\/\/www.naoobvio.com\/wp-content\/uploads\/2020\/01\/more-768x787.jpeg 768w, https:\/\/www.naoobvio.com\/wp-content\/uploads\/2020\/01\/more-1200x1229.jpeg 1200w, https:\/\/www.naoobvio.com\/wp-content\/uploads\/2020\/01\/more-1320x1352.jpeg 1320w\" sizes=\"(max-width: 709px) 85vw, (max-width: 909px) 67vw, (max-width: 1362px) 62vw, 840px\" \/><figcaption>Carol Moreira<\/figcaption><\/figure><\/li><li class=\"blocks-gallery-item\"><figure><img loading=\"lazy\" width=\"1024\" height=\"1024\" src=\"https:\/\/www.naoobvio.com\/wp-content\/uploads\/2020\/01\/belro-1024x1024.jpg\" alt=\"\" data-id=\"16657\" data-link=\"https:\/\/www.naoobvio.com\/?attachment_id=16657\" class=\"wp-image-16657\" srcset=\"https:\/\/www.naoobvio.com\/wp-content\/uploads\/2020\/01\/belro-1024x1024.jpg 1024w, https:\/\/www.naoobvio.com\/wp-content\/uploads\/2020\/01\/belro-150x150.jpg 150w, https:\/\/www.naoobvio.com\/wp-content\/uploads\/2020\/01\/belro-300x300.jpg 300w, https:\/\/www.naoobvio.com\/wp-content\/uploads\/2020\/01\/belro-768x768.jpg 768w, https:\/\/www.naoobvio.com\/wp-content\/uploads\/2020\/01\/belro.jpg 1199w\" sizes=\"(max-width: 709px) 85vw, (max-width: 909px) 67vw, (max-width: 1362px) 62vw, 840px\" \/><figcaption>Bel Rodrigues<\/figcaption><\/figure><\/li><li class=\"blocks-gallery-item\"><figure><img loading=\"lazy\" width=\"819\" height=\"1024\" src=\"https:\/\/www.naoobvio.com\/wp-content\/uploads\/2020\/01\/mab-819x1024.jpg\" alt=\"\" data-id=\"16684\" data-link=\"https:\/\/www.naoobvio.com\/?attachment_id=16684\" class=\"wp-image-16684\" srcset=\"https:\/\/www.naoobvio.com\/wp-content\/uploads\/2020\/01\/mab-819x1024.jpg 819w, https:\/\/www.naoobvio.com\/wp-content\/uploads\/2020\/01\/mab-240x300.jpg 240w, https:\/\/www.naoobvio.com\/wp-content\/uploads\/2020\/01\/mab-768x960.jpg 768w, https:\/\/www.naoobvio.com\/wp-content\/uploads\/2020\/01\/mab.jpg 1080w\" sizes=\"(max-width: 709px) 85vw, (max-width: 909px) 67vw, (max-width: 984px) 61vw, (max-width: 1362px) 45vw, 600px\" \/><figcaption>Mab\u00ea<\/figcaption><\/figure><\/li><\/ul>\n\n\n\n<p class=\"has-background has-very-light-gray-background-color\">Em Modus Operandi, Carol Moreira (<a href=\"https:\/\/www.youtube.com\/channel\/UC2oZNzo6o37qejkFQE2dIAA\">youtuber<\/a> e formada em Cinema), Bel Rodrigues (<a href=\"https:\/\/www.youtube.com\/channel\/UCb1prWGgxoiUDlHr6ymRQOw\">youtuber<\/a> e formada em Criminologia) e Mab\u00ea se unem para contar, em detalhes, as hist\u00f3rias de vida e crimes de serial killers que chocaram o mundo.&nbsp;<br><br>Uma curiosidade bacana \u00e9 que o nome do programa \u00e9 derivado do latim e significa \u201c<em>modo de opera\u00e7\u00e3o<\/em>\u201d. Ou seja, h\u00e1 um aprofundamento em como o criminoso orquestrava suas a\u00e7\u00f5es para realizar o <em>crime perfeito.<\/em><br><br>O podcast estreou em 2019 e a primeira temporada ter\u00e1 cinco epis\u00f3dios. At\u00e9 ent\u00e3o, Modus Operandi falou sobre Ted Bundy, Andrew Cunanan, Charles Manson e Michael Peterson. Cada um dos epis\u00f3dios t\u00eam em m\u00e9dia uma hora.&nbsp;<br><br>Uma curiosidade \u00e9 que diversos desses assassinos j\u00e1 tiveram suas vidas abordadas em livros, filmes, s\u00e9ries, document\u00e1rios e outros formatos. As tr\u00eas apresentadoras conseguem ir al\u00e9m dessas artes sem que deixem de cit\u00e1-las.<br><br>Carol, Mab\u00ea e Bel s\u00e3o extremamente minuciosas ao contar a trajet\u00f3ria de vida dos assassinos, evidenciando tra\u00e7os da personalidade de cada um e tend\u00eancias que foram aderidas pelos assassinos.&nbsp;<br><br>Modus Operandi tem como lema fugir do sensacionalismo, por isso as apresentadoras garimpam a fundo a trajet\u00f3ria de vida dos personagens, tendo cuidado na sele\u00e7\u00e3o e apresenta\u00e7\u00e3o dos fatos.<\/p>\n\n\n\n<figure class=\"wp-block-embed-spotify wp-block-embed is-type-rich is-provider-spotify wp-embed-aspect-21-9 wp-has-aspect-ratio\"><div class=\"wp-block-embed__wrapper\">\n<iframe title=\"Spotify Embed: #03 - Charles Manson: Seita Assassina e Crimes Brutais\" width=\"100%\" height=\"232\" allowtransparency=\"true\" frameborder=\"0\" allow=\"encrypted-media\" src=\"https:\/\/open.spotify.com\/embed-podcast\/episode\/5235FGch1rmLrZOiFj0wJi?si=OHYQDwu_TWa5dG5sKLbyOg\"><\/iframe>\n<\/div><\/figure>\n\n\n\n<p class=\"has-background has-pale-pink-background-color\">\u260c A primeira temporada do podcast est\u00e1 dispon\u00edvel no <a href=\"https:\/\/open.spotify.com\/show\/1k2AsiW1iHQBnqOVcmmWDW?si=DbluYoi6QyS20_za-ywLLw\">Spotify<\/a>, no <a href=\"https:\/\/modusoperandi.podbean.com\/\">site oficial<\/a> e na <a href=\"https:\/\/podcasts.apple.com\/br\/podcast\/modus-operandi\/id1492958937\">Apple Podcast<\/a>.<\/p>\n\n\n\n<h1>2. <a href=\"https:\/\/open.spotify.com\/show\/45O7nv11pceFaYRIq0nnHy?si=TdebE-9bT_u07KhLn88mUw\">COMO COME\u00c7AR<\/a><\/h1>\n\n\n\n<hr class=\"wp-block-separator\"\/>\n\n\n\n<ul class=\"wp-block-gallery columns-2 is-cropped\"><li class=\"blocks-gallery-item\"><figure><img loading=\"lazy\" width=\"225\" height=\"225\" src=\"https:\/\/www.naoobvio.com\/wp-content\/uploads\/2020\/01\/comocom.png\" alt=\"\" data-id=\"16664\" data-link=\"https:\/\/www.naoobvio.com\/?attachment_id=16664\" class=\"wp-image-16664\" srcset=\"https:\/\/www.naoobvio.com\/wp-content\/uploads\/2020\/01\/comocom.png 225w, https:\/\/www.naoobvio.com\/wp-content\/uploads\/2020\/01\/comocom-150x150.png 150w\" sizes=\"(max-width: 225px) 85vw, 225px\" \/><\/figure><\/li><li class=\"blocks-gallery-item\"><figure><img loading=\"lazy\" width=\"640\" height=\"640\" src=\"https:\/\/www.naoobvio.com\/wp-content\/uploads\/2020\/01\/jos.jpg\" alt=\"\" data-id=\"16665\" data-link=\"https:\/\/www.naoobvio.com\/?attachment_id=16665\" class=\"wp-image-16665\" srcset=\"https:\/\/www.naoobvio.com\/wp-content\/uploads\/2020\/01\/jos.jpg 640w, https:\/\/www.naoobvio.com\/wp-content\/uploads\/2020\/01\/jos-150x150.jpg 150w, https:\/\/www.naoobvio.com\/wp-content\/uploads\/2020\/01\/jos-300x300.jpg 300w\" sizes=\"(max-width: 709px) 85vw, (max-width: 909px) 67vw, (max-width: 984px) 61vw, (max-width: 1362px) 45vw, 600px\" \/><figcaption>Jos\u00e9 Orenstein<\/figcaption><\/figure><\/li><\/ul>\n\n\n\n<p class=\"has-background has-very-light-gray-background-color\">Com dificuldade para come\u00e7ar? O podcast do Nexo pode te dar um empurr\u00e3o.&nbsp;<br><br>Como come\u00e7ar deu as caras em 2018, com o epis\u00f3dio \u201c<em>Como come\u00e7ar a ler Guimar\u00e3es Rosa<\/em>\u201d e, at\u00e9 hoje, ao todo, s\u00e3o 34 podcasts dispon\u00edveis.&nbsp;<br><br>Comandado por Jos\u00e9 Orenstein, editor respons\u00e1vel pela produ\u00e7\u00e3o de podcasts do Nexo, Como Come\u00e7ar foca sua tem\u00e1tica para as \u00e1reas da m\u00fasica, literatura e cinema. Cada epis\u00f3dio \u00e9 comandado por um integrante da reda\u00e7\u00e3o do jornal online, que indica para o ouvinte o caminho para&#8230; <em>isso mesmo<\/em>, come\u00e7ar.&nbsp;<br><br>Os epis\u00f3dios variam de 10 minutos a uma hora de dura\u00e7\u00e3o. Com a ajuda de especialistas, um caminho \u00e9 criado para voc\u00ea pisar com seguran\u00e7a e se aventurar em mundos novos da arte. Curiosidades sobre o autor ou o tipo de filme abordado, por exemplo, sempre v\u00e3o sendo pontuados no decorrer.<br><br>Outros exemplos de temas j\u00e1 abordados foi sobre como assistir filmes sul-coreanos ou ler Philip K. Dick.<\/p>\n\n\n\n<figure class=\"wp-block-embed-spotify wp-block-embed is-type-rich is-provider-spotify wp-embed-aspect-21-9 wp-has-aspect-ratio\"><div class=\"wp-block-embed__wrapper\">\n<iframe title=\"Spotify Embed: Como come\u00e7ar a ler quadrinhos\" width=\"100%\" height=\"232\" allowtransparency=\"true\" frameborder=\"0\" allow=\"encrypted-media\" src=\"https:\/\/open.spotify.com\/embed-podcast\/episode\/3uVESoN6v6Cy4SYKBZQjlv?si=Tq4uY_eiQZe16_tmPXhisg\"><\/iframe>\n<\/div><\/figure>\n\n\n\n<p class=\"has-background has-pale-pink-background-color\">\u260c Como come\u00e7ar est\u00e1 dispon\u00edvel no <a href=\"https:\/\/soundcloud.com\/como-comecar-nexo\">SoundCloud<\/a>, <a href=\"https:\/\/open.spotify.com\/show\/45O7nv11pceFaYRIq0nnHy?si=TdebE-9bT_u07KhLn88mUw\">Spotify<\/a> e <a href=\"https:\/\/itunes.apple.com\/br\/podcast\/como-come%C3%A7ar-nexo-jornal\/id1418754745?mt=2\">Apple Podcast<\/a>.<\/p>\n\n\n\n<h1>3. <a href=\"https:\/\/open.spotify.com\/show\/5fmYyMcCMFMA92MOhqoBzX?si=YjI0C63NR52K9APqpwd75A\">SEXO EXPL\u00cdCITO<\/a>&nbsp;<\/h1>\n\n\n\n<hr class=\"wp-block-separator\"\/>\n\n\n\n<ul class=\"wp-block-gallery columns-2 is-cropped\"><li class=\"blocks-gallery-item\"><figure><img loading=\"lazy\" width=\"1024\" height=\"1024\" src=\"https:\/\/www.naoobvio.com\/wp-content\/uploads\/2020\/01\/Logo_Feed-1400-1024x1024.png\" alt=\"\" data-id=\"16663\" data-link=\"https:\/\/www.naoobvio.com\/?attachment_id=16663\" class=\"wp-image-16663\" srcset=\"https:\/\/www.naoobvio.com\/wp-content\/uploads\/2020\/01\/Logo_Feed-1400-1024x1024.png 1024w, https:\/\/www.naoobvio.com\/wp-content\/uploads\/2020\/01\/Logo_Feed-1400-150x150.png 150w, https:\/\/www.naoobvio.com\/wp-content\/uploads\/2020\/01\/Logo_Feed-1400-300x300.png 300w, https:\/\/www.naoobvio.com\/wp-content\/uploads\/2020\/01\/Logo_Feed-1400-768x768.png 768w, https:\/\/www.naoobvio.com\/wp-content\/uploads\/2020\/01\/Logo_Feed-1400-1200x1200.png 1200w, https:\/\/www.naoobvio.com\/wp-content\/uploads\/2020\/01\/Logo_Feed-1400-1320x1320.png 1320w, https:\/\/www.naoobvio.com\/wp-content\/uploads\/2020\/01\/Logo_Feed-1400.png 1400w\" sizes=\"(max-width: 709px) 85vw, (max-width: 909px) 67vw, (max-width: 1362px) 62vw, 840px\" \/><\/figure><\/li><li class=\"blocks-gallery-item\"><figure><img loading=\"lazy\" width=\"800\" height=\"738\" src=\"https:\/\/www.naoobvio.com\/wp-content\/uploads\/2020\/01\/pris.jpg\" alt=\"\" data-id=\"16662\" data-link=\"https:\/\/www.naoobvio.com\/?attachment_id=16662\" class=\"wp-image-16662\" srcset=\"https:\/\/www.naoobvio.com\/wp-content\/uploads\/2020\/01\/pris.jpg 800w, https:\/\/www.naoobvio.com\/wp-content\/uploads\/2020\/01\/pris-300x277.jpg 300w, https:\/\/www.naoobvio.com\/wp-content\/uploads\/2020\/01\/pris-768x708.jpg 768w\" sizes=\"(max-width: 709px) 85vw, (max-width: 909px) 67vw, (max-width: 984px) 61vw, (max-width: 1362px) 45vw, 600px\" \/><figcaption>Priscila Armani<\/figcaption><\/figure><\/li><\/ul>\n\n\n\n<p class=\"has-background has-very-light-gray-background-color\">O podcast Sexo Expl\u00edcito \u00e9 para maiores de 18 anos e pelo nome fica f\u00e1cil de entender o porqu\u00ea.<br><br>Podcasts sobre sexo e pornografia est\u00e3o cada vez mais populares no mercado, tanto \u00e9 que em 2018 o iTunes hospedava 240 programas sobre o tema.<br><br>O diferencial do programa \u00e9 que ele funciona como uma esp\u00e9cie de Ponto P\u00ea, da MTV, mas em \u00e1udio. Ou seja, os pr\u00f3prios ouvintes mandam suas perguntas.&nbsp;<br><br>Na voz da jornalista Priscila Armani, as quest\u00f5es s\u00e3o respondidas com a ajuda de especialistas. At\u00e9 ent\u00e3o, 24 epis\u00f3dios est\u00e3o no ar abordando assuntos como sexo anal, BDSM, tantra e swing, em cerca de meia hora cada.&nbsp;<br><br>Sexo Expl\u00edcito \u00e9 um programa sem tabus, para curiosos de plant\u00e3o que querem aprender mais sobre sexualidade.<br><br>Os epis\u00f3dios v\u00e3o ao ar, em m\u00e9dia, tr\u00eas vezes ao m\u00eas.<\/p>\n\n\n\n<figure class=\"wp-block-embed-spotify wp-block-embed is-type-rich is-provider-spotify wp-embed-aspect-21-9 wp-has-aspect-ratio\"><div class=\"wp-block-embed__wrapper\">\n<iframe title=\"Spotify Embed: No Fap, Vaginas &quot;largas&quot; e &quot;apertadas&quot; e o papel de um companheiro no Sexo: Perguntas e respostas com Lua Menezes (2)\" width=\"100%\" height=\"232\" allowtransparency=\"true\" frameborder=\"0\" allow=\"encrypted-media\" src=\"https:\/\/open.spotify.com\/embed-podcast\/episode\/5yxBiIW9aOQdKn80Zlg1tT?si=6j1NUl4SSHCOkFkWINgsLg\"><\/iframe>\n<\/div><\/figure>\n\n\n\n<p class=\"has-background has-pale-pink-background-color\">\u260c Para encontrar o podcast, voc\u00ea pode acessar o <a href=\"http:\/\/www.sexoexplicitopodcast.com.br\/\">site oficial<\/a> do Sexo Expl\u00edcito, clicar aqui para ouvir no <a href=\"https:\/\/open.spotify.com\/show\/5fmYyMcCMFMA92MOhqoBzX?si=YjI0C63NR52K9APqpwd75A\">Spotify<\/a> ou aqui para escutar na <a href=\"https:\/\/podcasts.apple.com\/br\/podcast\/sexo-expl%C3%ADcito\/id1455399096\">Apple Podcast<\/a>.<\/p>\n\n\n\n<h1>4. <a href=\"https:\/\/open.spotify.com\/show\/4yyNDSnexTgYkZb3YdTnT6?si=GMXMRzdkRi6-wN3xrRZN7Q\">VIDA P\u00d3S DIV\u00d3RCIO<\/a><\/h1>\n\n\n\n<hr class=\"wp-block-separator\"\/>\n\n\n\n<ul class=\"wp-block-gallery columns-3 is-cropped\"><li class=\"blocks-gallery-item\"><figure><img loading=\"lazy\" width=\"857\" height=\"837\" src=\"https:\/\/www.naoobvio.com\/wp-content\/uploads\/2020\/01\/shirley-e1506876127816.jpg\" alt=\"\" data-id=\"16669\" data-link=\"https:\/\/www.naoobvio.com\/?attachment_id=16669\" class=\"wp-image-16669\" srcset=\"https:\/\/www.naoobvio.com\/wp-content\/uploads\/2020\/01\/shirley-e1506876127816.jpg 857w, https:\/\/www.naoobvio.com\/wp-content\/uploads\/2020\/01\/shirley-e1506876127816-300x293.jpg 300w, https:\/\/www.naoobvio.com\/wp-content\/uploads\/2020\/01\/shirley-e1506876127816-768x750.jpg 768w\" sizes=\"(max-width: 709px) 85vw, (max-width: 909px) 67vw, (max-width: 1362px) 62vw, 840px\" \/><figcaption>Michelle Martins<\/figcaption><\/figure><\/li><li class=\"blocks-gallery-item\"><figure><img loading=\"lazy\" width=\"600\" height=\"600\" src=\"https:\/\/www.naoobvio.com\/wp-content\/uploads\/2020\/01\/ag.jpg\" alt=\"\" data-id=\"16668\" data-link=\"https:\/\/www.naoobvio.com\/?attachment_id=16668\" class=\"wp-image-16668\" srcset=\"https:\/\/www.naoobvio.com\/wp-content\/uploads\/2020\/01\/ag.jpg 600w, https:\/\/www.naoobvio.com\/wp-content\/uploads\/2020\/01\/ag-150x150.jpg 150w, https:\/\/www.naoobvio.com\/wp-content\/uploads\/2020\/01\/ag-300x300.jpg 300w\" sizes=\"(max-width: 709px) 85vw, (max-width: 909px) 67vw, (max-width: 984px) 61vw, (max-width: 1362px) 45vw, 600px\" \/><\/figure><\/li><li class=\"blocks-gallery-item\"><figure><img loading=\"lazy\" width=\"780\" height=\"719\" src=\"https:\/\/www.naoobvio.com\/wp-content\/uploads\/2020\/01\/tar.jpg\" alt=\"\" data-id=\"16667\" data-link=\"https:\/\/www.naoobvio.com\/?attachment_id=16667\" class=\"wp-image-16667\" srcset=\"https:\/\/www.naoobvio.com\/wp-content\/uploads\/2020\/01\/tar.jpg 780w, https:\/\/www.naoobvio.com\/wp-content\/uploads\/2020\/01\/tar-300x277.jpg 300w, https:\/\/www.naoobvio.com\/wp-content\/uploads\/2020\/01\/tar-768x708.jpg 768w\" sizes=\"(max-width: 709px) 85vw, (max-width: 909px) 67vw, (max-width: 984px) 61vw, (max-width: 1362px) 45vw, 600px\" \/><figcaption>Tarsila Cimino<\/figcaption><\/figure><\/li><\/ul>\n\n\n\n<p class=\"has-background has-very-light-gray-background-color\">Vida p\u00f3s Div\u00f3rcio \u00e9 um programa comandado por Tarsila Cimino (produtora de conte\u00fados) e Michelle Martins (atriz), ambas divorciadas e plenas com as vidas que t\u00eam.&nbsp;<br><br>O programa \u00e9 novo e, por isso, ainda tem apenas quatro epis\u00f3dios no ar. Mesmo assim, vale a pena ouvir para uma busca maior de autoconhecimento e para cicatriza\u00e7\u00f5es diversas ap\u00f3s qualquer tipo de separa\u00e7\u00e3o amorosa.<br><br>H\u00e1 alguns anos, inclusive, o n\u00famero de div\u00f3rcios no Brasil aumentou enquanto o \u00edndice de casamentos diminuiu. Em 2016 houve um <a href=\"http:\/\/agenciabrasil.ebc.com.br\/geral\/noticia\/2017-11\/brasil-registra-queda-no-numero-de-casamentos-e-aumento-de-divorcios-em-2016\">aumento<\/a> de 4,7% na taxa de separa\u00e7\u00f5es em compara\u00e7\u00e3o a 2015.<br><br>A cada epis\u00f3dio do Vida p\u00f3s Div\u00f3rcio, Tarsila e Michelle falam sobre suas experi\u00eancias pessoais que ocorreram ap\u00f3s o div\u00f3rcio, mostrando que passar por isso n\u00e3o \u00e9 o fim do mundo; na verdade, pode ser a chave para uma vida mais saud\u00e1vel e feliz.<br><br>Bem humoradas, elas transparecem tranquilidade, paz e felicidade. Por mais que tenham tido muita dor de cabe\u00e7a no processo, com certeza essa foi uma das experi\u00eancias mais transformadoras na vida delas.<\/p>\n\n\n\n<figure class=\"wp-block-embed-spotify wp-block-embed is-type-rich is-provider-spotify wp-embed-aspect-21-9 wp-has-aspect-ratio\"><div class=\"wp-block-embed__wrapper\">\n<iframe title=\"Spotify Embed: #VPD_01: BEAB\u00c1 DO DIV\u00d3RCIO\" width=\"100%\" height=\"232\" allowtransparency=\"true\" frameborder=\"0\" allow=\"encrypted-media\" src=\"https:\/\/open.spotify.com\/embed-podcast\/episode\/68yIKPiSxSEQ0zqAvUCK9q?si=xTxiYyA8QLOK1e3UYv4GXg\"><\/iframe>\n<\/div><\/figure>\n\n\n\n<p class=\"has-background has-pale-pink-background-color\">\u260c O programa pode ser ouvido pela <a href=\"https:\/\/podcasts.apple.com\/br\/podcast\/vida-p%C3%B3s-div%C3%B3rcio\/id1484545462\">Apple Podcast<\/a>, <a href=\"https:\/\/open.spotify.com\/show\/4yyNDSnexTgYkZb3YdTnT6?si=GMXMRzdkRi6-wN3xrRZN7Q\">Spotify<\/a> ou <a href=\"https:\/\/podtail.com\/en\/podcast\/vida-pos-divorcio\/\">Podtail<\/a>.<\/p>\n\n\n\n<div class=\"wp-block-image\"><figure class=\"alignleft\"><img loading=\"lazy\" width=\"320\" height=\"320\" src=\"https:\/\/www.naoobvio.com\/wp-content\/uploads\/2020\/01\/unida.jpg\" alt=\"\" class=\"wp-image-16680\" srcset=\"https:\/\/www.naoobvio.com\/wp-content\/uploads\/2020\/01\/unida.jpg 320w, https:\/\/www.naoobvio.com\/wp-content\/uploads\/2020\/01\/unida-150x150.jpg 150w, https:\/\/www.naoobvio.com\/wp-content\/uploads\/2020\/01\/unida-300x300.jpg 300w\" sizes=\"(max-width: 320px) 85vw, 320px\" \/><\/figure><\/div>\n\n\n\n<p class=\"has-background has-luminous-vivid-amber-background-color\">\u260c <strong>SEMELHANTE<\/strong>: outro podcast que trata do mesmo tema \u00e9 o <strong>Unidas Pela Separa\u00e7\u00e3o<\/strong>, que \u00e9 comandado pela escritora Thalita Rebou\u00e7as, 44, e pela publicit\u00e1ria Roberta Senna, 45. Elas sempre recebem uma convidada famosa para bater um novo papo com alguma tem\u00e1tica principal pontuada. Um dos epis\u00f3dios, por exemplo, foi com a apresentadora Luana Piovani. | <strong><a href=\"https:\/\/www.storytel.com\/br\/pt\/books\/979974-Unidas-pela-separacao-Ep01\">OU\u00c7A AQUI<\/a><\/strong><\/p>\n\n\n\n<h1>5. <a href=\"https:\/\/open.spotify.com\/show\/4JghW4WVOSwUVAaoySec63?si=_lyTS_uxS9K-sknoWPbwIw\">AL\u00c9M DA TERRA VERMELHA<\/a><\/h1>\n\n\n\n<hr class=\"wp-block-separator\"\/>\n\n\n\n<ul class=\"wp-block-gallery columns-2 is-cropped\"><li class=\"blocks-gallery-item\"><figure><img loading=\"lazy\" width=\"397\" height=\"419\" src=\"https:\/\/www.naoobvio.com\/wp-content\/uploads\/2020\/01\/alemdaterra.png\" alt=\"\" data-id=\"16671\" data-link=\"https:\/\/www.naoobvio.com\/?attachment_id=16671\" class=\"wp-image-16671\" srcset=\"https:\/\/www.naoobvio.com\/wp-content\/uploads\/2020\/01\/alemdaterra.png 397w, https:\/\/www.naoobvio.com\/wp-content\/uploads\/2020\/01\/alemdaterra-284x300.png 284w\" sizes=\"(max-width: 397px) 85vw, 397px\" \/><\/figure><\/li><li class=\"blocks-gallery-item\"><figure><img loading=\"lazy\" width=\"276\" height=\"276\" src=\"https:\/\/www.naoobvio.com\/wp-content\/uploads\/2020\/01\/bu.jpg\" alt=\"\" data-id=\"16670\" data-link=\"https:\/\/www.naoobvio.com\/?attachment_id=16670\" class=\"wp-image-16670\" srcset=\"https:\/\/www.naoobvio.com\/wp-content\/uploads\/2020\/01\/bu.jpg 276w, https:\/\/www.naoobvio.com\/wp-content\/uploads\/2020\/01\/bu-150x150.jpg 150w\" sizes=\"(max-width: 276px) 85vw, 276px\" \/><figcaption>Larissa Burchard<\/figcaption><\/figure><\/li><\/ul>\n\n\n\n<p class=\"has-background has-very-light-gray-background-color\">Quantas vezes voc\u00ea j\u00e1 parou para pensar na hist\u00f3ria das pessoas que moram ou j\u00e1 passaram pela sua cidade? E sobre aqueles que moram na cidade vizinha? O podcast Al\u00e9m da Terra Vermelha responde todas essas perguntas.<br><br>Na primeira temporada do programa, Em Busca de Terra Firme, a jornalista Larissa Burchard conta a hist\u00f3ria de imigrantes que moram em cidades localizadas na Regi\u00e3o das Miss\u00f5es, na fronteira Oeste do Rio Grande do Sul.<br><br>Em Al\u00e9m da Terra Vermelha, os personagens contam um pouco de suas hist\u00f3rias e seus caminhos at\u00e9 encontrarem o Rio Grande do Sul.&nbsp;<br><br>E Larissa relaciona seus passos a acontecimentos de relev\u00e2ncia nacional e internacional.&nbsp;<br><br>S\u00e3o hist\u00f3rias de supera\u00e7\u00e3o, conquistas e sucesso distribu\u00eddas em epis\u00f3dios com menos de 20 minutos.&nbsp;<br><br>O podcast foi lan\u00e7ado em dezembro de 2019 e Em Busca de Terra Firme tem tr\u00eas. Ainda n\u00e3o h\u00e1 data de estreia definida para a segunda temporada. <\/p>\n\n\n\n<figure class=\"wp-block-embed-spotify wp-block-embed is-type-rich is-provider-spotify wp-embed-aspect-21-9 wp-has-aspect-ratio\"><div class=\"wp-block-embed__wrapper\">\n<iframe title=\"Spotify Embed: Epis\u00f3dio 2 - Caminhos ap\u00f3s o terremoto\" width=\"100%\" height=\"232\" allowtransparency=\"true\" frameborder=\"0\" allow=\"encrypted-media\" src=\"https:\/\/open.spotify.com\/embed-podcast\/episode\/1WtyWFlUMai5R1LLDdYP7x?si=ETKsv6IaQFmRidp1YVEkeQ\"><\/iframe>\n<\/div><\/figure>\n\n\n\n<p class=\"has-background has-pale-pink-background-color\">\u260c Voc\u00ea pode conhecer o podcast acessando a p\u00e1gina do <a href=\"https:\/\/facebook.com\/alemdaterravermelha\/\">Facebook<\/a>, <a href=\"https:\/\/podcasts.apple.com\/br\/podcast\/al%C3%A9m-da-terra-vermelha\/id1490048965\">Apple Podcast<\/a>, <a href=\"https:\/\/soundcloud.com\/alemdaterravermelha\">SoundCloud<\/a> ou <a href=\"https:\/\/open.spotify.com\/show\/4JghW4WVOSwUVAaoySec63?si=_lyTS_uxS9K-sknoWPbwIw\">Spotify<\/a>.<\/p>\n\n\n\n<h1><em>EXTRA<\/em>: 6. <a href=\"https:\/\/open.spotify.com\/show\/1lFFoeWBwD72EEfFeIPrQz?si=5TzSZ8DmS7yX5exe9HMgEg\">ARQUIPAPO<\/a><\/h1>\n\n\n\n<hr class=\"wp-block-separator\"\/>\n\n\n\n<ul class=\"wp-block-gallery columns-1 is-cropped\"><li class=\"blocks-gallery-item\"><figure><img loading=\"lazy\" width=\"1024\" height=\"580\" src=\"https:\/\/www.naoobvio.com\/wp-content\/uploads\/2020\/01\/arq-1024x580.jpg\" alt=\"\" data-id=\"16693\" data-link=\"https:\/\/www.naoobvio.com\/index.php\/2020\/01\/27\/5-podcasts-sobre-assuntos-que-voce-nem-imagina\/arq-3\/\" class=\"wp-image-16693\" srcset=\"https:\/\/www.naoobvio.com\/wp-content\/uploads\/2020\/01\/arq-1024x580.jpg 1024w, https:\/\/www.naoobvio.com\/wp-content\/uploads\/2020\/01\/arq-300x170.jpg 300w, https:\/\/www.naoobvio.com\/wp-content\/uploads\/2020\/01\/arq-768x435.jpg 768w, https:\/\/www.naoobvio.com\/wp-content\/uploads\/2020\/01\/arq-1200x680.jpg 1200w, https:\/\/www.naoobvio.com\/wp-content\/uploads\/2020\/01\/arq-1320x748.jpg 1320w, https:\/\/www.naoobvio.com\/wp-content\/uploads\/2020\/01\/arq.jpg 1323w\" sizes=\"(max-width: 709px) 85vw, (max-width: 909px) 67vw, (max-width: 1362px) 62vw, 840px\" \/><\/figure><\/li><\/ul>\n\n\n\n<p class=\"has-background has-very-light-gray-background-color\">Se voc\u00ea \u00e9 estudante ou arquiteto formado, o Arquipapo \u00e9 um tesouro certeiro para voc\u00ea. Mas, mesmo se voc\u00ea for leigo no assunto, as curiosidades para quem ama turismo e diversos outros temas que se misturam com a arquitetura tamb\u00e9m podem tornar o programa cada vez mais interessante.<br>\u00a0 <br>No podcast, Renata, Gabriel e Kazu, tr\u00eas arquitetos, se re\u00fanem para contar aos ouvintes, de forma informal, tudo sobre arquitetura e urbanismo. At\u00e9 quem tem interesse pela \u00e1rea e deseja seguir a profiss\u00e3o consegue entender os temas debatidos.\u00a0<br><br>No primeiro podcast, por exemplo, Renata, Gabriel e Kazu apresentam filmes com personagens arquitetos, apontando representa\u00e7\u00f5es estereotipadas ou fi\u00e9is a profiss\u00e3o.\u00a0<br><br>Tem epis\u00f3dio sobre tudo: vida ap\u00f3s a faculdade e desafios, como \u00e9 a busca por emprego, o vocabul\u00e1rio que arquitetos utilizam\u2026<br><br>\u00c9 arquitetura na teoria e na pr\u00e1tica.\u00a0<br><br>O podcast foi lan\u00e7ado em 2016 e continua ativo at\u00e9 hoje. Ao todo s\u00e3o 95 epis\u00f3dios com cerca de uma hora lan\u00e7ados esporadicamente.<\/p>\n\n\n\n<figure class=\"wp-block-embed-spotify wp-block-embed is-type-rich is-provider-spotify wp-embed-aspect-21-9 wp-has-aspect-ratio\"><div class=\"wp-block-embed__wrapper\">\n<iframe title=\"Spotify Embed: 11 \u2013 Lina Bo Bardi\" width=\"100%\" height=\"232\" allowtransparency=\"true\" frameborder=\"0\" allow=\"encrypted-media\" src=\"https:\/\/open.spotify.com\/embed-podcast\/episode\/1tTBvomo6UEnL16ZL1dtCb?si=_HhKcnICQJGRsODXHOhG1g\"><\/iframe>\n<\/div><\/figure>\n\n\n\n<p class=\"has-background has-pale-pink-background-color\">\u260c Para ouvir, voc\u00ea pode acessar o <a href=\"http:\/\/arquipapo.com.br\/\">site<\/a> do Arquipapo, <a href=\"https:\/\/open.spotify.com\/show\/1lFFoeWBwD72EEfFeIPrQz?si=5TzSZ8DmS7yX5exe9HMgEg\">Spotify<\/a> ou <a href=\"https:\/\/podcasts.apple.com\/br\/podcast\/arquipapo\/id1114341819\">Apple Podcast<\/a>.<\/p>\n","protected":false},"excerpt":{"rendered":"<p>Crimes reais, explica\u00e7\u00f5es sexuais, relatos para seguir com a vida ap\u00f3s uma separa\u00e7\u00e3o e curiosidades com dicas para mergulhar em certos tipos de livros ou filmes. Estes s\u00e3o somente alguns dos temas que podem ser encontrados em podcasts com conte\u00fados nada \u00f3bvios.<\/p>\n","protected":false},"author":18,"featured_media":16683,"comment_status":"open","ping_status":"open","sticky":false,"template":"","format":"standard","meta":[],"categories":[21],"tags":[111,257,38,138,112,553],"acf":[],"yoast_head":"<!-- This site is optimized with the Yoast SEO plugin v15.9.2 - https:\/\/yoast.com\/wordpress\/plugins\/seo\/ -->\n<title>5 PODCASTS SOBRE ASSUNTOS QUE VOC\u00ca NEM IMAGINA - N\u00e3o \u00d3bvio<\/title>\n<meta name=\"robots\" content=\"index, follow, max-snippet:-1, max-image-preview:large, max-video-preview:-1\" \/>\n<link rel=\"canonical\" href=\"https:\/\/www.naoobvio.com\/index.php\/2020\/01\/27\/5-podcasts-sobre-assuntos-que-voce-nem-imagina\/\" \/>\n<meta property=\"og:locale\" content=\"pt_BR\" \/>\n<meta property=\"og:type\" content=\"article\" \/>\n<meta property=\"og:title\" content=\"5 PODCASTS SOBRE ASSUNTOS QUE VOC\u00ca NEM IMAGINA - N\u00e3o \u00d3bvio\" \/>\n<meta property=\"og:url\" content=\"https:\/\/www.naoobvio.com\/index.php\/2020\/01\/27\/5-podcasts-sobre-assuntos-que-voce-nem-imagina\/\" \/>\n<meta property=\"og:site_name\" content=\"N\u00e3o \u00d3bvio\" \/>\n<meta property=\"article:publisher\" content=\"http:\/\/facebook.com\/nao.obvio\" \/>\n<meta property=\"article:published_time\" content=\"2020-01-27T18:40:38+00:00\" \/>\n<meta property=\"article:modified_time\" content=\"2020-01-27T18:59:44+00:00\" \/>\n<meta property=\"og:image\" content=\"https:\/\/www.naoobvio.com\/wp-content\/uploads\/2020\/01\/podpod.jpg\" \/>\n\t<meta property=\"og:image:width\" content=\"1500\" \/>\n\t<meta property=\"og:image:height\" content=\"1000\" \/>\n<meta name=\"twitter:card\" content=\"summary_large_image\" \/>\n<meta name=\"twitter:label1\" content=\"Est. reading time\">\n\t<meta name=\"twitter:data1\" content=\"7 minutos\">\n<script type=\"application\/ld+json\" class=\"yoast-schema-graph\">{\"@context\":\"https:\/\/schema.org\",\"@graph\":[{\"@type\":\"WebSite\",\"@id\":\"https:\/\/www.naoobvio.com\/#website\",\"url\":\"https:\/\/www.naoobvio.com\/\",\"name\":\"N\\u00e3o \\u00d3bvio\",\"description\":\"O que falta na sua  lista\",\"potentialAction\":[{\"@type\":\"SearchAction\",\"target\":\"https:\/\/www.naoobvio.com\/?s={search_term_string}\",\"query-input\":\"required name=search_term_string\"}],\"inLanguage\":\"pt-BR\"},{\"@type\":\"ImageObject\",\"@id\":\"https:\/\/www.naoobvio.com\/index.php\/2020\/01\/27\/5-podcasts-sobre-assuntos-que-voce-nem-imagina\/#primaryimage\",\"inLanguage\":\"pt-BR\",\"url\":\"https:\/\/www.naoobvio.com\/wp-content\/uploads\/2020\/01\/podpod.jpg\",\"width\":1500,\"height\":1000},{\"@type\":\"WebPage\",\"@id\":\"https:\/\/www.naoobvio.com\/index.php\/2020\/01\/27\/5-podcasts-sobre-assuntos-que-voce-nem-imagina\/#webpage\",\"url\":\"https:\/\/www.naoobvio.com\/index.php\/2020\/01\/27\/5-podcasts-sobre-assuntos-que-voce-nem-imagina\/\",\"name\":\"5 PODCASTS SOBRE ASSUNTOS QUE VOC\\u00ca NEM IMAGINA - N\\u00e3o \\u00d3bvio\",\"isPartOf\":{\"@id\":\"https:\/\/www.naoobvio.com\/#website\"},\"primaryImageOfPage\":{\"@id\":\"https:\/\/www.naoobvio.com\/index.php\/2020\/01\/27\/5-podcasts-sobre-assuntos-que-voce-nem-imagina\/#primaryimage\"},\"datePublished\":\"2020-01-27T18:40:38+00:00\",\"dateModified\":\"2020-01-27T18:59:44+00:00\",\"author\":{\"@id\":\"https:\/\/www.naoobvio.com\/#\/schema\/person\/4b99d103fcaf9d1427cbdce7e0e496be\"},\"breadcrumb\":{\"@id\":\"https:\/\/www.naoobvio.com\/index.php\/2020\/01\/27\/5-podcasts-sobre-assuntos-que-voce-nem-imagina\/#breadcrumb\"},\"inLanguage\":\"pt-BR\",\"potentialAction\":[{\"@type\":\"ReadAction\",\"target\":[\"https:\/\/www.naoobvio.com\/index.php\/2020\/01\/27\/5-podcasts-sobre-assuntos-que-voce-nem-imagina\/\"]}]},{\"@type\":\"BreadcrumbList\",\"@id\":\"https:\/\/www.naoobvio.com\/index.php\/2020\/01\/27\/5-podcasts-sobre-assuntos-que-voce-nem-imagina\/#breadcrumb\",\"itemListElement\":[{\"@type\":\"ListItem\",\"position\":1,\"item\":{\"@type\":\"WebPage\",\"@id\":\"https:\/\/www.naoobvio.com\/\",\"url\":\"https:\/\/www.naoobvio.com\/\",\"name\":\"In\\u00edcio\"}},{\"@type\":\"ListItem\",\"position\":2,\"item\":{\"@type\":\"WebPage\",\"@id\":\"https:\/\/www.naoobvio.com\/index.php\/2020\/01\/27\/5-podcasts-sobre-assuntos-que-voce-nem-imagina\/\",\"url\":\"https:\/\/www.naoobvio.com\/index.php\/2020\/01\/27\/5-podcasts-sobre-assuntos-que-voce-nem-imagina\/\",\"name\":\"5 PODCASTS SOBRE ASSUNTOS QUE VOC\\u00ca NEM IMAGINA\"}}]},{\"@type\":\"Person\",\"@id\":\"https:\/\/www.naoobvio.com\/#\/schema\/person\/4b99d103fcaf9d1427cbdce7e0e496be\",\"name\":\"Carolina Rodrigues \\u2022 @carolinahelfstein\",\"image\":{\"@type\":\"ImageObject\",\"@id\":\"https:\/\/www.naoobvio.com\/#personlogo\",\"inLanguage\":\"pt-BR\",\"url\":\"https:\/\/secure.gravatar.com\/avatar\/d846e47b9c8cff4de2c46d4a53be1890?s=96&d=mm&r=g\",\"caption\":\"Carolina Rodrigues \\u2022 @carolinahelfstein\"},\"description\":\"Jornalista apaixonada por k-pop e aficionada pela cultura pop em geral.\",\"sameAs\":[\"https:\/\/www.instagram.com\/carolinahelfstein\/\"]}]}<\/script>\n<!-- \/ Yoast SEO plugin. -->","_links":{"self":[{"href":"https:\/\/www.naoobvio.com\/index.php\/wp-json\/wp\/v2\/posts\/16622"}],"collection":[{"href":"https:\/\/www.naoobvio.com\/index.php\/wp-json\/wp\/v2\/posts"}],"about":[{"href":"https:\/\/www.naoobvio.com\/index.php\/wp-json\/wp\/v2\/types\/post"}],"author":[{"embeddable":true,"href":"https:\/\/www.naoobvio.com\/index.php\/wp-json\/wp\/v2\/users\/18"}],"replies":[{"embeddable":true,"href":"https:\/\/www.naoobvio.com\/index.php\/wp-json\/wp\/v2\/comments?post=16622"}],"version-history":[{"count":11,"href":"https:\/\/www.naoobvio.com\/index.php\/wp-json\/wp\/v2\/posts\/16622\/revisions"}],"predecessor-version":[{"id":16696,"href":"https:\/\/www.naoobvio.com\/index.php\/wp-json\/wp\/v2\/posts\/16622\/revisions\/16696"}],"wp:featuredmedia":[{"embeddable":true,"href":"https:\/\/www.naoobvio.com\/index.php\/wp-json\/wp\/v2\/media\/16683"}],"wp:attachment":[{"href":"https:\/\/www.naoobvio.com\/index.php\/wp-json\/wp\/v2\/media?parent=16622"}],"wp:term":[{"taxonomy":"category","embeddable":true,"href":"https:\/\/www.naoobvio.com\/index.php\/wp-json\/wp\/v2\/categories?post=16622"},{"taxonomy":"post_tag","embeddable":true,"href":"https:\/\/www.naoobvio.com\/index.php\/wp-json\/wp\/v2\/tags?post=16622"}],"curies":[{"name":"wp","href":"https:\/\/api.w.org\/{rel}","templated":true}]}}