{"id":17905,"date":"2020-03-02T13:23:03","date_gmt":"2020-03-02T16:23:03","guid":{"rendered":"https:\/\/www.naoobvio.com\/?p=17905"},"modified":"2020-03-02T13:23:05","modified_gmt":"2020-03-02T16:23:05","slug":"5-minisseries-eletrizantes-e-originais-da-netflix","status":"publish","type":"post","link":"https:\/\/www.naoobvio.com\/index.php\/2020\/03\/02\/5-minisseries-eletrizantes-e-originais-da-netflix\/","title":{"rendered":"5 MINISS\u00c9RIES ELETRIZANTES E ORIGINAIS DA NETFLIX"},"content":{"rendered":"\n<ul class=\"wp-block-gallery alignleft columns-1 is-cropped\"><li class=\"blocks-gallery-item\"><figure><img loading=\"lazy\" width=\"400\" height=\"292\" src=\"https:\/\/www.naoobvio.com\/wp-content\/uploads\/2020\/03\/Boring-Gif.gif\" alt=\"\" data-id=\"17910\" class=\"wp-image-17910\"\/><\/figure><\/li><\/ul>\n\n\n\n<p style=\"background-color:#ffdb38\" class=\"has-background\">Qualquer s\u00e9rie vira entediante e dif\u00edcil de se conectar quando as tramas s\u00e3o cheias de clich\u00eas e personagens pouco carism\u00e1ticos. J\u00e1 os epis\u00f3dios mais lentos podem conquistar uma legi\u00e3o de f\u00e3s, mas n\u00e3o significa que a obra estar\u00e1 sendo mais po\u00e9tica ou profunda apenas por isso. Afinal, quem disse que produ\u00e7\u00f5es cheias de cl\u00edmax tamb\u00e9m n\u00e3o trazem uma profundidade de roteiro? <\/p>\n\n\n\n<p class=\"has-background has-very-light-gray-background-color\">A quest\u00e3o \u00e9 que mesmo com profundidade e excelente roteiro, uma uma maratona incans\u00e1vel de uma s\u00e9rie com muitos epis\u00f3dios pode pesar na rotina corrida.<br><br>Para lidar com isso, uma sa\u00edda bacana \u00e9 optar por uma (ou v\u00e1rias) s\u00e9rie curta, empolgante e que esteja dispon\u00edvel na Netflix \u2013 o servi\u00e7o de streaming mais popular do Brasil. A prop\u00f3sito, para quem n\u00e3o sabe, essa plataforma norte-americana ultrapassou a marca de 10 milh\u00f5es de assinantes no Brasil, em abril de 2019.<\/p>\n\n\n\n<ul class=\"wp-block-gallery alignright columns-1 is-cropped\"><li class=\"blocks-gallery-item\"><figure><img loading=\"lazy\" width=\"334\" height=\"270\" src=\"https:\/\/www.naoobvio.com\/wp-content\/uploads\/2020\/03\/Tv-Gif-Man.gif\" alt=\"\" data-id=\"17914\" class=\"wp-image-17914\"\/><\/figure><\/li><\/ul>\n\n\n\n<p style=\"background-color:#33b0fe\" class=\"has-background\">Foi pensando justamente nos serian\u00e1ticos que adoram passar horas assistindo hist\u00f3rias envolventes (mas n\u00e3o t\u00eam tempo para assistir muitos epis\u00f3dios), que o N\u00c3O \u00d3BVIO criou essa lista.<\/p>\n\n\n\n<p style=\"background-color:#ffdb38\" class=\"has-background\">Aqui voc\u00ea encontra 5 miniss\u00e9ries eletrizantes ideais para maratonar em pouco tempo. O melhor de tudo \u00e9 que voc\u00ea pode assistir qualquer uma delas em um final de semana \u2013 ou at\u00e9 mesmo em uma \u00fanica tarde. <em>Confira:<\/em><\/p>\n\n\n\n<p style=\"background-color:#f5d6d6\" class=\"has-background\">\u260c <strong>VEJA TAMB\u00c9M:<\/strong> <a href=\"https:\/\/www.naoobvio.com\/index.php\/2019\/05\/06\/6-minisseries-nao-obvias-para-maratonar-com-menos-de-6-episodios\/\">6 miniss\u00e9ries n\u00e3o \u00f3bvias para maratonas em menos de 6 epis\u00f3dios.<\/a><br><br> \u260c <strong>VEJA TAMB\u00c9M:<\/strong> <a href=\"https:\/\/www.naoobvio.com\/index.php\/2019\/11\/27\/5-minisseries-baseadas-em-obras-de-agatha-christie-em-streamings\/\">5 miniss\u00e9ries baseadas em obras de Agatha Christie em streamings.<\/a><br><br>\u260c <strong>VEJA TAMB\u00c9M:<\/strong> <a href=\"https:\/\/www.naoobvio.com\/index.php\/2019\/06\/03\/8-series-leves-e-nada-obvias-com-opcoes-para-diferentes-publicos\/\">8 S\u00e9ries leves e nada \u00f3bvias para acalmar os dias corridos.<\/a><\/p>\n\n\n\n<h1>1. A <strong>MENTE DO ASSASSINO: AARON HERNANDE<\/strong>Z<\/h1>\n\n\n\n<hr class=\"wp-block-separator\"\/>\n\n\n\n<figure class=\"wp-block-embed-youtube wp-block-embed is-type-video is-provider-youtube wp-embed-aspect-16-9 wp-has-aspect-ratio\"><div class=\"wp-block-embed__wrapper\">\n<iframe title=\"A Mente do Assassino: Aaron Hernandez | Trailer principal | Netflix\" width=\"840\" height=\"473\" src=\"https:\/\/www.youtube.com\/embed\/jXMW9Li9ges?feature=oembed\" frameborder=\"0\" allow=\"accelerometer; autoplay; encrypted-media; gyroscope; picture-in-picture\" allowfullscreen><\/iframe>\n<\/div><\/figure>\n\n\n\n<ul class=\"wp-block-gallery alignleft columns-1 is-cropped\"><li class=\"blocks-gallery-item\"><figure><img loading=\"lazy\" width=\"794\" height=\"1024\" src=\"https:\/\/www.naoobvio.com\/wp-content\/uploads\/2020\/03\/Aaron-Hernandez-794x1024.jpg\" alt=\"\" data-id=\"17924\" class=\"wp-image-17924\" srcset=\"https:\/\/www.naoobvio.com\/wp-content\/uploads\/2020\/03\/Aaron-Hernandez-794x1024.jpg 794w, https:\/\/www.naoobvio.com\/wp-content\/uploads\/2020\/03\/Aaron-Hernandez-233x300.jpg 233w, https:\/\/www.naoobvio.com\/wp-content\/uploads\/2020\/03\/Aaron-Hernandez-768x990.jpg 768w, https:\/\/www.naoobvio.com\/wp-content\/uploads\/2020\/03\/Aaron-Hernandez.jpg 1200w\" sizes=\"(max-width: 709px) 85vw, (max-width: 909px) 67vw, (max-width: 984px) 61vw, (max-width: 1362px) 45vw, 600px\" \/><\/figure><\/li><\/ul>\n\n\n\n<p class=\"has-background has-very-light-gray-background-color\">A mente do assassino Aaron Hernandez \u00e9 uma s\u00e9rie documental que conta a hist\u00f3ria do ex-jogador da NFL que foi acusado, em 2013, de assassinar tr\u00eas homens. <br><br>Dividida em tr\u00eas partes, a miniss\u00e9rie apresenta desde os depoimentos de pessoas pr\u00f3ximas aos envolvidos nos crimes at\u00e9 os detalhes misteriosos a respeito do destino do jogador.<br><br>A s\u00e9rie apresenta a hist\u00f3ria do protagonista: um homem que mesmo depois de uma juventude sofrida e conturbada, construiu uma fam\u00edlia e se tornou refer\u00eancia no esporte. A trama vai al\u00e9m de tudo isso e mostra como, na verdade, a vida de Aaron sempre foi marcada por problemas com drogas, armas, homofobia e muita viol\u00eancia.<\/p>\n\n\n\n<p style=\"background-color:#d0ce9a\" class=\"has-background\">\u260c&nbsp;<strong>Onde assistir<\/strong>:&nbsp;<a href=\"https:\/\/www.netflix.com\/title\/81062828\">Netflix<\/a><br>\u260c&nbsp;<strong>G\u00eanero<\/strong>: Document\u00e1rio<br>\u260c&nbsp;<strong>N\u00famero de epis\u00f3dios<\/strong>: 3<br>\u260c&nbsp;<strong>Lan\u00e7amento<\/strong>: 2020<br>\u260c&nbsp;<strong>Elenco<\/strong>: Aaron Hernandez, Susan Candiotti, Dan Wetzel, Ryan O&#8217;Callaghan<br>\u260c&nbsp;<strong>Nacionalidade<\/strong>: Estados Unidos<\/p>\n\n\n\n<h1>2. SEGREDOS DE NATAL<\/h1>\n\n\n\n<hr class=\"wp-block-separator\"\/>\n\n\n\n<figure class=\"wp-block-embed-youtube wp-block-embed is-type-video is-provider-youtube wp-embed-aspect-16-9 wp-has-aspect-ratio\"><div class=\"wp-block-embed__wrapper\">\n<iframe title=\"Segredos de Natal - trailer legendado (mini-s\u00e9rie alem\u00e3 da Netflix)\" width=\"840\" height=\"473\" src=\"https:\/\/www.youtube.com\/embed\/RD1N4yOUhis?feature=oembed\" frameborder=\"0\" allow=\"accelerometer; autoplay; encrypted-media; gyroscope; picture-in-picture\" allowfullscreen><\/iframe>\n<\/div><\/figure>\n\n\n\n<ul class=\"wp-block-gallery alignleft columns-1 is-cropped\"><li class=\"blocks-gallery-item\"><figure><img loading=\"lazy\" width=\"800\" height=\"800\" src=\"https:\/\/www.naoobvio.com\/wp-content\/uploads\/2020\/03\/Segredos-de-Natal.jpg\" alt=\"\" data-id=\"17930\" class=\"wp-image-17930\" srcset=\"https:\/\/www.naoobvio.com\/wp-content\/uploads\/2020\/03\/Segredos-de-Natal.jpg 800w, https:\/\/www.naoobvio.com\/wp-content\/uploads\/2020\/03\/Segredos-de-Natal-150x150.jpg 150w, https:\/\/www.naoobvio.com\/wp-content\/uploads\/2020\/03\/Segredos-de-Natal-300x300.jpg 300w, https:\/\/www.naoobvio.com\/wp-content\/uploads\/2020\/03\/Segredos-de-Natal-768x768.jpg 768w\" sizes=\"(max-width: 709px) 85vw, (max-width: 909px) 67vw, (max-width: 984px) 61vw, (max-width: 1362px) 45vw, 600px\" \/><\/figure><\/li><\/ul>\n\n\n\n<p class=\"has-background has-very-light-gray-background-color\">Antes de qualquer coisa, \u00e9 preciso deixar claro que a s\u00e9rie Segredos de Natal est\u00e1 longe de ser como as cl\u00e1ssicas hist\u00f3rias de Natal que a maioria das pessoas est\u00e1 acostumada. <br><br>Ambientada em um lugar pacato do literal da Alemanha, Segredos de Natal conta a hist\u00f3ria de uma fam\u00edlia que se re\u00fane na casa da matriarca Eva para celebrar o natal. Eva mora com a sua empregada Ljubica em uma casa que fica bem pr\u00f3xima ao mar. <br><br>Apesar de Sonja ser a m\u00e3e de Vivi e Lara, foi Eva que acabou assumindo as responsabilidades da cria\u00e7\u00e3o das netas \u2013 que hoje j\u00e1 s\u00e3o adultas. <br><br>Sonja \u00e9 uma mulher alc\u00f3olatra, que viveu relacionamentos conturbados e esconde alguns segredos. Mas a verdade \u00e9 que ela n\u00e3o \u00e9 a \u00fanica pessoa que tem coisas a esconder.<br><br>Na verdade, Segredos de Natal aborda justamente isso: o encontro de mulheres fortes que acaba sendo marcado pelo fim de segredos e pela descoberta de mentiras.<\/p>\n\n\n\n<p style=\"background-color:#d0ce9a\" class=\"has-background\">\u260c&nbsp;<strong>Onde assistir<\/strong>:&nbsp;<a href=\"https:\/\/www.netflix.com\/title\/81011957\">Netflix<\/a><br>\u260c&nbsp;<strong>G\u00eanero<\/strong>: Drama<br>\u260c&nbsp;<strong>N\u00famero de epis\u00f3dios<\/strong>: 3<br>\u260c&nbsp;<strong>Lan\u00e7amento<\/strong>: 2019<br>\u260c&nbsp;<strong>Elenco<\/strong>: Corinna Harfouch, Christiane Pauls, Svenja Jung, Leonie Benesch<br>\u260c&nbsp;<strong>Nacionalidade<\/strong>: Alemanha<\/p>\n\n\n\n<h1>3. COLLATERAL<\/h1>\n\n\n\n<hr class=\"wp-block-separator\"\/>\n\n\n\n<figure class=\"wp-block-embed-youtube wp-block-embed is-type-video is-provider-youtube wp-embed-aspect-16-9 wp-has-aspect-ratio\"><div class=\"wp-block-embed__wrapper\">\n<iframe title=\"Collateral | Trailer da temporada 01 | Dublado (Brasil) [HD]\" width=\"840\" height=\"473\" src=\"https:\/\/www.youtube.com\/embed\/7ArGJU99fxg?feature=oembed\" frameborder=\"0\" allow=\"accelerometer; autoplay; encrypted-media; gyroscope; picture-in-picture\" allowfullscreen><\/iframe>\n<\/div><\/figure>\n\n\n\n<ul class=\"wp-block-gallery alignleft columns-1 is-cropped\"><li class=\"blocks-gallery-item\"><figure><img loading=\"lazy\" width=\"438\" height=\"440\" src=\"https:\/\/www.naoobvio.com\/wp-content\/uploads\/2020\/03\/Collateral.jpg\" alt=\"\" data-id=\"17932\" class=\"wp-image-17932\" srcset=\"https:\/\/www.naoobvio.com\/wp-content\/uploads\/2020\/03\/Collateral.jpg 438w, https:\/\/www.naoobvio.com\/wp-content\/uploads\/2020\/03\/Collateral-150x150.jpg 150w, https:\/\/www.naoobvio.com\/wp-content\/uploads\/2020\/03\/Collateral-300x300.jpg 300w\" sizes=\"(max-width: 438px) 85vw, 438px\" \/><\/figure><\/li><\/ul>\n\n\n\n<p class=\"has-background has-very-light-gray-background-color\">Quando o entregador de pizza Abdullah Asif \u00e9 atingido por uma bala perdida no sul de Londres, muitos acreditam que a sua morte foi mais uma infeliz fatalidade. Mas uma detetive suspeita que o tiroteio pode n\u00e3o ter sido um acontecimento aleat\u00f3rio. <br><br>Ent\u00e3o, Kip Glaspie se prop\u00f5e a investigar o caso e descobrir se h\u00e1 algo por tr\u00e1s do crime. Nesse processo, Kip vai se ver diante de uma conspira\u00e7\u00e3o que envolve coisas que ela nem poderia imaginar.<br><br>\u00c9 nesse clima que quest\u00f5es com tr\u00e1fico, contrabando, espionagem e conflitos pol\u00edticos come\u00e7am a aparecer e movimentar a trama. E a quest\u00e3o pol\u00edtica se torna ainda mais latente porque o assassinato do refugiado s\u00edrio faz emergir discuss\u00f5es a respeito de terrorismo e pol\u00edticas de imigra\u00e7\u00e3o. <\/p>\n\n\n\n<p style=\"background-color:#d0ce9a\" class=\"has-background\">\u260c&nbsp;<strong>Onde assistir<\/strong>:&nbsp;<a href=\"https:\/\/www.netflix.com\/title\/80185171\">Netflix<\/a><br>\u260c&nbsp;<strong>G\u00eanero<\/strong>: Drama<br>\u260c&nbsp;<strong>N\u00famero de epis\u00f3dios<\/strong>: 4<br>\u260c&nbsp;<strong>Lan\u00e7amento<\/strong>: 2018<br>\u260c&nbsp;<strong>Elenco<\/strong>: Carey Mulligan, Nathaniel Martello-White, Jeany Spark, Nicola Walker<br>\u260c&nbsp;<strong>Nacionalidade<\/strong>: Reino Unido<\/p>\n\n\n\n<h1>4. GODLESS<\/h1>\n\n\n\n<hr class=\"wp-block-separator\"\/>\n\n\n\n<figure class=\"wp-block-embed-youtube wp-block-embed is-type-video is-provider-youtube wp-embed-aspect-16-9 wp-has-aspect-ratio\"><div class=\"wp-block-embed__wrapper\">\n<iframe title=\"Godless  Trailer Dublado (Exclusivo)\" width=\"840\" height=\"473\" src=\"https:\/\/www.youtube.com\/embed\/al-yLm_ZRtE?feature=oembed\" frameborder=\"0\" allow=\"accelerometer; autoplay; encrypted-media; gyroscope; picture-in-picture\" allowfullscreen><\/iframe>\n<\/div><\/figure>\n\n\n\n<ul class=\"wp-block-gallery alignleft columns-1 is-cropped\"><li class=\"blocks-gallery-item\"><figure><img loading=\"lazy\" width=\"1024\" height=\"914\" src=\"https:\/\/www.naoobvio.com\/wp-content\/uploads\/2020\/03\/Godless-1024x914.jpeg\" alt=\"\" data-id=\"17934\" class=\"wp-image-17934\" srcset=\"https:\/\/www.naoobvio.com\/wp-content\/uploads\/2020\/03\/Godless-1024x914.jpeg 1024w, https:\/\/www.naoobvio.com\/wp-content\/uploads\/2020\/03\/Godless-300x268.jpeg 300w, https:\/\/www.naoobvio.com\/wp-content\/uploads\/2020\/03\/Godless-768x686.jpeg 768w, https:\/\/www.naoobvio.com\/wp-content\/uploads\/2020\/03\/Godless-1200x1071.jpeg 1200w, https:\/\/www.naoobvio.com\/wp-content\/uploads\/2020\/03\/Godless-1320x1179.jpeg 1320w, https:\/\/www.naoobvio.com\/wp-content\/uploads\/2020\/03\/Godless.jpeg 1512w\" sizes=\"(max-width: 709px) 85vw, (max-width: 909px) 67vw, (max-width: 1362px) 62vw, 840px\" \/><\/figure><\/li><\/ul>\n\n\n\n<p class=\"has-background has-very-light-gray-background-color\">Em Godless, ap\u00f3s a antiga parceria entre Frank Griffin e Roy Goode se transformar em uma grande rivalidade, Roy acaba se escondendo em La Belle \u2013 uma pequena cidade habitada apenas por mulheres.<br><br>Enquanto isso, Frank aterroriza o Novo M\u00e9xico em busca do seu ex-parceiro e promete acabar com a cidade que estiver escondendo o traidor.<br><br>Como quase todos os homens de La Belle morreram em uma explos\u00e3o, \u00e0 primeira vista, essa cidade pode at\u00e9 parecer um lugar indefeso, mas a for\u00e7a das mulheres que moram ali pode surpreender Griffin e a sua gangue.<br><br>Com um visual surpreendente, personagens bem desenvolvidos e tramas consistentes, essa miniss\u00e9rie foi uma das melhores produ\u00e7\u00f5es da Netflix em 2017. Mas infelizmente Godless acabou n\u00e3o entrando para lista das s\u00e9ries mais aclamadas da plataforma.&nbsp; <\/p>\n\n\n\n<p style=\"background-color:#d0ce9a\" class=\"has-background\">\u260c&nbsp;<strong>Onde assistir<\/strong>:&nbsp;<a href=\"https:\/\/www.netflix.com\/title\/80097141\">Netflix<\/a><br>\u260c&nbsp;<strong>G\u00eanero<\/strong>: Drama<br>\u260c&nbsp;<strong>N\u00famero de epis\u00f3dios<\/strong>: 7 <br>\u260c&nbsp;<strong>Lan\u00e7amento<\/strong>: 2017<br>\u260c&nbsp;<strong>Elenco<\/strong>: Jack O&#8217;Connell, Michelle Dockery, Scoot McNairy, Merritt Wever <br>\u260c&nbsp;<strong>Nacionalidade<\/strong>: Estados Unidos<\/p>\n\n\n\n<h1>5. ALIAS GRACE<\/h1>\n\n\n\n<hr class=\"wp-block-separator\"\/>\n\n\n\n<figure class=\"wp-block-embed-youtube wp-block-embed is-type-video is-provider-youtube wp-embed-aspect-16-9 wp-has-aspect-ratio\"><div class=\"wp-block-embed__wrapper\">\n<iframe title=\"Alias Grace - Trailer Dublado (Exclusivo)\" width=\"840\" height=\"473\" src=\"https:\/\/www.youtube.com\/embed\/XW-8y5gOaiQ?feature=oembed\" frameborder=\"0\" allow=\"accelerometer; autoplay; encrypted-media; gyroscope; picture-in-picture\" allowfullscreen><\/iframe>\n<\/div><\/figure>\n\n\n\n<ul class=\"wp-block-gallery alignleft columns-1 is-cropped\"><li class=\"blocks-gallery-item\"><figure><img loading=\"lazy\" width=\"750\" height=\"720\" src=\"https:\/\/www.naoobvio.com\/wp-content\/uploads\/2020\/03\/Alias-Grace.jpg\" alt=\"\" data-id=\"17938\" class=\"wp-image-17938\" srcset=\"https:\/\/www.naoobvio.com\/wp-content\/uploads\/2020\/03\/Alias-Grace.jpg 750w, https:\/\/www.naoobvio.com\/wp-content\/uploads\/2020\/03\/Alias-Grace-300x288.jpg 300w\" sizes=\"(max-width: 709px) 85vw, (max-width: 909px) 67vw, (max-width: 984px) 61vw, (max-width: 1362px) 45vw, 600px\" \/><\/figure><\/li><\/ul>\n\n\n\n<p class=\"has-background has-very-light-gray-background-color\">Baseado no livro Vulgo Grace, de Margaret Atwood (a mesma autora de O Conto da Aia), a hist\u00f3ria de Alias Grace se desenvolve a partir de dois assassinatos.<br><br>As mortes que marcam o in\u00edcio da trama s\u00e3o a da governanta Hannah Nancy Montgomery e o fazendeiro Thomas Kinnear. Ambos foram assassinados no dia 30 de julho de 1843, e os corpos foram encontrados no dia seguinte.<br><br>James McDermott e Grace Marks, empregados de Kinnear, foram declarados culpados pelo crime e condenados \u00e0 morte. No entanto, enquanto James \u00e9 levado para a forca, Grace acaba se envolvendo numa alega\u00e7\u00e3o de insanidade. <br><br>Ao longo da trama, a garota tem a oportunidade de contar a sua vers\u00e3o dos fatos e defender a sua inoc\u00eancia. Mas o que realmente movimenta a hist\u00f3ria s\u00e3o os constantes julgamentos da sociedade machista e patriarcal do s\u00e9culo XIX (que infelizmente se parece muito com a do s\u00e9culo XXI).<\/p>\n\n\n\n<p style=\"background-color:#d0ce9a\" class=\"has-background\">\u260c&nbsp;<strong>Onde assistir<\/strong>:&nbsp;<a href=\"https:\/\/www.netflix.com\/title\/80119411\">Netflix<\/a><br>\u260c&nbsp;<strong>G\u00eanero<\/strong>: Drama<br>\u260c&nbsp;<strong>N\u00famero de epis\u00f3dios<\/strong>: 6 <br>\u260c&nbsp;<strong>Lan\u00e7amento<\/strong>: 2017 <br>\u260c&nbsp;<strong>Elenco<\/strong>: Sarah Gadon, Edward Holcroft, Rebecca Liddiard, Zachary Levi, Kerr Logan<br>\u260c&nbsp;<strong>Nacionalidade<\/strong>: Canad\u00e1<\/p>\n","protected":false},"excerpt":{"rendered":"<p>Casos reais, fic\u00e7\u00f5es repletas de cl\u00edmax, crimes, segredos, suspense, mulheres fortes e muitas reflex\u00f5es s\u00e3o envolvidas em miniss\u00e9ries originais da Netflix. Confira as mais eletrizantes e imperd\u00edveis delas para quando quiser uma r\u00e1pida maratona.<\/p>\n","protected":false},"author":17,"featured_media":17906,"comment_status":"open","ping_status":"open","sticky":false,"template":"","format":"standard","meta":[],"categories":[14,18],"tags":[580,230,65,387],"acf":[],"yoast_head":"<!-- This site is optimized with the Yoast SEO plugin v15.9.2 - https:\/\/yoast.com\/wordpress\/plugins\/seo\/ -->\n<title>5 MINISS\u00c9RIES ELETRIZANTES E ORIGINAIS DA NETFLIX - N\u00e3o \u00d3bvio<\/title>\n<meta name=\"robots\" content=\"index, follow, max-snippet:-1, max-image-preview:large, max-video-preview:-1\" \/>\n<link rel=\"canonical\" href=\"https:\/\/www.naoobvio.com\/index.php\/2020\/03\/02\/5-minisseries-eletrizantes-e-originais-da-netflix\/\" \/>\n<meta property=\"og:locale\" content=\"pt_BR\" \/>\n<meta property=\"og:type\" content=\"article\" \/>\n<meta property=\"og:title\" content=\"5 MINISS\u00c9RIES ELETRIZANTES E ORIGINAIS DA NETFLIX - N\u00e3o \u00d3bvio\" \/>\n<meta property=\"og:url\" content=\"https:\/\/www.naoobvio.com\/index.php\/2020\/03\/02\/5-minisseries-eletrizantes-e-originais-da-netflix\/\" \/>\n<meta property=\"og:site_name\" content=\"N\u00e3o \u00d3bvio\" \/>\n<meta property=\"article:publisher\" content=\"http:\/\/facebook.com\/nao.obvio\" \/>\n<meta property=\"article:published_time\" content=\"2020-03-02T16:23:03+00:00\" \/>\n<meta property=\"article:modified_time\" content=\"2020-03-02T16:23:05+00:00\" \/>\n<meta property=\"og:image\" content=\"https:\/\/www.naoobvio.com\/wp-content\/uploads\/2020\/03\/S\u00e9ries-eletrizantes.jpg\" \/>\n\t<meta property=\"og:image:width\" content=\"1920\" \/>\n\t<meta property=\"og:image:height\" content=\"1280\" \/>\n<meta name=\"twitter:card\" content=\"summary_large_image\" \/>\n<meta name=\"twitter:label1\" content=\"Est. reading time\">\n\t<meta name=\"twitter:data1\" content=\"6 minutos\">\n<script type=\"application\/ld+json\" class=\"yoast-schema-graph\">{\"@context\":\"https:\/\/schema.org\",\"@graph\":[{\"@type\":\"WebSite\",\"@id\":\"https:\/\/www.naoobvio.com\/#website\",\"url\":\"https:\/\/www.naoobvio.com\/\",\"name\":\"N\\u00e3o \\u00d3bvio\",\"description\":\"O que falta na sua  lista\",\"potentialAction\":[{\"@type\":\"SearchAction\",\"target\":\"https:\/\/www.naoobvio.com\/?s={search_term_string}\",\"query-input\":\"required name=search_term_string\"}],\"inLanguage\":\"pt-BR\"},{\"@type\":\"ImageObject\",\"@id\":\"https:\/\/www.naoobvio.com\/index.php\/2020\/03\/02\/5-minisseries-eletrizantes-e-originais-da-netflix\/#primaryimage\",\"inLanguage\":\"pt-BR\",\"url\":\"https:\/\/www.naoobvio.com\/wp-content\/uploads\/2020\/03\/S\\u00e9ries-eletrizantes.jpg\",\"width\":1920,\"height\":1280},{\"@type\":\"WebPage\",\"@id\":\"https:\/\/www.naoobvio.com\/index.php\/2020\/03\/02\/5-minisseries-eletrizantes-e-originais-da-netflix\/#webpage\",\"url\":\"https:\/\/www.naoobvio.com\/index.php\/2020\/03\/02\/5-minisseries-eletrizantes-e-originais-da-netflix\/\",\"name\":\"5 MINISS\\u00c9RIES ELETRIZANTES E ORIGINAIS DA NETFLIX - N\\u00e3o \\u00d3bvio\",\"isPartOf\":{\"@id\":\"https:\/\/www.naoobvio.com\/#website\"},\"primaryImageOfPage\":{\"@id\":\"https:\/\/www.naoobvio.com\/index.php\/2020\/03\/02\/5-minisseries-eletrizantes-e-originais-da-netflix\/#primaryimage\"},\"datePublished\":\"2020-03-02T16:23:03+00:00\",\"dateModified\":\"2020-03-02T16:23:05+00:00\",\"author\":{\"@id\":\"https:\/\/www.naoobvio.com\/#\/schema\/person\/5f4066e6b760f1d0cfef6221324e9995\"},\"breadcrumb\":{\"@id\":\"https:\/\/www.naoobvio.com\/index.php\/2020\/03\/02\/5-minisseries-eletrizantes-e-originais-da-netflix\/#breadcrumb\"},\"inLanguage\":\"pt-BR\",\"potentialAction\":[{\"@type\":\"ReadAction\",\"target\":[\"https:\/\/www.naoobvio.com\/index.php\/2020\/03\/02\/5-minisseries-eletrizantes-e-originais-da-netflix\/\"]}]},{\"@type\":\"BreadcrumbList\",\"@id\":\"https:\/\/www.naoobvio.com\/index.php\/2020\/03\/02\/5-minisseries-eletrizantes-e-originais-da-netflix\/#breadcrumb\",\"itemListElement\":[{\"@type\":\"ListItem\",\"position\":1,\"item\":{\"@type\":\"WebPage\",\"@id\":\"https:\/\/www.naoobvio.com\/\",\"url\":\"https:\/\/www.naoobvio.com\/\",\"name\":\"In\\u00edcio\"}},{\"@type\":\"ListItem\",\"position\":2,\"item\":{\"@type\":\"WebPage\",\"@id\":\"https:\/\/www.naoobvio.com\/index.php\/2020\/03\/02\/5-minisseries-eletrizantes-e-originais-da-netflix\/\",\"url\":\"https:\/\/www.naoobvio.com\/index.php\/2020\/03\/02\/5-minisseries-eletrizantes-e-originais-da-netflix\/\",\"name\":\"5 MINISS\\u00c9RIES ELETRIZANTES E ORIGINAIS DA NETFLIX\"}}]},{\"@type\":\"Person\",\"@id\":\"https:\/\/www.naoobvio.com\/#\/schema\/person\/5f4066e6b760f1d0cfef6221324e9995\",\"name\":\"Jo\\u00e3o Victor Greco \\u2022 @jaovictorgreco\",\"image\":{\"@type\":\"ImageObject\",\"@id\":\"https:\/\/www.naoobvio.com\/#personlogo\",\"inLanguage\":\"pt-BR\",\"url\":\"https:\/\/secure.gravatar.com\/avatar\/1c46fa14a70b4970f8b419eff2002a4e?s=96&d=mm&r=g\",\"caption\":\"Jo\\u00e3o Victor Greco \\u2022 @jaovictorgreco\"},\"description\":\"\\u201cApenas um rapaz latino-americano\\u201d de 21 anos que est\\u00e1 sempre em contato com alguma arte. Cin\\u00e9filo, leitor, apreciador da rela\\u00e7\\u00e3o da poesia com a informa\\u00e7\\u00e3o, apaixonado por m\\u00fasica e amante da fotografia \\u2013 n\\u00e3o necessariamente nessa ordem. Nas entrelinhas, mais um estudante de Letras e Jornalismo.\"}]}<\/script>\n<!-- \/ Yoast SEO plugin. -->","_links":{"self":[{"href":"https:\/\/www.naoobvio.com\/index.php\/wp-json\/wp\/v2\/posts\/17905"}],"collection":[{"href":"https:\/\/www.naoobvio.com\/index.php\/wp-json\/wp\/v2\/posts"}],"about":[{"href":"https:\/\/www.naoobvio.com\/index.php\/wp-json\/wp\/v2\/types\/post"}],"author":[{"embeddable":true,"href":"https:\/\/www.naoobvio.com\/index.php\/wp-json\/wp\/v2\/users\/17"}],"replies":[{"embeddable":true,"href":"https:\/\/www.naoobvio.com\/index.php\/wp-json\/wp\/v2\/comments?post=17905"}],"version-history":[{"count":29,"href":"https:\/\/www.naoobvio.com\/index.php\/wp-json\/wp\/v2\/posts\/17905\/revisions"}],"predecessor-version":[{"id":17950,"href":"https:\/\/www.naoobvio.com\/index.php\/wp-json\/wp\/v2\/posts\/17905\/revisions\/17950"}],"wp:featuredmedia":[{"embeddable":true,"href":"https:\/\/www.naoobvio.com\/index.php\/wp-json\/wp\/v2\/media\/17906"}],"wp:attachment":[{"href":"https:\/\/www.naoobvio.com\/index.php\/wp-json\/wp\/v2\/media?parent=17905"}],"wp:term":[{"taxonomy":"category","embeddable":true,"href":"https:\/\/www.naoobvio.com\/index.php\/wp-json\/wp\/v2\/categories?post=17905"},{"taxonomy":"post_tag","embeddable":true,"href":"https:\/\/www.naoobvio.com\/index.php\/wp-json\/wp\/v2\/tags?post=17905"}],"curies":[{"name":"wp","href":"https:\/\/api.w.org\/{rel}","templated":true}]}}