{"id":19138,"date":"2020-05-01T11:12:27","date_gmt":"2020-05-01T14:12:27","guid":{"rendered":"https:\/\/www.naoobvio.com\/?p=19138"},"modified":"2020-05-01T11:15:04","modified_gmt":"2020-05-01T14:15:04","slug":"5-livros-infantis-emocionantes-para-ler-com-as-criancas","status":"publish","type":"post","link":"https:\/\/www.naoobvio.com\/index.php\/2020\/05\/01\/5-livros-infantis-emocionantes-para-ler-com-as-criancas\/","title":{"rendered":"5 LIVROS INFANTIS EMOCIONANTES PARA LER COM AS CRIAN\u00c7AS"},"content":{"rendered":"\n<p style=\"background-color:#ec4068\" class=\"has-text-color has-background has-very-light-gray-color\">Estimular a leitura desde a inf\u00e2ncia \u00e9 importante para forma\u00e7\u00e3o de bons cidad\u00e3os. Ler \u00e9 fundamental para que crian\u00e7as possam expressar melhor os sentimentos, desenvolver a cogni\u00e7\u00e3o e para que cres\u00e7am mais confiantes, sem medo de darem suas pr\u00f3prias opini\u00f5es.<\/p>\n\n\n\n<div class=\"wp-block-image\"><figure class=\"alignleft is-resized\"><img loading=\"lazy\" src=\"https:\/\/media3.giphy.com\/media\/1xne43FaWiEQ1P89qe\/source.gif\" alt=\"\" width=\"278\" height=\"278\"\/><\/figure><\/div>\n\n\n\n<p style=\"background-color:#e5e371\" class=\"has-background\">Um <a href=\"https:\/\/www.sciencedaily.com\/releases\/2017\/05\/170504083146.htm\">estudo<\/a> feito em 2017 pela Academia Americana de Pediatras intitulado Ler Com Crian\u00e7as Come\u00e7ando Na Inf\u00e2ncia Cria Um Impulso Liter\u00e1rio Duradouro, mostra que a leitura estimula habilidades cognitivas em geral, desenvolve a linguagem e o vocabul\u00e1rio infantil.<br><br>Sobre os h\u00e1bitos de leitura no pa\u00eds, a \u00faltima <a href=\"http:\/\/prolivro.org.br\/home\/images\/2016\/RetratosDaLeitura2016_LIVRO_EM_PDF_FINAL_COM_CAPA.pdf\">pesquisa<\/a> Retratos da Leitura no Brasil, de 2016, revela que adolescentes entre 13 e 15 anos e crian\u00e7as de 5 a 10 anos s\u00e3o os que mais leem por gosto, um reflexo do incentivo desde a inf\u00e2ncia.<\/p>\n\n\n\n<p style=\"background-color:#ec4068\" class=\"has-text-color has-background has-very-light-gray-color\">Livros trazem importantes li\u00e7\u00f5es sobre diversos temas. Mas, acima de tudo, ler para e com crian\u00e7as \u00e9 um ato de amor e conex\u00e3o. Para ajudar nesses aspectos, o N\u00c3O \u00d3BVIO escolheu livros infantis (<em>com extras!<\/em>) que trazem mensagens importantes para todas as idades. Confira as obras que ajudam qualquer familiar a fortalecer v\u00ednculos com os pequenos:<\/p>\n\n\n\n<p style=\"background-color:#f2b9b9\" class=\"has-background has-drop-cap\"><strong>\u260c<\/strong> <strong><em>LEIA TAMB\u00c9M:<\/em><\/strong>  <a href=\"https:\/\/www.naoobvio.com\/index.php\/2019\/06\/28\/6-livros-de-infantojuvenil-nada-obvios-para-os-pequenos\/\">6 livros de infantojuvenil nada \u00f3bvios para os pequenos<\/a> e <a href=\"https:\/\/www.naoobvio.com\/index.php\/2019\/08\/02\/5-livros-infantis-escritos-por-autoras-baianas\/\">5 livros infantis escritos por autoras baianas<\/a>.<\/p>\n\n\n\n<p style=\"text-align:center\" class=\"has-background has-large-font-size has-luminous-vivid-amber-background-color\"><em><strong>EXTRA<\/strong><\/em>:<\/p>\n\n\n\n<h1><strong>AS 5 LINGUAGENS DO AMOR DAS CRIAN\u00c7AS | DE<em> GARY CHAPMAN E ROSS CAMPBELL<\/em><\/strong><em> <\/em><\/h1>\n\n\n\n<hr class=\"wp-block-separator\"\/>\n\n\n\n<ul class=\"wp-block-gallery columns-3 is-cropped\"><li class=\"blocks-gallery-item\"><figure><img loading=\"lazy\" width=\"774\" height=\"1024\" src=\"https:\/\/www.naoobvio.com\/wp-content\/uploads\/2020\/04\/2-1-774x1024.jpg\" alt=\"\" data-id=\"19153\" data-link=\"https:\/\/www.naoobvio.com\/?attachment_id=19153\" class=\"wp-image-19153\" srcset=\"https:\/\/www.naoobvio.com\/wp-content\/uploads\/2020\/04\/2-1-774x1024.jpg 774w, https:\/\/www.naoobvio.com\/wp-content\/uploads\/2020\/04\/2-1-227x300.jpg 227w, https:\/\/www.naoobvio.com\/wp-content\/uploads\/2020\/04\/2-1-768x1016.jpg 768w, https:\/\/www.naoobvio.com\/wp-content\/uploads\/2020\/04\/2-1-1200x1587.jpg 1200w, https:\/\/www.naoobvio.com\/wp-content\/uploads\/2020\/04\/2-1.jpg 1318w\" sizes=\"(max-width: 709px) 85vw, (max-width: 909px) 67vw, (max-width: 984px) 61vw, (max-width: 1362px) 45vw, 600px\" \/><\/figure><\/li><li class=\"blocks-gallery-item\"><figure><img loading=\"lazy\" width=\"336\" height=\"499\" src=\"https:\/\/www.naoobvio.com\/wp-content\/uploads\/2020\/04\/1-1.jpg\" alt=\"\" data-id=\"19152\" data-link=\"https:\/\/www.naoobvio.com\/?attachment_id=19152\" class=\"wp-image-19152\" srcset=\"https:\/\/www.naoobvio.com\/wp-content\/uploads\/2020\/04\/1-1.jpg 336w, https:\/\/www.naoobvio.com\/wp-content\/uploads\/2020\/04\/1-1-202x300.jpg 202w\" sizes=\"(max-width: 336px) 85vw, 336px\" \/><\/figure><\/li><li class=\"blocks-gallery-item\"><figure><img loading=\"lazy\" width=\"440\" height=\"640\" src=\"https:\/\/www.naoobvio.com\/wp-content\/uploads\/2020\/04\/3-1.jpg\" alt=\"\" data-id=\"19154\" data-link=\"https:\/\/www.naoobvio.com\/?attachment_id=19154\" class=\"wp-image-19154\" srcset=\"https:\/\/www.naoobvio.com\/wp-content\/uploads\/2020\/04\/3-1.jpg 440w, https:\/\/www.naoobvio.com\/wp-content\/uploads\/2020\/04\/3-1-206x300.jpg 206w\" sizes=\"(max-width: 440px) 85vw, 440px\" \/><\/figure><\/li><\/ul>\n\n\n\n<p style=\"background-color:#e5e371\" class=\"has-background\">Na inf\u00e2ncia, o primeiro contato mais \u00edntimo que a crian\u00e7a desenvolve \u00e9 com os pais. Por isso, \u00e9 importante que eles saibam identificar caracter\u00edsticas da crian\u00e7a, para que possam criar um relacionamento mais saud\u00e1vel.<br><br>Escrito para os adultos, As 5 linguagens do Amor das Crian\u00e7as pode ser muito \u00fatil \u00e0queles que desejam compreender seus filhos e, assim, ter um relacionamento mais pr\u00f3ximo, mais \u00edntimo e mais prazeroso.<br><br> O livro foi escrito pelo conselheiro matrimonial Gary Chapman em parceria com o pediatra e pesquisador de comportamento infantil Ross Campbell.<br> <br>Segundo os autores, quando uma pessoa sente-se plenamente amada, ela tr\u00e1s o que h\u00e1 de melhor em si, desenvolvendo-se com mais seguran\u00e7a e plenitude. <br><br>Desta forma, identificar a principal linguagem do amor do pequeno transforma a rela\u00e7\u00e3o de pais e filhos, al\u00e9m de beneficiar o crescimento e amadurecimento da crian\u00e7a.<br><br>As 5 linguagens do Amor \u00e9 um livro que faz os pais se questionarem sobre seus atos e observarem mais atentamente o jeito dos filhos.<\/p>\n\n\n\n<p style=\"background-color:#f2b9b9\" class=\"has-background\">\u260c <strong>VEJA TAMB\u00c9M<\/strong>: <a href=\"https:\/\/www.naoobvio.com\/index.php\/2020\/04\/21\/8-livros-para-aprimorar-a-convivencia-e-aprofundar-o-relacionamento-a-dois\/\">8 livros para aprimorar a conviv\u00eancia e o relacionamento a dois<\/a>. O primeiro volume do livro As Cinco Linguagens do Amor est\u00e1 na lista indicada e traz dicas para casais e outras rela\u00e7\u00f5es.<\/p>\n\n\n\n<p class=\"has-background has-luminous-vivid-amber-background-color\"><strong>\u260c P\u00e1ginas:<\/strong> 208<br><strong>\u260c Formato:<\/strong> e-book ou f\u00edsico<br><strong>\u260c Pre\u00e7o:<\/strong> R$21,31 &#8211; R$22,43<br><strong>\u260c Onde adquirir:<\/strong> <a href=\"https:\/\/www.amazon.com.br\/linguagens-amor-das-crian%C3%A7as-Compromisso\/dp\/8543302536\/ref=asc_df_8543302536\/?tag=googleshopp00-20&amp;linkCode=df0&amp;hvadid=379728837274&amp;hvpos=&amp;hvnetw=g&amp;hvrand=524233736534108364&amp;hvpone=&amp;hvptwo=&amp;hvqmt=&amp;hvdev=c&amp;hvdvcmdl=&amp;hvlocint=&amp;hvlocphy=9074295&amp;hvtargid=pla-395340064070&amp;psc=1\">Amazon<\/a><br><strong>\u260c Editora:<\/strong> Mundo Crist\u00e3o<br><strong>\u260c Ano: <\/strong>2017<\/p>\n\n\n\n<h1>1. <strong>A HIST\u00d3RIA DA OSTRA E DA BORBOLETA <\/strong>\u2013<strong> O CORONAV\u00cdRUS E EU | DE <em>ANA M. GOMEZ<\/em><\/strong><\/h1>\n\n\n\n<hr class=\"wp-block-separator\"\/>\n\n\n\n<ul class=\"wp-block-gallery columns-3 is-cropped\"><li class=\"blocks-gallery-item\"><figure><img loading=\"lazy\" width=\"1024\" height=\"745\" src=\"https:\/\/www.naoobvio.com\/wp-content\/uploads\/2020\/04\/1-7-1024x745.jpg\" alt=\"\" data-id=\"19207\" data-link=\"https:\/\/www.naoobvio.com\/?attachment_id=19207\" class=\"wp-image-19207\" srcset=\"https:\/\/www.naoobvio.com\/wp-content\/uploads\/2020\/04\/1-7-1024x745.jpg 1024w, https:\/\/www.naoobvio.com\/wp-content\/uploads\/2020\/04\/1-7-300x218.jpg 300w, https:\/\/www.naoobvio.com\/wp-content\/uploads\/2020\/04\/1-7-768x559.jpg 768w, https:\/\/www.naoobvio.com\/wp-content\/uploads\/2020\/04\/1-7-1200x873.jpg 1200w, https:\/\/www.naoobvio.com\/wp-content\/uploads\/2020\/04\/1-7-1320x960.jpg 1320w, https:\/\/www.naoobvio.com\/wp-content\/uploads\/2020\/04\/1-7.jpg 1584w\" sizes=\"(max-width: 709px) 85vw, (max-width: 909px) 67vw, (max-width: 1362px) 62vw, 840px\" \/><\/figure><\/li><li class=\"blocks-gallery-item\"><figure><img loading=\"lazy\" width=\"1024\" height=\"695\" src=\"https:\/\/www.naoobvio.com\/wp-content\/uploads\/2020\/04\/2-5-1024x695.jpg\" alt=\"\" data-id=\"19208\" data-link=\"https:\/\/www.naoobvio.com\/?attachment_id=19208\" class=\"wp-image-19208\" srcset=\"https:\/\/www.naoobvio.com\/wp-content\/uploads\/2020\/04\/2-5-1024x695.jpg 1024w, https:\/\/www.naoobvio.com\/wp-content\/uploads\/2020\/04\/2-5-300x204.jpg 300w, https:\/\/www.naoobvio.com\/wp-content\/uploads\/2020\/04\/2-5-768x521.jpg 768w, https:\/\/www.naoobvio.com\/wp-content\/uploads\/2020\/04\/2-5-1200x815.jpg 1200w, https:\/\/www.naoobvio.com\/wp-content\/uploads\/2020\/04\/2-5.jpg 1255w\" sizes=\"(max-width: 709px) 85vw, (max-width: 909px) 67vw, (max-width: 1362px) 62vw, 840px\" \/><\/figure><\/li><li class=\"blocks-gallery-item\"><figure><img loading=\"lazy\" width=\"1024\" height=\"746\" src=\"https:\/\/www.naoobvio.com\/wp-content\/uploads\/2020\/04\/3-1-1024x746.png\" alt=\"\" data-id=\"19209\" data-link=\"https:\/\/www.naoobvio.com\/?attachment_id=19209\" class=\"wp-image-19209\" srcset=\"https:\/\/www.naoobvio.com\/wp-content\/uploads\/2020\/04\/3-1-1024x746.png 1024w, https:\/\/www.naoobvio.com\/wp-content\/uploads\/2020\/04\/3-1-300x219.png 300w, https:\/\/www.naoobvio.com\/wp-content\/uploads\/2020\/04\/3-1-768x560.png 768w, https:\/\/www.naoobvio.com\/wp-content\/uploads\/2020\/04\/3-1-1200x874.png 1200w, https:\/\/www.naoobvio.com\/wp-content\/uploads\/2020\/04\/3-1-1320x962.png 1320w, https:\/\/www.naoobvio.com\/wp-content\/uploads\/2020\/04\/3-1.png 1584w\" sizes=\"(max-width: 709px) 85vw, (max-width: 909px) 67vw, (max-width: 1362px) 62vw, 840px\" \/><\/figure><\/li><\/ul>\n\n\n\n<p style=\"background-color:#e5e371\" class=\"has-background\">Escrito pela psicoterapeuta Ana M. Gomez, A hist\u00f3ria da Ostra e da Borboleta foi pensado para o momento que o mundo enfrenta atualmente. Para quem n\u00e3o sabe como explicar a situa\u00e7\u00e3o atual para as crian\u00e7as, essa pode ser uma op\u00e7\u00e3o.<br><br>O livro traz exemplos f\u00e1ceis, mostrando como \u00e9 poss\u00edvel incorporar h\u00e1bitos da ostra e da borboleta para ter uma rotina mais leve durante o isolamento social.<br><br>A hist\u00f3ria da Ostra e da Borboleta ajuda crian\u00e7as a lidarem com seus sentimentos, a ang\u00fastia, medo ou at\u00e9 mesmo saudades de amigos ou familiares. Desta forma, incentiva os pequenos a colocarem no papel o que est\u00e3o sentindo diante da pandemia.<br><br>O livro une t\u00e9cnicas de terapia EMDR (t\u00e9cnica terap\u00eautica que ajudam a melhorar problemas psicol\u00f3gico como ansiedade a partir do movimento ocular) e a pr\u00e1tica mindfulness.&nbsp;<br><br>\u00c9 poss\u00edvel acess\u00e1-lo gratuitamente online.<\/p>\n\n\n\n<p class=\"has-background has-luminous-vivid-amber-background-color\"><strong>\u260c Ilustra\u00e7\u00e3o: <\/strong>S\u00e9rgio Aguirre<br><strong>\u260c P\u00e1ginas: <\/strong>30<br><strong>\u260c Formato: <\/strong>e-book<br><strong>\u260c Pre\u00e7o: <\/strong>gratuito<br><strong>\u260c Onde adquirir: <\/strong><a href=\"https:\/\/melhoresdias.org.br\/wp-content\/uploads\/2020\/04\/A-ostra-e-a-borboleta.pdf.pdf\">Aqui<\/a><br><strong>\u260c Ano: <\/strong>2020 <\/p>\n\n\n\n<h1> 2. <strong>TENHO MONSTROS NA BARRIGA | DE<em> TONIA CASARIN<\/em><\/strong> <\/h1>\n\n\n\n<hr class=\"wp-block-separator\"\/>\n\n\n\n<ul class=\"wp-block-gallery columns-3 is-cropped\"><li class=\"blocks-gallery-item\"><figure><img loading=\"lazy\" width=\"760\" height=\"345\" src=\"https:\/\/www.naoobvio.com\/wp-content\/uploads\/2020\/04\/2-2.jpg\" alt=\"\" data-id=\"19162\" data-link=\"https:\/\/www.naoobvio.com\/?attachment_id=19162\" class=\"wp-image-19162\" srcset=\"https:\/\/www.naoobvio.com\/wp-content\/uploads\/2020\/04\/2-2.jpg 760w, https:\/\/www.naoobvio.com\/wp-content\/uploads\/2020\/04\/2-2-300x136.jpg 300w\" sizes=\"(max-width: 709px) 85vw, (max-width: 909px) 67vw, (max-width: 984px) 61vw, (max-width: 1362px) 45vw, 600px\" \/><\/figure><\/li><li class=\"blocks-gallery-item\"><figure><img loading=\"lazy\" width=\"350\" height=\"500\" src=\"https:\/\/www.naoobvio.com\/wp-content\/uploads\/2020\/04\/1-3.jpg\" alt=\"\" data-id=\"19161\" data-link=\"https:\/\/www.naoobvio.com\/?attachment_id=19161\" class=\"wp-image-19161\" srcset=\"https:\/\/www.naoobvio.com\/wp-content\/uploads\/2020\/04\/1-3.jpg 350w, https:\/\/www.naoobvio.com\/wp-content\/uploads\/2020\/04\/1-3-210x300.jpg 210w\" sizes=\"(max-width: 350px) 85vw, 350px\" \/><\/figure><\/li><li class=\"blocks-gallery-item\"><figure><img loading=\"lazy\" width=\"1024\" height=\"599\" src=\"https:\/\/www.naoobvio.com\/wp-content\/uploads\/2020\/04\/3-1024x599.png\" alt=\"\" data-id=\"19164\" data-link=\"https:\/\/www.naoobvio.com\/?attachment_id=19164\" class=\"wp-image-19164\" srcset=\"https:\/\/www.naoobvio.com\/wp-content\/uploads\/2020\/04\/3-1024x599.png 1024w, https:\/\/www.naoobvio.com\/wp-content\/uploads\/2020\/04\/3-300x176.png 300w, https:\/\/www.naoobvio.com\/wp-content\/uploads\/2020\/04\/3-768x449.png 768w, https:\/\/www.naoobvio.com\/wp-content\/uploads\/2020\/04\/3.png 1080w\" sizes=\"(max-width: 709px) 85vw, (max-width: 909px) 67vw, (max-width: 1362px) 62vw, 840px\" \/><\/figure><\/li><\/ul>\n\n\n\n<p style=\"background-color:#e5e371\" class=\"has-background\">Rec\u00e9m formada num mestrado sobre educa\u00e7\u00e3o com foco no desenvolvimento de compet\u00eancias sociais e emocionais, Tonia se questionava porque a intelig\u00eancia emocional era abordada apenas no mercado de trabalho.<br><br>A partir da\u00ed, surgiu a ideia para Tenho Monstros na Barriga. O livro conta a hist\u00f3ria do garoto Marcelo, que sente v\u00e1rias coisas dentro da sua barriga, as quais ele chama de monstrinhos. O menino descobre que esses monstros, na verdade, s\u00e3o emo\u00e7\u00f5es.&nbsp;<br><br>Para a autora, \u201co primeiro passo para desenvolver a intelig\u00eancia emocional e social \u00e9 saber dar nome aos nossos sentimentos\u201d. Isto posto, o livro aborda oito emo\u00e7\u00f5es: alegria, ci\u00fame, orgulho, coragem, curiosidade, raiva, medo e tristeza<br><br>Tenho Monstros na Barriga ajuda tanto as crian\u00e7as quanto os pais a entenderem os sentimentos dos pequenos e como lidar com eles, trazendo como exemplo situa\u00e7\u00f5es corriqueiras.&nbsp;<br><br>O livro \u00e9 interativo, desta forma, as crian\u00e7as podem desenhar seus pr\u00f3prios monstrinhos. Na vers\u00e3o digital \u00e9 poss\u00edvel imprimir as atividades.&nbsp;<br><br>Tonia Casarin afirma que entender como lidar com as pr\u00f3prias emo\u00e7\u00f5es s\u00f3 traz benef\u00edcios ao decorrer da vida. Assim, as crian\u00e7as cultivam relacionamentos saud\u00e1veis e evitam comportamentos destrutivos.<\/p>\n\n\n\n<figure class=\"wp-block-embed-youtube wp-block-embed is-type-video is-provider-youtube wp-embed-aspect-16-9 wp-has-aspect-ratio\"><div class=\"wp-block-embed__wrapper\">\n<iframe title=\"Tenho Monstros na Barriga - Tonia Casarin\" width=\"840\" height=\"473\" src=\"https:\/\/www.youtube.com\/embed\/NQuy1FNtSPU?feature=oembed\" frameborder=\"0\" allow=\"accelerometer; autoplay; encrypted-media; gyroscope; picture-in-picture\" allowfullscreen><\/iframe>\n<\/div><\/figure>\n\n\n\n<p class=\"has-background has-luminous-vivid-amber-background-color\"><strong>\u260c Ilustra\u00e7\u00e3o: <\/strong>Rel\u00e2mpago<br><strong>\u260c P\u00e1ginas: <\/strong>37<br><strong>\u260c Formato: <\/strong>e-book ou f\u00edsico<br><strong>\u260c Pre\u00e7o: <\/strong>R$39,90<br><strong>\u260c Onde adquirir: <\/strong><a href=\"https:\/\/www.amazon.com.br\/Tenho-Monstros-Barriga-Tonia-Casarin-ebook\/dp\/B01IE5JE36\/ref=sr_1_1?qid=1587917024&amp;refinements=p_lbr_books_series_browse-bin%3ATenho+Monstros+Na+Barriga&amp;s=books&amp;sr=1-1\">Amazon<\/a><br><strong>\u260c Editora: <\/strong>Tonia Casarin<br><strong>\u260c Ano: <\/strong>2016 <\/p>\n\n\n\n<h1>3. <strong>O URSO QUE N\u00c3O ERA | <em>DE FRANK TASHLIN<\/em><\/strong><\/h1>\n\n\n\n<hr class=\"wp-block-separator\"\/>\n\n\n\n<ul class=\"wp-block-gallery columns-3 is-cropped\"><li class=\"blocks-gallery-item\"><figure><img loading=\"lazy\" width=\"750\" height=\"404\" src=\"https:\/\/www.naoobvio.com\/wp-content\/uploads\/2020\/04\/2-3.jpg\" alt=\"\" data-id=\"19166\" data-link=\"https:\/\/www.naoobvio.com\/?attachment_id=19166\" class=\"wp-image-19166\" srcset=\"https:\/\/www.naoobvio.com\/wp-content\/uploads\/2020\/04\/2-3.jpg 750w, https:\/\/www.naoobvio.com\/wp-content\/uploads\/2020\/04\/2-3-300x162.jpg 300w\" sizes=\"(max-width: 709px) 85vw, (max-width: 909px) 67vw, (max-width: 984px) 61vw, (max-width: 1362px) 45vw, 600px\" \/><\/figure><\/li><li class=\"blocks-gallery-item\"><figure><img loading=\"lazy\" width=\"585\" height=\"900\" src=\"https:\/\/www.naoobvio.com\/wp-content\/uploads\/2020\/04\/1-4.jpg\" alt=\"\" data-id=\"19165\" data-link=\"https:\/\/www.naoobvio.com\/?attachment_id=19165\" class=\"wp-image-19165\" srcset=\"https:\/\/www.naoobvio.com\/wp-content\/uploads\/2020\/04\/1-4.jpg 585w, https:\/\/www.naoobvio.com\/wp-content\/uploads\/2020\/04\/1-4-195x300.jpg 195w\" sizes=\"(max-width: 585px) 85vw, 585px\" \/><\/figure><\/li><li class=\"blocks-gallery-item\"><figure><img loading=\"lazy\" width=\"509\" height=\"620\" src=\"https:\/\/www.naoobvio.com\/wp-content\/uploads\/2020\/04\/3-4.jpg\" alt=\"\" data-id=\"19167\" data-link=\"https:\/\/www.naoobvio.com\/?attachment_id=19167\" class=\"wp-image-19167\" srcset=\"https:\/\/www.naoobvio.com\/wp-content\/uploads\/2020\/04\/3-4.jpg 509w, https:\/\/www.naoobvio.com\/wp-content\/uploads\/2020\/04\/3-4-246x300.jpg 246w\" sizes=\"(max-width: 509px) 85vw, 509px\" \/><\/figure><\/li><\/ul>\n\n\n\n<p style=\"background-color:#e5e371\" class=\"has-background\">O urso que n\u00e3o era foi escrito originalmente em 1946. Quase 75 anos depois, continua sendo um cl\u00e1ssico repleto de mensagens profundas, para crian\u00e7as e adultos.&nbsp;<br><br>No livro conhecemos um urso. Com a chegada do inverno, ele encontra uma caverna para hibernar. Quando a primavera chega, contudo, a floresta n\u00e3o \u00e9 mais a mesma, porque uma f\u00e1brica foi constru\u00edda ali.&nbsp;<br><br>Ent\u00e3o, o capataz da tal f\u00e1brica insiste que ele volte ao trabalho, afinal, o urso n\u00e3o \u00e9 um urso, mas um homem tonto com casaco de pele, j\u00e1 que os ursos est\u00e3o em zool\u00f3gicos e nos circos.<br><br>Por esta raz\u00e3o o urso passa a questionar sua pr\u00f3pria identidade &#8211; ainda mais quando ningu\u00e9m acredita que ele \u00e9, de fato, um animal e n\u00e3o um humano.&nbsp;<br><br>Dentre tantos assuntos, o livro fala sobre aliena\u00e7\u00e3o no trabalho, press\u00e3o social e constru\u00e7\u00e3o de identidade. Acima de tudo, coloca em quest\u00e3o: quem somos de verdade e quanto somos influenciados por situa\u00e7\u00f5es externas.&nbsp;<br><br>O urso que n\u00e3o era \u00e9 um livro r\u00e1pido, mas repleto de significados marcantes para quem l\u00ea.<\/p>\n\n\n\n<p class=\"has-background has-luminous-vivid-amber-background-color\"><strong>\u260c Ilustra\u00e7\u00e3o:<\/strong> Frank Tashlin<br><strong>\u260c P\u00e1ginas:<\/strong> 60<br><strong>\u260c Formato:<\/strong> f\u00edsico<br><strong>\u260c Pre\u00e7o:<\/strong> R$29,95<br><strong>\u260c Onde adquirir:<\/strong> <a href=\"https:\/\/www.amazon.com.br\/Urso-que-n%C3%A3o-Era\/dp\/8575596381\/ref=sr_1_1?__mk_pt_BR=%C3%85M%C3%85%C5%BD%C3%95%C3%91&amp;keywords=o+urso+que+nao+era&amp;qid=1587754210&amp;s=books&amp;sr=1-1\">Amazon<\/a><br><strong>\u260c Editora:<\/strong> Boitempo<br><strong>\u260c Ano:<\/strong> 2018<\/p>\n\n\n\n<h1>4. <strong>PLUFT, O FANTASMINHA | DE <em>MARIA CLARA MACHADO<\/em><\/strong><\/h1>\n\n\n\n<hr class=\"wp-block-separator\"\/>\n\n\n\n<ul class=\"wp-block-gallery columns-3 is-cropped\"><li class=\"blocks-gallery-item\"><figure><img loading=\"lazy\" width=\"400\" height=\"322\" src=\"https:\/\/www.naoobvio.com\/wp-content\/uploads\/2020\/04\/2-4.jpg\" alt=\"\" data-id=\"19169\" data-link=\"https:\/\/www.naoobvio.com\/?attachment_id=19169\" class=\"wp-image-19169\" srcset=\"https:\/\/www.naoobvio.com\/wp-content\/uploads\/2020\/04\/2-4.jpg 400w, https:\/\/www.naoobvio.com\/wp-content\/uploads\/2020\/04\/2-4-300x242.jpg 300w\" sizes=\"(max-width: 400px) 85vw, 400px\" \/><\/figure><\/li><li class=\"blocks-gallery-item\"><figure><img loading=\"lazy\" width=\"759\" height=\"1024\" src=\"https:\/\/www.naoobvio.com\/wp-content\/uploads\/2020\/04\/1-5-759x1024.jpg\" alt=\"\" data-id=\"19168\" data-link=\"https:\/\/www.naoobvio.com\/?attachment_id=19168\" class=\"wp-image-19168\" srcset=\"https:\/\/www.naoobvio.com\/wp-content\/uploads\/2020\/04\/1-5-759x1024.jpg 759w, https:\/\/www.naoobvio.com\/wp-content\/uploads\/2020\/04\/1-5-222x300.jpg 222w, https:\/\/www.naoobvio.com\/wp-content\/uploads\/2020\/04\/1-5-768x1036.jpg 768w, https:\/\/www.naoobvio.com\/wp-content\/uploads\/2020\/04\/1-5-1200x1619.jpg 1200w, https:\/\/www.naoobvio.com\/wp-content\/uploads\/2020\/04\/1-5-1320x1781.jpg 1320w, https:\/\/www.naoobvio.com\/wp-content\/uploads\/2020\/04\/1-5.jpg 1897w\" sizes=\"(max-width: 709px) 85vw, (max-width: 909px) 67vw, (max-width: 984px) 61vw, (max-width: 1362px) 45vw, 600px\" \/><\/figure><\/li><li class=\"blocks-gallery-item\"><figure><img loading=\"lazy\" width=\"300\" height=\"450\" src=\"https:\/\/www.naoobvio.com\/wp-content\/uploads\/2020\/04\/3-5.jpg\" alt=\"\" data-id=\"19170\" data-link=\"https:\/\/www.naoobvio.com\/?attachment_id=19170\" class=\"wp-image-19170\" srcset=\"https:\/\/www.naoobvio.com\/wp-content\/uploads\/2020\/04\/3-5.jpg 300w, https:\/\/www.naoobvio.com\/wp-content\/uploads\/2020\/04\/3-5-200x300.jpg 200w\" sizes=\"(max-width: 300px) 85vw, 300px\" \/><\/figure><\/li><\/ul>\n\n\n\n<p style=\"background-color:#e5e371\" class=\"has-background\">Pluft, o Fantasminha foi escrito como uma pe\u00e7a teatral, em 1955. Mas, logo foi adaptado.<br><br>Para quem ama aventuras, este \u00e9 o livro certo. Pluft, o Fantasminha conta a hist\u00f3ria do fantasminha Pluft e a menina Maribel.<br><br>Ap\u00f3s falecer, Capit\u00e3o Bonan\u00e7a deixa um mapa do tesouro para seus companheiros de aventura, que logo \u00e9 roubado pelo pirata Perna de Pau.<br><br>A trilha do mapa o leva at\u00e9 Maribel, sobrinha de Bonan\u00e7a.  Achando que o enigma do mapa do tesouro s\u00f3 pode ser desvendado por ela, Perna de Pau rapta a garota. <br><br>\u00c9 a\u00ed que ela e Pluft se encontram pela primeira vez; enquanto Maribel escondia-se no s\u00f3t\u00e3o de uma velha casa, fugindo do Pirata Perna de Pau. Para ajudar a garotinha, Pluft, que tem medo de humanos, toma coragem para salv\u00e1-la do terr\u00edvel Perna de Pau.<br><br>Assim, a aventura come\u00e7a. Pluft, o Fantasminha \u00e9 uma hist\u00f3ria sobre supera\u00e7\u00e3o de medos. \u00c9 mais engra\u00e7ada, o que n\u00e3o anula seu potencial. Al\u00e9m de impulsionar a coragem no cora\u00e7\u00e3o de quem l\u00ea, refor\u00e7a a ideia de amor sobre diferen\u00e7as.<\/p>\n\n\n\n<p class=\"has-background has-luminous-vivid-amber-background-color\"><strong>\u260c Ilustra\u00e7\u00e3o: <\/strong>Gra\u00e7a Lima<br><strong>\u260c P\u00e1ginas: <\/strong>96<br><strong>\u260c Formato: <\/strong>e-book ou f\u00edsico<br><strong>\u260c Pre\u00e7o: <\/strong>R$18,99 &#8211; R$44,90<br><strong>\u260c Onde adquirir: <\/strong><a href=\"https:\/\/www.amazon.com.br\/Pluft-Fantasminha-Maria-Clara-Machado\/dp\/8520922228\/ref=sr_1_1?__mk_pt_BR=%C3%85M%C3%85%C5%BD%C3%95%C3%91&amp;keywords=pluft+o+fantasminha&amp;qid=1587757053&amp;s=books&amp;sr=1-1\">Amazon<\/a><br><strong>\u260c Editora: <\/strong>Nova Fronteira<br><strong>\u260c Ano: <\/strong>2009 <\/p>\n\n\n\n<h1>5. <strong>L\u00c1 E AQUI | DE C<em>AROLINA MOREYRA<\/em><\/strong><\/h1>\n\n\n\n<hr class=\"wp-block-separator\"\/>\n\n\n\n<ul class=\"wp-block-gallery columns-3 is-cropped\"><li class=\"blocks-gallery-item\"><figure><img loading=\"lazy\" width=\"600\" height=\"600\" src=\"https:\/\/www.naoobvio.com\/wp-content\/uploads\/2020\/04\/2.jpeg\" alt=\"\" data-id=\"19173\" data-link=\"https:\/\/www.naoobvio.com\/?attachment_id=19173\" class=\"wp-image-19173\" srcset=\"https:\/\/www.naoobvio.com\/wp-content\/uploads\/2020\/04\/2.jpeg 600w, https:\/\/www.naoobvio.com\/wp-content\/uploads\/2020\/04\/2-150x150.jpeg 150w, https:\/\/www.naoobvio.com\/wp-content\/uploads\/2020\/04\/2-300x300.jpeg 300w\" sizes=\"(max-width: 709px) 85vw, (max-width: 909px) 67vw, (max-width: 984px) 61vw, (max-width: 1362px) 45vw, 600px\" \/><\/figure><\/li><li class=\"blocks-gallery-item\"><figure><img loading=\"lazy\" width=\"1006\" height=\"1024\" src=\"https:\/\/www.naoobvio.com\/wp-content\/uploads\/2020\/04\/1-6-1006x1024.jpg\" alt=\"\" data-id=\"19172\" data-link=\"https:\/\/www.naoobvio.com\/?attachment_id=19172\" class=\"wp-image-19172\" srcset=\"https:\/\/www.naoobvio.com\/wp-content\/uploads\/2020\/04\/1-6-1006x1024.jpg 1006w, https:\/\/www.naoobvio.com\/wp-content\/uploads\/2020\/04\/1-6-295x300.jpg 295w, https:\/\/www.naoobvio.com\/wp-content\/uploads\/2020\/04\/1-6-768x782.jpg 768w, https:\/\/www.naoobvio.com\/wp-content\/uploads\/2020\/04\/1-6-1200x1222.jpg 1200w, https:\/\/www.naoobvio.com\/wp-content\/uploads\/2020\/04\/1-6-1320x1344.jpg 1320w, https:\/\/www.naoobvio.com\/wp-content\/uploads\/2020\/04\/1-6.jpg 1894w\" sizes=\"(max-width: 709px) 85vw, (max-width: 909px) 67vw, (max-width: 1362px) 62vw, 840px\" \/><\/figure><\/li><li class=\"blocks-gallery-item\"><figure><img loading=\"lazy\" width=\"636\" height=\"720\" src=\"https:\/\/www.naoobvio.com\/wp-content\/uploads\/2020\/04\/3-6.jpg\" alt=\"\" data-id=\"19174\" data-link=\"https:\/\/www.naoobvio.com\/?attachment_id=19174\" class=\"wp-image-19174\" srcset=\"https:\/\/www.naoobvio.com\/wp-content\/uploads\/2020\/04\/3-6.jpg 636w, https:\/\/www.naoobvio.com\/wp-content\/uploads\/2020\/04\/3-6-265x300.jpg 265w\" sizes=\"(max-width: 709px) 85vw, (max-width: 909px) 67vw, (max-width: 984px) 61vw, (max-width: 1362px) 45vw, 600px\" \/><\/figure><\/li><\/ul>\n\n\n\n<p style=\"background-color:#e5e371\" class=\"has-background\">L\u00e1 e Aqui \u00e9 um livro reflexivo sobre div\u00f3rcio.&nbsp;<br><br>O livro \u00e9 narrado pela perspectiva da crian\u00e7a, de forma muito delicada e gentil. L\u00e1 e Aqui facilita a interlocu\u00e7\u00e3o entre pais e filhos, por ser um livro muito leve sobre um assunto que muitos pais n\u00e3o sabem como abordar.&nbsp;<br><br>Nem sempre a separa\u00e7\u00e3o \u00e9 algo ruim, como a pr\u00f3pria autora prop\u00f5e em sua narrativa.&nbsp;<br><br>Carolina Moreyra mostra, de passinho em passinho, o processo da separa\u00e7\u00e3o, que vai de estranheza e d\u00favida a otimismo e aceita\u00e7\u00e3o.<br><br>A narrativa \u00e9 extremamente po\u00e9tica, com teor mais profundo, mostrando que acima de tudo, o amor pelo filho nunca mudar\u00e1. L\u00e1 e Aqui \u00e9 emocionante para pais e filhos.<br><br>A autora, Carolina Moreyra, j\u00e1 ganhou o Pr\u00eamio da Funda\u00e7\u00e3o Nacional do Livro Infantil e Juvenil (FNLIJ), de Melhor Livro para Crian\u00e7as e Escritor Revela\u00e7\u00e3o. J\u00e1 o ilustrador, Odilon Moraes, tem dois pr\u00eamios Jabuti, de melhor ilustra\u00e7\u00e3o.<\/p>\n\n\n\n<p class=\"has-background has-luminous-vivid-amber-background-color\"><strong>\u260c Ilustra\u00e7\u00e3o: <\/strong>Odilon Moraes<br><strong>\u260c P\u00e1ginas: <\/strong>56<br><strong>\u260c Formato: <\/strong>&nbsp;f\u00edsico<br><strong>\u260c Pre\u00e7o: <\/strong>R$43,92<br><strong>\u260c Onde adquirir: <\/strong><a href=\"https:\/\/www.amazon.com.br\/L%C3%A1-Aqui-Carolina-Moreyra\/dp\/8566642317\/ref=asc_df_8566642317\/?tag=googleshopp00-20&amp;linkCode=df0&amp;hvadid=379804832084&amp;hvpos=&amp;hvnetw=g&amp;hvrand=12773103152186019990&amp;hvpone=&amp;hvptwo=&amp;hvqmt=&amp;hvdev=c&amp;hvdvcmdl=&amp;hvlocint=&amp;hvlocphy=9074295&amp;hvtargid=pla-395340067390&amp;psc=1\">Amazon<\/a><br><strong>\u260c Editora: <\/strong>Pequena Zahar<br><strong>\u260c Ano: <\/strong>2015<\/p>\n\n\n\n<h1><em>EXTRA<\/em>: 6. AMORAS | DE <em>EMICIDA<\/em><\/h1>\n\n\n\n<hr class=\"wp-block-separator\"\/>\n\n\n\n<ul class=\"wp-block-gallery columns-3 is-cropped\"><li class=\"blocks-gallery-item\"><figure><img loading=\"lazy\" width=\"1024\" height=\"708\" src=\"https:\/\/www.naoobvio.com\/wp-content\/uploads\/2020\/04\/2-1024x708.png\" alt=\"\" data-id=\"19157\" data-link=\"https:\/\/www.naoobvio.com\/?attachment_id=19157\" class=\"wp-image-19157\" srcset=\"https:\/\/www.naoobvio.com\/wp-content\/uploads\/2020\/04\/2-1024x708.png 1024w, https:\/\/www.naoobvio.com\/wp-content\/uploads\/2020\/04\/2-300x207.png 300w, https:\/\/www.naoobvio.com\/wp-content\/uploads\/2020\/04\/2-768x531.png 768w, https:\/\/www.naoobvio.com\/wp-content\/uploads\/2020\/04\/2-1200x829.png 1200w, https:\/\/www.naoobvio.com\/wp-content\/uploads\/2020\/04\/2-1320x912.png 1320w, https:\/\/www.naoobvio.com\/wp-content\/uploads\/2020\/04\/2.png 1632w\" sizes=\"(max-width: 709px) 85vw, (max-width: 909px) 67vw, (max-width: 1362px) 62vw, 840px\" \/><\/figure><\/li><li class=\"blocks-gallery-item\"><figure><img loading=\"lazy\" width=\"1024\" height=\"1024\" src=\"https:\/\/www.naoobvio.com\/wp-content\/uploads\/2020\/04\/1-2-1024x1024.jpg\" alt=\"\" data-id=\"19156\" data-link=\"https:\/\/www.naoobvio.com\/?attachment_id=19156\" class=\"wp-image-19156\" srcset=\"https:\/\/www.naoobvio.com\/wp-content\/uploads\/2020\/04\/1-2-1024x1024.jpg 1024w, https:\/\/www.naoobvio.com\/wp-content\/uploads\/2020\/04\/1-2-150x150.jpg 150w, https:\/\/www.naoobvio.com\/wp-content\/uploads\/2020\/04\/1-2-300x300.jpg 300w, https:\/\/www.naoobvio.com\/wp-content\/uploads\/2020\/04\/1-2-768x768.jpg 768w, https:\/\/www.naoobvio.com\/wp-content\/uploads\/2020\/04\/1-2-1200x1200.jpg 1200w, https:\/\/www.naoobvio.com\/wp-content\/uploads\/2020\/04\/1-2-1320x1320.jpg 1320w\" sizes=\"(max-width: 709px) 85vw, (max-width: 909px) 67vw, (max-width: 1362px) 62vw, 840px\" \/><\/figure><\/li><li class=\"blocks-gallery-item\"><figure><img loading=\"lazy\" width=\"750\" height=\"450\" src=\"https:\/\/www.naoobvio.com\/wp-content\/uploads\/2020\/04\/3-2.jpg\" alt=\"\" data-id=\"19158\" data-link=\"https:\/\/www.naoobvio.com\/?attachment_id=19158\" class=\"wp-image-19158\" srcset=\"https:\/\/www.naoobvio.com\/wp-content\/uploads\/2020\/04\/3-2.jpg 750w, https:\/\/www.naoobvio.com\/wp-content\/uploads\/2020\/04\/3-2-300x180.jpg 300w\" sizes=\"(max-width: 709px) 85vw, (max-width: 909px) 67vw, (max-width: 984px) 61vw, (max-width: 1362px) 45vw, 600px\" \/><\/figure><\/li><\/ul>\n\n\n\n<p style=\"background-color:#e5e371\" class=\"has-background\">Amoras \u00e9 o primeiro livro do rapper brasileiro Emicida. A hist\u00f3ria \u00e9 inspirada numa conversa que ele teve com a filha mais velha, Estela, de sete anos.<br><br>Enquanto brincavam sob um p\u00e9 de amoras, Emicida explica a menininha que quanto mais preta, mais doce a fruta \u00e9. Em resposta, Estela diz \u201cPapai, que bom, porque eu sou pretinha tamb\u00e9m!\u201d.<br><br>Amoras \u00e9 um livro muito importante sobre amor pr\u00f3prio e autoconfian\u00e7a, que refor\u00e7a quest\u00f5es como identidade e representatividade afro. \u00c9 significativo que a crian\u00e7a encontre, desde pequena, refer\u00eancias. Assim, passa a ter orgulho de quem \u00e9 para sempre.&nbsp;<br><br>Amoras \u00e9 sobre empoderamento.<br><br>O livro traz nomes religiosos e hist\u00f3ricos como Martin Luther King e Zumbi dos Palmares.&nbsp;<br><br>Amoras tamb\u00e9m \u00e9 m\u00fasica do \u00e1lbum Sobre Crian\u00e7as, Quadris, Pesadelos e Li\u00e7\u00f5es de Casa (2015).<\/p>\n\n\n\n<figure class=\"wp-block-embed-youtube aligncenter wp-block-embed is-type-video is-provider-youtube wp-embed-aspect-16-9 wp-has-aspect-ratio\"><div class=\"wp-block-embed__wrapper\">\n<iframe title=\"Emicida - Livro &quot;Amoras&quot; - Vers\u00e3o Animada\" width=\"840\" height=\"473\" src=\"https:\/\/www.youtube.com\/embed\/Avt7s8XgDjs?feature=oembed\" frameborder=\"0\" allow=\"accelerometer; autoplay; encrypted-media; gyroscope; picture-in-picture\" allowfullscreen><\/iframe>\n<\/div><\/figure>\n\n\n\n<p style=\"background-color:#f2b9b9\" class=\"has-background\">\u260c Este livro j\u00e1 foi indicado pelo N\u00c3O \u00d3BVIO na lista de <a href=\"https:\/\/www.naoobvio.com\/index.php\/2019\/06\/28\/6-livros-de-infantojuvenil-nada-obvios-para-os-pequenos\/\">6 livros de infantojuvenil nada \u00f3bvios para os pequenos<\/a>.<\/p>\n\n\n\n<p class=\"has-background has-luminous-vivid-amber-background-color\"><strong>\u260c Ilustra\u00e7\u00e3o:<\/strong> Aldo Fabrini<br><strong>\u260c P\u00e1ginas:<\/strong> 44<br><strong>\u260c Formato:<\/strong> e-book ou f\u00edsico<br><strong>\u260c Pre\u00e7o:<\/strong> R$19,90 &#8211; R$23,90<br><strong>\u260c Onde adquirir:<\/strong> <a href=\"https:\/\/www.amazon.com.br\/dp\/B07PP4JTF4\/ref=dp-kindle-redirect?_encoding=UTF8&amp;btkr=1\">Amazon<\/a><br><strong>\u260c Editora:<\/strong> Companhia das Letrinhas<br><strong>\u260c Ano: <\/strong>2018 <\/p>\n","protected":false},"excerpt":{"rendered":"<p>Livros com reflex\u00f5es sobre identidade, sentimentos, empoderamento e at\u00e9 div\u00f3rcio. Conhe\u00e7a dicas de livros infantis sobre assuntos diversos e que podem ajudar qualquer adulto a criar mais la\u00e7os firmes com os pequenos. S\u00e3o t\u00edtulos ideais para ler junto com eles.<\/p>\n","protected":false},"author":18,"featured_media":19212,"comment_status":"open","ping_status":"open","sticky":false,"template":"","format":"standard","meta":[],"categories":[20],"tags":[693,228,312,694],"acf":[],"yoast_head":"<!-- This site is optimized with the Yoast SEO plugin v15.9.2 - https:\/\/yoast.com\/wordpress\/plugins\/seo\/ -->\n<title>5 LIVROS INFANTIS EMOCIONANTES PARA LER COM AS CRIAN\u00c7AS - N\u00e3o \u00d3bvio<\/title>\n<meta name=\"robots\" content=\"index, follow, max-snippet:-1, max-image-preview:large, max-video-preview:-1\" \/>\n<link rel=\"canonical\" href=\"https:\/\/www.naoobvio.com\/index.php\/2020\/05\/01\/5-livros-infantis-emocionantes-para-ler-com-as-criancas\/\" \/>\n<meta property=\"og:locale\" content=\"pt_BR\" \/>\n<meta property=\"og:type\" content=\"article\" \/>\n<meta property=\"og:title\" content=\"5 LIVROS INFANTIS EMOCIONANTES PARA LER COM AS CRIAN\u00c7AS - N\u00e3o \u00d3bvio\" \/>\n<meta property=\"og:url\" content=\"https:\/\/www.naoobvio.com\/index.php\/2020\/05\/01\/5-livros-infantis-emocionantes-para-ler-com-as-criancas\/\" \/>\n<meta property=\"og:site_name\" content=\"N\u00e3o \u00d3bvio\" \/>\n<meta property=\"article:publisher\" content=\"http:\/\/facebook.com\/nao.obvio\" \/>\n<meta property=\"article:published_time\" content=\"2020-05-01T14:12:27+00:00\" \/>\n<meta property=\"article:modified_time\" content=\"2020-05-01T14:15:04+00:00\" \/>\n<meta property=\"og:image\" content=\"https:\/\/www.naoobvio.com\/wp-content\/uploads\/2020\/04\/infantil.jpg\" \/>\n\t<meta property=\"og:image:width\" content=\"910\" \/>\n\t<meta property=\"og:image:height\" content=\"607\" \/>\n<meta name=\"twitter:card\" content=\"summary_large_image\" \/>\n<meta name=\"twitter:label1\" content=\"Est. reading time\">\n\t<meta name=\"twitter:data1\" content=\"9 minutos\">\n<script type=\"application\/ld+json\" class=\"yoast-schema-graph\">{\"@context\":\"https:\/\/schema.org\",\"@graph\":[{\"@type\":\"WebSite\",\"@id\":\"https:\/\/www.naoobvio.com\/#website\",\"url\":\"https:\/\/www.naoobvio.com\/\",\"name\":\"N\\u00e3o \\u00d3bvio\",\"description\":\"O que falta na sua  lista\",\"potentialAction\":[{\"@type\":\"SearchAction\",\"target\":\"https:\/\/www.naoobvio.com\/?s={search_term_string}\",\"query-input\":\"required name=search_term_string\"}],\"inLanguage\":\"pt-BR\"},{\"@type\":\"ImageObject\",\"@id\":\"https:\/\/www.naoobvio.com\/index.php\/2020\/05\/01\/5-livros-infantis-emocionantes-para-ler-com-as-criancas\/#primaryimage\",\"inLanguage\":\"pt-BR\",\"url\":\"https:\/\/www.naoobvio.com\/wp-content\/uploads\/2020\/04\/infantil.jpg\",\"width\":910,\"height\":607},{\"@type\":\"WebPage\",\"@id\":\"https:\/\/www.naoobvio.com\/index.php\/2020\/05\/01\/5-livros-infantis-emocionantes-para-ler-com-as-criancas\/#webpage\",\"url\":\"https:\/\/www.naoobvio.com\/index.php\/2020\/05\/01\/5-livros-infantis-emocionantes-para-ler-com-as-criancas\/\",\"name\":\"5 LIVROS INFANTIS EMOCIONANTES PARA LER COM AS CRIAN\\u00c7AS - N\\u00e3o \\u00d3bvio\",\"isPartOf\":{\"@id\":\"https:\/\/www.naoobvio.com\/#website\"},\"primaryImageOfPage\":{\"@id\":\"https:\/\/www.naoobvio.com\/index.php\/2020\/05\/01\/5-livros-infantis-emocionantes-para-ler-com-as-criancas\/#primaryimage\"},\"datePublished\":\"2020-05-01T14:12:27+00:00\",\"dateModified\":\"2020-05-01T14:15:04+00:00\",\"author\":{\"@id\":\"https:\/\/www.naoobvio.com\/#\/schema\/person\/4b99d103fcaf9d1427cbdce7e0e496be\"},\"breadcrumb\":{\"@id\":\"https:\/\/www.naoobvio.com\/index.php\/2020\/05\/01\/5-livros-infantis-emocionantes-para-ler-com-as-criancas\/#breadcrumb\"},\"inLanguage\":\"pt-BR\",\"potentialAction\":[{\"@type\":\"ReadAction\",\"target\":[\"https:\/\/www.naoobvio.com\/index.php\/2020\/05\/01\/5-livros-infantis-emocionantes-para-ler-com-as-criancas\/\"]}]},{\"@type\":\"BreadcrumbList\",\"@id\":\"https:\/\/www.naoobvio.com\/index.php\/2020\/05\/01\/5-livros-infantis-emocionantes-para-ler-com-as-criancas\/#breadcrumb\",\"itemListElement\":[{\"@type\":\"ListItem\",\"position\":1,\"item\":{\"@type\":\"WebPage\",\"@id\":\"https:\/\/www.naoobvio.com\/\",\"url\":\"https:\/\/www.naoobvio.com\/\",\"name\":\"In\\u00edcio\"}},{\"@type\":\"ListItem\",\"position\":2,\"item\":{\"@type\":\"WebPage\",\"@id\":\"https:\/\/www.naoobvio.com\/index.php\/2020\/05\/01\/5-livros-infantis-emocionantes-para-ler-com-as-criancas\/\",\"url\":\"https:\/\/www.naoobvio.com\/index.php\/2020\/05\/01\/5-livros-infantis-emocionantes-para-ler-com-as-criancas\/\",\"name\":\"5 LIVROS INFANTIS EMOCIONANTES PARA LER COM AS CRIAN\\u00c7AS\"}}]},{\"@type\":\"Person\",\"@id\":\"https:\/\/www.naoobvio.com\/#\/schema\/person\/4b99d103fcaf9d1427cbdce7e0e496be\",\"name\":\"Carolina Rodrigues \\u2022 @carolinahelfstein\",\"image\":{\"@type\":\"ImageObject\",\"@id\":\"https:\/\/www.naoobvio.com\/#personlogo\",\"inLanguage\":\"pt-BR\",\"url\":\"https:\/\/secure.gravatar.com\/avatar\/d846e47b9c8cff4de2c46d4a53be1890?s=96&d=mm&r=g\",\"caption\":\"Carolina Rodrigues \\u2022 @carolinahelfstein\"},\"description\":\"Jornalista apaixonada por k-pop e aficionada pela cultura pop em geral.\",\"sameAs\":[\"https:\/\/www.instagram.com\/carolinahelfstein\/\"]}]}<\/script>\n<!-- \/ Yoast SEO plugin. -->","_links":{"self":[{"href":"https:\/\/www.naoobvio.com\/index.php\/wp-json\/wp\/v2\/posts\/19138"}],"collection":[{"href":"https:\/\/www.naoobvio.com\/index.php\/wp-json\/wp\/v2\/posts"}],"about":[{"href":"https:\/\/www.naoobvio.com\/index.php\/wp-json\/wp\/v2\/types\/post"}],"author":[{"embeddable":true,"href":"https:\/\/www.naoobvio.com\/index.php\/wp-json\/wp\/v2\/users\/18"}],"replies":[{"embeddable":true,"href":"https:\/\/www.naoobvio.com\/index.php\/wp-json\/wp\/v2\/comments?post=19138"}],"version-history":[{"count":27,"href":"https:\/\/www.naoobvio.com\/index.php\/wp-json\/wp\/v2\/posts\/19138\/revisions"}],"predecessor-version":[{"id":19215,"href":"https:\/\/www.naoobvio.com\/index.php\/wp-json\/wp\/v2\/posts\/19138\/revisions\/19215"}],"wp:featuredmedia":[{"embeddable":true,"href":"https:\/\/www.naoobvio.com\/index.php\/wp-json\/wp\/v2\/media\/19212"}],"wp:attachment":[{"href":"https:\/\/www.naoobvio.com\/index.php\/wp-json\/wp\/v2\/media?parent=19138"}],"wp:term":[{"taxonomy":"category","embeddable":true,"href":"https:\/\/www.naoobvio.com\/index.php\/wp-json\/wp\/v2\/categories?post=19138"},{"taxonomy":"post_tag","embeddable":true,"href":"https:\/\/www.naoobvio.com\/index.php\/wp-json\/wp\/v2\/tags?post=19138"}],"curies":[{"name":"wp","href":"https:\/\/api.w.org\/{rel}","templated":true}]}}