{"id":20481,"date":"2020-08-24T11:54:19","date_gmt":"2020-08-24T14:54:19","guid":{"rendered":"https:\/\/www.naoobvio.com\/?p=20481"},"modified":"2020-08-24T11:54:20","modified_gmt":"2020-08-24T14:54:20","slug":"6-filmes-com-enredos-que-dao-um-no-na-cabeca","status":"publish","type":"post","link":"https:\/\/www.naoobvio.com\/index.php\/2020\/08\/24\/6-filmes-com-enredos-que-dao-um-no-na-cabeca\/","title":{"rendered":"6 FILMES COM ENREDOS QUE D\u00c3O UM N\u00d3 NA CABE\u00c7A"},"content":{"rendered":"\n<p style=\"background-color:#3c545e\" class=\"has-text-color has-background has-very-light-gray-color\">Voc\u00ea j\u00e1 deve ter assistido a algum filme que, quando terminou, deixou a sua cabe\u00e7a com diversas interroga\u00e7\u00f5es, seja sobre a pr\u00f3pria trama ou sobre o mundo em geral. Aquele filme dif\u00edcil, que voc\u00ea quebrou a cabe\u00e7a para achar o sentido, mesmo percebendo desde o in\u00edcio que foi algo bem feito e com roteiro bem amarrado.<\/p>\n\n\n\n<div class=\"wp-block-image\"><figure class=\"alignleft is-resized\"><img loading=\"lazy\" src=\"https:\/\/media.boingboing.net\/wp-content\/uploads\/2019\/11\/tim-and-eric-mind-blown.gif\" alt=\"\" width=\"354\" height=\"236\"\/><\/figure><\/div>\n\n\n\n<p class=\"has-text-color has-background has-very-dark-gray-color has-very-light-gray-background-color\">Animais Noturnos, protagonizado por Amy Adams e Jake Gyllenhaal, \u00e9 um exemplo. No longa, acompanhamos Susan lendo um manuscrito escrito pelo primeiro marido Edward, sobre um homem numa viagem com a esposa e filha. At\u00e9 que a situa\u00e7\u00e3o toma um rumo violento, quando a fam\u00edlia cruza o caminho com uma gangue. Muito bem avaliado pela cr\u00edtica, n\u00e3o \u00e9 para qualquer um.<br><br><strong>Esse tipo de filme se enquadra na categoria <\/strong><em><strong>mindfuck<\/strong><\/em><strong>: produ\u00e7\u00f5es que fazem sua cabe\u00e7a explodir e que voc\u00ea termina confuso(a).<\/strong><\/p>\n\n\n\n<div class=\"wp-block-image\"><figure class=\"alignright is-resized\"><img loading=\"lazy\" src=\"https:\/\/thumbs.gfycat.com\/CarelessAjarGrizzlybear-size_restricted.gif\" alt=\"\" width=\"462\" height=\"214\"\/><\/figure><\/div>\n\n\n\n<p style=\"background-color:#3c545e\" class=\"has-text-color has-background has-very-light-gray-color\">Ilha do Medo \u00e9 uma das obras mindfuck mais conhecidas. Teddy Daniels \u00e9 respons\u00e1vel por investigar o desaparecimento de um paciente no Hospital Psiqui\u00e1trico Shutter Island Ashecliffe, em Boston. L\u00e1, ele descobre que os m\u00e9dicos realizam experi\u00eancias ilegais e anti\u00e9ticas com os pacientes. Quando uma rebeli\u00e3o se inicia e um furac\u00e3o deixa a ilha sem sinal de comunica\u00e7\u00e3o, a situa\u00e7\u00e3o se torna perigosa.<br><br>Protagonizado por Leonardo DiCaprio, Ilha do Medo \u00e9 um suspense angustiante sobre as faces da loucura.<\/p>\n\n\n\n<div class=\"wp-block-image\"><figure class=\"alignleft is-resized\"><img loading=\"lazy\" src=\"https:\/\/episodiosdehoje.com\/wp-content\/uploads\/2015\/07\/interstella-gif-.gif\" alt=\"Os 4 filmes mais superestimados dos \u00faltimos tempos - Epis\u00f3dios de Hoje\" width=\"561\" height=\"231\"\/><\/figure><\/div>\n\n\n\n<p class=\"has-text-color has-background has-very-light-gray-color has-very-dark-gray-background-color\">Outro bom exemplo \u00e9 o filme<strong> Interestrelar<\/strong>. Nele, as reservas naturais da Terra est\u00e3o chegando ao fim e um grupo de astronautas recebe a miss\u00e3o de verificar poss\u00edveis planetas para receberem a popula\u00e7\u00e3o mundial, possibilitando a continua\u00e7\u00e3o da esp\u00e9cie. Cooper \u00e9 chamado para liderar o grupo e aceita a miss\u00e3o sabendo que pode nunca mais ver os filhos. Ao lado de Brand, Jenkins e Doyle, ele seguir\u00e1 em busca de um novo lar. <br><br>O longa trata de diversas quest\u00f5es te\u00f3ricas sobre dimens\u00f5es, buracos de minhocas e outros aspectos que, por si s\u00f3, j\u00e1 conseguem fazer com que nos perguntemos sobre muitos pontos. <\/p>\n\n\n\n<p class=\"has-background has-cyan-bluish-gray-background-color\">Seguindo esse estilo, que tal conhecer outros filmes <em>mindfuck<\/em>? O N\u00c3O \u00d3BVIO selecionou seis obras surpreendentes enrustidas em hist\u00f3rias comuns que, na verdade, d\u00e3o um n\u00f3 na sua cabe\u00e7a.<\/p>\n\n\n\n<h1>1. AS DUAS FACES DE UM CRIME (1996)<\/h1>\n\n\n\n<hr class=\"wp-block-separator\"\/>\n\n\n\n<figure class=\"wp-block-embed-youtube wp-block-embed is-type-video is-provider-youtube wp-embed-aspect-16-9 wp-has-aspect-ratio\"><div class=\"wp-block-embed__wrapper\">\n<iframe title=\"Primal Fear - Trailer\" width=\"840\" height=\"473\" src=\"https:\/\/www.youtube.com\/embed\/PnmTi7hSjrA?feature=oembed\" frameborder=\"0\" allow=\"accelerometer; autoplay; encrypted-media; gyroscope; picture-in-picture\" allowfullscreen><\/iframe>\n<\/div><\/figure>\n\n\n\n<p class=\"has-background has-cyan-bluish-gray-background-color\">O assassinato de um grande arcebispo em Chicago choca o p\u00fablico. O suspeito \u00e9 o coroinha Aaron Stampler, encontrado com roupas cobertas com o sangue da v\u00edtima. O ex-promotor e advogado viciado em fama, Martin Vail, se oferece para defender o jovem<br><br>Estrelado por Richard Gere e Edward Norton &#8211; que d\u00e3o um show de atua\u00e7\u00e3o -, o suspense tem narrativa muito bem constru\u00edda que prende o espectador com facilidade do come\u00e7o ao fim.<br><br>Na verdade, antes de Edward Norton, o papel de Aaron Stampler era de Leonardo DiCaprio. Mas, como DiCaprio desistiu, o papel foi passado para frente.&nbsp;<br><br>O desempenho dos atores \u00e9 t\u00e3o aclamada, sobretudo a de Norton em seu primeiro papel no cinema, que ele foi indicado ao Oscar, Globo de Ouro e BAFTA como Melhor Ator Coadjuvante.&nbsp;<br><br>As Duas Faces de um Crime \u00e9 baseado no livro de William Diehl, com adapta\u00e7\u00e3o de roteiro eletrizante de Steve Shagan e Ann Biderman. O espectador vibra, torce e se contorce com Martin e Aaron, buscando a resolu\u00e7\u00e3o do caso tanto quanto os personagens.<\/p>\n\n\n\n<p style=\"background-color:#3c545e\" class=\"has-text-color has-background has-very-light-gray-color\"><strong>\u260c G\u00eanero:<\/strong> Drama, Suspense<br><strong>\u260c Dura\u00e7\u00e3o:<\/strong> 2h11<br><strong>\u260c Lan\u00e7amento: <\/strong>1996<br><strong>\u260c Dire\u00e7\u00e3o:<\/strong> Gregory Hoblit<br><strong>\u260c Elenco:<\/strong> Richard Gere, Laura Linney, Edward Norton, Maura Tierney, Andre Braugher, John Mahoney<br><strong>\u260c Nacionalidade:<\/strong> Estados Unidos<br><strong>\u260c Onde assistir: <\/strong><a href=\"https:\/\/www.youtube.com\/watch?v=BKtfDg7XE2E\">YouTube<\/a><\/p>\n\n\n\n<h1><strong>2. O PREDESTINADO (2014)<\/strong><\/h1>\n\n\n\n<hr class=\"wp-block-separator\"\/>\n\n\n\n<figure class=\"wp-block-embed-youtube wp-block-embed is-type-video is-provider-youtube wp-embed-aspect-16-9 wp-has-aspect-ratio\"><div class=\"wp-block-embed__wrapper\">\n<iframe title=\"O Predestinado\" width=\"840\" height=\"473\" src=\"https:\/\/www.youtube.com\/embed\/HW14SmrmLAs?feature=oembed\" frameborder=\"0\" allow=\"accelerometer; autoplay; encrypted-media; gyroscope; picture-in-picture\" allowfullscreen><\/iframe>\n<\/div><\/figure>\n\n\n\n<p class=\"has-background has-cyan-bluish-gray-background-color\">Respons\u00e1vel por viajar no tempo em busca de criminosos, um agente temporal \u00e9 encarregado de impedir um ataque feito por seu inimigo mais desafiador, que matar\u00e1 milhares de pessoas no futuro.<br><br>Isto \u00e9 tudo o que voc\u00ea precisa saber antes de assistir O Predestinado, j\u00e1 que qualquer detalhe a mais poder ser um grande spoiler.&nbsp;<br><br>Baseado no conto All You Zombies, do autor Robert A. Heinlein, o filme \u00e9, literalmente, uma viagem, que d\u00e1 um n\u00f3 no c\u00e9rebro. O Predestinado \u00e9 repleto de reviravolta confusas e uma conclus\u00e3o de tirar o f\u00f4lego, que garante ao longa um desfecho surpreendente e emocionante.&nbsp;<br><br>O longa \u00e9 din\u00e2mico e prende a aten\u00e7\u00e3o sem esfor\u00e7os, tratando sobre como cada pessoa se relaciona com sua pr\u00f3pria hist\u00f3ria.<br><br>Em 2015, O Predestinado ganhou quatro pr\u00eamios, incluindo de Melhor Atriz pela Academia Australiana de Cinema e Televis\u00e3o (AACTA), para Sarah Snook.<\/p>\n\n\n\n<p style=\"background-color:#3c545e\" class=\"has-text-color has-background has-very-light-gray-color\"><strong>\u260c G\u00eanero:<\/strong> Fic\u00e7\u00e3o Cient\u00edfica<br><strong>\u260c Dura\u00e7\u00e3o:<\/strong> 1h37<br><strong>\u260c Lan\u00e7amento:<\/strong> 2014<br><strong>\u260c Dire\u00e7\u00e3o:<\/strong> Michael Spierig, Peter Spierig<br><strong>\u260c Elenco:<\/strong> Ethan Hawke, Sarah Snook, Christopher Kirby, Christopher Sommers, Kuni Hashimoto, Sara El-Yafi, Paul Moder<br><strong>\u260c Nacionalidade:<\/strong> Austr\u00e1lia<br><strong>\u260c Onde assistir: <\/strong><a href=\"https:\/\/www.youtube.com\/watch?v=i1WjEetMWy4\">YouTube<\/a><\/p>\n\n\n\n<h1>3. <strong>O OPER\u00c1RIO (2004)<\/strong><\/h1>\n\n\n\n<hr class=\"wp-block-separator\"\/>\n\n\n\n<figure class=\"wp-block-embed-youtube wp-block-embed is-type-video is-provider-youtube wp-embed-aspect-16-9 wp-has-aspect-ratio\"><div class=\"wp-block-embed__wrapper\">\n<iframe title=\"O Oper\u00e1rio - Trailer legendado\" width=\"840\" height=\"473\" src=\"https:\/\/www.youtube.com\/embed\/EkNF7MCIy2M?feature=oembed\" frameborder=\"0\" allow=\"accelerometer; autoplay; encrypted-media; gyroscope; picture-in-picture\" allowfullscreen><\/iframe>\n<\/div><\/figure>\n\n\n\n<p class=\"has-background has-cyan-bluish-gray-background-color\">H\u00e1 um ano sem dormir, os sintomas da falta de sono come\u00e7am a prejudicar a sa\u00fade f\u00edsica e mental do oper\u00e1rio Trevor Reznik. Involuntariamente, Reznik provoca um acidente em seu trabalho e as coisas come\u00e7am a dar errado em sua vida.&nbsp;<br><br>Ele conspira que seus colegas de trabalho querem demiti-lo e que todos que conhece est\u00e3o contra ele. Cada vez mais problem\u00e1tico, Reznik atribui a culpa de seus problemas em uma figura emblem\u00e1tica chamada Ivan.<br><br>O Oper\u00e1rio carrega uma atmosfera sombria e confusa, que deixa o espectador desconfort\u00e1vel ao mesmo tempo em que acompanha a aura do personagem principal, protagonizado por Christian Bale.&nbsp;<br><br>Logo de cara os primeiros minutos de Bale em cena s\u00e3o chocantes, j\u00e1 que o ator emagreceu 29 quilos em quatro meses para incorporar Trevor Reznik com precis\u00e3o. O longa explora os limites da mente, questionando at\u00e9 qual ponto \u00e9 poss\u00edvel alcan\u00e7ar sem perder a sanidade.<br><br>Assim como Trevor, quem assiste quer entender o que est\u00e1 acontecendo, quem \u00e9 Ivan. O filme entrega, pouco a pouco, a resposta, atrav\u00e9s de flashes de mem\u00f3ria, objetos e anota\u00e7\u00f5es que aparecem misteriosamente na geladeira do protagonista.<br><br>O Oper\u00e1rio desenvolve-se num misto de confus\u00e3o e clareza que certamente d\u00e3o um n\u00f3 na cabe\u00e7a. O que \u00e9 real? O que est\u00e1 acontecendo de fato? O desfecho do filme \u00e9 intrigante.<\/p>\n\n\n\n<p style=\"background-color:#3c545e\" class=\"has-text-color has-background has-very-light-gray-color\"><strong>\u260c G\u00eanero:<\/strong> Thriller<br><strong>\u260c Dura\u00e7\u00e3o:<\/strong> 1h42<br><strong>\u260c Lan\u00e7amento:<\/strong> 2004<br><strong>\u260c Dire\u00e7\u00e3o:<\/strong> Brad Anderson<br><strong>\u260c Elenco:<\/strong> Christian Bale, Jennifer Jason Leigh, John Sharian, Aitana S\u00e1nchez-Gij\u00f3n<br><strong>\u260c Nacionalidade:<\/strong> Estados Unidos, Espanha, Fran\u00e7a, Reino Unido<br><strong>\u260c Onde assistir:<\/strong><a href=\"https:\/\/www.primevideo.com\/detail\/The-Machinist\/0PYXNS5RI6WWMXRHDXFA1GONZ0?_encoding=UTF8&amp;language=pt_BR\"> Amazon Prime<\/a><\/p>\n\n\n\n<h1>4. <strong>PRIMER (2004)<\/strong><\/h1>\n\n\n\n<hr class=\"wp-block-separator\"\/>\n\n\n\n<figure class=\"wp-block-embed-youtube wp-block-embed is-type-video is-provider-youtube wp-embed-aspect-16-9 wp-has-aspect-ratio\"><div class=\"wp-block-embed__wrapper\">\n<iframe title=\"Primer (2004) Official Trailer\" width=\"840\" height=\"473\" src=\"https:\/\/www.youtube.com\/embed\/-vD-yj9o664?feature=oembed\" frameborder=\"0\" allow=\"accelerometer; autoplay; encrypted-media; gyroscope; picture-in-picture\" allowfullscreen><\/iframe>\n<\/div><\/figure>\n\n\n\n<p class=\"has-background has-cyan-bluish-gray-background-color\">Outra recomenda\u00e7\u00e3o sobre viagem no tempo \u00e9 o filme Primer. Lan\u00e7ado em 2004, conta a&nbsp; hist\u00f3ria de quatro amigos engenheiros que realizam experi\u00eancias cient\u00edficas numa garagem. De todos, Aaron e Abe acidentalmente criam uma m\u00e1quina do tempo.&nbsp;<br><br>\u00c9 com esta premissa que Primer se desenrola. Muitos consideram um filme complexo, repleto de pequenos detalhes que nem mesmo espectadores atentos conseguem desvendar de primeira.<br><br>Num estilo documental, Abe e Aaron utilizam jarg\u00f5es cient\u00edficos, o que dificulta o entendimento de quem assiste, por isso \u00e9 muito f\u00e1cil se perder entre os di\u00e1logos. Mas, isso n\u00e3o tira o valor do longa.<br><br>O que eram para ser viagens inocentes, apenas para descobrirem as melhores a\u00e7\u00f5es da bolsa de valores, torna-se algo muito maior. Primer fala sobre \u00e9tica profissional e pessoal.&nbsp;<br><br>Feito com uma equipe amadora e or\u00e7amento baixo de apenas sete mil d\u00f3lares, a obra conquistou o pr\u00eamio do J\u00fari no Festival Sundance em 2004 e at\u00e9 hoje \u00e9 amado pela cr\u00edtica. E, \u00e9 claro, buga o c\u00e9rebro de quem assiste.<\/p>\n\n\n\n<p style=\"background-color:#3c545e\" class=\"has-text-color has-background has-very-light-gray-color\"><strong>\u260c G\u00eanero:<\/strong> Fic\u00e7\u00e3o Cient\u00edfica<br><strong>\u260c Dura\u00e7\u00e3o:<\/strong> 1h17<br><strong>\u260c Lan\u00e7amento:<\/strong> 2004<br><strong>\u260c Dire\u00e7\u00e3o:<\/strong> Shane Carruth<br><strong>\u260c Elenco:<\/strong> Shane Carruth, David Sullivan, Casey Gooden, Samantha Thomson<br><strong>\u260c Nacionalidade:<\/strong> Estados Unidos<br><strong>\u260c Onde assistir: <\/strong><a href=\"https:\/\/mubi.com\/pt\/films\/primer\">MUBI<\/a><\/p>\n\n\n\n<h1>5. <strong>13\u00ba ANDAR (1999)<\/strong><\/h1>\n\n\n\n<hr class=\"wp-block-separator\"\/>\n\n\n\n<figure class=\"wp-block-embed-youtube wp-block-embed is-type-video is-provider-youtube wp-embed-aspect-16-9 wp-has-aspect-ratio\"><div class=\"wp-block-embed__wrapper\">\n<iframe title=\"The Thirteenth Floor - Trailer\" width=\"840\" height=\"473\" src=\"https:\/\/www.youtube.com\/embed\/pb6LBi-Sf7s?feature=oembed\" frameborder=\"0\" allow=\"accelerometer; autoplay; encrypted-media; gyroscope; picture-in-picture\" allowfullscreen><\/iframe>\n<\/div><\/figure>\n\n\n\n<p class=\"has-background has-cyan-bluish-gray-background-color\">O longa 13\u00ba Andar \u00e9 uma op\u00e7\u00e3o para quem gosta de fic\u00e7\u00e3o cient\u00edfica, mas quer variar para al\u00e9m da viagem no tempo.<br><br>Hannon Fuller e Douglas Hall est\u00e3o envolvidos num projeto de realidade virtual que simula a cidade de Los Angeles em 1937. Mas, misteriosamente, Fuller \u00e9 assassinado antes de passar informa\u00e7\u00f5es importantes para o s\u00f3cio, considerado o principal suspeito do crime. Em busca da verdade, Hall entra no mundo simulado para investigar a morte do parceiro.<br><br>O \u00fanico defeito de 13\u00ba Andar foi ter sido lan\u00e7ado no mesmo ano que Matrix. Para muitos, o longa de Josef Rusnak merecia muito mais reconhecimento, considerado por muitos, melhor at\u00e9 que o filme protagonizado por Keanu Reeves.<br><br>Baseado no livro Simulacron 3, de Daniel Galouye, o filme possui uma trama envolvente e complexa, estilo cyberpunk. \u00c9 instigante do come\u00e7o ao fim e com certeza far\u00e1 seu c\u00e9rebro explodir no final.<br><br>13\u00ba Andar questiona a nossa pr\u00f3pria exist\u00eancia. Afinal de contas o que \u00e9 real e o que n\u00e3o \u00e9?<\/p>\n\n\n\n<p style=\"background-color:#3c545e\" class=\"has-text-color has-background has-very-light-gray-color\"><strong>\u260c G\u00eanero:<\/strong> Fic\u00e7\u00e3o Cient\u00edfica<br><strong>\u260c Dura\u00e7\u00e3o:<\/strong> 1h40<br><strong>\u260c Lan\u00e7amento:<\/strong> 1999<br><strong>\u260c Dire\u00e7\u00e3o:<\/strong> Josef Rusnak<br><strong>\u260c Elenco:<\/strong> Craig Bierko, Armin Mueller-Stahl, Gretchen Mol, Vincent D&#8217;Onofrio, Dennis Haysbert, Steven Schub<br><strong>\u260c Nacionalidade:<\/strong> Estados Unidos<br><strong>\u260c Onde assistir: <\/strong><a href=\"https:\/\/www.youtube.com\/watch?v=Kas1oFesVrA\">YouTube<\/a><\/p>\n\n\n\n<h1>6. CREEP (2014)<\/h1>\n\n\n\n<hr class=\"wp-block-separator\"\/>\n\n\n\n<figure class=\"wp-block-embed-youtube wp-block-embed is-type-video is-provider-youtube wp-embed-aspect-16-9 wp-has-aspect-ratio\"><div class=\"wp-block-embed__wrapper\">\n<iframe title=\"Creep Official Trailer 1 (2015) - Mark Duplass Horror Movie HD\" width=\"840\" height=\"473\" src=\"https:\/\/www.youtube.com\/embed\/Gp7tBypjwDo?feature=oembed\" frameborder=\"0\" allow=\"accelerometer; autoplay; encrypted-media; gyroscope; picture-in-picture\" allowfullscreen><\/iframe>\n<\/div><\/figure>\n\n\n\n<p class=\"has-background has-cyan-bluish-gray-background-color\">Sem dinheiro, o cinegrafista Aaron responde um an\u00fancio criado por Josef para ter seu dia documentado. Para isso, Aaron viaja at\u00e9 uma cidade remota nas montanhas. Mas, conforme ambos se aproximam, ele descobre que Josef n\u00e3o \u00e9 quem ele tinha imaginado.&nbsp;<br><br>Por mais clich\u00ea que Creep se baseie em clich\u00eas de outros filmes de terror, ainda assim consegue tirar o f\u00f4lego de quem assiste por ser totalmente imprevis\u00edvel.&nbsp;<br><br>Seguindo o estilo found footage, a obra envolve o espectador num terror psicol\u00f3gico tenso, com infinitas possibilidades. N\u00e3o d\u00e1 para saber o que vem a seguir, j\u00e1 que o ambiente \u00e9 envolto por uma tens\u00e3o sem fim.<br><br>Filme de estreia do diretor Patrick Brice (que tamb\u00e9m assina o roteiro e protagoniza o longa ao lado de Mark Duplass), feito de forma independente, Creep \u00e9 um filme bizarro.<br><br>Em 2017, Brice lan\u00e7ou <a href=\"https:\/\/www.netflix.com\/br\/title\/80168161\">Creep 2<\/a>.<\/p>\n\n\n\n<p style=\"background-color:#3c545e\" class=\"has-text-color has-background has-very-light-gray-color\"><strong>\u260c G\u00eanero:<\/strong> Terror<br><strong>\u260c Dura\u00e7\u00e3o:<\/strong> 1h17<br><strong>\u260c Lan\u00e7amento:<\/strong> 2014<br><strong>\u260c Dire\u00e7\u00e3o:<\/strong> Patrick Brice<br><strong>\u260c Elenco:<\/strong> Mark Duplass, Patrick Brice<br><strong>\u260c Nacionalidade:<\/strong> Estados Unidos<br><strong>\u260c Onde assistir:<\/strong><a href=\"https:\/\/www.netflix.com\/br\/title\/70306646\">Netflix<\/a><\/p>\n","protected":false},"excerpt":{"rendered":"<p>Filmes sobre viagem no tempo, crimes, realidades paralelas e muito mais. Conhe\u00e7a t\u00edtulos com enredos incr\u00edveis e bizarros, que te incomodar\u00e3o por semanas.<\/p>\n","protected":false},"author":18,"featured_media":20502,"comment_status":"open","ping_status":"open","sticky":false,"template":"","format":"standard","meta":[],"categories":[14,16],"tags":[743,744,387,296],"acf":[],"yoast_head":"<!-- This site is optimized with the Yoast SEO plugin v15.9.2 - https:\/\/yoast.com\/wordpress\/plugins\/seo\/ -->\n<title>6 FILMES COM ENREDOS QUE D\u00c3O UM N\u00d3 NA CABE\u00c7A - N\u00e3o \u00d3bvio<\/title>\n<meta name=\"robots\" content=\"index, follow, max-snippet:-1, max-image-preview:large, max-video-preview:-1\" \/>\n<link rel=\"canonical\" href=\"https:\/\/www.naoobvio.com\/index.php\/2020\/08\/24\/6-filmes-com-enredos-que-dao-um-no-na-cabeca\/\" \/>\n<meta property=\"og:locale\" content=\"pt_BR\" \/>\n<meta property=\"og:type\" content=\"article\" \/>\n<meta property=\"og:title\" content=\"6 FILMES COM ENREDOS QUE D\u00c3O UM N\u00d3 NA CABE\u00c7A - N\u00e3o \u00d3bvio\" \/>\n<meta property=\"og:url\" content=\"https:\/\/www.naoobvio.com\/index.php\/2020\/08\/24\/6-filmes-com-enredos-que-dao-um-no-na-cabeca\/\" \/>\n<meta property=\"og:site_name\" content=\"N\u00e3o \u00d3bvio\" \/>\n<meta property=\"article:publisher\" content=\"http:\/\/facebook.com\/nao.obvio\" \/>\n<meta property=\"article:published_time\" content=\"2020-08-24T14:54:19+00:00\" \/>\n<meta property=\"article:modified_time\" content=\"2020-08-24T14:54:20+00:00\" \/>\n<meta property=\"og:image\" content=\"https:\/\/www.naoobvio.com\/wp-content\/uploads\/2020\/08\/f27d650f35d4728d2b95c291c7e7844f.jpg\" \/>\n\t<meta property=\"og:image:width\" content=\"4096\" \/>\n\t<meta property=\"og:image:height\" content=\"2560\" \/>\n<meta name=\"twitter:card\" content=\"summary_large_image\" \/>\n<meta name=\"twitter:label1\" content=\"Est. reading time\">\n\t<meta name=\"twitter:data1\" content=\"9 minutos\">\n<script type=\"application\/ld+json\" class=\"yoast-schema-graph\">{\"@context\":\"https:\/\/schema.org\",\"@graph\":[{\"@type\":\"WebSite\",\"@id\":\"https:\/\/www.naoobvio.com\/#website\",\"url\":\"https:\/\/www.naoobvio.com\/\",\"name\":\"N\\u00e3o \\u00d3bvio\",\"description\":\"O que falta na sua  lista\",\"potentialAction\":[{\"@type\":\"SearchAction\",\"target\":\"https:\/\/www.naoobvio.com\/?s={search_term_string}\",\"query-input\":\"required name=search_term_string\"}],\"inLanguage\":\"pt-BR\"},{\"@type\":\"ImageObject\",\"@id\":\"https:\/\/www.naoobvio.com\/index.php\/2020\/08\/24\/6-filmes-com-enredos-que-dao-um-no-na-cabeca\/#primaryimage\",\"inLanguage\":\"pt-BR\",\"url\":\"https:\/\/www.naoobvio.com\/wp-content\/uploads\/2020\/08\/f27d650f35d4728d2b95c291c7e7844f.jpg\",\"width\":4096,\"height\":2560},{\"@type\":\"WebPage\",\"@id\":\"https:\/\/www.naoobvio.com\/index.php\/2020\/08\/24\/6-filmes-com-enredos-que-dao-um-no-na-cabeca\/#webpage\",\"url\":\"https:\/\/www.naoobvio.com\/index.php\/2020\/08\/24\/6-filmes-com-enredos-que-dao-um-no-na-cabeca\/\",\"name\":\"6 FILMES COM ENREDOS QUE D\\u00c3O UM N\\u00d3 NA CABE\\u00c7A - N\\u00e3o \\u00d3bvio\",\"isPartOf\":{\"@id\":\"https:\/\/www.naoobvio.com\/#website\"},\"primaryImageOfPage\":{\"@id\":\"https:\/\/www.naoobvio.com\/index.php\/2020\/08\/24\/6-filmes-com-enredos-que-dao-um-no-na-cabeca\/#primaryimage\"},\"datePublished\":\"2020-08-24T14:54:19+00:00\",\"dateModified\":\"2020-08-24T14:54:20+00:00\",\"author\":{\"@id\":\"https:\/\/www.naoobvio.com\/#\/schema\/person\/4b99d103fcaf9d1427cbdce7e0e496be\"},\"breadcrumb\":{\"@id\":\"https:\/\/www.naoobvio.com\/index.php\/2020\/08\/24\/6-filmes-com-enredos-que-dao-um-no-na-cabeca\/#breadcrumb\"},\"inLanguage\":\"pt-BR\",\"potentialAction\":[{\"@type\":\"ReadAction\",\"target\":[\"https:\/\/www.naoobvio.com\/index.php\/2020\/08\/24\/6-filmes-com-enredos-que-dao-um-no-na-cabeca\/\"]}]},{\"@type\":\"BreadcrumbList\",\"@id\":\"https:\/\/www.naoobvio.com\/index.php\/2020\/08\/24\/6-filmes-com-enredos-que-dao-um-no-na-cabeca\/#breadcrumb\",\"itemListElement\":[{\"@type\":\"ListItem\",\"position\":1,\"item\":{\"@type\":\"WebPage\",\"@id\":\"https:\/\/www.naoobvio.com\/\",\"url\":\"https:\/\/www.naoobvio.com\/\",\"name\":\"In\\u00edcio\"}},{\"@type\":\"ListItem\",\"position\":2,\"item\":{\"@type\":\"WebPage\",\"@id\":\"https:\/\/www.naoobvio.com\/index.php\/2020\/08\/24\/6-filmes-com-enredos-que-dao-um-no-na-cabeca\/\",\"url\":\"https:\/\/www.naoobvio.com\/index.php\/2020\/08\/24\/6-filmes-com-enredos-que-dao-um-no-na-cabeca\/\",\"name\":\"6 FILMES COM ENREDOS QUE D\\u00c3O UM N\\u00d3 NA CABE\\u00c7A\"}}]},{\"@type\":\"Person\",\"@id\":\"https:\/\/www.naoobvio.com\/#\/schema\/person\/4b99d103fcaf9d1427cbdce7e0e496be\",\"name\":\"Carolina Rodrigues \\u2022 @carolinahelfstein\",\"image\":{\"@type\":\"ImageObject\",\"@id\":\"https:\/\/www.naoobvio.com\/#personlogo\",\"inLanguage\":\"pt-BR\",\"url\":\"https:\/\/secure.gravatar.com\/avatar\/d846e47b9c8cff4de2c46d4a53be1890?s=96&d=mm&r=g\",\"caption\":\"Carolina Rodrigues \\u2022 @carolinahelfstein\"},\"description\":\"Jornalista apaixonada por k-pop e aficionada pela cultura pop em geral.\",\"sameAs\":[\"https:\/\/www.instagram.com\/carolinahelfstein\/\"]}]}<\/script>\n<!-- \/ Yoast SEO plugin. -->","_links":{"self":[{"href":"https:\/\/www.naoobvio.com\/index.php\/wp-json\/wp\/v2\/posts\/20481"}],"collection":[{"href":"https:\/\/www.naoobvio.com\/index.php\/wp-json\/wp\/v2\/posts"}],"about":[{"href":"https:\/\/www.naoobvio.com\/index.php\/wp-json\/wp\/v2\/types\/post"}],"author":[{"embeddable":true,"href":"https:\/\/www.naoobvio.com\/index.php\/wp-json\/wp\/v2\/users\/18"}],"replies":[{"embeddable":true,"href":"https:\/\/www.naoobvio.com\/index.php\/wp-json\/wp\/v2\/comments?post=20481"}],"version-history":[{"count":13,"href":"https:\/\/www.naoobvio.com\/index.php\/wp-json\/wp\/v2\/posts\/20481\/revisions"}],"predecessor-version":[{"id":20504,"href":"https:\/\/www.naoobvio.com\/index.php\/wp-json\/wp\/v2\/posts\/20481\/revisions\/20504"}],"wp:featuredmedia":[{"embeddable":true,"href":"https:\/\/www.naoobvio.com\/index.php\/wp-json\/wp\/v2\/media\/20502"}],"wp:attachment":[{"href":"https:\/\/www.naoobvio.com\/index.php\/wp-json\/wp\/v2\/media?parent=20481"}],"wp:term":[{"taxonomy":"category","embeddable":true,"href":"https:\/\/www.naoobvio.com\/index.php\/wp-json\/wp\/v2\/categories?post=20481"},{"taxonomy":"post_tag","embeddable":true,"href":"https:\/\/www.naoobvio.com\/index.php\/wp-json\/wp\/v2\/tags?post=20481"}],"curies":[{"name":"wp","href":"https:\/\/api.w.org\/{rel}","templated":true}]}}