{"id":20565,"date":"2020-09-10T10:28:51","date_gmt":"2020-09-10T13:28:51","guid":{"rendered":"https:\/\/www.naoobvio.com\/?p=20565"},"modified":"2020-09-10T10:30:29","modified_gmt":"2020-09-10T13:30:29","slug":"5-series-nao-obvias-que-retraram-a-vida-familiar","status":"publish","type":"post","link":"https:\/\/www.naoobvio.com\/index.php\/2020\/09\/10\/5-series-nao-obvias-que-retraram-a-vida-familiar\/","title":{"rendered":"5 S\u00c9RIES N\u00c3O \u00d3BVIAS QUE RETRATAM CASOS DE FAM\u00cdLIA"},"content":{"rendered":"\n<p>N\u00e3o \u00e9 de hoje que as tem\u00e1ticas familiares s\u00e3o um dos g\u00eaneros favoritos no mundo do entretenimento. Algumas das s\u00e9ries mais famosas que focam no dia a dia de algumas fam\u00edlias fict\u00edcias s\u00e3o: Jane The Virgin; Tr\u00eas \u00e9 Demais (e seu <em>spin-off<\/em> Fuller House); Modern Family; Gilmore Girls; Todo Mundo Odeia o Chris; Um Maluco no Peda\u00e7o; Eu, a Patroa e as Crian\u00e7as; Os Feiticeiros de Waverly Place; e Boa Sorte Charlie. <\/p>\n\n\n\n<div class=\"wp-block-media-text alignwide\" style=\"background-color:#454166\"><figure class=\"wp-block-media-text__media\"><img src=\"https:\/\/media.giphy.com\/media\/3o7abDWPIJei4iYKxa\/giphy.gif\" alt=\"\"\/><\/figure><div class=\"wp-block-media-text__content\">\n<p class=\"has-text-color has-very-light-gray-color\"><br>Pensando em quem j\u00e1 (re)assistiu todas as citadas acima e procura por outros t\u00edtulos semelhantes para maratonar, o N\u00c3O \u00d3BVIO preparou uma lista com s\u00e9ries n\u00e3o t\u00e3o populares assim para os brasileiros, mas que s\u00e3o adoradas pelo mundo e que exibem os dramas e as alegrias das mais variadas e \u00fanicas fam\u00edlias do <em>showbiz<\/em>. Confira:<\/p>\n<\/div><\/div>\n\n\n\n<p class=\"has-background has-medium-font-size has-light-green-cyan-background-color\">\u260c Veja mais s\u00e9ries do g\u00eanero na mat\u00e9ria: <a href=\"https:\/\/www.naoobvio.com\/index.php\/2020\/06\/11\/10-series-da-netflix-com-protagonistas-pretos-para-entender-mais-o-racismo\/\"><strong>10 s\u00e9ries da Netflix com protagonistas pretos para entender mais o racismo<\/strong><\/a><strong>.<\/strong> <\/p>\n\n\n\n<h1>1. Six Feet Under (A Sete Palmos) <\/h1>\n\n\n\n<hr class=\"wp-block-separator\"\/>\n\n\n\n<figure class=\"wp-block-embed-youtube wp-block-embed is-type-video is-provider-youtube wp-embed-aspect-16-9 wp-has-aspect-ratio\"><div class=\"wp-block-embed__wrapper\">\n<iframe title=\"Six Feet Under Trailer (HBO)\" width=\"840\" height=\"473\" src=\"https:\/\/www.youtube.com\/embed\/VT6Fq1ENb8s?feature=oembed\" frameborder=\"0\" allow=\"accelerometer; autoplay; encrypted-media; gyroscope; picture-in-picture\" allowfullscreen><\/iframe>\n<\/div><\/figure>\n\n\n\n<p class=\"has-background has-very-light-gray-background-color\">Produzida pelo canal americano HBO e vencedora de diversos pr\u00eamios importantes no Emmy e no Globo de Ouro, a s\u00e9rie foca na fam\u00edlia Fisher, conhecida por gerenciar uma funer\u00e1ria em Los Angeles. <br><br>Com met\u00e1foras e analogias, o drama apresenta a morte nos \u00e2ngulos mais profundos, tratando n\u00e3o apenas do lado literal, mas tamb\u00e9m das &#8216;<em>mortes que temos enquanto vivemos<\/em>&#8216;.<br><br>Utilizando de \u00e2ngulos pessoais, religiosos e filos\u00f3ficos, a trama mostra cada membro da fam\u00edlia lidando com temas como infidelidade, sexualidade e autoconhecimento em geral. <br><br>Cada epis\u00f3dio j\u00e1 come\u00e7a impactando com um falecimento \u2014 e por consequ\u00eancia, com um novo cliente da funer\u00e1ria. Esta morte, geralmente, d\u00e1 o tom de cada epis\u00f3dio, permitindo aos personagens refletirem sobre as suas vidas e infort\u00fanios, baseando-se na ida do cliente e suas consequ\u00eancias.<br><br>Para quem aprecia s\u00e9ries como Grey&#8217;s Anatomy, esta \u00e9 a pedida ideal.<\/p>\n\n\n\n<p style=\"background-color:#bd72f2\" class=\"has-background\">\u260c&nbsp;<strong>Onde assistir<\/strong>: <a href=\"https:\/\/br.hbogola.com\/content\/c4a8a3c2-35ab-4dda-94a6-d5e55d632671\">HBO GO<\/a><br>\u260c&nbsp;<strong>G\u00eanero<\/strong>: Drama\/Com\u00e9dia<br>\u260c&nbsp;<strong>N\u00famero de temporadas<\/strong>: 5 (finalizada)<br>\u260c&nbsp;<strong>Lan\u00e7amento<\/strong>: 2001<br>\u260c&nbsp;<strong>Elenco<\/strong>: Michael C. Hall, Peter Krause, Lauren Ambrose<\/p>\n\n\n\n<h1>2. Raising Hope<\/h1>\n\n\n\n<hr class=\"wp-block-separator\"\/>\n\n\n\n<figure class=\"wp-block-embed-youtube wp-block-embed is-type-video is-provider-youtube wp-embed-aspect-16-9 wp-has-aspect-ratio\"><div class=\"wp-block-embed__wrapper\">\n<iframe title=\"Raising Hope - Promo Legendado - N.E.R.D.S.\" width=\"840\" height=\"473\" src=\"https:\/\/www.youtube.com\/embed\/EElSW47dA1E?feature=oembed\" frameborder=\"0\" allow=\"accelerometer; autoplay; encrypted-media; gyroscope; picture-in-picture\" allowfullscreen><\/iframe>\n<\/div><\/figure>\n\n\n\n<p class=\"has-background has-very-light-gray-background-color\">Jimmy Chance \u00e9 um jovem de 23 anos que ainda vive com a fam\u00edlia, na pequena cidade de Natesville, sem qualquer futuro em mente. Certo dia, ele descobre que Lucy, a menina em que acabou de conhecer e passar a noite, \u00e9 uma criminosa fugitiva e condenada \u00e0 morte.<br><br>Mas se ele achava que a sua vida n\u00e3o poderia piorar, ele se v\u00ea completamente enganado ao descobrir que Lucy engravidou dele e deu a luz \u00e0 uma linda menina chamada Hope. Ele, ent\u00e3o, recebe a guarda da beb\u00ea e pede ajuda \u00e0 sua fam\u00edlia por n\u00e3o saber como cri\u00e1-la. Por\u00e9m, a sua fam\u00edlia tamb\u00e9m n\u00e3o sabe.<br><br>Assim, a trama retrata essa nova e desafiadora rotina dos Chance com muito humor leve e momentos (in)comuns na vida de qualquer casa. E, apesar de muito criticada e amada pelos telespectadores, foi finalizada na quarta temporada com um epis\u00f3dio duplo devido \u00e0 n\u00e3o-renova\u00e7\u00e3o da emissora.<\/p>\n\n\n\n<p style=\"background-color:#bd72f2\" class=\"has-background\">\u260c&nbsp;<strong>Onde assistir<\/strong>: <a href=\"https:\/\/www.hulu.com\/series\/raising-hope-3a0c75b0-dfea-4880-b1bf-0de4e54fea55?entity_id=ab310c5d-e73b-4c68-8f7c-38867630b659\">Hulu<\/a><br>\u260c&nbsp;<strong>G\u00eanero<\/strong>: Com\u00e9dia\/Sitcom<br>\u260c&nbsp;<strong>N\u00famero de temporadas<\/strong>: 4 (finalizada)<br>\u260c&nbsp;<strong>Lan\u00e7amento<\/strong>: 2010<br>\u260c&nbsp;<strong>Elenco<\/strong>: Lucas Neff, Martha Plimpton, Shannon Woodward<\/p>\n\n\n\n<h1>3. Chesapeake Shores <\/h1>\n\n\n\n<hr class=\"wp-block-separator\"\/>\n\n\n\n<figure class=\"wp-block-embed-youtube wp-block-embed is-type-video is-provider-youtube wp-embed-aspect-16-9 wp-has-aspect-ratio\"><div class=\"wp-block-embed__wrapper\">\n<iframe title=\"Chesapeake Shores | Sneak Peek - Stepping Back to Move Forward [LEGENDADO]\" width=\"840\" height=\"473\" src=\"https:\/\/www.youtube.com\/embed\/XEiQCU7bSWY?feature=oembed\" frameborder=\"0\" allow=\"accelerometer; autoplay; encrypted-media; gyroscope; picture-in-picture\" allowfullscreen><\/iframe>\n<\/div><\/figure>\n\n\n\n<p class=\"has-background has-very-light-gray-background-color\">Baseada na s\u00e9rie de livros de mesmo nome escrita por Sherryl Woods, sua hist\u00f3ria gira em torno de Abby, uma m\u00e3e divorciada de filhas g\u00eameas que possui uma carreira de sucesso em Nova Iorque. Sua vida corre bem at\u00e9 que recebe um telefonema desesperado da sua irm\u00e3, Jess, que precisa de ajuda para salvar o neg\u00f3cio da fam\u00edlia O&#8217;Brien: uma encantadora pousada em sua cidade natal, tamb\u00e9m constru\u00edda pelo seu pai, chamada  Chesapeake Shores, em Maryland.<br><br>Sua visita ao local traz reencontros marcantes que a fazem reviver algumas lembran\u00e7as esquecidas entre seu pai e av\u00f3, e principalmente com Trace, o seu antigo namorado de escola que foi deixado por ela quando saiu da cidade. Assim, percebe que a sua vida a afastou das pessoas mais importantes da sua vida e considera retornar \u00e0 pequena cidade numa mudan\u00e7a permanante. <\/p>\n\n\n\n<p style=\"background-color:#bd72f2\" class=\"has-background\">\u260c&nbsp;<strong>Onde assistir<\/strong>: <a href=\"https:\/\/www.netflix.com\/title\/80111373\">Netflix<\/a> <br>\u260c&nbsp;<strong>G\u00eanero<\/strong>: Drama<br>\u260c&nbsp;<strong>N\u00famero de temporadas<\/strong>: 4 (5\u00aa temporada estreia em 2021) <br>\u260c&nbsp;<strong>Lan\u00e7amento<\/strong>: 2016<br>\u260c&nbsp;<strong>Elenco<\/strong>: Laci Mailey, Jesse Metcalfe, Emilie Ullerup<\/p>\n\n\n\n<h1>4. The Fosters<\/h1>\n\n\n\n<hr class=\"wp-block-separator\"\/>\n\n\n\n<figure class=\"wp-block-embed-youtube wp-block-embed is-type-video is-provider-youtube wp-embed-aspect-16-9 wp-has-aspect-ratio\"><div class=\"wp-block-embed__wrapper\">\n<iframe title=\"The Fosters | Season 1 Winter Premiere Promo | Freeform\" width=\"840\" height=\"473\" src=\"https:\/\/www.youtube.com\/embed\/syj4YAuwxoc?feature=oembed\" frameborder=\"0\" allow=\"accelerometer; autoplay; encrypted-media; gyroscope; picture-in-picture\" allowfullscreen><\/iframe>\n<\/div><\/figure>\n\n\n\n<p class=\"has-background has-very-light-gray-background-color\">Os Fosters s\u00e3o uma fam\u00edlia formada por duas m\u00e3es \u2014 uma policial divorciada e uma vice-diretora escolar, um filho biol\u00f3gico e um casal de g\u00eameos adotivos. Um certo dia, suas vidas cruzam com a de uma adolescente e resolvem acolh\u00ea-la, sem saber que ela \u00e9 bem dif\u00edcil de lidar e tudo o que a interessa \u00e9 em salvar o seu irm\u00e3o mais novo que tamb\u00e9m vive em um lar adotivo, por\u00e9m sofre maus tratos.<br><br>Seus epis\u00f3dios trazem temas reais com um cotidiano que envolve desafios e conquistas. Al\u00e9m disso, tem apenas a famosa cantora e atriz Jennifer Lopez como Diretora Executiva. Apesar de finalizada, o sucesso da s\u00e9rie foi tanto que ganhou um spin-off (s\u00e9rie derivada do mesmo ambiente) chamado Good Trouble, que j\u00e1 possui tr\u00eas temporadas.<\/p>\n\n\n\n<p style=\"background-color:#bd72f2\" class=\"has-background\">\u260c&nbsp;<strong>Onde assistir<\/strong>: <a href=\"https:\/\/www.amazon.com\/The-Fosters-Season-1\/dp\/B00D6MQ6ZM\">Amazon Prime Video<\/a><br>\u260c&nbsp;<strong>G\u00eanero<\/strong>: Drama<br>\u260c&nbsp;<strong>N\u00famero de temporadas<\/strong>: 5 (finalizada)<br>\u260c&nbsp;<strong>Lan\u00e7amento<\/strong>: 2013<br>\u260c&nbsp;<strong>Elenco<\/strong>: Teri Polo, Sherri Saum, Jake T. Austin<\/p>\n\n\n\n<h1>5. Marlon<\/h1>\n\n\n\n<hr class=\"wp-block-separator\"\/>\n\n\n\n<figure class=\"wp-block-embed-youtube wp-block-embed is-type-video is-provider-youtube wp-embed-aspect-16-9 wp-has-aspect-ratio\"><div class=\"wp-block-embed__wrapper\">\n<iframe title=\"MARLON [Trailer Legendado]\" width=\"840\" height=\"473\" src=\"https:\/\/www.youtube.com\/embed\/Zkl-BtxNG5A?feature=oembed\" frameborder=\"0\" allow=\"accelerometer; autoplay; encrypted-media; gyroscope; picture-in-picture\" allowfullscreen><\/iframe>\n<\/div><\/figure>\n\n\n\n<p class=\"has-background has-very-light-gray-background-color\">Baseada na vida do famoso ator, comediante, roteirista e produtor Marlon Wayans, a s\u00e9rie foi encomendada pela Netflix como a promessa de ser o mais novo sitcom de sucesso da plataforma. Na trama, ele interpreta um pai rec\u00e9m-divorciado que tenta manter uma boa rela\u00e7\u00e3o com a ex-esposa, mesmo que tenham personalidades totalmente opostas, para dividir a cria\u00e7\u00e3o dos seus dois filhos, Marley e Zack.<br><br>Os epis\u00f3dios ent\u00e3o trazem uma rotina muito bem humorada com momentos de perrengue, troca de farpas, conselhos falhos e momentos em fam\u00edlia que rendem muitos v\u00eddeos para o canal do YouTube de Marlon, al\u00e9m de tocar com leveza em assuntos importantes que giram em torno dos protagonistas. Quem curte sitcom com caracter\u00edsticas mais clich\u00eas certamente se prender\u00e1 \u00e0 s\u00e9rie.<\/p>\n\n\n\n<p style=\"background-color:#bd72f2\" class=\"has-background\">\u260c&nbsp;<strong>Onde assistir<\/strong>: <a href=\"https:\/\/www.netflix.com\/title\/80158515\">Netflix<\/a><br>\u260c&nbsp;<strong>G\u00eanero<\/strong>: Com\u00e9dia\/Sitcom<br>\u260c&nbsp;<strong>N\u00famero de temporadas<\/strong>: 2 (finalizada)<br>\u260c&nbsp;<strong>Lan\u00e7amento<\/strong>: 2017<br>\u260c&nbsp;<strong>Elenco<\/strong>: Marlon Wayans, Essence Atkins, Notlim Taylor, Amir O&#8217;Neil<\/p>\n","protected":false},"excerpt":{"rendered":"<p>Conhe\u00e7a dramas e com\u00e9dias n\u00e3o t\u00e3o populares (por\u00e9m muito bem avaliados) e que surgem em s\u00e9ries j\u00e1 finalizadas que focam no dia a dia das mais diferentes fam\u00edlias da televis\u00e3o americana. <\/p>\n","protected":false},"author":19,"featured_media":20577,"comment_status":"open","ping_status":"open","sticky":false,"template":"","format":"standard","meta":[],"categories":[14,18],"tags":[450,410,167,65,112,273,335],"acf":[],"yoast_head":"<!-- This site is optimized with the Yoast SEO plugin v15.9.2 - https:\/\/yoast.com\/wordpress\/plugins\/seo\/ -->\n<title>5 S\u00c9RIES N\u00c3O \u00d3BVIAS QUE RETRATAM CASOS DE FAM\u00cdLIA - N\u00e3o \u00d3bvio<\/title>\n<meta name=\"robots\" content=\"index, follow, max-snippet:-1, max-image-preview:large, max-video-preview:-1\" \/>\n<link rel=\"canonical\" href=\"https:\/\/www.naoobvio.com\/index.php\/2020\/09\/10\/5-series-nao-obvias-que-retraram-a-vida-familiar\/\" \/>\n<meta property=\"og:locale\" content=\"pt_BR\" \/>\n<meta property=\"og:type\" content=\"article\" \/>\n<meta property=\"og:title\" content=\"5 S\u00c9RIES N\u00c3O \u00d3BVIAS QUE RETRATAM CASOS DE FAM\u00cdLIA - N\u00e3o \u00d3bvio\" \/>\n<meta property=\"og:url\" content=\"https:\/\/www.naoobvio.com\/index.php\/2020\/09\/10\/5-series-nao-obvias-que-retraram-a-vida-familiar\/\" \/>\n<meta property=\"og:site_name\" content=\"N\u00e3o \u00d3bvio\" \/>\n<meta property=\"article:publisher\" content=\"http:\/\/facebook.com\/nao.obvio\" \/>\n<meta property=\"article:author\" content=\"https:\/\/facebook.com\/stephanievff\" \/>\n<meta property=\"article:published_time\" content=\"2020-09-10T13:28:51+00:00\" \/>\n<meta property=\"article:modified_time\" content=\"2020-09-10T13:30:29+00:00\" \/>\n<meta property=\"og:image\" content=\"https:\/\/www.naoobvio.com\/wp-content\/uploads\/2020\/09\/series-sobre-familia-nao-obvio.png\" \/>\n\t<meta property=\"og:image:width\" content=\"1500\" \/>\n\t<meta property=\"og:image:height\" content=\"977\" \/>\n<meta name=\"twitter:card\" content=\"summary_large_image\" \/>\n<meta name=\"twitter:creator\" content=\"@novaiorquinah\" \/>\n<meta name=\"twitter:label1\" content=\"Est. reading time\">\n\t<meta name=\"twitter:data1\" content=\"5 minutos\">\n<script type=\"application\/ld+json\" class=\"yoast-schema-graph\">{\"@context\":\"https:\/\/schema.org\",\"@graph\":[{\"@type\":\"WebSite\",\"@id\":\"https:\/\/www.naoobvio.com\/#website\",\"url\":\"https:\/\/www.naoobvio.com\/\",\"name\":\"N\\u00e3o \\u00d3bvio\",\"description\":\"O que falta na sua  lista\",\"potentialAction\":[{\"@type\":\"SearchAction\",\"target\":\"https:\/\/www.naoobvio.com\/?s={search_term_string}\",\"query-input\":\"required name=search_term_string\"}],\"inLanguage\":\"pt-BR\"},{\"@type\":\"ImageObject\",\"@id\":\"https:\/\/www.naoobvio.com\/index.php\/2020\/09\/10\/5-series-nao-obvias-que-retraram-a-vida-familiar\/#primaryimage\",\"inLanguage\":\"pt-BR\",\"url\":\"https:\/\/www.naoobvio.com\/wp-content\/uploads\/2020\/09\/series-sobre-familia-nao-obvio.png\",\"width\":1500,\"height\":977},{\"@type\":\"WebPage\",\"@id\":\"https:\/\/www.naoobvio.com\/index.php\/2020\/09\/10\/5-series-nao-obvias-que-retraram-a-vida-familiar\/#webpage\",\"url\":\"https:\/\/www.naoobvio.com\/index.php\/2020\/09\/10\/5-series-nao-obvias-que-retraram-a-vida-familiar\/\",\"name\":\"5 S\\u00c9RIES N\\u00c3O \\u00d3BVIAS QUE RETRATAM CASOS DE FAM\\u00cdLIA - N\\u00e3o \\u00d3bvio\",\"isPartOf\":{\"@id\":\"https:\/\/www.naoobvio.com\/#website\"},\"primaryImageOfPage\":{\"@id\":\"https:\/\/www.naoobvio.com\/index.php\/2020\/09\/10\/5-series-nao-obvias-que-retraram-a-vida-familiar\/#primaryimage\"},\"datePublished\":\"2020-09-10T13:28:51+00:00\",\"dateModified\":\"2020-09-10T13:30:29+00:00\",\"author\":{\"@id\":\"https:\/\/www.naoobvio.com\/#\/schema\/person\/0abcb07723c6967342548565a6b871cf\"},\"breadcrumb\":{\"@id\":\"https:\/\/www.naoobvio.com\/index.php\/2020\/09\/10\/5-series-nao-obvias-que-retraram-a-vida-familiar\/#breadcrumb\"},\"inLanguage\":\"pt-BR\",\"potentialAction\":[{\"@type\":\"ReadAction\",\"target\":[\"https:\/\/www.naoobvio.com\/index.php\/2020\/09\/10\/5-series-nao-obvias-que-retraram-a-vida-familiar\/\"]}]},{\"@type\":\"BreadcrumbList\",\"@id\":\"https:\/\/www.naoobvio.com\/index.php\/2020\/09\/10\/5-series-nao-obvias-que-retraram-a-vida-familiar\/#breadcrumb\",\"itemListElement\":[{\"@type\":\"ListItem\",\"position\":1,\"item\":{\"@type\":\"WebPage\",\"@id\":\"https:\/\/www.naoobvio.com\/\",\"url\":\"https:\/\/www.naoobvio.com\/\",\"name\":\"In\\u00edcio\"}},{\"@type\":\"ListItem\",\"position\":2,\"item\":{\"@type\":\"WebPage\",\"@id\":\"https:\/\/www.naoobvio.com\/index.php\/2020\/09\/10\/5-series-nao-obvias-que-retraram-a-vida-familiar\/\",\"url\":\"https:\/\/www.naoobvio.com\/index.php\/2020\/09\/10\/5-series-nao-obvias-que-retraram-a-vida-familiar\/\",\"name\":\"5 S\\u00c9RIES N\\u00c3O \\u00d3BVIAS QUE RETRATAM CASOS DE FAM\\u00cdLIA\"}}]},{\"@type\":\"Person\",\"@id\":\"https:\/\/www.naoobvio.com\/#\/schema\/person\/0abcb07723c6967342548565a6b871cf\",\"name\":\"Stephanie Vasques \\u2022 @omundoporste\",\"image\":{\"@type\":\"ImageObject\",\"@id\":\"https:\/\/www.naoobvio.com\/#personlogo\",\"inLanguage\":\"pt-BR\",\"url\":\"https:\/\/secure.gravatar.com\/avatar\/bc63fad46bc0aeeb53b32a14c2c024e7?s=96&d=mm&r=g\",\"caption\":\"Stephanie Vasques \\u2022 @omundoporste\"},\"description\":\"Futura administradora, blogueira e viajante nas horas vagas, a Ste \\u00e9 apaixonada por tudo que envolva cultura. \\u00c9 dona do N\\u00e3o \\u00e9 Berlim, onde compartilha todas as suas experi\\u00eancias pelo mundo afora. E quando n\\u00e3o est\\u00e1 em alguma viagem, vira turista na pr\\u00f3pria cidade.\",\"sameAs\":[\"http:\/\/www.naoeberlim.com.br\/\",\"https:\/\/facebook.com\/stephanievff\",\"https:\/\/instagram.com\/omundoporste\",\"https:\/\/www.linkedin.com\/in\/stephanievf\/\",\"https:\/\/br.pinterest.com\/naoeberlim\/\",\"https:\/\/twitter.com\/novaiorquinah\",\"https:\/\/www.youtube.com\/channel\/UClzQtHIZVQsAjLzJVTL5KLQ\"]}]}<\/script>\n<!-- \/ Yoast SEO plugin. -->","_links":{"self":[{"href":"https:\/\/www.naoobvio.com\/index.php\/wp-json\/wp\/v2\/posts\/20565"}],"collection":[{"href":"https:\/\/www.naoobvio.com\/index.php\/wp-json\/wp\/v2\/posts"}],"about":[{"href":"https:\/\/www.naoobvio.com\/index.php\/wp-json\/wp\/v2\/types\/post"}],"author":[{"embeddable":true,"href":"https:\/\/www.naoobvio.com\/index.php\/wp-json\/wp\/v2\/users\/19"}],"replies":[{"embeddable":true,"href":"https:\/\/www.naoobvio.com\/index.php\/wp-json\/wp\/v2\/comments?post=20565"}],"version-history":[{"count":16,"href":"https:\/\/www.naoobvio.com\/index.php\/wp-json\/wp\/v2\/posts\/20565\/revisions"}],"predecessor-version":[{"id":20589,"href":"https:\/\/www.naoobvio.com\/index.php\/wp-json\/wp\/v2\/posts\/20565\/revisions\/20589"}],"wp:featuredmedia":[{"embeddable":true,"href":"https:\/\/www.naoobvio.com\/index.php\/wp-json\/wp\/v2\/media\/20577"}],"wp:attachment":[{"href":"https:\/\/www.naoobvio.com\/index.php\/wp-json\/wp\/v2\/media?parent=20565"}],"wp:term":[{"taxonomy":"category","embeddable":true,"href":"https:\/\/www.naoobvio.com\/index.php\/wp-json\/wp\/v2\/categories?post=20565"},{"taxonomy":"post_tag","embeddable":true,"href":"https:\/\/www.naoobvio.com\/index.php\/wp-json\/wp\/v2\/tags?post=20565"}],"curies":[{"name":"wp","href":"https:\/\/api.w.org\/{rel}","templated":true}]}}