{"id":21622,"date":"2021-06-21T21:04:13","date_gmt":"2021-06-22T00:04:13","guid":{"rendered":"https:\/\/www.naoobvio.com\/?p=21622"},"modified":"2021-06-21T21:07:09","modified_gmt":"2021-06-22T00:07:09","slug":"5-motivos-para-assistir-manhas-de-setembro-nova-serie-nacional-do-prime-video","status":"publish","type":"post","link":"https:\/\/www.naoobvio.com\/index.php\/2021\/06\/21\/5-motivos-para-assistir-manhas-de-setembro-nova-serie-nacional-do-prime-video\/","title":{"rendered":"5 MOTIVOS PARA ASSISTIR MANH\u00c3S DE SETEMBRO: NOVA S\u00c9RIE NACIONAL DO PRIME VIDEO"},"content":{"rendered":"\n<p class=\"has-background\" style=\"background-color:#ffaa6d\">A Amazon Prime Video prepara o lan\u00e7amento de mais uma produ\u00e7\u00e3o nacional e, assim como em <a href=\"https:\/\/www.youtube.com\/watch?v=5PP9bZYGA0o\">Dom<\/a>, a trama chega recheada de cr\u00edticas sociais e com alertas que prometem inovar em diversos aspectos.<\/p>\n\n\n\n<p class=\"has-background\" style=\"background-color:#ffaa6d\"><strong>Manh\u00e3s de Setembro<\/strong> narra a trajet\u00f3ria de Cassandra (Liniker)&nbsp;que, desde que deixou sua cidade para tr\u00e1s, decidiu n\u00e3o fazer concess\u00f5es para se tornar o que sempre quis ser: uma mulher trans livre e independente. Mas, engane-se quem pensa que o foco da obra est\u00e1 na transi\u00e7\u00e3o da personagem ou apenas nas quest\u00f5es LGTQIA+.<\/p>\n\n\n\n<p class=\"has-background\" style=\"background-color:#ffaa6d\">Depois de anos comendo o p\u00e3o que o diabo amassou, finalmente as coisas come\u00e7aram a entrar nos eixos para a protagonista: ela consegue alugar um apartamento pr\u00f3prio pela primeira vez, tem um namorado que a ama e um trabalho como motogirl no centro de S\u00e3o Paulo. Mas, ent\u00e3o, tudo se complica quando sua ex-namorada (Karine Teles) reaparece com um menino (Gustavo Coelho) que diz ser seu filho.<\/p>\n\n\n\n<p class=\"has-background\" style=\"background-color:#ffaa6d\">Precisando assumir a crian\u00e7a e revirar a pr\u00f3pria vida de cabe\u00e7a para baixo, a protagonista precisa encontrar novas formas de lutas e liberdades. <\/p>\n\n\n\n<figure class=\"wp-block-image size-large\"><img loading=\"lazy\" width=\"724\" height=\"1024\" src=\"https:\/\/www.naoobvio.com\/wp-content\/uploads\/2021\/06\/MDS_KV2_PT_2-724x1024.png\" alt=\"\" class=\"wp-image-21625\" srcset=\"https:\/\/www.naoobvio.com\/wp-content\/uploads\/2021\/06\/MDS_KV2_PT_2-724x1024.png 724w, https:\/\/www.naoobvio.com\/wp-content\/uploads\/2021\/06\/MDS_KV2_PT_2-212x300.png 212w, https:\/\/www.naoobvio.com\/wp-content\/uploads\/2021\/06\/MDS_KV2_PT_2-768x1087.png 768w, https:\/\/www.naoobvio.com\/wp-content\/uploads\/2021\/06\/MDS_KV2_PT_2-1086x1536.png 1086w, https:\/\/www.naoobvio.com\/wp-content\/uploads\/2021\/06\/MDS_KV2_PT_2-1200x1698.png 1200w, https:\/\/www.naoobvio.com\/wp-content\/uploads\/2021\/06\/MDS_KV2_PT_2-1320x1868.png 1320w, https:\/\/www.naoobvio.com\/wp-content\/uploads\/2021\/06\/MDS_KV2_PT_2.png 1403w\" sizes=\"(max-width: 709px) 85vw, (max-width: 909px) 67vw, (max-width: 984px) 61vw, (max-width: 1362px) 45vw, 600px\" \/><figcaption>Cartaz Manh\u00e3s de Setembro &#8211; Divulga\u00e7\u00e3o: Amazon Prime Video<\/figcaption><\/figure>\n\n\n\n<p class=\"has-background\" style=\"background-color:#ffaa6d\">Tendo cinco epis\u00f3dios com a dura\u00e7\u00e3o de 30 minutos, a primeira temporada ser\u00e1 lan\u00e7ada mundialmente em 25 de junho exclusivamente no <a href=\"https:\/\/www.primevideo.com\/?_encoding=UTF8&amp;language=pt_br\">Prime Video<\/a> em mais de 240 territ\u00f3rios. <\/p>\n\n\n\n<p class=\"has-white-color has-luminous-vivid-orange-background-color has-text-color has-background\">O <strong>N\u00c3O \u00d3BVIO<\/strong> esteve presente na Coletiva de Imprensa da s\u00e9rie e trouxe motivos nada \u00f3bvios para assistir Manh\u00e3s de Setembro. Confira:<\/p>\n\n\n\n<h2>1. A maternidade sob um olhar real\u00edstico<\/h2>\n\n\n\n<hr class=\"wp-block-separator\"\/>\n\n\n\n<figure class=\"wp-block-image size-large\"><img loading=\"lazy\" width=\"1024\" height=\"576\" src=\"https:\/\/www.naoobvio.com\/wp-content\/uploads\/2021\/06\/MS_0_00032108-1024x576.jpg\" alt=\"\" class=\"wp-image-21641\" srcset=\"https:\/\/www.naoobvio.com\/wp-content\/uploads\/2021\/06\/MS_0_00032108-1024x576.jpg 1024w, https:\/\/www.naoobvio.com\/wp-content\/uploads\/2021\/06\/MS_0_00032108-300x169.jpg 300w, https:\/\/www.naoobvio.com\/wp-content\/uploads\/2021\/06\/MS_0_00032108-768x432.jpg 768w, https:\/\/www.naoobvio.com\/wp-content\/uploads\/2021\/06\/MS_0_00032108-1536x864.jpg 1536w, https:\/\/www.naoobvio.com\/wp-content\/uploads\/2021\/06\/MS_0_00032108-2048x1152.jpg 2048w, https:\/\/www.naoobvio.com\/wp-content\/uploads\/2021\/06\/MS_0_00032108-1200x675.jpg 1200w, https:\/\/www.naoobvio.com\/wp-content\/uploads\/2021\/06\/MS_0_00032108-1320x743.jpg 1320w\" sizes=\"(max-width: 709px) 85vw, (max-width: 909px) 67vw, (max-width: 1362px) 62vw, 840px\" \/><figcaption>Cena da s\u00e9rie Manh\u00e3s de Setembro &#8211; Divulga\u00e7\u00e3o: Amazon Prime Video<\/figcaption><\/figure>\n\n\n\n<p class=\"has-pale-cyan-blue-background-color has-background\">A maternidade segue sendo algo extremamente romantizado em todo o mundo. Mulheres continuam sendo criticadas por correrem atr\u00e1s dos seus sonhos enquanto criam seus filhos, assim como prosseguem em julgamentos diversos ao decidirem ou n\u00e3o engravidar.<\/p>\n\n\n\n<p class=\"has-pale-cyan-blue-background-color has-background\">Mas essa perspectiva machista e patriarcal s\u00e3o quebradas em Manh\u00e3s de Setembro. Cassandra, convicta do seu perfil como uma mulher trans, foi surpreendida quando uma crian\u00e7a aparece na sua porta afirmando ser seu filho.<\/p>\n\n\n\n<p class=\"has-black-color has-pale-cyan-blue-background-color has-text-color has-background\">A crian\u00e7a, querendo ou n\u00e3o, trouxe uma grande turbul\u00eancia na vida est\u00e1vel da protagonista, j\u00e1 que com ele vieram as novas responsabilidades emocionais, financeiras e de outros cunhos.<\/p>\n\n\n\n<p class=\"has-black-color has-pale-cyan-blue-background-color has-text-color has-background\">A s\u00e9rie, ent\u00e3o, aponta muito bem esse outro lado da moeda quando se trata de maternidade. Ela consegue ser sens\u00edvel e cuidadosa ao mostrar o grande amor e a bela rela\u00e7\u00e3o parental, mas n\u00e3o deixa de apresentar ang\u00fastias e questionamentos.<\/p>\n\n\n\n<p class=\"has-pale-cyan-blue-background-color has-background\">A produ\u00e7\u00e3o, portanto, \u00e9 voltada ao afeto, a fam\u00edlia&nbsp;e ao amor, gerando esperan\u00e7a e quebrando de paradigmas. \u00c9 sobre abrir a mente para absorver os novos conceitos e, quem sabe, ampliar os seus horizontes do saber.<\/p>\n\n\n\n<h2>2. Vida profissional e art\u00edstica n\u00e3o romantizada<\/h2>\n\n\n\n<hr class=\"wp-block-separator\"\/>\n\n\n\n<figure class=\"wp-block-image size-large\"><img loading=\"lazy\" width=\"1024\" height=\"683\" src=\"https:\/\/www.naoobvio.com\/wp-content\/uploads\/2021\/06\/MS_Fito-Shaw_9-1024x683.jpg\" alt=\"\" class=\"wp-image-21647\" srcset=\"https:\/\/www.naoobvio.com\/wp-content\/uploads\/2021\/06\/MS_Fito-Shaw_9-1024x683.jpg 1024w, https:\/\/www.naoobvio.com\/wp-content\/uploads\/2021\/06\/MS_Fito-Shaw_9-300x200.jpg 300w, https:\/\/www.naoobvio.com\/wp-content\/uploads\/2021\/06\/MS_Fito-Shaw_9-768x512.jpg 768w, https:\/\/www.naoobvio.com\/wp-content\/uploads\/2021\/06\/MS_Fito-Shaw_9-1536x1024.jpg 1536w, https:\/\/www.naoobvio.com\/wp-content\/uploads\/2021\/06\/MS_Fito-Shaw_9-2048x1365.jpg 2048w, https:\/\/www.naoobvio.com\/wp-content\/uploads\/2021\/06\/MS_Fito-Shaw_9-1200x800.jpg 1200w, https:\/\/www.naoobvio.com\/wp-content\/uploads\/2021\/06\/MS_Fito-Shaw_9-1320x880.jpg 1320w\" sizes=\"(max-width: 709px) 85vw, (max-width: 909px) 67vw, (max-width: 1362px) 62vw, 840px\" \/><figcaption>Cena da s\u00e9rie Manh\u00e3s de Setembro &#8211; Divulga\u00e7\u00e3o: Amazon Prime Video<\/figcaption><\/figure>\n\n\n\n<p class=\"has-black-color has-pale-cyan-blue-background-color has-text-color has-background\">Cassandra exerce o trabalho como <em>motogirl<\/em> na grande S\u00e3o Paulo, profiss\u00e3o esta que n\u00e3o \u00e9 muito valorizada e que muitas vezes conta com casos de arrog\u00e2ncia e ingratid\u00e3o entre os receptores e os entregadores. E \u00e9 em aspectos assim que a s\u00e9rie tamb\u00e9m vai se debru\u00e7ar.<\/p>\n\n\n\n<p class=\"has-pale-cyan-blue-background-color has-background\">Como toda profiss\u00e3o possui o seu lado bom e ruim, para os motoboys e motogirls que fazem entrega, o lado ruim seria o risco de sofrerem acidentes de tr\u00e2nsito, a grosseria de alguns clientes que n\u00e3o compreendem a demora e os dias de chuva intensa ou de sol.<\/p>\n\n\n\n<p class=\"has-pale-cyan-blue-background-color has-background\">Ent\u00e3o, livre de romantiza\u00e7\u00f5es, Cassandra chegar\u00e1 cansada e super estressada do trabalho. E, por isso, uma das suas realiza\u00e7\u00f5es \u00e9 ser tamb\u00e9m uma artista cover de Vanusa. <\/p>\n\n\n\n<p class=\"has-pale-cyan-blue-background-color has-background\">Infelizmente, existem muitas barreiras para as artistas trans em construir uma carreira musical, mesmo que enxerguem na arte uma forma de sustento e liberdade. De mesma maneira, j\u00e1 \u00e9 dificultoso ser um artista em geral no cen\u00e1rio brasileiro, e isso tamb\u00e9m \u00e9 mais um ponto bem abra\u00e7ado pelas discuss\u00f5es da s\u00e9rie.<\/p>\n\n\n\n<p class=\"has-pale-cyan-blue-background-color has-background\">Essas reflex\u00f5es chegam para exibir ainda mais o qu\u00e3o necess\u00e1rio \u00e9 propor mais debates sobre a import\u00e2ncia da inclus\u00e3o nas empresas formais e na ind\u00fastria musical. <\/p>\n\n\n\n<h2>3. Personagens cheios de camadas e muitas subtramas inteligentes<\/h2>\n\n\n\n<hr class=\"wp-block-separator\"\/>\n\n\n\n<p class=\"has-pale-cyan-blue-background-color has-background\">Malu Miranda, produtora cinematogr\u00e1fica, afirmou que, por ter personagens que n\u00e3o s\u00e3o focados em apenas um objetivo, mas sim em diversas camadas, a obra cativou os cora\u00e7\u00f5es do Amazon Prime Video desde o momento em que foi apresentada como uma ideia. <br><br>&#8220;H\u00e1 dois anos, ouvimos executivos de Los Angeles e v\u00e1rias ideias no Brasil inteiro. E essa foi uma das primeiras a se destacar, acho que pela complexidade dos personagens, a jornada da Cassandra era muito clara e espec\u00edfica&#8221;, afirma.<\/p>\n\n\n\n<figure class=\"wp-block-image size-large\"><img loading=\"lazy\" width=\"1024\" height=\"576\" src=\"https:\/\/www.naoobvio.com\/wp-content\/uploads\/2021\/06\/MDS_3_1-1024x576.jpg\" alt=\"\" class=\"wp-image-21629\" srcset=\"https:\/\/www.naoobvio.com\/wp-content\/uploads\/2021\/06\/MDS_3_1-1024x576.jpg 1024w, https:\/\/www.naoobvio.com\/wp-content\/uploads\/2021\/06\/MDS_3_1-300x169.jpg 300w, https:\/\/www.naoobvio.com\/wp-content\/uploads\/2021\/06\/MDS_3_1-768x432.jpg 768w, https:\/\/www.naoobvio.com\/wp-content\/uploads\/2021\/06\/MDS_3_1-1536x864.jpg 1536w, https:\/\/www.naoobvio.com\/wp-content\/uploads\/2021\/06\/MDS_3_1-2048x1152.jpg 2048w, https:\/\/www.naoobvio.com\/wp-content\/uploads\/2021\/06\/MDS_3_1-1200x675.jpg 1200w, https:\/\/www.naoobvio.com\/wp-content\/uploads\/2021\/06\/MDS_3_1-1320x743.jpg 1320w\" sizes=\"(max-width: 709px) 85vw, (max-width: 909px) 67vw, (max-width: 1362px) 62vw, 840px\" \/><figcaption>Cena da s\u00e9rie Manh\u00e3s de Setembro &#8211; Divulga\u00e7\u00e3o: Amazon Prime Video<\/figcaption><\/figure>\n\n\n\n<p class=\"has-pale-cyan-blue-background-color has-background\">A profissional explica que a especificidade e complexidade que um personagem determina se a s\u00e9rie ter\u00e1 uma vida longa e se ter\u00e1 uma boa ader\u00eancia. <\/p>\n\n\n\n<p class=\"has-pale-cyan-blue-background-color has-background\">&#8220;\u00c9 um projeto sobre valorizar quem realmente est\u00e1 do nosso lado, \u00e9 sobre todas as formas de amar, e n\u00e3o sab\u00edamos h\u00e1 dois anos e meio o que o mundo ia passar. Ent\u00e3o, poder lan\u00e7ar isso agora, mesmo com todas as dificuldades que estamos vivenciando, \u00e9 mais um brilho pra gente poder falar sobre aceita\u00e7\u00e3o e amor&#8221;, completou.<\/p>\n\n\n\n<h2>4. Menos estere\u00f3tipos e mais humaniza\u00e7\u00e3o<\/h2>\n\n\n\n<hr class=\"wp-block-separator\"\/>\n\n\n\n<p class=\"has-pale-cyan-blue-background-color has-background\">Na maioria das narrativas cinematogr\u00e1ficas e audiovisuais, as pessoas trans seguem sempre em situa\u00e7\u00f5es de perigo, de viol\u00eancia, e sob um olhar muito marginalizado. <\/p>\n\n\n\n<p class=\"has-pale-cyan-blue-background-color has-background\">Para Liniker, que interpretar\u00e1 Cassandra, o que mais a atraiu na s\u00e9rie foi a oportunidade de criar um imagin\u00e1rio real de uma pessoa trans. Ou seja, de mostrar o dia a dia de um trans como algu\u00e9m &#8220;vivendo normalmente e superando obst\u00e1culos&#8221;, por mais que seja tamb\u00e9m importante o alerta aos perigos e as quebras dos preconceitos.<\/p>\n\n\n\n<p class=\"has-pale-cyan-blue-background-color has-background\">&#8220;Acredito que constituir e criar uma personagem a partir do ponto de vista da rede de afeto que ela tem, foi uma das coisas que mais me emocionou quando peguei o roteiro pela primeira vez. \u00c9 maravilhoso poder criar uma personagem com uma rela\u00e7\u00e3o humana, social e real. Cassandra n\u00e3o estava nesse lugar encaixotado e engarrafado que muitas narrativas cinematogr\u00e1ficas de audiovisual colocam as pessoas trans&#8221;, explicou.<\/p>\n\n\n\n<figure class=\"wp-block-image size-large\"><img loading=\"lazy\" width=\"1024\" height=\"576\" src=\"https:\/\/www.naoobvio.com\/wp-content\/uploads\/2021\/06\/MS_0_00001341_1-1024x576.jpg\" alt=\"\" class=\"wp-image-21635\" srcset=\"https:\/\/www.naoobvio.com\/wp-content\/uploads\/2021\/06\/MS_0_00001341_1-1024x576.jpg 1024w, https:\/\/www.naoobvio.com\/wp-content\/uploads\/2021\/06\/MS_0_00001341_1-300x169.jpg 300w, https:\/\/www.naoobvio.com\/wp-content\/uploads\/2021\/06\/MS_0_00001341_1-768x432.jpg 768w, https:\/\/www.naoobvio.com\/wp-content\/uploads\/2021\/06\/MS_0_00001341_1-1536x864.jpg 1536w, https:\/\/www.naoobvio.com\/wp-content\/uploads\/2021\/06\/MS_0_00001341_1-2048x1152.jpg 2048w, https:\/\/www.naoobvio.com\/wp-content\/uploads\/2021\/06\/MS_0_00001341_1-1200x675.jpg 1200w, https:\/\/www.naoobvio.com\/wp-content\/uploads\/2021\/06\/MS_0_00001341_1-1320x743.jpg 1320w\" sizes=\"(max-width: 709px) 85vw, (max-width: 909px) 67vw, (max-width: 1362px) 62vw, 840px\" \/><figcaption>Cena da s\u00e9rie Manh\u00e3s de Setembro &#8211; Divulga\u00e7\u00e3o: Amazon Prime Video<\/figcaption><\/figure>\n\n\n\n<p class=\"has-pale-cyan-blue-background-color has-background\">Liniker acredita que s\u00f3 em poder ver uma personagem que tem uma casa e \u00e9 uma travesti j\u00e1 significa muito. &#8220;Agrade\u00e7o muito aos roteiristas por terem tido esse carinho de humanizar uma personagem t\u00e3o complexa e intensa como a Cassandra.&#8221;, completou.<\/p>\n\n\n\n<h2>5. Pioneira nacional em um novo tipo de representatividade <\/h2>\n\n\n\n<hr class=\"wp-block-separator\"\/>\n\n\n\n<p class=\"has-pale-cyan-blue-background-color has-background\">Lu\u00eds Pinheiro, diretor da s\u00e9rie, citou a import\u00e2ncia de ter uma s\u00e9rie cujo o seu maior diferencial \u00e9 retratar uma mulher trans no momento de p\u00f3s transi\u00e7\u00e3o de g\u00eanero, ao inv\u00e9s de focar apenas no durante, que \u00e9 o que a maioria das produ\u00e7\u00f5es t\u00eam feito ao tocar na tem\u00e1tica.<\/p>\n\n\n\n<figure class=\"wp-block-image size-large\"><img loading=\"lazy\" width=\"1024\" height=\"576\" src=\"https:\/\/www.naoobvio.com\/wp-content\/uploads\/2021\/06\/MS_0_00034022-1024x576.jpg\" alt=\"\" class=\"wp-image-21637\" srcset=\"https:\/\/www.naoobvio.com\/wp-content\/uploads\/2021\/06\/MS_0_00034022-1024x576.jpg 1024w, https:\/\/www.naoobvio.com\/wp-content\/uploads\/2021\/06\/MS_0_00034022-300x169.jpg 300w, https:\/\/www.naoobvio.com\/wp-content\/uploads\/2021\/06\/MS_0_00034022-768x432.jpg 768w, https:\/\/www.naoobvio.com\/wp-content\/uploads\/2021\/06\/MS_0_00034022-1536x864.jpg 1536w, https:\/\/www.naoobvio.com\/wp-content\/uploads\/2021\/06\/MS_0_00034022-2048x1152.jpg 2048w, https:\/\/www.naoobvio.com\/wp-content\/uploads\/2021\/06\/MS_0_00034022-1200x675.jpg 1200w, https:\/\/www.naoobvio.com\/wp-content\/uploads\/2021\/06\/MS_0_00034022-1320x743.jpg 1320w\" sizes=\"(max-width: 709px) 85vw, (max-width: 909px) 67vw, (max-width: 1362px) 62vw, 840px\" \/><figcaption>Cena da s\u00e9rie Manh\u00e3s de Setembro &#8211; Divulga\u00e7\u00e3o: Amazon Prime Video<\/figcaption><\/figure>\n\n\n\n<p class=\"has-pale-cyan-blue-background-color has-background\">&#8220;Ter uma protagonista preta e trans no cen\u00e1rio obscuro do Brasil em que estamos vivendo \u00e9 fundamental enquanto resist\u00eancia, enquanto cultura. \u00c9 uma oportunidade para propor uma personagem como a gente quiser, que trabalha e valida o afeto&#8221;, pontuou. <\/p>\n\n\n\n<p class=\"has-pale-cyan-blue-background-color has-background\">Al\u00e9m disso, Manh\u00e3s de Setembro \u00e9 a obra cinematogr\u00e1fica nacional pioneira quando se trata de apresentar uma hist\u00f3ria cujo a abordagem da personagem trans mostra relacionamento amoroso e social est\u00e1vel. A s\u00e9rie mostra uma mulher intensa, financeiramente independente e bem resolvida.<\/p>\n\n\n\n<figure class=\"wp-block-image size-large\"><img loading=\"lazy\" width=\"1024\" height=\"576\" src=\"https:\/\/www.naoobvio.com\/wp-content\/uploads\/2021\/06\/MS_0_00023833_1-1024x576.jpg\" alt=\"\" class=\"wp-image-21640\" srcset=\"https:\/\/www.naoobvio.com\/wp-content\/uploads\/2021\/06\/MS_0_00023833_1-1024x576.jpg 1024w, https:\/\/www.naoobvio.com\/wp-content\/uploads\/2021\/06\/MS_0_00023833_1-300x169.jpg 300w, https:\/\/www.naoobvio.com\/wp-content\/uploads\/2021\/06\/MS_0_00023833_1-768x432.jpg 768w, https:\/\/www.naoobvio.com\/wp-content\/uploads\/2021\/06\/MS_0_00023833_1-1536x864.jpg 1536w, https:\/\/www.naoobvio.com\/wp-content\/uploads\/2021\/06\/MS_0_00023833_1-2048x1152.jpg 2048w, https:\/\/www.naoobvio.com\/wp-content\/uploads\/2021\/06\/MS_0_00023833_1-1200x675.jpg 1200w, https:\/\/www.naoobvio.com\/wp-content\/uploads\/2021\/06\/MS_0_00023833_1-1320x743.jpg 1320w\" sizes=\"(max-width: 709px) 85vw, (max-width: 909px) 67vw, (max-width: 1362px) 62vw, 840px\" \/><figcaption>Cena da s\u00e9rie Manh\u00e3s de Setembro &#8211; Divulga\u00e7\u00e3o: Amazon Prime Video<\/figcaption><\/figure>\n\n\n\n<p class=\"has-pale-cyan-blue-background-color has-background\">&#8220;A Amazon Studios est\u00e1 conhecida como a casa de talentos que est\u00e1 sempre buscando vozes n\u00e3o amplificadas no audiovisual, marginalizadas. Queremos amplificar essas vozes no mundo todo e Manh\u00e3s de Setembro fala de amor que est\u00e1 acima de quaisquer circunst\u00e2ncia&#8221;, afirma Malu Miranda.<\/p>\n","protected":false},"excerpt":{"rendered":"<p>A nova s\u00e9rie do Amazon Prime Video quebra barreiras e inova no cen\u00e1rio das produ\u00e7\u00f5es nacionais. Sem romantiza\u00e7\u00e3o sobre a vida profissional do povo brasileiro, maternidade e realidades de transsexuais, a produ\u00e7\u00e3o consegue mostrar novos \u00e2ngulos em inst\u00e2ncias nunca antes aprofundadas em outras grandes obras do pa\u00eds. Conhe\u00e7a curiosidades.<\/p>\n","protected":false},"author":14,"featured_media":21654,"comment_status":"open","ping_status":"open","sticky":false,"template":"","format":"standard","meta":[],"categories":[14,18],"tags":[450,825,826,827,828,399,335],"acf":[],"yoast_head":"<!-- This site is optimized with the Yoast SEO plugin v15.9.2 - https:\/\/yoast.com\/wordpress\/plugins\/seo\/ -->\n<title>5 MOTIVOS PARA ASSISTIR MANH\u00c3S DE SETEMBRO: NOVA S\u00c9RIE NACIONAL DO PRIME VIDEO - N\u00e3o \u00d3bvio<\/title>\n<meta name=\"description\" content=\"Relacionamentos, movimento LGBTQIA+ e lan\u00e7amento de s\u00e9rie. Confira os motivos para Manh\u00e3s de Setembro, s\u00e9rie que retrata muito afeto dentro do universo de Cassandra, mulher trans e negra que mora em S\u00e3o Paulo.\" \/>\n<meta name=\"robots\" content=\"index, follow, max-snippet:-1, max-image-preview:large, max-video-preview:-1\" \/>\n<link rel=\"canonical\" href=\"https:\/\/www.naoobvio.com\/index.php\/2021\/06\/21\/5-motivos-para-assistir-manhas-de-setembro-nova-serie-nacional-do-prime-video\/\" \/>\n<meta property=\"og:locale\" content=\"pt_BR\" \/>\n<meta property=\"og:type\" content=\"article\" \/>\n<meta property=\"og:title\" content=\"5 MOTIVOS PARA ASSISTIR MANH\u00c3S DE SETEMBRO: NOVA S\u00c9RIE NACIONAL DO PRIME VIDEO - N\u00e3o \u00d3bvio\" \/>\n<meta property=\"og:description\" content=\"Relacionamentos, movimento LGBTQIA+ e lan\u00e7amento de s\u00e9rie. Confira os motivos para Manh\u00e3s de Setembro, s\u00e9rie que retrata muito afeto dentro do universo de Cassandra, mulher trans e negra que mora em S\u00e3o Paulo.\" \/>\n<meta property=\"og:url\" content=\"https:\/\/www.naoobvio.com\/index.php\/2021\/06\/21\/5-motivos-para-assistir-manhas-de-setembro-nova-serie-nacional-do-prime-video\/\" \/>\n<meta property=\"og:site_name\" content=\"N\u00e3o \u00d3bvio\" \/>\n<meta property=\"article:publisher\" content=\"http:\/\/facebook.com\/nao.obvio\" \/>\n<meta property=\"article:published_time\" content=\"2021-06-22T00:04:13+00:00\" \/>\n<meta property=\"article:modified_time\" content=\"2021-06-22T00:07:09+00:00\" \/>\n<meta property=\"og:image\" content=\"https:\/\/www.naoobvio.com\/wp-content\/uploads\/2021\/06\/jens-kreuter-85328.jpg\" \/>\n\t<meta property=\"og:image:width\" content=\"1091\" \/>\n\t<meta property=\"og:image:height\" content=\"678\" \/>\n<meta name=\"twitter:card\" content=\"summary_large_image\" \/>\n<meta name=\"twitter:label1\" content=\"Est. reading time\">\n\t<meta name=\"twitter:data1\" content=\"7 minutos\">\n<script type=\"application\/ld+json\" class=\"yoast-schema-graph\">{\"@context\":\"https:\/\/schema.org\",\"@graph\":[{\"@type\":\"WebSite\",\"@id\":\"https:\/\/www.naoobvio.com\/#website\",\"url\":\"https:\/\/www.naoobvio.com\/\",\"name\":\"N\\u00e3o \\u00d3bvio\",\"description\":\"O que falta na sua  lista\",\"potentialAction\":[{\"@type\":\"SearchAction\",\"target\":\"https:\/\/www.naoobvio.com\/?s={search_term_string}\",\"query-input\":\"required name=search_term_string\"}],\"inLanguage\":\"pt-BR\"},{\"@type\":\"ImageObject\",\"@id\":\"https:\/\/www.naoobvio.com\/index.php\/2021\/06\/21\/5-motivos-para-assistir-manhas-de-setembro-nova-serie-nacional-do-prime-video\/#primaryimage\",\"inLanguage\":\"pt-BR\",\"url\":\"https:\/\/www.naoobvio.com\/wp-content\/uploads\/2021\/06\/jens-kreuter-85328.jpg\",\"width\":1091,\"height\":678},{\"@type\":\"WebPage\",\"@id\":\"https:\/\/www.naoobvio.com\/index.php\/2021\/06\/21\/5-motivos-para-assistir-manhas-de-setembro-nova-serie-nacional-do-prime-video\/#webpage\",\"url\":\"https:\/\/www.naoobvio.com\/index.php\/2021\/06\/21\/5-motivos-para-assistir-manhas-de-setembro-nova-serie-nacional-do-prime-video\/\",\"name\":\"5 MOTIVOS PARA ASSISTIR MANH\\u00c3S DE SETEMBRO: NOVA S\\u00c9RIE NACIONAL DO PRIME VIDEO - N\\u00e3o \\u00d3bvio\",\"isPartOf\":{\"@id\":\"https:\/\/www.naoobvio.com\/#website\"},\"primaryImageOfPage\":{\"@id\":\"https:\/\/www.naoobvio.com\/index.php\/2021\/06\/21\/5-motivos-para-assistir-manhas-de-setembro-nova-serie-nacional-do-prime-video\/#primaryimage\"},\"datePublished\":\"2021-06-22T00:04:13+00:00\",\"dateModified\":\"2021-06-22T00:07:09+00:00\",\"author\":{\"@id\":\"https:\/\/www.naoobvio.com\/#\/schema\/person\/819d970ea34342ee968cb5d8f4cd7685\"},\"description\":\"Relacionamentos, movimento LGBTQIA+ e lan\\u00e7amento de s\\u00e9rie. Confira os motivos para Manh\\u00e3s de Setembro, s\\u00e9rie que retrata muito afeto dentro do universo de Cassandra, mulher trans e negra que mora em S\\u00e3o Paulo.\",\"breadcrumb\":{\"@id\":\"https:\/\/www.naoobvio.com\/index.php\/2021\/06\/21\/5-motivos-para-assistir-manhas-de-setembro-nova-serie-nacional-do-prime-video\/#breadcrumb\"},\"inLanguage\":\"pt-BR\",\"potentialAction\":[{\"@type\":\"ReadAction\",\"target\":[\"https:\/\/www.naoobvio.com\/index.php\/2021\/06\/21\/5-motivos-para-assistir-manhas-de-setembro-nova-serie-nacional-do-prime-video\/\"]}]},{\"@type\":\"BreadcrumbList\",\"@id\":\"https:\/\/www.naoobvio.com\/index.php\/2021\/06\/21\/5-motivos-para-assistir-manhas-de-setembro-nova-serie-nacional-do-prime-video\/#breadcrumb\",\"itemListElement\":[{\"@type\":\"ListItem\",\"position\":1,\"item\":{\"@type\":\"WebPage\",\"@id\":\"https:\/\/www.naoobvio.com\/\",\"url\":\"https:\/\/www.naoobvio.com\/\",\"name\":\"In\\u00edcio\"}},{\"@type\":\"ListItem\",\"position\":2,\"item\":{\"@type\":\"WebPage\",\"@id\":\"https:\/\/www.naoobvio.com\/index.php\/2021\/06\/21\/5-motivos-para-assistir-manhas-de-setembro-nova-serie-nacional-do-prime-video\/\",\"url\":\"https:\/\/www.naoobvio.com\/index.php\/2021\/06\/21\/5-motivos-para-assistir-manhas-de-setembro-nova-serie-nacional-do-prime-video\/\",\"name\":\"5 MOTIVOS PARA ASSISTIR MANH\\u00c3S DE SETEMBRO: NOVA S\\u00c9RIE NACIONAL DO PRIME VIDEO\"}}]},{\"@type\":\"Person\",\"@id\":\"https:\/\/www.naoobvio.com\/#\/schema\/person\/819d970ea34342ee968cb5d8f4cd7685\",\"name\":\"Equipe\",\"image\":{\"@type\":\"ImageObject\",\"@id\":\"https:\/\/www.naoobvio.com\/#personlogo\",\"inLanguage\":\"pt-BR\",\"url\":\"https:\/\/secure.gravatar.com\/avatar\/0dcfc0e360637409fdbed398961837cd?s=96&d=mm&r=g\",\"caption\":\"Equipe\"},\"sameAs\":[\"http:\/\/www.semquases.com\"]}]}<\/script>\n<!-- \/ Yoast SEO plugin. -->","_links":{"self":[{"href":"https:\/\/www.naoobvio.com\/index.php\/wp-json\/wp\/v2\/posts\/21622"}],"collection":[{"href":"https:\/\/www.naoobvio.com\/index.php\/wp-json\/wp\/v2\/posts"}],"about":[{"href":"https:\/\/www.naoobvio.com\/index.php\/wp-json\/wp\/v2\/types\/post"}],"author":[{"embeddable":true,"href":"https:\/\/www.naoobvio.com\/index.php\/wp-json\/wp\/v2\/users\/14"}],"replies":[{"embeddable":true,"href":"https:\/\/www.naoobvio.com\/index.php\/wp-json\/wp\/v2\/comments?post=21622"}],"version-history":[{"count":10,"href":"https:\/\/www.naoobvio.com\/index.php\/wp-json\/wp\/v2\/posts\/21622\/revisions"}],"predecessor-version":[{"id":21655,"href":"https:\/\/www.naoobvio.com\/index.php\/wp-json\/wp\/v2\/posts\/21622\/revisions\/21655"}],"wp:featuredmedia":[{"embeddable":true,"href":"https:\/\/www.naoobvio.com\/index.php\/wp-json\/wp\/v2\/media\/21654"}],"wp:attachment":[{"href":"https:\/\/www.naoobvio.com\/index.php\/wp-json\/wp\/v2\/media?parent=21622"}],"wp:term":[{"taxonomy":"category","embeddable":true,"href":"https:\/\/www.naoobvio.com\/index.php\/wp-json\/wp\/v2\/categories?post=21622"},{"taxonomy":"post_tag","embeddable":true,"href":"https:\/\/www.naoobvio.com\/index.php\/wp-json\/wp\/v2\/tags?post=21622"}],"curies":[{"name":"wp","href":"https:\/\/api.w.org\/{rel}","templated":true}]}}