{"id":3430,"date":"2019-05-08T12:25:40","date_gmt":"2019-05-08T15:25:40","guid":{"rendered":"http:\/\/www.naoobvio.com\/?p=3430"},"modified":"2019-05-08T12:46:53","modified_gmt":"2019-05-08T15:46:53","slug":"5-docerias-virtuais-baianas-e-nao-obvias-para-acompanhar-pelo-instagram","status":"publish","type":"post","link":"https:\/\/www.naoobvio.com\/index.php\/2019\/05\/08\/5-docerias-virtuais-baianas-e-nao-obvias-para-acompanhar-pelo-instagram\/","title":{"rendered":"5 DOCERIAS VIRTUAIS E BAIANAS PARA ACOMPANHAR PELO INSTAGRAM"},"content":{"rendered":"\n<p>Servindo como presentes para si ou para outros, os doces remetem a momentos de pausas feitos para saborear. Viv\u00eancias assim, inclusive, podem servir como lembretes para a import\u00e2ncia de achar brechas para descansos e para observar os detalhes positivos da vida.<br><br>Mesmo quando vem uma dieta em mente, muitas delas n\u00e3o cortam 100% o doce dos card\u00e1pios. Afinal, o carboidrato n\u00e3o pode ser totalmente eliminado da vida de algu\u00e9m, porque \u00e9 uma fonte de energia que, ficando em falta, pode gerar doen\u00e7as como hipoglicemia, como pontua a nutricionista funcional e esportiva Clara Dias, 28. <br><br>\u00c9 claro que para uma vida mais saud\u00e1vel, o equil\u00edbrio precisa estar envolvido, mas depois do almo\u00e7o, um pedacinho de doce pode ser justamente o contraponto bacana da balan\u00e7a. E tem para todos os gostos, desde aqueles que cheiram de longe, d\u00e3o \u00e1gua na boca e derretem na primeira mordida at\u00e9 os mais amargos que tamb\u00e9m adocicam a vida.<br><\/p>\n\n\n\n<div class=\"wp-block-image\"><figure class=\"alignleft is-resized\"><img loading=\"lazy\" src=\"https:\/\/cdn.dribbble.com\/users\/397208\/screenshots\/1935104\/chocolate.gif\" alt=\"Resultado de imagem para chocolate illustration gif\" width=\"356\" height=\"267\"\/><\/figure><\/div>\n\n\n\n<p class=\"has-background has-very-light-gray-background-color\">Conhe\u00e7a perfis de docerias baianas e n\u00e3o \u00f3bvias que podem te levar \u00e0 do\u00e7ura e que s\u00e3o poss\u00edveis de encontrar apenas pelo Instagram. Sem sites, elas usam a maior rede social de fotos como vitrine para os produtos criativos. <br><br>Algumas das marcas enviam para todo o Brasil e outras para cantos diferentes do pa\u00eds. Confira:<\/p>\n\n\n\n<h2><strong>1. Sena Doceria | <a href=\"https:\/\/www.instagram.com\/senadoceriaa\/\">@senadoceriaa<\/a><\/strong><\/h2>\n\n\n\n<p style=\"text-align:center\" class=\"has-text-color has-background has-very-light-gray-color has-very-dark-gray-background-color\"><strong>ENTREGAS PARA TODO O BRASIL<\/strong><\/p>\n\n\n\n<ul class=\"wp-block-gallery columns-3 is-cropped\"><li class=\"blocks-gallery-item\"><figure><img loading=\"lazy\" width=\"480\" height=\"480\" src=\"http:\/\/www.naoobvio.com\/wp-content\/uploads\/2019\/05\/ra1.jpg\" alt=\"\" data-id=\"3436\" class=\"wp-image-3436\" srcset=\"https:\/\/www.naoobvio.com\/wp-content\/uploads\/2019\/05\/ra1.jpg 480w, https:\/\/www.naoobvio.com\/wp-content\/uploads\/2019\/05\/ra1-150x150.jpg 150w, https:\/\/www.naoobvio.com\/wp-content\/uploads\/2019\/05\/ra1-300x300.jpg 300w\" sizes=\"(max-width: 480px) 85vw, 480px\" \/><\/figure><\/li><li class=\"blocks-gallery-item\"><figure><img loading=\"lazy\" width=\"1024\" height=\"724\" src=\"http:\/\/www.naoobvio.com\/wp-content\/uploads\/2019\/05\/ra2-1024x724.jpg\" alt=\"\" data-id=\"3437\" data-link=\"http:\/\/www.naoobvio.com\/?attachment_id=3437\" class=\"wp-image-3437\" srcset=\"https:\/\/www.naoobvio.com\/wp-content\/uploads\/2019\/05\/ra2-1024x724.jpg 1024w, https:\/\/www.naoobvio.com\/wp-content\/uploads\/2019\/05\/ra2-300x212.jpg 300w, https:\/\/www.naoobvio.com\/wp-content\/uploads\/2019\/05\/ra2-768x543.jpg 768w, https:\/\/www.naoobvio.com\/wp-content\/uploads\/2019\/05\/ra2.jpg 1080w\" sizes=\"(max-width: 709px) 85vw, (max-width: 909px) 67vw, (max-width: 1362px) 62vw, 840px\" \/><\/figure><\/li><li class=\"blocks-gallery-item\"><figure><img loading=\"lazy\" width=\"1002\" height=\"1024\" src=\"http:\/\/www.naoobvio.com\/wp-content\/uploads\/2019\/05\/ra3-1-1002x1024.jpg\" alt=\"\" data-id=\"3440\" data-link=\"http:\/\/www.naoobvio.com\/?attachment_id=3440\" class=\"wp-image-3440\" srcset=\"https:\/\/www.naoobvio.com\/wp-content\/uploads\/2019\/05\/ra3-1-1002x1024.jpg 1002w, https:\/\/www.naoobvio.com\/wp-content\/uploads\/2019\/05\/ra3-1-294x300.jpg 294w, https:\/\/www.naoobvio.com\/wp-content\/uploads\/2019\/05\/ra3-1-768x785.jpg 768w, https:\/\/www.naoobvio.com\/wp-content\/uploads\/2019\/05\/ra3-1.jpg 1065w\" sizes=\"(max-width: 709px) 85vw, (max-width: 909px) 67vw, (max-width: 1362px) 62vw, 840px\" \/><\/figure><\/li><\/ul>\n\n\n\n<p>A doceria ganhou o sobrenome da fam\u00edlia de Isabela. Neta de v\u00f3 boleira, ela decidiu fazer os pr\u00f3prios doces e montar um neg\u00f3cio virtual. No in\u00edcio parecia ser apenas um passatempo, mas o que ela n\u00e3o sabia \u00e9 que tornaria sua maior paix\u00e3o. <\/p>\n\n\n\n<p>Isabela \u00e9 baina de 1998, nascida em Feira de Santana. Estudante de Bacharelado em Administra\u00e7\u00e3o pela Universidade de Salvador (Unifacs) na cidade de Feira de Santana. H\u00e1 tr\u00eas anos criou um perfil no Instagram com o nome Sena Doceria e desde v\u00eam fazendo cursos para aperfei\u00e7oar seu talento. <\/p>\n\n\n\n<p>Escondidinho de morango, bolo no pote, cone trufado, bombom no pote, barca de brigadeiros e pastel de leite ninho levam os fan\u00e1ticos por doce a loucura. Mas o queridinho do momento e mais pedido \u00e9 o Ovo de Colher. <\/p>\n\n\n\n<blockquote class=\"wp-block-quote\"><p>&#8220;S\u00f3 na semana da p\u00e1scoa eu fiz entrega de 130 ovos. Por\u00e9m as pessoas pediram at\u00e9 o final do ano.&#8221;<\/p><cite>Diz Isabela.<\/cite><\/blockquote>\n\n\n\n<p>Churros, ninho, ninho com Nutella, tradicional, Oreo, caf\u00e9, tapioca com coco, Romeu e Julieta, casadinho, surpresa de uva, s\u00e3o apenas uns dos muitos sabores que fazem sucesso na Doceria. <\/p>\n\n\n\n<p style=\"background-color:#5d3519\" class=\"has-text-color has-background has-very-light-gray-color\">Os pre\u00e7os s\u00e3o super acess\u00edveis, variando entre R$ 4 e R$ 38. As entregas s\u00e3o realizadas na resid\u00eancia de Isabela ou no centro da cidade de Feira de Santana, mas seus produtos j\u00e1 chegaram em Salvador, S\u00e3o Paulo e at\u00e9 na B\u00e9lgica. As encomendas s\u00e3o feitas atrav\u00e9s do Direct do Instagram. | Para mais informa\u00e7\u00f5es: (75) 992135270.<\/p>\n\n\n\n<h2><strong>2. Doce de L\u00f3 | <a href=\"https:\/\/www.instagram.com\/docedelo\/\">@docedelo<\/a><\/strong><\/h2>\n\n\n\n<p style=\"text-align:center\" class=\"has-text-color has-background has-very-light-gray-color has-very-dark-gray-background-color\"><strong>ENTREGAS PARA CAMA\u00c7ARI, LAURO DE FREITAS E SALVADOR<\/strong><\/p>\n\n\n\n<ul class=\"wp-block-gallery columns-3 is-cropped\"><li class=\"blocks-gallery-item\"><figure><img loading=\"lazy\" width=\"1024\" height=\"1024\" src=\"http:\/\/www.naoobvio.com\/wp-content\/uploads\/2019\/05\/r3-1024x1024.jpg\" alt=\"\" data-id=\"3443\" data-link=\"http:\/\/www.naoobvio.com\/?attachment_id=3443\" class=\"wp-image-3443\" srcset=\"https:\/\/www.naoobvio.com\/wp-content\/uploads\/2019\/05\/r3-1024x1024.jpg 1024w, https:\/\/www.naoobvio.com\/wp-content\/uploads\/2019\/05\/r3-150x150.jpg 150w, https:\/\/www.naoobvio.com\/wp-content\/uploads\/2019\/05\/r3-300x300.jpg 300w, https:\/\/www.naoobvio.com\/wp-content\/uploads\/2019\/05\/r3-768x768.jpg 768w, https:\/\/www.naoobvio.com\/wp-content\/uploads\/2019\/05\/r3.jpg 1080w\" sizes=\"(max-width: 709px) 85vw, (max-width: 909px) 67vw, (max-width: 1362px) 62vw, 840px\" \/><\/figure><\/li><li class=\"blocks-gallery-item\"><figure><img loading=\"lazy\" width=\"1024\" height=\"1024\" src=\"http:\/\/www.naoobvio.com\/wp-content\/uploads\/2019\/05\/r2-1024x1024.jpg\" alt=\"\" data-id=\"3442\" data-link=\"http:\/\/www.naoobvio.com\/?attachment_id=3442\" class=\"wp-image-3442\" srcset=\"https:\/\/www.naoobvio.com\/wp-content\/uploads\/2019\/05\/r2-1024x1024.jpg 1024w, https:\/\/www.naoobvio.com\/wp-content\/uploads\/2019\/05\/r2-150x150.jpg 150w, https:\/\/www.naoobvio.com\/wp-content\/uploads\/2019\/05\/r2-300x300.jpg 300w, https:\/\/www.naoobvio.com\/wp-content\/uploads\/2019\/05\/r2-768x768.jpg 768w, https:\/\/www.naoobvio.com\/wp-content\/uploads\/2019\/05\/r2.jpg 1080w\" sizes=\"(max-width: 709px) 85vw, (max-width: 909px) 67vw, (max-width: 1362px) 62vw, 840px\" \/><\/figure><\/li><li class=\"blocks-gallery-item\"><figure><img loading=\"lazy\" width=\"1024\" height=\"1024\" src=\"http:\/\/www.naoobvio.com\/wp-content\/uploads\/2019\/05\/r1-1024x1024.jpg\" alt=\"\" data-id=\"3441\" data-link=\"http:\/\/www.naoobvio.com\/?attachment_id=3441\" class=\"wp-image-3441\" srcset=\"https:\/\/www.naoobvio.com\/wp-content\/uploads\/2019\/05\/r1-1024x1024.jpg 1024w, https:\/\/www.naoobvio.com\/wp-content\/uploads\/2019\/05\/r1-150x150.jpg 150w, https:\/\/www.naoobvio.com\/wp-content\/uploads\/2019\/05\/r1-300x300.jpg 300w, https:\/\/www.naoobvio.com\/wp-content\/uploads\/2019\/05\/r1-768x768.jpg 768w, https:\/\/www.naoobvio.com\/wp-content\/uploads\/2019\/05\/r1.jpg 1080w\" sizes=\"(max-width: 709px) 85vw, (max-width: 909px) 67vw, (max-width: 1362px) 62vw, 840px\" \/><\/figure><\/li><\/ul>\n\n\n\n<p>Aos 10 anos Carol, a propriet\u00e1ria da doceria, teve o primeiro contato com a confeitaria. Ela organizou toda a sua festa de anivers\u00e1rio, os docinhos e at\u00e9 mesmo a decora\u00e7\u00e3o do bolo. Depois disso come\u00e7ou a fazer para os aniversariantes da fam\u00edlia e tamb\u00e9m para os amigos. <\/p>\n\n\n\n<blockquote class=\"wp-block-quote\"><p>&#8220;Mas comecei a trabalhar mesmo com confeitaria depois da doen\u00e7a da minha m\u00e3e. Em 2014 descobrimos um c\u00e2ncer cerebral nela (GBM) e como precisava de muitos cuidados e aten\u00e7\u00e3o, larguei a profiss\u00e3o de personal trainer pra ficar mais com ela e trabalhar em casa. Foi um sucesso! Tinha dias de n\u00e3o conseguir pegar encomendas do tanto da demanda. Quando ela faleceu, em 2016, me &nbsp;mudei para Cama\u00e7ari com meu esposo e continue com a doceria, atendendo em Cama\u00e7ari, Lauro de Freitas e Salvador.&#8221;<\/p><cite>Conta a dona do projeto.<\/cite><\/blockquote>\n\n\n\n<p>Atualmente, aos 38 anos, participa anualmente do Brasil Cake Show, maior evento de confeitaria do Brasil. Brigadeiro, ovo de colher, bolos e tortas com sabores variados. Mas o carro chefe \u00e9 exclusividade \u00e9 a bike de brigadeiro. <\/p>\n\n\n\n<blockquote class=\"wp-block-quote\"><p>&#8220;A bike de brigadeiro foi a realiza\u00e7\u00e3o de um sonho. Tem sido muito \u00fatil e fofa. Todos gostam!&#8221;<\/p><cite>diz Carol.<\/cite><\/blockquote>\n\n\n\n<p style=\"background-color:#5d3519\" class=\"has-text-color has-background has-very-light-gray-color\">As encomendas s\u00e3o realizadas com at\u00e9 dois dias de anteced\u00eancia, sendo 50% do valor no ato da encomenda, atrav\u00e9s do <a href=\"https:\/\/www.instagram.com\/docedelo\/\">Direct do Instagram.<\/a><\/p>\n\n\n\n<h2><strong>3. Gran Sapore Doceria Virtual | <a href=\"https:\/\/www.instagram.com\/gransapore.doceria\/\">@gransapore.doceria<\/a><\/strong><br><\/h2>\n\n\n\n<p style=\"text-align:center\" class=\"has-text-color has-background has-very-light-gray-color has-very-dark-gray-background-color\"><strong>ENTREGAS APENAS EM FEIRA DE SANTANA<\/strong><\/p>\n\n\n\n<ul class=\"wp-block-gallery columns-3 is-cropped\"><li class=\"blocks-gallery-item\"><figure><img loading=\"lazy\" width=\"824\" height=\"1024\" src=\"http:\/\/www.naoobvio.com\/wp-content\/uploads\/2019\/05\/r6-824x1024.jpg\" alt=\"\" data-id=\"3446\" data-link=\"http:\/\/www.naoobvio.com\/?attachment_id=3446\" class=\"wp-image-3446\" srcset=\"https:\/\/www.naoobvio.com\/wp-content\/uploads\/2019\/05\/r6-824x1024.jpg 824w, https:\/\/www.naoobvio.com\/wp-content\/uploads\/2019\/05\/r6-241x300.jpg 241w, https:\/\/www.naoobvio.com\/wp-content\/uploads\/2019\/05\/r6-768x954.jpg 768w, https:\/\/www.naoobvio.com\/wp-content\/uploads\/2019\/05\/r6.jpg 1080w\" sizes=\"(max-width: 709px) 85vw, (max-width: 909px) 67vw, (max-width: 984px) 61vw, (max-width: 1362px) 45vw, 600px\" \/><\/figure><\/li><li class=\"blocks-gallery-item\"><figure><img loading=\"lazy\" width=\"843\" height=\"1024\" src=\"http:\/\/www.naoobvio.com\/wp-content\/uploads\/2019\/05\/r5-843x1024.jpg\" alt=\"\" data-id=\"3445\" data-link=\"http:\/\/www.naoobvio.com\/?attachment_id=3445\" class=\"wp-image-3445\" srcset=\"https:\/\/www.naoobvio.com\/wp-content\/uploads\/2019\/05\/r5-843x1024.jpg 843w, https:\/\/www.naoobvio.com\/wp-content\/uploads\/2019\/05\/r5-247x300.jpg 247w, https:\/\/www.naoobvio.com\/wp-content\/uploads\/2019\/05\/r5-768x933.jpg 768w, https:\/\/www.naoobvio.com\/wp-content\/uploads\/2019\/05\/r5.jpg 1080w\" sizes=\"(max-width: 709px) 85vw, (max-width: 909px) 67vw, (max-width: 1362px) 62vw, 840px\" \/><\/figure><\/li><li class=\"blocks-gallery-item\"><figure><img loading=\"lazy\" width=\"1024\" height=\"1024\" src=\"http:\/\/www.naoobvio.com\/wp-content\/uploads\/2019\/05\/r4-1024x1024.jpg\" alt=\"\" data-id=\"3444\" data-link=\"http:\/\/www.naoobvio.com\/?attachment_id=3444\" class=\"wp-image-3444\" srcset=\"https:\/\/www.naoobvio.com\/wp-content\/uploads\/2019\/05\/r4-1024x1024.jpg 1024w, https:\/\/www.naoobvio.com\/wp-content\/uploads\/2019\/05\/r4-150x150.jpg 150w, https:\/\/www.naoobvio.com\/wp-content\/uploads\/2019\/05\/r4-300x300.jpg 300w, https:\/\/www.naoobvio.com\/wp-content\/uploads\/2019\/05\/r4-768x768.jpg 768w, https:\/\/www.naoobvio.com\/wp-content\/uploads\/2019\/05\/r4.jpg 1080w\" sizes=\"(max-width: 709px) 85vw, (max-width: 909px) 67vw, (max-width: 1362px) 62vw, 840px\" \/><\/figure><\/li><\/ul>\n\n\n\n<p>Danielle \u00e9 a respons\u00e1vel por todo funcionamento da doceria, desde a parte financeira at\u00e9 a produ\u00e7\u00e3o de todos os doces. Desde crian\u00e7a sempre amou doces, mas n\u00e3o tinha pretens\u00e3o alguma em seguir profissionalmente. <\/p>\n\n\n\n<p>A doceira \u00e9, tamb\u00e9m, contadora. Mas deixou de exercer sua forma\u00e7\u00e3o acad\u00eamica por conta das demandas de casa e do cuidado com os filhos. Hoje, aos 35 anos, reside na cidade de Feira de Santana e se dedica totalmente \u00e0 doceria virtual. <\/p>\n\n\n\n<p>Gran Sapore Doceria Virtual, nome batizado por sua filha Ingrid, conquistou v\u00e1rios clientes. Doces, tortas, brigadeiros tradicionais e gourmets s\u00e3o sua maior especialidade. <\/p>\n\n\n\n<p style=\"background-color:#5d3519\" class=\"has-text-color has-background has-very-light-gray-color\">Os valores variam. Cem unidades podem custar entre R$ 120 e R$ 150. J\u00e1 os bolos e tortas custam no m\u00ednimo 55 reais. As encomendas s\u00e3o feitas atrav\u00e9s do Direct do Instagram. Para mais informa\u00e7\u00f5es: (75) 9 9226- 1983.<br><\/p>\n\n\n\n<h2><strong>4. Chocolate em Mimos | <a href=\"https:\/\/www.instagram.com\/chocolateemmimos\/\">@chocolateemmimos<\/a><\/strong><\/h2>\n\n\n\n<p style=\"text-align:center\" class=\"has-text-color has-background has-very-light-gray-color has-very-dark-gray-background-color\"><strong>ENTREGAS PARA FEIRA DE SANTANA E SALVADOR<\/strong><\/p>\n\n\n\n<ul class=\"wp-block-gallery columns-3 is-cropped\"><li class=\"blocks-gallery-item\"><figure><img loading=\"lazy\" width=\"1024\" height=\"1024\" src=\"http:\/\/www.naoobvio.com\/wp-content\/uploads\/2019\/05\/a1-1024x1024.jpg\" alt=\"\" data-id=\"3447\" class=\"wp-image-3447\" srcset=\"https:\/\/www.naoobvio.com\/wp-content\/uploads\/2019\/05\/a1-1024x1024.jpg 1024w, https:\/\/www.naoobvio.com\/wp-content\/uploads\/2019\/05\/a1-150x150.jpg 150w, https:\/\/www.naoobvio.com\/wp-content\/uploads\/2019\/05\/a1-300x300.jpg 300w, https:\/\/www.naoobvio.com\/wp-content\/uploads\/2019\/05\/a1-768x768.jpg 768w, https:\/\/www.naoobvio.com\/wp-content\/uploads\/2019\/05\/a1.jpg 1040w\" sizes=\"(max-width: 709px) 85vw, (max-width: 909px) 67vw, (max-width: 1362px) 62vw, 840px\" \/><\/figure><\/li><li class=\"blocks-gallery-item\"><figure><img loading=\"lazy\" width=\"720\" height=\"900\" src=\"http:\/\/www.naoobvio.com\/wp-content\/uploads\/2019\/05\/334.jpg\" alt=\"\" data-id=\"3448\" data-link=\"http:\/\/www.naoobvio.com\/?attachment_id=3448\" class=\"wp-image-3448\" srcset=\"https:\/\/www.naoobvio.com\/wp-content\/uploads\/2019\/05\/334.jpg 720w, https:\/\/www.naoobvio.com\/wp-content\/uploads\/2019\/05\/334-240x300.jpg 240w\" sizes=\"(max-width: 709px) 85vw, (max-width: 909px) 67vw, (max-width: 984px) 61vw, (max-width: 1362px) 45vw, 600px\" \/><\/figure><\/li><li class=\"blocks-gallery-item\"><figure><img loading=\"lazy\" width=\"819\" height=\"1024\" src=\"http:\/\/www.naoobvio.com\/wp-content\/uploads\/2019\/05\/msksm-819x1024.jpg\" alt=\"\" data-id=\"3449\" data-link=\"http:\/\/www.naoobvio.com\/?attachment_id=3449\" class=\"wp-image-3449\" srcset=\"https:\/\/www.naoobvio.com\/wp-content\/uploads\/2019\/05\/msksm-819x1024.jpg 819w, https:\/\/www.naoobvio.com\/wp-content\/uploads\/2019\/05\/msksm-240x300.jpg 240w, https:\/\/www.naoobvio.com\/wp-content\/uploads\/2019\/05\/msksm-768x960.jpg 768w, https:\/\/www.naoobvio.com\/wp-content\/uploads\/2019\/05\/msksm.jpg 960w\" sizes=\"(max-width: 709px) 85vw, (max-width: 909px) 67vw, (max-width: 984px) 61vw, (max-width: 1362px) 45vw, 600px\" \/><\/figure><\/li><\/ul>\n\n\n\n<p>Maria Costa, 23 anos, \u00e9 vestibulanda. Est\u00e1 tentando uma vaga na Universidade p\u00fablica para o curso de Medicina. Depois do falecimento do seu pai, encontrou na doceria uma forma de garantir a renda, al\u00e9m de ser um hobby que sempre amou.<\/p>\n\n\n\n<blockquote class=\"wp-block-quote\"><p>&#8220;O nome surgiu, inclusive, como reflexo disso. Sempre amei doces, principalmente chocolate e sempre gostei de transformar isso em presente.&#8221;<\/p><cite>Conta Maria.<\/cite><\/blockquote>\n\n\n\n<p>Produz todos os produtos em sua casa, na cidade de Feira de Santana. Bolos e tortas de tamanhos variados desde tortinhas unit\u00e1rias at\u00e9 bolos de andares. Al\u00e9m dos bolos, Maria faz doces e em datas comemorativas tem card\u00e1pios especiais.<\/p>\n\n\n\n<blockquote class=\"wp-block-quote\"><p>&#8220;Todos os produtos tem o intuito de serem presentes pra que possa agradar algu\u00e9m que voc\u00ea ama. At\u00e9 porque foi assim que eu comecei a fazer.&#8221;<\/p><cite>Completa a criadora.<\/cite><\/blockquote>\n\n\n\n<p style=\"background-color:#5d3519\" class=\"has-text-color has-background has-very-light-gray-color\">Os pre\u00e7os variam entre R$ 15 e R$ 170. As encomendas s\u00e3o realizadas atrav\u00e9s do Direct do Instagram. Para mais informa\u00e7\u00f5es: (75) 9 9240- 5927.<br><\/p>\n\n\n\n<h2><strong>5. Yeah! Doces | <a href=\"https:\/\/www.instagram.com\/yeahdoces\/\">@yeahdoces<\/a><\/strong><\/h2>\n\n\n\n<p style=\"text-align:center\" class=\"has-text-color has-background has-very-light-gray-color has-very-dark-gray-background-color\"><strong>ENTREGAS PARA TODO O BRASIL<\/strong><\/p>\n\n\n\n<ul class=\"wp-block-gallery columns-3 is-cropped\"><li class=\"blocks-gallery-item\"><figure><img loading=\"lazy\" width=\"720\" height=\"900\" src=\"http:\/\/www.naoobvio.com\/wp-content\/uploads\/2019\/05\/e1.jpg\" alt=\"\" data-id=\"3450\" class=\"wp-image-3450\" srcset=\"https:\/\/www.naoobvio.com\/wp-content\/uploads\/2019\/05\/e1.jpg 720w, https:\/\/www.naoobvio.com\/wp-content\/uploads\/2019\/05\/e1-240x300.jpg 240w\" sizes=\"(max-width: 709px) 85vw, (max-width: 909px) 67vw, (max-width: 984px) 61vw, (max-width: 1362px) 45vw, 600px\" \/><\/figure><\/li><li class=\"blocks-gallery-item\"><figure><img loading=\"lazy\" width=\"720\" height=\"720\" src=\"http:\/\/www.naoobvio.com\/wp-content\/uploads\/2019\/05\/e2.jpg\" alt=\"\" data-id=\"3451\" data-link=\"http:\/\/www.naoobvio.com\/?attachment_id=3451\" class=\"wp-image-3451\" srcset=\"https:\/\/www.naoobvio.com\/wp-content\/uploads\/2019\/05\/e2.jpg 720w, https:\/\/www.naoobvio.com\/wp-content\/uploads\/2019\/05\/e2-150x150.jpg 150w, https:\/\/www.naoobvio.com\/wp-content\/uploads\/2019\/05\/e2-300x300.jpg 300w\" sizes=\"(max-width: 709px) 85vw, (max-width: 909px) 67vw, (max-width: 984px) 61vw, (max-width: 1362px) 45vw, 600px\" \/><\/figure><\/li><li class=\"blocks-gallery-item\"><figure><img loading=\"lazy\" width=\"501\" height=\"626\" src=\"http:\/\/www.naoobvio.com\/wp-content\/uploads\/2019\/05\/e3.jpg\" alt=\"\" data-id=\"3452\" data-link=\"http:\/\/www.naoobvio.com\/?attachment_id=3452\" class=\"wp-image-3452\" srcset=\"https:\/\/www.naoobvio.com\/wp-content\/uploads\/2019\/05\/e3.jpg 501w, https:\/\/www.naoobvio.com\/wp-content\/uploads\/2019\/05\/e3-240x300.jpg 240w\" sizes=\"(max-width: 501px) 85vw, 501px\" \/><\/figure><\/li><\/ul>\n\n\n\n<p>A doceria ganhou o nome de Yeah! Doces com a reformula\u00e7\u00e3o da marca, repensando os trabalhos da doceria e assim, aprimorando os produtos e servi\u00e7os.<\/p>\n\n\n\n<blockquote class=\"wp-block-quote\"><p>&#8220;Evolu\u00edmos e resolvemos realizar essa natural mudan\u00e7a para traduzir melhor essa nova fase em qual estamos. Somos a mesma, por\u00e9m, buscando sempre o aprimoramento dos servi\u00e7os e produtos.&#8221; <\/p><cite> Relata Helber, respons\u00e1vel por toda produ\u00e7\u00e3o da doceria.  <\/cite><\/blockquote>\n\n\n\n<p>Helber \u00e9 baiano de 1992, nascido em Itaberaba. Estudante de Licenciatura em Letras Vern\u00e1culas pela Universidade Estadual de Feira de Santana (UEFS), sempre teve aquele &#8220;p\u00e9 que n\u00e3o saia da cozinha.&#8221; <\/p>\n\n\n\n<p>H\u00e1 dois anos come\u00e7ou a trabalhar com algo que j\u00e1 amava: o mundo da confeitaria. Com um tempo depois criou um perfil no Instagram com o nome @helberbrigadeiros, atualmente sendo a <a href=\"https:\/\/www.instagram.com\/yeahdoces\/\">@yeahdoces<\/a> e, desde ent\u00e3o, busca sempre inovar os seus produtos e acrescentar algo novo no seu card\u00e1pio. <\/p>\n\n\n\n<p>Brigadeiros gourmet, bolo no pote, bolo caseiro, brownie, geladinho gourmet, pudim, mousse, naked cake, bolo piscina e muitos outros produtos fazem parte de um card\u00e1pio bem elaborado e cheio de amor.<\/p>\n\n\n\n<p>Doce de leite com coco queimado, cocada mole, maracuj\u00e1, casadinho, ninho com oreo, beijinho e o brigadeiro tradicional s\u00e3o alguns dos muitos sabores que vem seguindo presente durante toda a nossa hist\u00f3ria. <\/p>\n\n\n\n<p style=\"background-color:#5d3519\" class=\"has-text-color has-background has-very-light-gray-color\">Os produtos custam de R$ 1,50 (como \u00e9 o caso dos brigadeiros) at\u00e9 R$ 120. As entregas s\u00e3o realizadas na resid\u00eancia de Helber ou na UEFS, a depender do produto. Alguns deles j\u00e1 pegaram estrada rumo ao interior da Bahia e outros j\u00e1 viajaram de avi\u00e3o, rumo a capital paulista. <br><br>As encomendas s\u00e3o feitas atrav\u00e9s do Direct do Instagram ou, para um atendimento mais r\u00e1pido, via WhatsApp: (75) 9 9807-5228.<br><\/p>\n","protected":false},"excerpt":{"rendered":"<p>Elas inspiram pela criatividade de juntar diversas do\u00e7uras em apenas uma. Nada clich\u00eas, docerias baianas misturam pre\u00e7os amigos e produtos variados que aparecem em meio aos cliques. As fotos, inclusive, sempre com \u00e2ngulos diferentes para dar \u00e1gua na boca, tamb\u00e9m podem servir como inspira\u00e7\u00e3o para qualquer perfil gastron\u00f4mico. Confira as marcas adocicadas nada \u00f3bvias que est\u00e3o movimentando o Instagram. <\/p>\n","protected":false},"author":10,"featured_media":3433,"comment_status":"open","ping_status":"open","sticky":false,"template":"","format":"standard","meta":[],"categories":[6,21],"tags":[43,239,110,45,44],"acf":[],"yoast_head":"<!-- This site is optimized with the Yoast SEO plugin v15.9.2 - https:\/\/yoast.com\/wordpress\/plugins\/seo\/ -->\n<title>5 DOCERIAS VIRTUAIS E BAIANAS PARA ACOMPANHAR PELO INSTAGRAM - N\u00e3o \u00d3bvio<\/title>\n<meta name=\"robots\" content=\"index, follow, max-snippet:-1, max-image-preview:large, max-video-preview:-1\" \/>\n<link rel=\"canonical\" href=\"https:\/\/www.naoobvio.com\/index.php\/2019\/05\/08\/5-docerias-virtuais-baianas-e-nao-obvias-para-acompanhar-pelo-instagram\/\" \/>\n<meta property=\"og:locale\" content=\"pt_BR\" \/>\n<meta property=\"og:type\" content=\"article\" \/>\n<meta property=\"og:title\" content=\"5 DOCERIAS VIRTUAIS E BAIANAS PARA ACOMPANHAR PELO INSTAGRAM - N\u00e3o \u00d3bvio\" \/>\n<meta property=\"og:url\" content=\"https:\/\/www.naoobvio.com\/index.php\/2019\/05\/08\/5-docerias-virtuais-baianas-e-nao-obvias-para-acompanhar-pelo-instagram\/\" \/>\n<meta property=\"og:site_name\" content=\"N\u00e3o \u00d3bvio\" \/>\n<meta property=\"article:publisher\" content=\"http:\/\/facebook.com\/nao.obvio\" \/>\n<meta property=\"article:published_time\" content=\"2019-05-08T15:25:40+00:00\" \/>\n<meta property=\"article:modified_time\" content=\"2019-05-08T15:46:53+00:00\" \/>\n<meta property=\"og:image\" content=\"https:\/\/www.naoobvio.com\/wp-content\/uploads\/2019\/05\/chocola.jpg\" \/>\n\t<meta property=\"og:image:width\" content=\"1752\" \/>\n\t<meta property=\"og:image:height\" content=\"1402\" \/>\n<meta name=\"twitter:card\" content=\"summary_large_image\" \/>\n<meta name=\"twitter:label1\" content=\"Est. reading time\">\n\t<meta name=\"twitter:data1\" content=\"7 minutos\">\n<script type=\"application\/ld+json\" class=\"yoast-schema-graph\">{\"@context\":\"https:\/\/schema.org\",\"@graph\":[{\"@type\":\"WebSite\",\"@id\":\"https:\/\/www.naoobvio.com\/#website\",\"url\":\"https:\/\/www.naoobvio.com\/\",\"name\":\"N\\u00e3o \\u00d3bvio\",\"description\":\"O que falta na sua  lista\",\"potentialAction\":[{\"@type\":\"SearchAction\",\"target\":\"https:\/\/www.naoobvio.com\/?s={search_term_string}\",\"query-input\":\"required name=search_term_string\"}],\"inLanguage\":\"pt-BR\"},{\"@type\":\"ImageObject\",\"@id\":\"https:\/\/www.naoobvio.com\/index.php\/2019\/05\/08\/5-docerias-virtuais-baianas-e-nao-obvias-para-acompanhar-pelo-instagram\/#primaryimage\",\"inLanguage\":\"pt-BR\",\"url\":\"https:\/\/www.naoobvio.com\/wp-content\/uploads\/2019\/05\/chocola.jpg\",\"width\":1752,\"height\":1402},{\"@type\":\"WebPage\",\"@id\":\"https:\/\/www.naoobvio.com\/index.php\/2019\/05\/08\/5-docerias-virtuais-baianas-e-nao-obvias-para-acompanhar-pelo-instagram\/#webpage\",\"url\":\"https:\/\/www.naoobvio.com\/index.php\/2019\/05\/08\/5-docerias-virtuais-baianas-e-nao-obvias-para-acompanhar-pelo-instagram\/\",\"name\":\"5 DOCERIAS VIRTUAIS E BAIANAS PARA ACOMPANHAR PELO INSTAGRAM - N\\u00e3o \\u00d3bvio\",\"isPartOf\":{\"@id\":\"https:\/\/www.naoobvio.com\/#website\"},\"primaryImageOfPage\":{\"@id\":\"https:\/\/www.naoobvio.com\/index.php\/2019\/05\/08\/5-docerias-virtuais-baianas-e-nao-obvias-para-acompanhar-pelo-instagram\/#primaryimage\"},\"datePublished\":\"2019-05-08T15:25:40+00:00\",\"dateModified\":\"2019-05-08T15:46:53+00:00\",\"author\":{\"@id\":\"https:\/\/www.naoobvio.com\/#\/schema\/person\/917890ba2c7c33140094e43d57da3d06\"},\"breadcrumb\":{\"@id\":\"https:\/\/www.naoobvio.com\/index.php\/2019\/05\/08\/5-docerias-virtuais-baianas-e-nao-obvias-para-acompanhar-pelo-instagram\/#breadcrumb\"},\"inLanguage\":\"pt-BR\",\"potentialAction\":[{\"@type\":\"ReadAction\",\"target\":[\"https:\/\/www.naoobvio.com\/index.php\/2019\/05\/08\/5-docerias-virtuais-baianas-e-nao-obvias-para-acompanhar-pelo-instagram\/\"]}]},{\"@type\":\"BreadcrumbList\",\"@id\":\"https:\/\/www.naoobvio.com\/index.php\/2019\/05\/08\/5-docerias-virtuais-baianas-e-nao-obvias-para-acompanhar-pelo-instagram\/#breadcrumb\",\"itemListElement\":[{\"@type\":\"ListItem\",\"position\":1,\"item\":{\"@type\":\"WebPage\",\"@id\":\"https:\/\/www.naoobvio.com\/\",\"url\":\"https:\/\/www.naoobvio.com\/\",\"name\":\"In\\u00edcio\"}},{\"@type\":\"ListItem\",\"position\":2,\"item\":{\"@type\":\"WebPage\",\"@id\":\"https:\/\/www.naoobvio.com\/index.php\/2019\/05\/08\/5-docerias-virtuais-baianas-e-nao-obvias-para-acompanhar-pelo-instagram\/\",\"url\":\"https:\/\/www.naoobvio.com\/index.php\/2019\/05\/08\/5-docerias-virtuais-baianas-e-nao-obvias-para-acompanhar-pelo-instagram\/\",\"name\":\"5 DOCERIAS VIRTUAIS E BAIANAS PARA ACOMPANHAR PELO INSTAGRAM\"}}]},{\"@type\":\"Person\",\"@id\":\"https:\/\/www.naoobvio.com\/#\/schema\/person\/917890ba2c7c33140094e43d57da3d06\",\"name\":\"Karol Amaral \\u2022 @versoscafeinados\",\"image\":{\"@type\":\"ImageObject\",\"@id\":\"https:\/\/www.naoobvio.com\/#personlogo\",\"inLanguage\":\"pt-BR\",\"url\":\"https:\/\/secure.gravatar.com\/avatar\/8c9059149a033853301647f5c9e54d11?s=96&d=mm&r=g\",\"caption\":\"Karol Amaral \\u2022 @versoscafeinados\"},\"description\":\"Karoline do Amaral \\u00e9 baiana de 1999, nascida em Feira de Santana. Acad\\u00eamica de Licenciatura em Letras Vern\\u00e1culas na Universidade Estadual de Feira de Santana (UEFS). Aspirante \\u00e0 poesia, autora do livro Versos Cafeinados, estudante e professora. Com os versos mais sinceros que v\\u00eam do cora\\u00e7\\u00e3o, encontrou na escrita alento para os pesos e as levezas da vida.\"}]}<\/script>\n<!-- \/ Yoast SEO plugin. -->","_links":{"self":[{"href":"https:\/\/www.naoobvio.com\/index.php\/wp-json\/wp\/v2\/posts\/3430"}],"collection":[{"href":"https:\/\/www.naoobvio.com\/index.php\/wp-json\/wp\/v2\/posts"}],"about":[{"href":"https:\/\/www.naoobvio.com\/index.php\/wp-json\/wp\/v2\/types\/post"}],"author":[{"embeddable":true,"href":"https:\/\/www.naoobvio.com\/index.php\/wp-json\/wp\/v2\/users\/10"}],"replies":[{"embeddable":true,"href":"https:\/\/www.naoobvio.com\/index.php\/wp-json\/wp\/v2\/comments?post=3430"}],"version-history":[{"count":9,"href":"https:\/\/www.naoobvio.com\/index.php\/wp-json\/wp\/v2\/posts\/3430\/revisions"}],"predecessor-version":[{"id":3459,"href":"https:\/\/www.naoobvio.com\/index.php\/wp-json\/wp\/v2\/posts\/3430\/revisions\/3459"}],"wp:featuredmedia":[{"embeddable":true,"href":"https:\/\/www.naoobvio.com\/index.php\/wp-json\/wp\/v2\/media\/3433"}],"wp:attachment":[{"href":"https:\/\/www.naoobvio.com\/index.php\/wp-json\/wp\/v2\/media?parent=3430"}],"wp:term":[{"taxonomy":"category","embeddable":true,"href":"https:\/\/www.naoobvio.com\/index.php\/wp-json\/wp\/v2\/categories?post=3430"},{"taxonomy":"post_tag","embeddable":true,"href":"https:\/\/www.naoobvio.com\/index.php\/wp-json\/wp\/v2\/tags?post=3430"}],"curies":[{"name":"wp","href":"https:\/\/api.w.org\/{rel}","templated":true}]}}