{"id":3963,"date":"2019-05-21T15:02:22","date_gmt":"2019-05-21T18:02:22","guid":{"rendered":"http:\/\/www.naoobvio.com\/?p=3963"},"modified":"2019-05-21T23:37:44","modified_gmt":"2019-05-22T02:37:44","slug":"16-series-de-reformas-e-decoracao-para-inspirar","status":"publish","type":"post","link":"https:\/\/www.naoobvio.com\/index.php\/2019\/05\/21\/16-series-de-reformas-e-decoracao-para-inspirar\/","title":{"rendered":"16 S\u00c9RIES DE REFORMAS E DECORA\u00c7\u00c3O PARA INSPIRAR"},"content":{"rendered":"\n<p>Decorar \u00e9 misturar utilidades pr\u00e1ticas com poesia. A decora\u00e7\u00e3o pode ajudar a organizar o interior de algu\u00e9m, assim como pode expressar muito sobre a personalidade de cada um. \u00c9 \u00f3bvio que nem sempre ela fica como foi sonhado, j\u00e1 que o bolso pode apertar e o tempo de dedica\u00e7\u00e3o pode n\u00e3o ser permitido pela vida corrida. <\/p>\n\n\n\n<div class=\"wp-block-image\"><figure class=\"alignleft is-resized\"><img loading=\"lazy\" src=\"https:\/\/www.mydomaine.com\/thmb\/ijTiPEQ_swrHP0A-WqR_DmuG0Yk=\/1200x900\/smart\/filters:no_upscale()\/cdn.cliqueinc.com__posts__160010__new-decor-brands-summer-2015-160010-1527270668213-main-f1938bbcd1a9448fa318d6c683d368c4.gif\" alt=\"Resultado de imagem para gif decor illustration online\" width=\"314\" height=\"236\"\/><\/figure><\/div>\n\n\n\n<p class=\"has-background has-very-light-gray-background-color\">Mas algumas s\u00e9ries de TV, muitas com o cunho de <em>reality show<\/em>, trazem como miss\u00e3o justamente a possibilidade de deixar um lar mais pr\u00f3ximo do que o morador sonhou.  <br>Foi com vertentes assim que t\u00edtulos como <a href=\"https:\/\/www.netflix.com\/title\/80006164\">Irm\u00e3os \u00e0 Obra<\/a> e <a href=\"https:\/\/www.netflix.com\/watch\/80209464?trackId=13752289&amp;tctx=0%2C3%2Cf07d7a71cf8b54558c76d606e003a58af3e8ddf3%3Ad49cbdbd61faf37ad9e76838b83b3ade5025fa18%2C%2C\">Ordem na Casa<\/a>, ambas dispon\u00edveis na Netflix, se tornaram sucessos. <br><br>Com dicas para organizar e decorar a casa, seja ela do tamanho que for, o N\u00c3O \u00d3BVIO separou produ\u00e7\u00f5es que trazem especialistas e hist\u00f3rias com conte\u00fados para os mais variados gostos, tanto no Brasil quanto em outros cantos do mundo.<br><br>As obras formulam dicas que podem ir desde como tirar fotos mais atrativas dos ambientes at\u00e9 tutoriais de <em>Fa\u00e7a Voc\u00ea Mesmo<\/em>. Confira produ\u00e7\u00f5es nada \u00f3bvias e outras que j\u00e1 podem ser mais conhecidas por quem \u00e9 fissurado no assunto. <\/p>\n\n\n\n<h2><strong>1. Decora&nbsp;<\/strong>| <em>GNT<\/em><\/h2>\n\n\n\n<figure class=\"wp-block-image\"><img loading=\"lazy\" width=\"1024\" height=\"576\" src=\"http:\/\/www.naoobvio.com\/wp-content\/uploads\/2019\/05\/decora-1024x576.jpg\" alt=\"\" class=\"wp-image-3971\" srcset=\"https:\/\/www.naoobvio.com\/wp-content\/uploads\/2019\/05\/decora-1024x576.jpg 1024w, https:\/\/www.naoobvio.com\/wp-content\/uploads\/2019\/05\/decora-300x169.jpg 300w, https:\/\/www.naoobvio.com\/wp-content\/uploads\/2019\/05\/decora-768x432.jpg 768w, https:\/\/www.naoobvio.com\/wp-content\/uploads\/2019\/05\/decora.jpg 1200w\" sizes=\"(max-width: 709px) 85vw, (max-width: 909px) 67vw, (max-width: 1362px) 62vw, 840px\" \/><figcaption>Todas as imagens s\u00e3o de divulga\u00e7\u00e3o ou reprodu\u00e7\u00e3o dos programas indicados<\/figcaption><\/figure>\n\n\n\n<figure class=\"wp-block-embed-youtube wp-block-embed is-type-video is-provider-youtube wp-embed-aspect-16-9 wp-has-aspect-ratio\"><div class=\"wp-block-embed__wrapper\">\n<iframe title=\"Sala nova para um casal | Antes e Depois | Decora | Maur\u00edcio Arruda\" width=\"840\" height=\"473\" src=\"https:\/\/www.youtube.com\/embed\/EVNnmPC8CEI?feature=oembed\" frameborder=\"0\" allow=\"accelerometer; autoplay; encrypted-media; gyroscope; picture-in-picture\" allowfullscreen><\/iframe>\n<\/div><\/figure>\n\n\n\n<p>A produ\u00e7\u00e3o Decora atualmente \u00e9 apresentada pelo arquiteto Maur\u00edcio Arruda, que a cada semana procura melhorar a organiza\u00e7\u00e3o e a vida das pessoas atrav\u00e9s da reforma de um dos c\u00f4modos das casas. <br><br>Tendo como mote a organiza\u00e7\u00e3o, os projetos do profissional costumam visar melhoras pr\u00e1ticas para muito al\u00e9m da est\u00e9tica, mas sem tamb\u00e9m a deixar de lado. Os moradores sempre recebem a reforma pronta ao final e costumam ficar surpresos e emocionados com as mudan\u00e7as executadas pelo arquiteto. <br> <br>Uma das novidades da \u00faltima temporada s\u00e3o os efeitos da computa\u00e7\u00e3o gr\u00e1fica, que agora s\u00e3o tamb\u00e9m utilizados e apresentados por Arruda no decorrer dos planejamentos.<\/p>\n\n\n\n<p class=\"has-background has-luminous-vivid-amber-background-color\">\u260c&nbsp;<strong>Ano:<\/strong>&nbsp;2011 \u2013 presente.&nbsp;<br>\u260c&nbsp;<strong>Temporadas:&nbsp;<\/strong>13 | em continua\u00e7\u00e3o.<br>\u260c&nbsp;<strong>Quantidade de epis\u00f3dios:&nbsp;<\/strong>em torno de 20 por temporada.<br>\u260c&nbsp;<strong>Finalizada?&nbsp;<\/strong>N\u00e3o.<br>\u260c&nbsp;<strong>Dispon\u00edvel em:<\/strong> <a href=\"https:\/\/globosatplay.globo.com\/gnt\/decora\/\">GNT Play<\/a>. | trechos no canal <a href=\"https:\/\/www.youtube.com\/channel\/UCPm-A4LZ6EpwNmlVcetrO7A\">Casa GNT<\/a>.<br>\u260c <strong>Na TV:<\/strong> ter\u00e7as, \u00e0s 21h30 | quartas, \u00e0s 2h, 6h45, 18h05 e 19h. <\/p>\n\n\n\n<h2>2. Do Velho ao Novo | <em>Discovery Home &amp; Healt<\/em><\/h2>\n\n\n\n<figure class=\"wp-block-image\"><img loading=\"lazy\" width=\"1024\" height=\"682\" src=\"http:\/\/www.naoobvio.com\/wp-content\/uploads\/2019\/05\/reformas-1024x682.jpg\" alt=\"\" class=\"wp-image-3978\" srcset=\"https:\/\/www.naoobvio.com\/wp-content\/uploads\/2019\/05\/reformas-1024x682.jpg 1024w, https:\/\/www.naoobvio.com\/wp-content\/uploads\/2019\/05\/reformas-300x200.jpg 300w, https:\/\/www.naoobvio.com\/wp-content\/uploads\/2019\/05\/reformas-768x512.jpg 768w, https:\/\/www.naoobvio.com\/wp-content\/uploads\/2019\/05\/reformas-1200x800.jpg 1200w, https:\/\/www.naoobvio.com\/wp-content\/uploads\/2019\/05\/reformas-1320x879.jpg 1320w, https:\/\/www.naoobvio.com\/wp-content\/uploads\/2019\/05\/reformas.jpg 1600w\" sizes=\"(max-width: 709px) 85vw, (max-width: 909px) 67vw, (max-width: 1362px) 62vw, 840px\" \/><\/figure>\n\n\n\n<figure class=\"wp-block-embed-youtube wp-block-embed is-type-video is-provider-youtube wp-embed-aspect-16-9 wp-has-aspect-ratio\"><div class=\"wp-block-embed__wrapper\">\n<iframe title=\"3 reformas espetaculares | Do Velho ao Novo | Discovery H&amp;H Brasil\" width=\"840\" height=\"473\" src=\"https:\/\/www.youtube.com\/embed\/aWvUcE_OXJs?feature=oembed\" frameborder=\"0\" allow=\"accelerometer; autoplay; encrypted-media; gyroscope; picture-in-picture\" allowfullscreen><\/iframe>\n<\/div><\/figure>\n\n\n\n<p>A s\u00e9rie Do Velho ao Novo mostra como o casal Chip e Joanna Gaines transforma casas decadentes, mas com grande potencial, em vitrines que ajudam a revitalizar bairros inteiros. <br><br>Cada epis\u00f3dio exibe todo o processo de busca e reforma de uma casa, com dicas pr\u00e1ticas dos dois para inspirar os espectadores que tamb\u00e9m t\u00eam vontade de fazer algumas mudan\u00e7as em seus lares, sejam sutis ou mais dr\u00e1sticas.<\/p>\n\n\n\n<p class=\"has-background has-luminous-vivid-amber-background-color\">\u260c&nbsp;<strong>Ano:<\/strong>&nbsp;2018 \u2013 presente.&nbsp;<br>\u260c&nbsp;<strong>Temporadas:&nbsp;<\/strong>02 | em continua\u00e7\u00e3o.<br>\u260c&nbsp;<strong>Quantidade de epis\u00f3dios:&nbsp;<\/strong>em torno de 13 por temporada.<br>\u260c&nbsp;<strong>Finalizada?&nbsp;<\/strong>N\u00e3o.<br>\u260c&nbsp;<strong>Dispon\u00edvel em:<\/strong> <a href=\"https:\/\/www.discoverybrasil.com\/discoveryhh\/do-velho-ao-novo\">Discovery Brasil Play<\/a>. | trechos no canal <a href=\"https:\/\/www.youtube.com\/watch?v=w5BSX2z3VKU\">Discovery Home &amp; Healt<\/a>.<br>\u260c <strong>Na TV:<\/strong> quintas,&nbsp;\u00e0s 10h44 (no Discovery Home &amp; Healt).   <\/p>\n\n\n\n<h2>3. Reforme na Baixa, Fature na Alta | <em>Netflix<\/em><\/h2>\n\n\n\n<figure class=\"wp-block-image\"><img loading=\"lazy\" width=\"1024\" height=\"582\" src=\"http:\/\/www.naoobvio.com\/wp-content\/uploads\/2019\/05\/aqui-1024x582.jpg\" alt=\"\" class=\"wp-image-3985\" srcset=\"https:\/\/www.naoobvio.com\/wp-content\/uploads\/2019\/05\/aqui-1024x582.jpg 1024w, https:\/\/www.naoobvio.com\/wp-content\/uploads\/2019\/05\/aqui-300x170.jpg 300w, https:\/\/www.naoobvio.com\/wp-content\/uploads\/2019\/05\/aqui-768x436.jpg 768w, https:\/\/www.naoobvio.com\/wp-content\/uploads\/2019\/05\/aqui-1200x681.jpg 1200w, https:\/\/www.naoobvio.com\/wp-content\/uploads\/2019\/05\/aqui-1320x750.jpg 1320w, https:\/\/www.naoobvio.com\/wp-content\/uploads\/2019\/05\/aqui.jpg 1620w\" sizes=\"(max-width: 709px) 85vw, (max-width: 909px) 67vw, (max-width: 1362px) 62vw, 840px\" \/><\/figure>\n\n\n\n<figure class=\"wp-block-embed-youtube wp-block-embed is-type-video is-provider-youtube wp-embed-aspect-16-9 wp-has-aspect-ratio\"><div class=\"wp-block-embed__wrapper\">\n<iframe title=\"Reforme Na Baixa, fature na alta Netflix - Trailer Legendado\" width=\"840\" height=\"473\" src=\"https:\/\/www.youtube.com\/embed\/lBVMrH0Ks-Q?feature=oembed\" frameborder=\"0\" allow=\"accelerometer; autoplay; encrypted-media; gyroscope; picture-in-picture\" allowfullscreen><\/iframe>\n<\/div><\/figure>\n\n\n\n<p>Na s\u00e9rie original\u00a0da Netflix, a designer de interiores Genevieve Gorder e o especialista em mercado mobili\u00e1rio Peter Lorimer viajam pelos Estados Unidos para<strong>\u00a0<\/strong>reformar im\u00f3veis de aluguel\u00a0pouco atrativos a turistas, transformando-os em neg\u00f3cios lucrativos e com uma decora\u00e7\u00e3o de cair o queixo. <br><br>Na s\u00e9rie, os propriet\u00e1rios recebem insights dos profissionais sobre como melhor fotografar, anunciar, administrar e receber os h\u00f3spedes. Dicas de restaurantes e lojas locais tamb\u00e9m s\u00e3o inclu\u00eddas. Os epis\u00f3dios contam, por exemplo, com uma casa flutuante em Seattle, Washington, uma de pedra no Brooklyn, em Nova York, e um quartel de bombeiros em Washington, D.C.<br><br>Um outro ponto bacana da s\u00e9rie \u00e9 que as dicas de marketing deixadas podem servir como alertas para quaisquer empreendedores, com detalhes que podem ser vistos como analogias para outras formas de como lidar com clientes, por exemplo. <\/p>\n\n\n\n<p class=\"has-background has-luminous-vivid-amber-background-color\">\u260c&nbsp;<strong>Ano:<\/strong>&nbsp;2018 \u2013 2018.&nbsp;<br>\u260c&nbsp;<strong>Temporadas:&nbsp;<\/strong>01.<br>\u260c&nbsp;<strong>Quantidade de epis\u00f3dios:&nbsp;<\/strong>8.<br>\u260c&nbsp;<strong>Finalizada?&nbsp;<\/strong>Segunda temporada ainda n\u00e3o confirmada.<br>\u260c&nbsp;<strong>Dispon\u00edvel em:<\/strong> <a href=\"https:\/\/www.netflix.com\/watch\/80241453?trackId=13752289&amp;tctx=0%2C0%2C7e5b0f70-6171-4cb7-befa-e8756624dfda-56287531%2C%2C\">Netflix.<\/a><\/p>\n\n\n\n<h2>4. Olho M\u00e1gico \u2013 Reforma de Vizinhos | <em>GNT<\/em><\/h2>\n\n\n\n<figure class=\"wp-block-image\"><img loading=\"lazy\" width=\"876\" height=\"584\" src=\"http:\/\/www.naoobvio.com\/wp-content\/uploads\/2019\/05\/olho-ma.jpg\" alt=\"\" class=\"wp-image-4006\" srcset=\"https:\/\/www.naoobvio.com\/wp-content\/uploads\/2019\/05\/olho-ma.jpg 876w, https:\/\/www.naoobvio.com\/wp-content\/uploads\/2019\/05\/olho-ma-300x200.jpg 300w, https:\/\/www.naoobvio.com\/wp-content\/uploads\/2019\/05\/olho-ma-768x512.jpg 768w\" sizes=\"(max-width: 709px) 85vw, (max-width: 909px) 67vw, (max-width: 1362px) 62vw, 840px\" \/><\/figure>\n\n\n\n<figure class=\"wp-block-embed-youtube wp-block-embed is-type-video is-provider-youtube wp-embed-aspect-16-9 wp-has-aspect-ratio\"><div class=\"wp-block-embed__wrapper\">\n<iframe title=\"Dicas para sala com toque contempor\u00e2neo\" width=\"840\" height=\"473\" src=\"https:\/\/www.youtube.com\/embed\/videoseries?list=PLLJsS0LbSiIf2Tecz4LBXYukiru9dCPDe\" frameborder=\"0\" allow=\"accelerometer; autoplay; encrypted-media; gyroscope; picture-in-picture\" allowfullscreen><\/iframe>\n<\/div><\/figure>\n\n\n\n<p>E se voc\u00ea tivesse que decorar um c\u00f4modo da casa do seu vizinho ou tivesse que entregar o seu lar para que ele fizesse a decora\u00e7\u00e3o?&nbsp;S\u00e3o essas as quest\u00f5es que inspiram o reality Olho M\u00e1gico.<\/p>\n\n\n\n<p>Eles s\u00e3o vizinhos pr\u00f3ximos, conhecem os h\u00e1bitos uns dos outros e compartilham um peda\u00e7o de suas vidas cotidianas. Moram no mesmo condom\u00ednio, vila ou pr\u00e9dio. Suas vidas s\u00e3o diferentes, mas as plantas de suas casas s\u00e3o iguais, e hoje ambos precisam da mesma coisa: redecorar um de seus c\u00f4modos. <br><br>Em cada epis\u00f3dio de Olho M\u00e1gico,&nbsp;dois ambientes com plantas id\u00eanticas v\u00e3o sofrer a interven\u00e7\u00e3o de um profissional que vai fazer um melhor aproveitamento do espa\u00e7o de acordo com o perfil de cada morador. Renata Bartolomeu, Carolina Wambier e Leila Bittencourt comp\u00f5em o trio de decora\u00e7\u00e3o da s\u00e9rie e ser\u00e3o respons\u00e1veis pelas transforma\u00e7\u00f5es. <\/p>\n\n\n\n<p>Sem qualquer briefing mais detalhado do dono da casa, o trabalho ser\u00e1 feito de acordo com o que cada um imagina ser o melhor para o outro. O n\u00edvel de cumplicidade e amizade entre os participantes \u00e9 o que vai determinar os erros e acertos das empreitadas.<\/p>\n\n\n\n<p>Repleta de dicas pr\u00e1ticas sobre decora\u00e7\u00e3o e reformas, Olho M\u00e1gico ir\u00e1 mergulhar no universo da conviv\u00eancia humana, revelando o quanto de nossa personalidade pode transparecer nos objetos que comp\u00f5em nossa casa.&nbsp;Erros e acertos nas interven\u00e7\u00f5es comp\u00f5em a s\u00e9rie que mistura decora\u00e7\u00e3o e relacionamento, onde a divers\u00e3o pode estar esperando na porta ao lado. <\/p>\n\n\n\n<p class=\"has-background has-luminous-vivid-amber-background-color\">\u260c&nbsp;<strong>Ano:<\/strong>&nbsp;2015 \u2013 2018.&nbsp;<br>\u260c&nbsp;<strong>Temporadas:&nbsp;<\/strong>3.<br>\u260c&nbsp;<strong>Quantidade de epis\u00f3dios:&nbsp;<\/strong>em torno de 40 por temporada.<br>\u260c&nbsp;<strong>Finalizada?&nbsp;<\/strong>Sem nova temporada confirmada.<br>\u260c&nbsp;<strong>Dispon\u00edvel em:<\/strong> <a href=\"http:\/\/globosatplay.globo.com\/gnt\/olho-magico-reforma-de-vizinhos\/\">GNT Play<\/a>.  <\/p>\n\n\n\n<h2>5. Incr\u00edveis por Dentro | <em>Netflix<\/em><\/h2>\n\n\n\n<figure class=\"wp-block-image\"><img loading=\"lazy\" width=\"1024\" height=\"576\" src=\"http:\/\/www.naoobvio.com\/wp-content\/uploads\/2019\/05\/interior-1024x576.png\" alt=\"\" class=\"wp-image-3991\" srcset=\"https:\/\/www.naoobvio.com\/wp-content\/uploads\/2019\/05\/interior-1024x576.png 1024w, https:\/\/www.naoobvio.com\/wp-content\/uploads\/2019\/05\/interior-300x169.png 300w, https:\/\/www.naoobvio.com\/wp-content\/uploads\/2019\/05\/interior-768x432.png 768w, https:\/\/www.naoobvio.com\/wp-content\/uploads\/2019\/05\/interior-1200x675.png 1200w, https:\/\/www.naoobvio.com\/wp-content\/uploads\/2019\/05\/interior.png 1280w\" sizes=\"(max-width: 709px) 85vw, (max-width: 909px) 67vw, (max-width: 1362px) 62vw, 840px\" \/><\/figure>\n\n\n\n<figure class=\"wp-block-embed-youtube wp-block-embed is-type-video is-provider-youtube wp-embed-aspect-16-9 wp-has-aspect-ratio\"><div class=\"wp-block-embed__wrapper\">\n<iframe title=\"Amazing Interiors: Teaser\" width=\"840\" height=\"473\" src=\"https:\/\/www.youtube.com\/embed\/ia-Hclo-ITs?feature=oembed\" frameborder=\"0\" allow=\"accelerometer; autoplay; encrypted-media; gyroscope; picture-in-picture\" allowfullscreen><\/iframe>\n<\/div><\/figure>\n\n\n\n<p>A frase &#8220;nunca julgue um livro pela capa&#8221; pode parecer batida, mas surge com uma nova face na nova s\u00e9rie documental da Netflix. A ideia da produ\u00e7\u00e3o Incr\u00edveis por Dentro \u00e9 explorar casas normais em vizinhan\u00e7as que podem aparecer n\u00e3o serem nada al\u00e9m do que se espera, mas que, por dentro, possuem&nbsp;decora\u00e7\u00f5es&nbsp;surpreendentes.<\/p>\n\n\n\n<p>Durante cada epis\u00f3dio, s\u00e3o apresentadas duas casas j\u00e1 constru\u00eddas e tamb\u00e9m uma constru\u00e7\u00e3o \u00e9 acompanhada desde o planejamento do projeto at\u00e9 o final. <br><br>Cada fragmento da&nbsp;reforma&nbsp;ou&nbsp;constru\u00e7\u00e3o&nbsp;do espa\u00e7o exibem a personalidade e as paix\u00f5es dos respectivos moradores. Na s\u00e9rie, \u00e9 poss\u00edvel acompanhar detalhes como um aqu\u00e1rio gigante, um museu de Sci-Fi e at\u00e9 uma cole\u00e7\u00e3o de bonecos de&nbsp;filmes&nbsp;de terror.&nbsp;<br><br>A obra tamb\u00e9m traz moradores que escolheram lugares diferentes para transformar em um lar, como um&nbsp;barco, um&nbsp;cont\u00eainer&nbsp;ou uma igreja antiga.  <\/p>\n\n\n\n<p class=\"has-background has-luminous-vivid-amber-background-color\">\u260c&nbsp;<strong>Ano:<\/strong>&nbsp;2018 \u2013 2018.&nbsp;<br>\u260c&nbsp;<strong>Temporadas:&nbsp;<\/strong>01.<br>\u260c&nbsp;<strong>Quantidade de epis\u00f3dios:&nbsp;<\/strong>12.<br>\u260c&nbsp;<strong>Finalizada?&nbsp;<\/strong>Sem nova temporada confirmada.<br>\u260c&nbsp;<strong>Dispon\u00edvel em:<\/strong> <a href=\"https:\/\/www.netflix.com\/watch\/80184126?trackId=13752289&amp;tctx=0%2C0%2C3f3aad815dc9ab75ec36b79704ca28cfdbd59eb4%3A8bdb71cbae38e65f06d5813349cd5b629fedc70f%2C%2C\">Netflix<\/a>. <\/p>\n\n\n\n<h2>6. Santa Ajuda | <em>GNT<\/em><\/h2>\n\n\n\n<figure class=\"wp-block-image\"><img loading=\"lazy\" width=\"1024\" height=\"683\" src=\"http:\/\/www.naoobvio.com\/wp-content\/uploads\/2019\/05\/santa-1024x683.jpg\" alt=\"\" class=\"wp-image-3983\" srcset=\"https:\/\/www.naoobvio.com\/wp-content\/uploads\/2019\/05\/santa-1024x683.jpg 1024w, https:\/\/www.naoobvio.com\/wp-content\/uploads\/2019\/05\/santa-300x200.jpg 300w, https:\/\/www.naoobvio.com\/wp-content\/uploads\/2019\/05\/santa-768x512.jpg 768w, https:\/\/www.naoobvio.com\/wp-content\/uploads\/2019\/05\/santa-1200x800.jpg 1200w, https:\/\/www.naoobvio.com\/wp-content\/uploads\/2019\/05\/santa-1320x880.jpg 1320w, https:\/\/www.naoobvio.com\/wp-content\/uploads\/2019\/05\/santa.jpg 1920w\" sizes=\"(max-width: 709px) 85vw, (max-width: 909px) 67vw, (max-width: 1362px) 62vw, 840px\" \/><\/figure>\n\n\n\n<figure class=\"wp-block-embed-youtube wp-block-embed is-type-video is-provider-youtube wp-embed-aspect-16-9 wp-has-aspect-ratio\"><div class=\"wp-block-embed__wrapper\">\n<iframe title=\"Como organizar uma cozinha pequena | Organiza\u00e7\u00e3o | Santa Ajuda | Micaela G\u00f3es\" width=\"840\" height=\"473\" src=\"https:\/\/www.youtube.com\/embed\/VddIJJXf_jM?feature=oembed\" frameborder=\"0\" allow=\"accelerometer; autoplay; encrypted-media; gyroscope; picture-in-picture\" allowfullscreen><\/iframe>\n<\/div><\/figure>\n\n\n\n<p>Economia, sustentabilidade e ambientes funcionais. Assim \u00e9 feita a base da s\u00e9rie Santa Ajuda, que traz solu\u00e7\u00f5es para aquela bagun\u00e7a que poucos saberiam, de cara, como resolver. Apresentado pela atriz Micaela G\u00f3es, o programa traz solu\u00e7\u00f5es pr\u00e1ticas, geralmente baratas e sempre vi\u00e1veis para organizar o espa\u00e7o e, consequentemente, o dia a dia de quem mora no local.<br><br>No programa \u00e9 poss\u00edvel aprender a reutilizar pe\u00e7as, a comprar em lojas populares, al\u00e9m de ver ideias&nbsp;criativas sobre aproveitamento de espa\u00e7o, como dicas para deixar o ambiente pequeno com uma sensa\u00e7\u00e3o de estar mais amplo. &nbsp;<\/p>\n\n\n\n<p class=\"has-background has-luminous-vivid-amber-background-color\">\u260c&nbsp;<strong>Ano:<\/strong>&nbsp;2011 \u2013 presente.&nbsp;<br>\u260c&nbsp;<strong>Temporadas:&nbsp;<\/strong>11.<br>\u260c&nbsp;<strong>Quantidade de epis\u00f3dios:&nbsp;<\/strong>em torno de 13 por temporada.<br>\u260c&nbsp;<strong>Finalizada?&nbsp;<\/strong>N\u00e3o.<br>\u260c&nbsp;<strong>Dispon\u00edvel em:<\/strong> <a href=\"https:\/\/globosatplay.globo.com\/gnt\/santa-ajuda\/\">GNT Play<\/a>. | trechos no canal <a href=\"https:\/\/www.youtube.com\/user\/canalgnt\">GNT<\/a>.<br>\u260c <strong>Na TV:<\/strong> ter\u00e7as, \u00e0s 21h.<\/p>\n\n\n\n<h2>7. <strong>As Casas Mais Extraordin\u00e1rias do Mundo&nbsp;<\/strong> | <em>Netflix<\/em><\/h2>\n\n\n\n<figure class=\"wp-block-image\"><img loading=\"lazy\" width=\"1024\" height=\"563\" src=\"http:\/\/www.naoobvio.com\/wp-content\/uploads\/2019\/05\/asca-1024x563.png\" alt=\"\" class=\"wp-image-3988\" srcset=\"https:\/\/www.naoobvio.com\/wp-content\/uploads\/2019\/05\/asca-1024x563.png 1024w, https:\/\/www.naoobvio.com\/wp-content\/uploads\/2019\/05\/asca-300x165.png 300w, https:\/\/www.naoobvio.com\/wp-content\/uploads\/2019\/05\/asca-768x422.png 768w, https:\/\/www.naoobvio.com\/wp-content\/uploads\/2019\/05\/asca-1200x659.png 1200w, https:\/\/www.naoobvio.com\/wp-content\/uploads\/2019\/05\/asca.png 1203w\" sizes=\"(max-width: 709px) 85vw, (max-width: 909px) 67vw, (max-width: 1362px) 62vw, 840px\" \/><\/figure>\n\n\n\n<figure class=\"wp-block-embed-youtube wp-block-embed is-type-video is-provider-youtube wp-embed-aspect-16-9 wp-has-aspect-ratio\"><div class=\"wp-block-embed__wrapper\">\n<iframe title=\"elZinc in The World\u00b4s Most Extraordinary Homes - Netflix \/ BBC\" width=\"840\" height=\"473\" src=\"https:\/\/www.youtube.com\/embed\/QvR7fbDT2-Q?feature=oembed\" frameborder=\"0\" allow=\"accelerometer; autoplay; encrypted-media; gyroscope; picture-in-picture\" allowfullscreen><\/iframe>\n<\/div><\/figure>\n\n\n\n<p>Casas suspensas, constru\u00eddas em ambientes pouco habitados, presas em um penhasco ou enterradas na terra. Em As Casa Mais Extraordin\u00e1rias do Mundo, o arquiteto Piers Taylor e a atriz Caroline Quentin viajam pelo mundo em busca de casas fora do \u00f3bvio com constru\u00e7\u00f5es e decora\u00e7\u00f5es completas. <br> <br>Estados Unidos, Portugal, Su\u00ed\u00e7a e Jap\u00e3o s\u00e3o alguns dos cantos do mundo por onde a produ\u00e7\u00e3o passa. A maioria dos projetos residenciais apresentados acabam estando em locais exorbitantes, mas o bacana \u00e9 conferir a tentativa dos arquitetos para que algo ecologicamente correto seja feito.<\/p>\n\n\n\n<p class=\"has-background has-luminous-vivid-amber-background-color\">\u260c&nbsp;<strong>Ano:<\/strong>&nbsp;2017 \u2013 2018.&nbsp;<br>\u260c&nbsp;<strong>Temporadas:&nbsp;<\/strong>02.<br>\u260c&nbsp;<strong>Quantidade de epis\u00f3dios:&nbsp;<\/strong>12.<br>\u260c&nbsp;<strong>Finalizada?&nbsp;<\/strong>N\u00e3o. Terceira temporada confirmada.<br>\u260c&nbsp;<strong>Dispon\u00edvel em:<\/strong> <a href=\"https:\/\/www.netflix.com\/watch\/80213032?trackId=13752289&amp;tctx=0%2C0%2C229dc24d2cbc3f53f868138ec9b4eca8d28f85f3%3A550e6de1ad65e67fe9b3e83c32805357e50770c5%2C%2C\">Netflix<\/a>.<\/p>\n\n\n\n<h2>8. Miss\u00e3o Design | <em>GNT<\/em><\/h2>\n\n\n\n<figure class=\"wp-block-image\"><img loading=\"lazy\" width=\"1024\" height=\"684\" src=\"http:\/\/www.naoobvio.com\/wp-content\/uploads\/2019\/05\/testede-1-1024x684.jpg\" alt=\"\" class=\"wp-image-4022\" srcset=\"https:\/\/www.naoobvio.com\/wp-content\/uploads\/2019\/05\/testede-1-1024x684.jpg 1024w, https:\/\/www.naoobvio.com\/wp-content\/uploads\/2019\/05\/testede-1-300x200.jpg 300w, https:\/\/www.naoobvio.com\/wp-content\/uploads\/2019\/05\/testede-1-768x513.jpg 768w, https:\/\/www.naoobvio.com\/wp-content\/uploads\/2019\/05\/testede-1.jpg 1200w\" sizes=\"(max-width: 709px) 85vw, (max-width: 909px) 67vw, (max-width: 1362px) 62vw, 840px\" \/><\/figure>\n\n\n\n<figure class=\"wp-block-embed-youtube wp-block-embed is-type-video is-provider-youtube wp-embed-aspect-16-9 wp-has-aspect-ratio\"><div class=\"wp-block-embed__wrapper\">\n<iframe title=\"Inspira\u00e7\u00e3o para decorar a sua cozinha | Ideias Pra Voc\u00ea | Miss\u00e3o Design\" width=\"840\" height=\"473\" src=\"https:\/\/www.youtube.com\/embed\/CuWvrxovrkw?feature=oembed\" frameborder=\"0\" allow=\"accelerometer; autoplay; encrypted-media; gyroscope; picture-in-picture\" allowfullscreen><\/iframe>\n<\/div><\/figure>\n\n\n\n<p>No reality apresentado por Fernanda Paes Leme, a cada epis\u00f3dio, tr\u00eas designers se enfrentam a miss\u00e3o \u00e9 criar um c\u00f4modo dentro de um cont\u00eainer, de 3x4m, usando objetos, novos ou usados, que estejam dentro de um or\u00e7amento bem limitado. <br><br>Ap\u00f3s as elabora\u00e7\u00f5es, um time de jurados avalia e decide o vencedor da rodada, usando crit\u00e9rios como consci\u00eancia ambiental, criatividade, bom uso dos materiais, do tempo e do dinheiro. <\/p>\n\n\n\n<p class=\"has-background has-luminous-vivid-amber-background-color\">\u260c&nbsp;<strong>Ano:<\/strong>&nbsp;2018 \u2013 presente.&nbsp;<br>\u260c&nbsp;<strong>Temporadas:&nbsp;<\/strong>01 | em continua\u00e7\u00e3o.<br>\u260c&nbsp;<strong>Quantidade de epis\u00f3dios:&nbsp;<\/strong>n\u00e3o definido.<br>\u260c&nbsp;<strong>Finalizada?&nbsp;<\/strong>N\u00e3o.<br>\u260c&nbsp;<strong>Dispon\u00edvel em:<\/strong> <a href=\"https:\/\/globosatplay.globo.com\/gnt\/missao-design\/\">GNT Play<\/a>. | trechos no canal <a href=\"https:\/\/www.youtube.com\/channel\/UCPm-A4LZ6EpwNmlVcetrO7A\">Casa GNT<\/a>.<br>\u260c <strong>Na TV:<\/strong> quintas, \u00e0s 18h | sextas, \u00e0s 23h30.  <\/p>\n\n\n\n<h2>9. The Great Interior Designs Challenge | <em>Netflix<\/em><\/h2>\n\n\n\n<figure class=\"wp-block-image\"><img loading=\"lazy\" width=\"1024\" height=\"576\" src=\"http:\/\/www.naoobvio.com\/wp-content\/uploads\/2019\/05\/serie2-1024x576.jpg\" alt=\"\" class=\"wp-image-3995\" srcset=\"https:\/\/www.naoobvio.com\/wp-content\/uploads\/2019\/05\/serie2-1024x576.jpg 1024w, https:\/\/www.naoobvio.com\/wp-content\/uploads\/2019\/05\/serie2-300x169.jpg 300w, https:\/\/www.naoobvio.com\/wp-content\/uploads\/2019\/05\/serie2-768x432.jpg 768w, https:\/\/www.naoobvio.com\/wp-content\/uploads\/2019\/05\/serie2.jpg 1200w\" sizes=\"(max-width: 709px) 85vw, (max-width: 909px) 67vw, (max-width: 1362px) 62vw, 840px\" \/><\/figure>\n\n\n\n<figure class=\"wp-block-embed-youtube wp-block-embed is-type-video is-provider-youtube wp-embed-aspect-16-9 wp-has-aspect-ratio\"><div class=\"wp-block-embed__wrapper\">\n<iframe title=\"The Great Interior Design Challenge - Season 2 Trailer | Inside Outside\" width=\"840\" height=\"473\" src=\"https:\/\/www.youtube.com\/embed\/KHZ26mrzfeM?feature=oembed\" frameborder=\"0\" allow=\"accelerometer; autoplay; encrypted-media; gyroscope; picture-in-picture\" allowfullscreen><\/iframe>\n<\/div><\/figure>\n\n\n\n<p>O&nbsp;reality show&nbsp;brit\u00e2nico The Great Interior Designs Challenge consiste em uma&nbsp;competi\u00e7\u00e3o&nbsp;anual, na qual&nbsp;designers de interiores&nbsp;amadores&nbsp;devem transformar completamente alguns c\u00f4modos, com or\u00e7amento e tempo bastante apertados. <br><br>A s\u00e9rie come\u00e7a com apenas quatro designers amadores, que reprojetam uma sala em um pr\u00e9dio hist\u00f3rico, geralmente aqueles que foram convertidos em apartamentos ou resid\u00eancias. Um dos estilistas \u00e9 eliminado no final do epis\u00f3dio, e o segundo e terceiro epis\u00f3dios continuam at\u00e9 que um designer amador seja o finalista em quest\u00e3o. <br><br>Em seguida, o show traz quatro novos designers e repete o ciclo. Em vez de um dil\u00favio de 16 designers que recebem introdu\u00e7\u00f5es no n\u00edvel da superf\u00edcie, \u00e9 poss\u00edvel conhecer de forma aprofundada quatro de cada vez. <\/p>\n\n\n\n<p class=\"has-background has-luminous-vivid-amber-background-color\">\u260c&nbsp;<strong>Ano:<\/strong>&nbsp;2014 \u2013 presente.&nbsp;<br>\u260c&nbsp;<strong>Temporadas:&nbsp;<\/strong>04 (02 na Netflix).<br>\u260c&nbsp;<strong>Quantidade de epis\u00f3dios:&nbsp;<\/strong>em torno de 15 por temporada.<br>\u260c&nbsp;<strong>Finalizada?&nbsp;<\/strong>N\u00e3o.<br>\u260c&nbsp;<strong>Dispon\u00edvel em:<\/strong> <a href=\"https:\/\/www.netflix.com\/title\/80227959\">Netflix<\/a>.<\/p>\n\n\n\n<h2>10. <strong>Grand Designs<\/strong> | <em>Netflix<\/em><\/h2>\n\n\n\n<figure class=\"wp-block-image\"><img loading=\"lazy\" width=\"1024\" height=\"640\" src=\"http:\/\/www.naoobvio.com\/wp-content\/uploads\/2019\/05\/casita-1024x640.jpg\" alt=\"\" class=\"wp-image-3997\" srcset=\"https:\/\/www.naoobvio.com\/wp-content\/uploads\/2019\/05\/casita-1024x640.jpg 1024w, https:\/\/www.naoobvio.com\/wp-content\/uploads\/2019\/05\/casita-300x188.jpg 300w, https:\/\/www.naoobvio.com\/wp-content\/uploads\/2019\/05\/casita-768x480.jpg 768w, https:\/\/www.naoobvio.com\/wp-content\/uploads\/2019\/05\/casita-1200x750.jpg 1200w, https:\/\/www.naoobvio.com\/wp-content\/uploads\/2019\/05\/casita-1320x825.jpg 1320w, https:\/\/www.naoobvio.com\/wp-content\/uploads\/2019\/05\/casita.jpg 1616w\" sizes=\"(max-width: 709px) 85vw, (max-width: 909px) 67vw, (max-width: 1362px) 62vw, 840px\" \/><\/figure>\n\n\n\n<figure class=\"wp-block-embed-youtube wp-block-embed is-type-video is-provider-youtube wp-embed-aspect-16-9 wp-has-aspect-ratio\"><div class=\"wp-block-embed__wrapper\">\n<iframe title=\"Grand Designs Series 18 4of9 Roman House\" width=\"840\" height=\"473\" src=\"https:\/\/www.youtube.com\/embed\/wvP9le4X9Xo?feature=oembed\" frameborder=\"0\" allow=\"accelerometer; autoplay; encrypted-media; gyroscope; picture-in-picture\" allowfullscreen><\/iframe>\n<\/div><\/figure>\n\n\n\n<p>Voltado para casas diferentes do que \u00e9 costumeiramente visto na cultura do local, o seriado brit\u00e2nico Grand Designs mostra todo o processo de constru\u00e7\u00e3o e\/ou reforma \u2013 dos desejos dos moradores at\u00e9 o produto final. <br><br>Apresentado pelo designer, escritor e apresentador Kevin McCloud, o foco fica para projetos arquitet\u00f4nicos constru\u00eddos do zero, que s\u00e3o incomuns e muitas vezes elaborados. Em meio aos casos, os epis\u00f3dios tamb\u00e9m n\u00e3o fogem da decora\u00e7\u00e3o como um dos pontos principais. <br> <br>Al\u00e9m da parte de arquitetura e constru\u00e7\u00e3o, os epis\u00f3dios tamb\u00e9m se aprofundam na saga das fam\u00edlias. Em muitos deles, \u00e9 poss\u00edvel acompanhar a ang\u00fastia das pessoas por colocar todas as economias em um projeto, al\u00e9m de lidar com as diverg\u00eancias entre os objetivos e a alegria de realizar o sonho.<\/p>\n\n\n\n<p class=\"has-background has-luminous-vivid-amber-background-color\">\u260c&nbsp;<strong>Ano:<\/strong>&nbsp;1999 \u2013 presente.&nbsp;<br>\u260c&nbsp;<strong>Temporadas:&nbsp;<\/strong>18 (apenas a 14\u00aa na Netflix).<br>\u260c&nbsp;<strong>Quantidade de epis\u00f3dios:&nbsp;<\/strong>em torno de 8 por temporada.<br>\u260c&nbsp;<strong>Finalizada?&nbsp;<\/strong>Sem nova temporada confirmada.<br>\u260c&nbsp;<strong>Dispon\u00edvel em:<\/strong> <a href=\"https:\/\/www.netflix.com\/watch\/80232262?trackId=13752289&amp;tctx=0%2C0%2Cdb21bdfddce217f7360be9904a4c68988dc3747d%3Abc0cb38e6ed19814aacdbf3bc5228d01a2c6f68d%2C%2C\">Netflix<\/a>. <\/p>\n\n\n\n<h2>11. <strong>Cabanas Nada B\u00e1sicas (Cabins in the Wild)<\/strong> | <em>Netflix<\/em><\/h2>\n\n\n\n<figure class=\"wp-block-image\"><img loading=\"lazy\" width=\"1024\" height=\"576\" src=\"http:\/\/www.naoobvio.com\/wp-content\/uploads\/2019\/05\/pequeno-1024x576.jpg\" alt=\"\" class=\"wp-image-4000\" srcset=\"https:\/\/www.naoobvio.com\/wp-content\/uploads\/2019\/05\/pequeno-1024x576.jpg 1024w, https:\/\/www.naoobvio.com\/wp-content\/uploads\/2019\/05\/pequeno-300x169.jpg 300w, https:\/\/www.naoobvio.com\/wp-content\/uploads\/2019\/05\/pequeno-768x432.jpg 768w, https:\/\/www.naoobvio.com\/wp-content\/uploads\/2019\/05\/pequeno-1200x675.jpg 1200w, https:\/\/www.naoobvio.com\/wp-content\/uploads\/2019\/05\/pequeno-1320x743.jpg 1320w, https:\/\/www.naoobvio.com\/wp-content\/uploads\/2019\/05\/pequeno.jpg 1920w\" sizes=\"(max-width: 709px) 85vw, (max-width: 909px) 67vw, (max-width: 1362px) 62vw, 840px\" \/><\/figure>\n\n\n\n<figure class=\"wp-block-image\"><img loading=\"lazy\" width=\"1024\" height=\"426\" src=\"http:\/\/www.naoobvio.com\/wp-content\/uploads\/2019\/05\/cabana2-1024x426.jpg\" alt=\"\" class=\"wp-image-4001\" srcset=\"https:\/\/www.naoobvio.com\/wp-content\/uploads\/2019\/05\/cabana2-1024x426.jpg 1024w, https:\/\/www.naoobvio.com\/wp-content\/uploads\/2019\/05\/cabana2-300x125.jpg 300w, https:\/\/www.naoobvio.com\/wp-content\/uploads\/2019\/05\/cabana2-768x320.jpg 768w, https:\/\/www.naoobvio.com\/wp-content\/uploads\/2019\/05\/cabana2-1200x500.jpg 1200w, https:\/\/www.naoobvio.com\/wp-content\/uploads\/2019\/05\/cabana2-1320x550.jpg 1320w, https:\/\/www.naoobvio.com\/wp-content\/uploads\/2019\/05\/cabana2.jpg 2000w\" sizes=\"(max-width: 709px) 85vw, (max-width: 909px) 67vw, (max-width: 1362px) 62vw, 840px\" \/><\/figure>\n\n\n\n<p>Para quem busca inspira\u00e7\u00f5es para ambientes pequenos, a s\u00e9rie Cabanas Nada B\u00e1sicas pode ser um meio para dicas e imagens que gerem outras ideias. <br><br>Nos epis\u00f3dios da primeira temporada, o engenheiro Dick Strawbridge e o artes\u00e3o Will Hardie visitam oito cabanas elaboradas para um hotel pop-up no Pa\u00eds de Gales e constroem a nona por conta pr\u00f3pria, indo dos detalhes decorativos at\u00e9 os \u00e2ngulos arquitet\u00f4nicos em si. <\/p>\n\n\n\n<p class=\"has-background has-luminous-vivid-amber-background-color\">\u260c&nbsp;<strong>Ano:<\/strong>&nbsp;2017 \u2013 2017.&nbsp;<br>\u260c&nbsp;<strong>Temporadas:&nbsp;<\/strong>apenas a 1\u00aa temporada na Netflix.<br>\u260c&nbsp;<strong>Quantidade de epis\u00f3dios:&nbsp;<\/strong>4.<br>\u260c&nbsp;<strong>Finalizada?&nbsp;<\/strong>Sem nova temporada confirmada.<br>\u260c&nbsp;<strong>Dispon\u00edvel em:<\/strong> <a href=\"https:\/\/www.netflix.com\/title\/80241102\">Netflix<\/a>.  <\/p>\n\n\n\n<h2>12. <strong>House Hunters International<\/strong> | <em>HGTV<\/em><\/h2>\n\n\n\n<figure class=\"wp-block-image\"><img loading=\"lazy\" width=\"1024\" height=\"683\" src=\"http:\/\/www.naoobvio.com\/wp-content\/uploads\/2019\/05\/househo-1024x683.jpg\" alt=\"\" class=\"wp-image-3974\" srcset=\"https:\/\/www.naoobvio.com\/wp-content\/uploads\/2019\/05\/househo-1024x683.jpg 1024w, https:\/\/www.naoobvio.com\/wp-content\/uploads\/2019\/05\/househo-300x200.jpg 300w, https:\/\/www.naoobvio.com\/wp-content\/uploads\/2019\/05\/househo-768x512.jpg 768w, https:\/\/www.naoobvio.com\/wp-content\/uploads\/2019\/05\/househo-1200x800.jpg 1200w, https:\/\/www.naoobvio.com\/wp-content\/uploads\/2019\/05\/househo-1320x880.jpg 1320w, https:\/\/www.naoobvio.com\/wp-content\/uploads\/2019\/05\/househo.jpg 2048w\" sizes=\"(max-width: 709px) 85vw, (max-width: 909px) 67vw, (max-width: 1362px) 62vw, 840px\" \/><\/figure>\n\n\n\n<figure class=\"wp-block-embed-youtube wp-block-embed is-type-video is-provider-youtube wp-embed-aspect-16-9 wp-has-aspect-ratio\"><div class=\"wp-block-embed__wrapper\">\n<iframe title=\"HOUSE HUNTERS INTERNATIONAL May 16 2019 [FULL EPISODES] Famous Frenchies in London\" width=\"840\" height=\"473\" src=\"https:\/\/www.youtube.com\/embed\/-xWG7-pi5Hc?feature=oembed\" frameborder=\"0\" allow=\"accelerometer; autoplay; encrypted-media; gyroscope; picture-in-picture\" allowfullscreen><\/iframe>\n<\/div><\/figure>\n\n\n\n<p>A s\u00e9rie House Hunters mostra indiv\u00edduos, casais e fam\u00edlias que est\u00e3o \u00e0 procura da casa ideal. O programa se concentra na experi\u00eancia emocional de encontrar e comprar um im\u00f3vel e em cada epis\u00f3dio revela todo o processo de busca.<br><br>J\u00e1 House Hunters International, \u00e9 um spin-off que apresenta as buscas e compras dessas moradias em outros pa\u00edses (diferentes de onde vieram os personagens reais e principais de cada epis\u00f3dio). Imagine as tens\u00f5es de negocia\u00e7\u00e3o em uma l\u00edngua estrangeira, por exemplo. <br><br>Nas primeiras temporadas da s\u00e9rie, os pre\u00e7os e locais nunca foram mencionados, o que \u00e9 modificado no spin-off. O show ainda revista os compradores em sua nova casa algumas semanas ou meses depois, onde eles descrevem as mudan\u00e7as que fizeram e o efeito que a nova casa tem em sua vida.<\/p>\n\n\n\n<p class=\"has-background has-luminous-vivid-amber-background-color\">\u260c&nbsp;<strong>Ano:<\/strong>&nbsp;2006 \u2013 presente.&nbsp;<br>\u260c&nbsp;<strong>Temporadas:&nbsp;<\/strong>88 | em continua\u00e7\u00e3o.<br>\u260c&nbsp;<strong>Quantidade de epis\u00f3dios:&nbsp;<\/strong>em torno de 15 por temporada.<br>\u260c&nbsp;<strong>Finalizada?&nbsp;<\/strong>N\u00e3o.<br>\u260c&nbsp;<strong>Dispon\u00edvel em:<\/strong> <a href=\"https:\/\/watch.hgtv.com\/tv-shows\/house-hunters-international\/\">HGTV Play<\/a>.<\/p>\n\n\n\n<h2>13. Mais Cor, Por Favor | <em>GNT<\/em><\/h2>\n\n\n\n<figure class=\"wp-block-image\"><img loading=\"lazy\" width=\"1024\" height=\"683\" src=\"http:\/\/www.naoobvio.com\/wp-content\/uploads\/2019\/05\/maisc-1024x683.jpg\" alt=\"\" class=\"wp-image-3982\" srcset=\"https:\/\/www.naoobvio.com\/wp-content\/uploads\/2019\/05\/maisc-1024x683.jpg 1024w, https:\/\/www.naoobvio.com\/wp-content\/uploads\/2019\/05\/maisc-300x200.jpg 300w, https:\/\/www.naoobvio.com\/wp-content\/uploads\/2019\/05\/maisc-768x512.jpg 768w, https:\/\/www.naoobvio.com\/wp-content\/uploads\/2019\/05\/maisc.jpg 1200w\" sizes=\"(max-width: 709px) 85vw, (max-width: 909px) 67vw, (max-width: 1362px) 62vw, 840px\" \/><\/figure>\n\n\n\n<figure class=\"wp-block-embed-youtube wp-block-embed is-type-video is-provider-youtube wp-embed-aspect-16-9 wp-has-aspect-ratio\"><div class=\"wp-block-embed__wrapper\">\n<iframe title=\"Como decorar cadeiras | Fa\u00e7a Voc\u00ea Mesmo | Thalita Carvalho\" width=\"840\" height=\"473\" src=\"https:\/\/www.youtube.com\/embed\/videoseries?list=PLgRXBgp1daVDXSMEIBvYktXbn6id5RxQN\" frameborder=\"0\" allow=\"accelerometer; autoplay; encrypted-media; gyroscope; picture-in-picture\" allowfullscreen><\/iframe>\n<\/div><\/figure>\n\n\n\n<p>\u00c9 poss\u00edvel transformar ambientes usando as cores e as pr\u00f3prias m\u00e3os. \u00c9 nisso que acredita Thalita Carvalho, publicit\u00e1ria, especialista em trabalhos manuais e blogueira. Na s\u00e9rie Mais Cor, Por Favor!, a cada epis\u00f3dio Thalita vai conhecer a hist\u00f3ria de um personagem (ou grupo) que esteja em busca de uma transforma\u00e7\u00e3o na decora\u00e7\u00e3o da \u00e1rea externa de sua casa.<br><br>Enquanto trabalha, Thalita ensina o passo a passo de como reformar e construir m\u00f3veis, pintar paredes e produzir objetos decorativos. Tudo com muita criatividade e pouco or\u00e7amento.<br><br>Para as transforma\u00e7\u00f5es no estilo &#8220;fa\u00e7a voc\u00ea mesmo&#8221;, Thalita vai mostrar que uma rede de amigos pode ser muito \u00fatil. E provar que qualquer um \u00e9 capaz de fazer a reforma de sua casa, mesmo que n\u00e3o tenha experi\u00eancia alguma com trabalhos manuais.<br> <br>O projeto ainda conta com Gabriela Pileggi, forma em Direito, que decidiu mergulhar no mundo das plantas ap\u00f3s um curso de florista. Hoje ela cuida do paisagismo do Mais Cor, Por Favor. <\/p>\n\n\n\n<p class=\"has-background has-luminous-vivid-amber-background-color\">\u260c&nbsp;<strong>Ano:<\/strong>&nbsp;2018 \u2013 presente.&nbsp;<br>\u260c&nbsp;<strong>Temporada:&nbsp;<\/strong>uma | renovada para mais duas.&nbsp;<br>\u260c&nbsp;<strong>Quantidade de epis\u00f3dios:&nbsp;<\/strong>13.<br>\u260c&nbsp;<strong>Finalizada?&nbsp;<\/strong>N\u00e3o.<br>\u260c&nbsp;<strong>Dispon\u00edvel em:<\/strong> <a href=\"https:\/\/globosatplay.globo.com\/gnt\/mais-cor-por-favor\/?utm_source=gnt.globo.com&amp;utm_campaign=TrilhoPlayTitulo&amp;utm_content=Epis%C3%B3diosCompletos&amp;utm_medium=Referral\">GNT Play<\/a>.<\/p>\n\n\n\n<h2>14. O Mundo Segundo os Brasileiros | <em>Band<\/em><\/h2>\n\n\n\n<figure class=\"wp-block-image\"><img loading=\"lazy\" width=\"1024\" height=\"694\" src=\"http:\/\/www.naoobvio.com\/wp-content\/uploads\/2019\/05\/segundoos-1024x694.jpg\" alt=\"\" class=\"wp-image-3993\" srcset=\"https:\/\/www.naoobvio.com\/wp-content\/uploads\/2019\/05\/segundoos-1024x694.jpg 1024w, https:\/\/www.naoobvio.com\/wp-content\/uploads\/2019\/05\/segundoos-300x203.jpg 300w, https:\/\/www.naoobvio.com\/wp-content\/uploads\/2019\/05\/segundoos-768x520.jpg 768w, https:\/\/www.naoobvio.com\/wp-content\/uploads\/2019\/05\/segundoos-1200x813.jpg 1200w, https:\/\/www.naoobvio.com\/wp-content\/uploads\/2019\/05\/segundoos-1320x894.jpg 1320w, https:\/\/www.naoobvio.com\/wp-content\/uploads\/2019\/05\/segundoos.jpg 2048w\" sizes=\"(max-width: 709px) 85vw, (max-width: 909px) 67vw, (max-width: 1362px) 62vw, 840px\" \/><\/figure>\n\n\n\n<figure class=\"wp-block-embed-youtube wp-block-embed is-type-video is-provider-youtube wp-embed-aspect-16-9 wp-has-aspect-ratio\"><div class=\"wp-block-embed__wrapper\">\n<iframe title=\"O Mundo Segundo Os Brasileiros: Sevilha - Parte 1\" width=\"840\" height=\"473\" src=\"https:\/\/www.youtube.com\/embed\/K__0Zgnp6iA?feature=oembed\" frameborder=\"0\" allow=\"accelerometer; autoplay; encrypted-media; gyroscope; picture-in-picture\" allowfullscreen><\/iframe>\n<\/div><\/figure>\n\n\n\n<p>O programa de TV O Mundo Segundo os Brasileiros percorre os diversos roteiros tur\u00edsticos do mundo, desde os mais visitados at\u00e9 os menos explorados. Para a apresenta\u00e7\u00e3o, o telespectador acompanha a vis\u00e3o de brasileiros residentes, que apresentam como \u00e9 o dia a dia nos destinos visitados.<\/p>\n\n\n\n<p>Cultura, culin\u00e1ria e detalhes diversos de arquitetura&nbsp;e design de cada lugar ficam nos t\u00f3picos principais sempre apresentados. Refer\u00eancias para decora\u00e7\u00e3o que podem inspirar em qualquer canto do mundo n\u00e3o ficam de fora das oito temporadas produzidas, com mais de 141 cidades retratadas.<\/p>\n\n\n\n<p class=\"has-background has-luminous-vivid-amber-background-color\">\u260c&nbsp;<strong>Ano:<\/strong>&nbsp;2011 \u2013 2018.&nbsp;<br>\u260c&nbsp;<strong>Temporadas:&nbsp;<\/strong>08.<br>\u260c&nbsp;<strong>Quantidade de epis\u00f3dios:&nbsp;<\/strong>141 no total.<br>\u260c&nbsp;<strong>Finalizada?&nbsp;<\/strong>Sem nova temporada confirmada.<br>\u260c&nbsp;<strong>Dispon\u00edvel em:<\/strong> <a href=\"https:\/\/videos.band.uol.com.br\/14378717\/o-mundo-segundo-os-brasileiros---paris---parte-1.html\">V\u00eddeos Band<\/a>. | <a href=\"https:\/\/www.youtube.com\/channel\/UCX5z9GJp1TDbLEiTczxJ2Gw\">canal de YouTube<\/a> O Mundo Segundo os Brasileiros.<\/p>\n\n\n\n<h2>15. Casa Brasileira |<em> GNT<\/em><\/h2>\n\n\n\n<figure class=\"wp-block-image\"><img loading=\"lazy\" width=\"1024\" height=\"576\" src=\"http:\/\/www.naoobvio.com\/wp-content\/uploads\/2019\/05\/casab-1024x576.jpg\" alt=\"\" class=\"wp-image-4008\" srcset=\"https:\/\/www.naoobvio.com\/wp-content\/uploads\/2019\/05\/casab-1024x576.jpg 1024w, https:\/\/www.naoobvio.com\/wp-content\/uploads\/2019\/05\/casab-300x169.jpg 300w, https:\/\/www.naoobvio.com\/wp-content\/uploads\/2019\/05\/casab-768x432.jpg 768w, https:\/\/www.naoobvio.com\/wp-content\/uploads\/2019\/05\/casab-1200x675.jpg 1200w, https:\/\/www.naoobvio.com\/wp-content\/uploads\/2019\/05\/casab.jpg 1280w\" sizes=\"(max-width: 709px) 85vw, (max-width: 909px) 67vw, (max-width: 1362px) 62vw, 840px\" \/><\/figure>\n\n\n\n<figure class=\"wp-block-embed-youtube wp-block-embed is-type-video is-provider-youtube wp-embed-aspect-16-9 wp-has-aspect-ratio\"><div class=\"wp-block-embed__wrapper\">\n<iframe title=\"CASA BRASILEIRA GERSON CASTELO BRANCO\" width=\"840\" height=\"473\" src=\"https:\/\/www.youtube.com\/embed\/2gdjWDpA8uk?feature=oembed\" frameborder=\"0\" allow=\"accelerometer; autoplay; encrypted-media; gyroscope; picture-in-picture\" allowfullscreen><\/iframe>\n<\/div><\/figure>\n\n\n\n<p>Casa Brasileira \u00e9 uma s\u00e9rie documental que traz as vis\u00f5es dos mais importantes arquitetos e designers do pa\u00eds. A cada epis\u00f3dio, os profissionais falam de seus projetos, suas influ\u00eancias e escolhas, sempre refletindo sobre <em>o jeito brasileiro de morar<\/em>. <br><br>Diversos clientes famosos e admiradores de suas trajet\u00f3rias tamb\u00e9m falam da rela\u00e7\u00e3o com arquitetura e decora\u00e7\u00e3o. Com dire\u00e7\u00e3o de Alberto Renault, a obra \u00e9 um passeio pelos h\u00e1bitos, tradi\u00e7\u00f5es e particularidades da arquitetura e do design do pa\u00eds.<\/p>\n\n\n\n<p class=\"has-background has-luminous-vivid-amber-background-color\">\u260c&nbsp;<strong>Ano:<\/strong>&nbsp;2010 \u2013 presente.&nbsp;<br>\u260c&nbsp;<strong>Temporadas:&nbsp;<\/strong>7.<br>\u260c&nbsp;<strong>Quantidade de epis\u00f3dios:&nbsp;<\/strong>em torno de 13 por temporada.<br>\u260c&nbsp;<strong>Finalizada?&nbsp;<\/strong>N\u00e3o.<br>\u260c&nbsp;<strong>Dispon\u00edvel em:<\/strong> <a href=\"https:\/\/globosatplay.globo.com\/gnt\/casa-brasileira\/\">GNT Play<\/a>.<br>\u260c <strong>Na TV:<\/strong> domingos, \u00e0s 21h30. <\/p>\n\n\n\n<h2>16. <strong>Secrets of Great British Castles<\/strong> | <em>Netflix<\/em><\/h2>\n\n\n\n<figure class=\"wp-block-image\"><img loading=\"lazy\" width=\"1024\" height=\"661\" src=\"http:\/\/www.naoobvio.com\/wp-content\/uploads\/2019\/05\/brit-1024x661.jpg\" alt=\"\" class=\"wp-image-4011\" srcset=\"https:\/\/www.naoobvio.com\/wp-content\/uploads\/2019\/05\/brit-1024x661.jpg 1024w, https:\/\/www.naoobvio.com\/wp-content\/uploads\/2019\/05\/brit-300x194.jpg 300w, https:\/\/www.naoobvio.com\/wp-content\/uploads\/2019\/05\/brit-768x495.jpg 768w, https:\/\/www.naoobvio.com\/wp-content\/uploads\/2019\/05\/brit-1200x774.jpg 1200w, https:\/\/www.naoobvio.com\/wp-content\/uploads\/2019\/05\/brit-1320x852.jpg 1320w\" sizes=\"(max-width: 709px) 85vw, (max-width: 909px) 67vw, (max-width: 1362px) 62vw, 840px\" \/><\/figure>\n\n\n\n<figure class=\"wp-block-embed-youtube wp-block-embed is-type-video is-provider-youtube wp-embed-aspect-16-9 wp-has-aspect-ratio\"><div class=\"wp-block-embed__wrapper\">\n<iframe title=\"Secrets of Great British Castles: Carrickfergus Promo\" width=\"840\" height=\"473\" src=\"https:\/\/www.youtube.com\/embed\/N1ZYQ8-NjnE?feature=oembed\" frameborder=\"0\" allow=\"accelerometer; autoplay; encrypted-media; gyroscope; picture-in-picture\" allowfullscreen><\/iframe>\n<\/div><\/figure>\n\n\n\n<p>Secrets of Great British Castles \u00e9 uma s\u00e9rie de document\u00e1rios de hist\u00f3ria brit\u00e2nica produzida pela Sideline Productions e agora disponibilizada na Netflix. Nela, o historiador Dan Jones explora o apogeu das mais famosas constru\u00e7\u00f5es brit\u00e2nicas.<br><br>A s\u00e9rie, por\u00e9m, n\u00e3o fica somente no \u00e2mbito arquitet\u00f4nico e aborda o dia a dia dos ilustres moradores dos castelos e outros locais apresentados, aprofundando a rela\u00e7\u00e3o das constru\u00e7\u00f5es com a cultura.<\/p>\n\n\n\n<p class=\"has-background has-luminous-vivid-amber-background-color\">\u260c&nbsp;<strong>Ano:<\/strong>&nbsp;2015 \u2013 2016.&nbsp;<br>\u260c&nbsp;<strong>Temporadas:&nbsp;<\/strong>2 (1 temporada na Netflix)<br>\u260c&nbsp;<strong>Quantidade de epis\u00f3dios:&nbsp;<\/strong>12 no total (6 na Netflix).<br>\u260c&nbsp;<strong>Finalizada?&nbsp;<\/strong>Sem nova temporada confirmada.<br>\u260c&nbsp;<strong>Dispon\u00edvel em:<\/strong> <a href=\"https:\/\/www.netflix.com\/title\/80095866\">Netflix<\/a>.    <\/p>\n\n\n\n<p class=\"has-background has-drop-cap has-cyan-bluish-gray-background-color\">Outras s\u00e9ries sobre arquitetura e decora\u00e7\u00e3o dispon\u00edveis na Netflix s\u00e3o: The Art of Design (veja na <a href=\"http:\/\/www.naoobvio.com\/index.php\/2018\/12\/05\/5-series-nao-obvias-sobre-diferentes-profissoes\/\">nossa lista<\/a> de s\u00e9ries n\u00e3o \u00f3bvias sobre diferentes profiss\u00f5es); <a href=\"https:\/\/www.netflix.com\/title\/80185707\">Everyday Miracles<\/a> e <a href=\"https:\/\/www.netflix.com\/title\/80232852\">Big dreams, Small Spaces<\/a> (focada em jardins).<\/p>\n","protected":false},"excerpt":{"rendered":"<p>Decorar \u00e9 forma de autoconhecimento e de organiza\u00e7\u00e3o. Visando a praticidade e a criatividade, s\u00e9ries nacionais e de outros cantos do mundo, sempre com toques de reality show, formulam dicas de decora\u00e7\u00e3o que podem ir desde a tentativa de economizar at\u00e9 dicas arquitet\u00f4nicas ou de como tirar fotos mais atrativas dos ambientes. Confira produ\u00e7\u00f5es nada \u00f3bvias e outras que podem ser mais conhecidas por quem \u00e9 fissurado no assunto.<\/p>\n","protected":false},"author":3,"featured_media":3968,"comment_status":"open","ping_status":"open","sticky":false,"template":"","format":"standard","meta":[],"categories":[14,18],"tags":[101,249],"acf":[],"yoast_head":"<!-- This site is optimized with the Yoast SEO plugin v15.9.2 - https:\/\/yoast.com\/wordpress\/plugins\/seo\/ -->\n<title>16 S\u00c9RIES DE REFORMAS E DECORA\u00c7\u00c3O PARA INSPIRAR - N\u00e3o \u00d3bvio<\/title>\n<meta name=\"robots\" content=\"index, follow, max-snippet:-1, max-image-preview:large, max-video-preview:-1\" \/>\n<link rel=\"canonical\" href=\"https:\/\/www.naoobvio.com\/index.php\/2019\/05\/21\/16-series-de-reformas-e-decoracao-para-inspirar\/\" \/>\n<meta property=\"og:locale\" content=\"pt_BR\" \/>\n<meta property=\"og:type\" content=\"article\" \/>\n<meta property=\"og:title\" content=\"16 S\u00c9RIES DE REFORMAS E DECORA\u00c7\u00c3O PARA INSPIRAR - N\u00e3o \u00d3bvio\" \/>\n<meta property=\"og:url\" content=\"https:\/\/www.naoobvio.com\/index.php\/2019\/05\/21\/16-series-de-reformas-e-decoracao-para-inspirar\/\" \/>\n<meta property=\"og:site_name\" content=\"N\u00e3o \u00d3bvio\" \/>\n<meta property=\"article:publisher\" content=\"http:\/\/facebook.com\/nao.obvio\" \/>\n<meta property=\"article:published_time\" content=\"2019-05-21T18:02:22+00:00\" \/>\n<meta property=\"article:modified_time\" content=\"2019-05-22T02:37:44+00:00\" \/>\n<meta property=\"og:image\" content=\"https:\/\/www.naoobvio.com\/wp-content\/uploads\/2019\/05\/sofaaa.jpg\" \/>\n\t<meta property=\"og:image:width\" content=\"1412\" \/>\n\t<meta property=\"og:image:height\" content=\"996\" \/>\n<meta name=\"twitter:card\" content=\"summary_large_image\" \/>\n<meta name=\"twitter:label1\" content=\"Est. reading time\">\n\t<meta name=\"twitter:data1\" content=\"15 minutos\">\n<script type=\"application\/ld+json\" class=\"yoast-schema-graph\">{\"@context\":\"https:\/\/schema.org\",\"@graph\":[{\"@type\":\"WebSite\",\"@id\":\"https:\/\/www.naoobvio.com\/#website\",\"url\":\"https:\/\/www.naoobvio.com\/\",\"name\":\"N\\u00e3o \\u00d3bvio\",\"description\":\"O que falta na sua  lista\",\"potentialAction\":[{\"@type\":\"SearchAction\",\"target\":\"https:\/\/www.naoobvio.com\/?s={search_term_string}\",\"query-input\":\"required name=search_term_string\"}],\"inLanguage\":\"pt-BR\"},{\"@type\":\"ImageObject\",\"@id\":\"https:\/\/www.naoobvio.com\/index.php\/2019\/05\/21\/16-series-de-reformas-e-decoracao-para-inspirar\/#primaryimage\",\"inLanguage\":\"pt-BR\",\"url\":\"https:\/\/www.naoobvio.com\/wp-content\/uploads\/2019\/05\/sofaaa.jpg\",\"width\":1412,\"height\":996},{\"@type\":\"WebPage\",\"@id\":\"https:\/\/www.naoobvio.com\/index.php\/2019\/05\/21\/16-series-de-reformas-e-decoracao-para-inspirar\/#webpage\",\"url\":\"https:\/\/www.naoobvio.com\/index.php\/2019\/05\/21\/16-series-de-reformas-e-decoracao-para-inspirar\/\",\"name\":\"16 S\\u00c9RIES DE REFORMAS E DECORA\\u00c7\\u00c3O PARA INSPIRAR - N\\u00e3o \\u00d3bvio\",\"isPartOf\":{\"@id\":\"https:\/\/www.naoobvio.com\/#website\"},\"primaryImageOfPage\":{\"@id\":\"https:\/\/www.naoobvio.com\/index.php\/2019\/05\/21\/16-series-de-reformas-e-decoracao-para-inspirar\/#primaryimage\"},\"datePublished\":\"2019-05-21T18:02:22+00:00\",\"dateModified\":\"2019-05-22T02:37:44+00:00\",\"author\":{\"@id\":\"https:\/\/www.naoobvio.com\/#\/schema\/person\/aa333c7dc722c40a097f7fd1d165ff24\"},\"breadcrumb\":{\"@id\":\"https:\/\/www.naoobvio.com\/index.php\/2019\/05\/21\/16-series-de-reformas-e-decoracao-para-inspirar\/#breadcrumb\"},\"inLanguage\":\"pt-BR\",\"potentialAction\":[{\"@type\":\"ReadAction\",\"target\":[\"https:\/\/www.naoobvio.com\/index.php\/2019\/05\/21\/16-series-de-reformas-e-decoracao-para-inspirar\/\"]}]},{\"@type\":\"BreadcrumbList\",\"@id\":\"https:\/\/www.naoobvio.com\/index.php\/2019\/05\/21\/16-series-de-reformas-e-decoracao-para-inspirar\/#breadcrumb\",\"itemListElement\":[{\"@type\":\"ListItem\",\"position\":1,\"item\":{\"@type\":\"WebPage\",\"@id\":\"https:\/\/www.naoobvio.com\/\",\"url\":\"https:\/\/www.naoobvio.com\/\",\"name\":\"In\\u00edcio\"}},{\"@type\":\"ListItem\",\"position\":2,\"item\":{\"@type\":\"WebPage\",\"@id\":\"https:\/\/www.naoobvio.com\/index.php\/2019\/05\/21\/16-series-de-reformas-e-decoracao-para-inspirar\/\",\"url\":\"https:\/\/www.naoobvio.com\/index.php\/2019\/05\/21\/16-series-de-reformas-e-decoracao-para-inspirar\/\",\"name\":\"16 S\\u00c9RIES DE REFORMAS E DECORA\\u00c7\\u00c3O PARA INSPIRAR\"}}]},{\"@type\":\"Person\",\"@id\":\"https:\/\/www.naoobvio.com\/#\/schema\/person\/aa333c7dc722c40a097f7fd1d165ff24\",\"name\":\"Vanessa Brunt \\u2022 @vanessabrunt\",\"image\":{\"@type\":\"ImageObject\",\"@id\":\"https:\/\/www.naoobvio.com\/#personlogo\",\"inLanguage\":\"pt-BR\",\"url\":\"https:\/\/secure.gravatar.com\/avatar\/5e8f9ff20d4728e6b1af66e3b4f90d0e?s=96&d=mm&r=g\",\"caption\":\"Vanessa Brunt \\u2022 @vanessabrunt\"},\"description\":\"Vanessa Brunt \\u00e9 autora premiada internacionalmente, com nove livros lan\\u00e7ados no Brasil e em Portugal. Especialista em Influ\\u00eancia Digital, Persuas\\u00e3o, Vendas e Copywriting, \\u00e9 tamb\\u00e9m mentora do SEBRAE e de corpora\\u00e7\\u00f5es como O Botic\\u00e1rio, al\\u00e9m de empres\\u00e1ria e dona da Ag\\u00eancia CiAtive, de Crescimento de Marcas (com Assessoria de Imprensa, MKT e mais). Jornalista e colunista no Correio da Bahia e do Portal iBahia, Brunt produz conte\\u00fados tamb\\u00e9m no seu blog Sem Quases, no site N\\u00e3o \\u00d3bvio e em suas redes. Descreve-se como uma apaixonada por met\\u00e1foras e ansiosa por compartilhar com voc\\u00ea tudo de mais bacana e menos \\u00f3bvio que encontra por a\\u00ed. \\u2022 Saiba mais em: https:\/\/vanessabrunt.com ou em @vanessabrunt, no Instagram.\",\"sameAs\":[\"http:\/\/vanessabrunt.com\"]}]}<\/script>\n<!-- \/ Yoast SEO plugin. -->","_links":{"self":[{"href":"https:\/\/www.naoobvio.com\/index.php\/wp-json\/wp\/v2\/posts\/3963"}],"collection":[{"href":"https:\/\/www.naoobvio.com\/index.php\/wp-json\/wp\/v2\/posts"}],"about":[{"href":"https:\/\/www.naoobvio.com\/index.php\/wp-json\/wp\/v2\/types\/post"}],"author":[{"embeddable":true,"href":"https:\/\/www.naoobvio.com\/index.php\/wp-json\/wp\/v2\/users\/3"}],"replies":[{"embeddable":true,"href":"https:\/\/www.naoobvio.com\/index.php\/wp-json\/wp\/v2\/comments?post=3963"}],"version-history":[{"count":18,"href":"https:\/\/www.naoobvio.com\/index.php\/wp-json\/wp\/v2\/posts\/3963\/revisions"}],"predecessor-version":[{"id":4025,"href":"https:\/\/www.naoobvio.com\/index.php\/wp-json\/wp\/v2\/posts\/3963\/revisions\/4025"}],"wp:featuredmedia":[{"embeddable":true,"href":"https:\/\/www.naoobvio.com\/index.php\/wp-json\/wp\/v2\/media\/3968"}],"wp:attachment":[{"href":"https:\/\/www.naoobvio.com\/index.php\/wp-json\/wp\/v2\/media?parent=3963"}],"wp:term":[{"taxonomy":"category","embeddable":true,"href":"https:\/\/www.naoobvio.com\/index.php\/wp-json\/wp\/v2\/categories?post=3963"},{"taxonomy":"post_tag","embeddable":true,"href":"https:\/\/www.naoobvio.com\/index.php\/wp-json\/wp\/v2\/tags?post=3963"}],"curies":[{"name":"wp","href":"https:\/\/api.w.org\/{rel}","templated":true}]}}