{"id":4154,"date":"2019-05-24T06:00:07","date_gmt":"2019-05-24T09:00:07","guid":{"rendered":"http:\/\/www.naoobvio.com\/?p=4154"},"modified":"2019-05-24T09:57:41","modified_gmt":"2019-05-24T12:57:41","slug":"6-livros-que-trazem-varios-autores-brasileiros-em-uma-so-obra","status":"publish","type":"post","link":"https:\/\/www.naoobvio.com\/index.php\/2019\/05\/24\/6-livros-que-trazem-varios-autores-brasileiros-em-uma-so-obra\/","title":{"rendered":"6 LIVROS QUE TRAZEM V\u00c1RIOS AUTORES NACIONAIS EM UMA S\u00d3 OBRA"},"content":{"rendered":"\n<p>Cole\u00e7\u00e3o de textos escritos, em prosa ou verso, comp\u00f5em o que s\u00e3o chamadas de antologias. Atrav\u00e9s de concursos ou convites de editoras, \u00e9 poss\u00edvel encontrar antologias que v\u00e3o al\u00e9m da diversidade de escritos e trazem tamb\u00e9m uma variedade de autores.<br><br>No Brasil, essa mistura de v\u00e1rias vozes tamb\u00e9m se faz presente e, de quebra, ajuda leitores a conhecerem novos escritores atrav\u00e9s de uma s\u00f3 compra. Sejam elas de poesias, fotografias, contos ou cr\u00f4nicas, \u00e9 poss\u00edvel encontrar a riqueza liter\u00e1ria e atual do pa\u00eds em obras do tipo.<\/p>\n\n\n\n<div class=\"wp-block-image\"><figure class=\"alignleft is-resized\"><img loading=\"lazy\" src=\"https:\/\/cdn.dribbble.com\/users\/2402067\/screenshots\/5794993\/_-book-gif.gif\" alt=\"Resultado de imagem para gif books illustration\" width=\"407\" height=\"305\"\/><\/figure><\/div>\n\n\n\n<p class=\"has-background has-very-light-gray-background-color\">Pensando nos anseios daqueles que desejam leituras com pluralidade de autores e de f\u00e1cil acesso, o N\u00c3O \u00d3BVIO garimpou seis antologias de poemas, fotografias, contos e cr\u00f4nicas contempor\u00e2neas que podem ser lidas em e-book ou formato digital. <br><br>Confira os t\u00edtulos n\u00e3o \u00f3bvios (<em>sem ordem de prefer\u00eancia<\/em>) que foram lan\u00e7ados entre 2005 e 2018 e que n\u00e3o exigem uma leitura linear. Alguns deles, inclusive, s\u00e3o gratuitos.<\/p>\n\n\n\n<ul class=\"wp-block-gallery columns-2 is-cropped\"><li class=\"blocks-gallery-item\"><figure><img loading=\"lazy\" width=\"665\" height=\"1024\" src=\"http:\/\/www.naoobvio.com\/wp-content\/uploads\/2019\/05\/antologia-665x1024.jpg\" alt=\"\" data-id=\"4198\" data-link=\"http:\/\/www.naoobvio.com\/?attachment_id=4198\" class=\"wp-image-4198\" srcset=\"https:\/\/www.naoobvio.com\/wp-content\/uploads\/2019\/05\/antologia-665x1024.jpg 665w, https:\/\/www.naoobvio.com\/wp-content\/uploads\/2019\/05\/antologia-195x300.jpg 195w, https:\/\/www.naoobvio.com\/wp-content\/uploads\/2019\/05\/antologia-768x1182.jpg 768w, https:\/\/www.naoobvio.com\/wp-content\/uploads\/2019\/05\/antologia-1200x1847.jpg 1200w, https:\/\/www.naoobvio.com\/wp-content\/uploads\/2019\/05\/antologia-1320x2031.jpg 1320w, https:\/\/www.naoobvio.com\/wp-content\/uploads\/2019\/05\/antologia.jpg 1529w\" sizes=\"(max-width: 709px) 85vw, (max-width: 909px) 67vw, (max-width: 984px) 61vw, (max-width: 1362px) 45vw, 600px\" \/><\/figure><\/li><li class=\"blocks-gallery-item\"><figure><img loading=\"lazy\" width=\"709\" height=\"886\" src=\"http:\/\/www.naoobvio.com\/wp-content\/uploads\/2019\/05\/menores.jpg\" alt=\"\" data-id=\"4197\" data-link=\"http:\/\/www.naoobvio.com\/?attachment_id=4197\" class=\"wp-image-4197\" srcset=\"https:\/\/www.naoobvio.com\/wp-content\/uploads\/2019\/05\/menores.jpg 709w, https:\/\/www.naoobvio.com\/wp-content\/uploads\/2019\/05\/menores-240x300.jpg 240w\" sizes=\"(max-width: 709px) 85vw, (max-width: 909px) 67vw, (max-width: 984px) 61vw, (max-width: 1362px) 45vw, 600px\" \/><\/figure><\/li><\/ul>\n\n\n\n<h2>1. Cr\u00f4nica Brasileira Contempor\u00e2nea | <em>Antologia de Cronistas que Escrevem Para Grandes Jornais<\/em><\/h2>\n\n\n\n<div class=\"wp-block-image\"><figure class=\"aligncenter\"><img loading=\"lazy\" width=\"1024\" height=\"5\" src=\"http:\/\/www.naoobvio.com\/wp-content\/uploads\/2019\/05\/linha1-6-1024x5.png\" alt=\"\" class=\"wp-image-4227\" srcset=\"https:\/\/www.naoobvio.com\/wp-content\/uploads\/2019\/05\/linha1-6.png 1024w, https:\/\/www.naoobvio.com\/wp-content\/uploads\/2019\/05\/linha1-6-300x1.png 300w, https:\/\/www.naoobvio.com\/wp-content\/uploads\/2019\/05\/linha1-6-768x4.png 768w\" sizes=\"(max-width: 709px) 85vw, (max-width: 909px) 67vw, (max-width: 1362px) 62vw, 840px\" \/><\/figure><\/div>\n\n\n\n<p>Mesclando ironia e linguagem coloquial, casos pitorescos e lembran\u00e7as pessoais, mem\u00f3ria e inven\u00e7\u00e3o, o cronista \u00e9 ao mesmo tempo um retratista e um cr\u00edtico da vida p\u00fablica.<\/p>\n\n\n\n<blockquote class=\"wp-block-quote\"><p>&#8220;Valoriza-se ent\u00e3o a diversidade, tanto de temas quanto de conte\u00fados presentes no g\u00eanero cr\u00f4nica. Singela, enxuta, breve (o suficiente para que o leitor fique ansioso para ler a pr\u00f3xima), recorrente (sempre ser\u00e1 sucedids por uma pr\u00f3xima), a cr\u00f4nica guarda sua especificidade: tem um car\u00e1ter provis\u00f3rio, inacabado, de momentaneidade.&#8221; <\/p><cite>Afirma Andr\u00e9 Mendes na cr\u00f4nica pr\u00f3pria O G\u00eanero. <\/cite><\/blockquote>\n\n\n\n<p>Por tr\u00e1s do humor e da simplicidade, por\u00e9m, existe um trabalho estil\u00edstico que faz da cr\u00f4nica uma das mais agrad\u00e1veis e cativantes portas de entrada para o mundo das letras.<\/p>\n\n\n\n<p>Na antologia Cr\u00f4nica Brasileira Contempor\u00e2nea, o leitor encontrar\u00e1 textos de dez cronistas que escrevem regularmente em alguns dos mais importantes jornais e revistas do pa\u00eds \u2013  mostrando, assim, a capacidade de renova\u00e7\u00e3o de um g\u00eanero que, desde Machado de Assis e os modernistas, descobre a poesia inscrita no cotidiano.<br><br>Com temas diversos, como romance e fam\u00edlia, as cr\u00f4nicas da obra em quest\u00e3o sempre acabam indo para um cunho de cr\u00edtica social e que causa reflex\u00f5es para al\u00e9m das quatro paredes. <\/p>\n\n\n\n<p>Sob a organiza\u00e7\u00e3o de Manoel da Costa Pinto, o livro re\u00fane autores&nbsp;como Carlos Heitor Cony, Louren\u00e7o Diaferia, Ignacio de Loyola Brandao, Ivan Angelo, Luis Fernando Verissimo, Marina Colasanti, Mario Prata, Domingos Pellegrini&nbsp;, Walcyr Carrasco e Fernando Bonassi. <\/p>\n\n\n\n<p style=\"background-color:#dfa2e0\" class=\"has-background\">\u260c <strong>Onde comprar:<\/strong> Site da <a href=\"https:\/\/www.saraiva.com.br\/cronica-brasileira-contemporanea-antologia-de-cronicas-186597.html\">Saraiva<\/a>  <br>\u260c <strong>Formato:<\/strong> Vers\u00e3o F\u00edsica  <br>\u260c <strong>Pre\u00e7o:<\/strong> R$ 56  <br>\u260c <strong>Ano de lan\u00e7amento:<\/strong> 2005  <br>\u260c <strong>Editora:<\/strong> Salamandra<br>\u260c  <strong>P\u00e1ginas:<\/strong> 279<\/p>\n\n\n\n<h2>2. Os Cem Menores Contos Brasileiros do S\u00e9culo | <em>Cole\u00e7\u00e3o de Renomados Autores Nacionais<\/em><\/h2>\n\n\n\n<div class=\"wp-block-image\"><figure class=\"aligncenter\"><img loading=\"lazy\" width=\"1024\" height=\"5\" src=\"http:\/\/www.naoobvio.com\/wp-content\/uploads\/2019\/05\/linha1-7-1024x5.png\" alt=\"\" class=\"wp-image-4228\" srcset=\"https:\/\/www.naoobvio.com\/wp-content\/uploads\/2019\/05\/linha1-7.png 1024w, https:\/\/www.naoobvio.com\/wp-content\/uploads\/2019\/05\/linha1-7-300x1.png 300w, https:\/\/www.naoobvio.com\/wp-content\/uploads\/2019\/05\/linha1-7-768x4.png 768w\" sizes=\"(max-width: 709px) 85vw, (max-width: 909px) 67vw, (max-width: 1362px) 62vw, 840px\" \/><\/figure><\/div>\n\n\n\n<p>Em tempos de Twitter, a literatura d\u00e1 mostras que podem se renovar com o poder de concis\u00e3o da linguagem. Foi com tal linha de racioc\u00ednio que Marcelo Freire, curador da colet\u00e2nea Os Cem Menores Contos Brasileiros do S\u00e9culo, reuniu diversos autores brasileiros contempor\u00e2neos, j\u00e1 renomados em suas \u00e1reas. <br><br>Como resultado, foram produzidas tramas inusitadas e com diferentes tipos de humor, sempre com um m\u00e1ximo de at\u00e9 cinquenta letras (sem contar t\u00edtulo e pontua\u00e7\u00e3o).  Manoel de Barros (1916 \u2013 2014), Lygia Fagundes, Mill\u00f4r Fernandes e Mar\u00e7al Aquino s\u00e3o alguns dos escritores que fazem parte da obra \u2013 todos nascidos no s\u00e9culo passado. <br><br>A obra acaba sendo ideal para quem quer uma leitura mais r\u00e1pida e para quem quer tamb\u00e9m agu\u00e7ar a pr\u00f3pria criatividade para dar mais vida aos contos (muitas vezes feitos apenas de uma \u00fanica frase). Brincar de completar os contos \u00e9 uma forma, por exemplo, de testar a pr\u00f3pria veia escritora.<\/p>\n\n\n\n<p style=\"background-color:#dfa2e0\" class=\"has-background\">\u260c <strong>Onde comprar:<\/strong> <a href=\"https:\/\/www.atelie.com.br\/livro\/cem-menores-contos-brasileiros-seculo\/\">Ateli\u00ea Editorial<\/a>  | <a href=\"https:\/\/www.amazon.com.br\/cem-menores-contos-brasileiros-s%C3%A9culo\/dp\/8574807990?tag=goog0ef-20&amp;smid=A1ZZFT5FULY4LN&amp;ascsubtag=go_1157433115_58530734048_257324212232_pla-301112824450_m_\">Amazon<\/a><br>\u260c <strong>Formato:<\/strong> Vers\u00e3o F\u00edsica<br>\u260c <strong>Pre\u00e7o:<\/strong> R$ 35<br>\u260c <strong>Ano de lan\u00e7amento:<\/strong> 2008<br>\u260c <strong>Editora:<\/strong> Ateli\u00ea Editorial1<br>\u260c <strong>P\u00e1ginas:<\/strong> 216<\/p>\n\n\n\n<ul class=\"wp-block-gallery columns-2 is-cropped\"><li class=\"blocks-gallery-item\"><figure><img loading=\"lazy\" width=\"535\" height=\"729\" src=\"http:\/\/www.naoobvio.com\/wp-content\/uploads\/2019\/05\/selecao.jpg\" alt=\"\" data-id=\"4203\" data-link=\"http:\/\/www.naoobvio.com\/?attachment_id=4203\" class=\"wp-image-4203\" srcset=\"https:\/\/www.naoobvio.com\/wp-content\/uploads\/2019\/05\/selecao.jpg 535w, https:\/\/www.naoobvio.com\/wp-content\/uploads\/2019\/05\/selecao-220x300.jpg 220w\" sizes=\"(max-width: 535px) 85vw, 535px\" \/><\/figure><\/li><li class=\"blocks-gallery-item\"><figure><img loading=\"lazy\" width=\"624\" height=\"781\" src=\"http:\/\/www.naoobvio.com\/wp-content\/uploads\/2019\/05\/50921880_246187999624533_9033588998613146113_n.jpg\" alt=\"\" data-id=\"4156\" data-link=\"http:\/\/www.naoobvio.com\/?attachment_id=4156\" class=\"wp-image-4156\" srcset=\"https:\/\/www.naoobvio.com\/wp-content\/uploads\/2019\/05\/50921880_246187999624533_9033588998613146113_n.jpg 624w, https:\/\/www.naoobvio.com\/wp-content\/uploads\/2019\/05\/50921880_246187999624533_9033588998613146113_n-240x300.jpg 240w\" sizes=\"(max-width: 709px) 85vw, (max-width: 909px) 67vw, (max-width: 984px) 61vw, (max-width: 1362px) 45vw, 600px\" \/><\/figure><\/li><\/ul>\n\n\n\n<h2>3. Al\u00e9m da Terra, Al\u00e9m do C\u00e9u | <em>Antologia de Poesia Brasileira Contempor\u00e2nea, Vol III<\/em><\/h2>\n\n\n\n<div class=\"wp-block-image\"><figure class=\"aligncenter\"><img loading=\"lazy\" width=\"1024\" height=\"5\" src=\"http:\/\/www.naoobvio.com\/wp-content\/uploads\/2019\/05\/linha1-8-1024x5.png\" alt=\"\" class=\"wp-image-4229\" srcset=\"https:\/\/www.naoobvio.com\/wp-content\/uploads\/2019\/05\/linha1-8.png 1024w, https:\/\/www.naoobvio.com\/wp-content\/uploads\/2019\/05\/linha1-8-300x1.png 300w, https:\/\/www.naoobvio.com\/wp-content\/uploads\/2019\/05\/linha1-8-768x4.png 768w\" sizes=\"(max-width: 709px) 85vw, (max-width: 909px) 67vw, (max-width: 1362px) 62vw, 840px\" \/><\/figure><\/div>\n\n\n\n<p>A Antologia de Poesia Brasileira Contempor\u00e2nea Al\u00e9m da Terra, Al\u00e9m do C\u00e9u re\u00fane cerca de 1.200 poemas escritos em l\u00edngua portuguesa por autores nascidos em todo Brasil \u2013 sendo ideal para quem deseja fazer um estudo dos temas diversos ou dos formatos de escrita dos novos poetas. <br><br>A obra foi constru\u00edda com uma mistura de autores convidados e de outros que puderam enviar seus poemas para uma sele\u00e7\u00e3o cuidadosa feita entre equipes nacionais e tamb\u00e9m de Portugal. <\/p>\n\n\n\n<figure class=\"wp-block-embed-youtube wp-block-embed is-type-video is-provider-youtube wp-embed-aspect-16-9 wp-has-aspect-ratio\"><div class=\"wp-block-embed__wrapper\">\n<iframe title=\"Antologia de Poesia Brasileira Contempor\u00e2nea &quot;Al\u00e9m da Terra, Al\u00e9m do C\u00e9u&quot;, Vol. III\" width=\"840\" height=\"473\" src=\"https:\/\/www.youtube.com\/embed\/W3LquO-2W3U?feature=oembed\" frameborder=\"0\" allow=\"accelerometer; autoplay; encrypted-media; gyroscope; picture-in-picture\" allowfullscreen><\/iframe>\n<\/div><figcaption>Assista ao v\u00eddeo relativo \u00e0 Antologia de Poesia Contempor\u00e2nea Al\u00e9m da Terra, Al\u00e9m do C\u00e9u.<\/figcaption><\/figure>\n\n\n\n<p>O t\u00edtulo do livro brinca com um trecho descrito em um dos poemas do autor  Carlos Drummond de Andrade e o livro em si busca dar destaque para poetas contempor\u00e2neos do pa\u00eds, sejam os mais reconhecidos ou que est\u00e3o ainda em in\u00edcio de carreira.<br><br>Escritores mais renomados como <a href=\"https:\/\/www.instagram.com\/ricardocoiro\/?hl=pt-br\">Ricardo Coiro<\/a> e <a href=\"https:\/\/instagram.com\/vanessabrunt\">Vanessa Brunt<\/a> fazem parte do livro, que conta com tr\u00eas volumes, cada um com poemas e autores diferentes, colocados em ordem alfab\u00e9tica. Confira <a href=\"https:\/\/www.chiadobooks.com\/livraria\/alem-da-terra-alem-do-ceu-antologia-de-poesia-brasileira-contemporanea-vol-ii\">aqui<\/a> tamb\u00e9m o segundo volume da obra.<\/p>\n\n\n\n<blockquote class=\"wp-block-quote\"><p>(&#8230;) <em>Pomada, pomada\u00a0\u2013 E est\u00e3o todos anestesiados.<br>Ningu\u00e9m conversou, ent\u00e3o, ningu\u00e9m achou:\u00a0<\/em><br><em>a\u00a0cura para os mudos cansados.<br>Chegou a \u00e9poca de ouro: da ca\u00e7a ao maldito tesouro\u00a0<\/em><br><em>\u2013\u00a0e\u00a0o monte de luz veio para nos cegar.<br>Endurecendo de tanto sorrir <\/em><br><em>e\u00a0esquecendo que s\u00f3 vale o\u00a0que, se for, nos far\u00e1 chorar.<br>Chegou a fase do acerto, <\/em><br><em>pedra que todos dizem lapidar.<br>Mas ningu\u00e9m tem coragem <\/em><br><em>de trocar sangue para ver durar.<br>Chegou a era do torto patrono, <\/em><br><em>nem mesmo ela p\u00f4de escapar da acidez.<br>Ela quer tanto n\u00e3o errar, <\/em><br><em>que quase n\u00e3o sabe mais tentar:\u00a0aos 23.<br>Ela andava\u00a0meio perdida, sempre, <\/em><br><em>em um mundo que n\u00e3o sabe cair.<br>Vivia\u00a0driblando piscinas vazias, <\/em><br><em>querendo alma na pornagrafia, <\/em><br><em>sentada no trampolim.<br>Mas agora\u00a0todos est\u00e3o desaparecidos, <\/em><br><em>de t\u00e3o achados por si.<br>E dizem ser amor-pr\u00f3prio <\/em><br><em>sair cortando o que acudir.<\/em> (&#8230;)<\/p><cite>Trecho do poema <em>(Des)crer ser<\/em>,<em> <\/em>de Vanessa Brunt<\/cite><\/blockquote>\n\n\n\n<p style=\"background-color:#dfa2e0\" class=\"has-background\">\u260c <strong>Onde comprar:<\/strong> <a href=\"https:\/\/www.chiadobooks.com\/livraria\/alem-da-terra-alem-do-ceu-antologia-de-poesia-brasileira-contemporanea-vol-iii\">Chiado Books<\/a> <br>\u260c <strong>Formato:<\/strong> Vers\u00e3o F\u00edsica  <br>\u260c <strong>Pre\u00e7o:<\/strong> R$ 50  <br>\u260c <strong>Ano de lan\u00e7amento:<\/strong> 2018  <br>\u260c <strong>Editora:<\/strong> Chiado Books  <br>\u260c  <strong>P\u00e1ginas:<\/strong> 1272 <\/p>\n\n\n\n<h2>4. Corpo que Queima | <em>Antologia de Poetas Baianas<\/em><\/h2>\n\n\n\n<div class=\"wp-block-image\"><figure class=\"aligncenter\"><img loading=\"lazy\" width=\"1024\" height=\"5\" src=\"http:\/\/www.naoobvio.com\/wp-content\/uploads\/2019\/05\/linha1-9-1024x5.png\" alt=\"\" class=\"wp-image-4230\" srcset=\"https:\/\/www.naoobvio.com\/wp-content\/uploads\/2019\/05\/linha1-9.png 1024w, https:\/\/www.naoobvio.com\/wp-content\/uploads\/2019\/05\/linha1-9-300x1.png 300w, https:\/\/www.naoobvio.com\/wp-content\/uploads\/2019\/05\/linha1-9-768x4.png 768w\" sizes=\"(max-width: 709px) 85vw, (max-width: 909px) 67vw, (max-width: 1362px) 62vw, 840px\" \/><\/figure><\/div>\n\n\n\n<p>Corpo que queima \u00e9 uma antologia que re\u00fane 41 mulheres baianas, sob a organiza\u00e7\u00e3o da tamb\u00e9m autora <a href=\"https:\/\/instagram.com\/marialuiza.maia?igshid=16qb805s1ljpy\">Maria Luiza Maia<\/a>. S\u00e3o 68 poesias com vozes que v\u00e3o de tem\u00e1ticas universais e tamb\u00e9m contempor\u00e2neas.<\/p>\n\n\n\n<p>A antologia \u00e9 dividida em dois cap\u00edtulos: Corpo e Fogo. O Corpo, que corresponde ao primeiro cap\u00edtulo, aborda tem\u00e1ticas como a resist\u00eancia, exist\u00eancia e lugares de ocupa\u00e7\u00e3o. O Fogo, segundo cap\u00edtulo, aborda temas como os diferentes tipos amor, a escrita e outros sentimentos de todos os seres humanos. <\/p>\n\n\n\n<blockquote class=\"wp-block-quote\"><p>&#8220;Este livro, um e-book que pode ser adquirido gratuitamente, se junta aos demais escritos por mulheres baianas afirmando que, sim, n\u00f3s estamos aqui, sempre estivemos e sempre estaremos.&#8221; <\/p><cite>Relata Maria Luiza Maia, autora do livro Algumas Hist\u00f3rias Sobre a Falta e curadora da antologia de poetas baianas Corpo que Queima<\/cite><\/blockquote>\n\n\n\n<p>O e-book da antologia est\u00e1 dispon\u00edvel para download gratuito no site da Appaloosa Books. Algumas autoras como <a href=\"https:\/\/instagram.com\/elizzabarreto?igshid=12zml9tpazhsw\">Elizza Barreto<\/a>, <a href=\"hhttp:\/\/www.naoobvio.com\/index.php\/2019\/04\/23\/6-livros-nao-obvios-de-poesias-escritos-por-autores-nordestinos\/\">Karoline do Amaral<\/a> e <a href=\"http:\/\/www.naoobvio.com\/index.php\/2019\/04\/23\/6-livros-nao-obvios-de-poesias-escritos-por-autores-nordestinos\/\">Mia Dailan<\/a> fazem parte do livro. <\/p>\n\n\n\n<blockquote class=\"wp-block-quote\"><p><em>&#8220;Estava tomando ch\u00e1 <br>e lendo not\u00edcias suas. <br>Sorria e queimava.<br>Vi o quanto \u00e9 parecido<br>seu destino cruel <br>t\u00e3o sofrido<br>e t\u00e3o bem vivido<br>com minha fome crua. <br>A vida \u00e9 cruel<br>e a solid\u00e3o \u00e9 o destino<br>das almas nuas.&#8221; <\/em><\/p><cite> Mia Dailan, p\u00e1gina 89 da antologia de poetas baianas <\/cite><\/blockquote>\n\n\n\n<p class=\"has-background has-drop-cap has-very-light-gray-background-color\">Outras obras que re\u00fanem poetas baianas s\u00e3o <a href=\"https:\/\/www.americanas.com.br\/produto\/51647543\">Outras Carolinas<\/a> e <a href=\"https:\/\/www.editorapenalux.com.br\/loja\/?route=product\/search&amp;search=confraria%20po%C3%A9tica\">Confraria Po\u00e9tica Feminina I<\/a>. S\u00e3o antologias que t\u00eam como proposta apresentar ao mundo algumas das muitas escritoras baianas da contemporaneidade, estreantes ou veteranas, contudo, todos pulsantes na poesia de seus textos. <\/p>\n\n\n\n<p style=\"background-color:#dfa2e0\" class=\"has-background\">\u260c <strong>Onde encontrar:<\/strong> <a href=\"http:\/\/appaloosabooks.com\/?b=AP0022&amp;fbclid=IwAR1SG164VzdlKSdP2vH4-PidUm_6ZTQHswJF1SSFnSgQDZDqBZiUKzY4aLc\">Site da Appaloosa Books<\/a>  <br>\u260c <strong>Formato:<\/strong> e-book  <br>\u260c  <strong>Pre\u00e7o:<\/strong> Gratuito  <br>\u260c <strong>Ano de lan\u00e7amento:<\/strong> 2018  <br>\u260c <strong>Editora:<\/strong> Appaloosa Books  <br>\u260c <strong>P\u00e1ginas:<\/strong> 112<\/p>\n\n\n\n<ul class=\"wp-block-gallery columns-2 is-cropped\"><li class=\"blocks-gallery-item\"><figure><img loading=\"lazy\" width=\"680\" height=\"1024\" src=\"http:\/\/www.naoobvio.com\/wp-content\/uploads\/2019\/05\/volume39-680x1024.jpg\" alt=\"\" data-id=\"4213\" data-link=\"http:\/\/www.naoobvio.com\/?attachment_id=4213\" class=\"wp-image-4213\" srcset=\"https:\/\/www.naoobvio.com\/wp-content\/uploads\/2019\/05\/volume39-680x1024.jpg 680w, https:\/\/www.naoobvio.com\/wp-content\/uploads\/2019\/05\/volume39-199x300.jpg 199w, https:\/\/www.naoobvio.com\/wp-content\/uploads\/2019\/05\/volume39.jpg 701w\" sizes=\"(max-width: 709px) 85vw, (max-width: 909px) 67vw, (max-width: 984px) 61vw, (max-width: 1362px) 45vw, 600px\" \/><\/figure><\/li><li class=\"blocks-gallery-item\"><figure><img loading=\"lazy\" width=\"673\" height=\"1024\" src=\"http:\/\/www.naoobvio.com\/wp-content\/uploads\/2019\/05\/fundan-673x1024.jpg\" alt=\"\" data-id=\"4202\" data-link=\"http:\/\/www.naoobvio.com\/?attachment_id=4202\" class=\"wp-image-4202\" srcset=\"https:\/\/www.naoobvio.com\/wp-content\/uploads\/2019\/05\/fundan-673x1024.jpg 673w, https:\/\/www.naoobvio.com\/wp-content\/uploads\/2019\/05\/fundan-197x300.jpg 197w, https:\/\/www.naoobvio.com\/wp-content\/uploads\/2019\/05\/fundan.jpg 697w\" sizes=\"(max-width: 709px) 85vw, (max-width: 909px) 67vw, (max-width: 984px) 61vw, (max-width: 1362px) 45vw, 600px\" \/><\/figure><\/li><\/ul>\n\n\n\n<h2>5. Cadernos Negros, Volume 39 | <em>Poemas Afro-Brasileiros <\/em><\/h2>\n\n\n\n<div class=\"wp-block-image\"><figure class=\"aligncenter\"><img loading=\"lazy\" width=\"1024\" height=\"5\" src=\"http:\/\/www.naoobvio.com\/wp-content\/uploads\/2019\/05\/linha1-10-1024x5.png\" alt=\"\" class=\"wp-image-4231\" srcset=\"https:\/\/www.naoobvio.com\/wp-content\/uploads\/2019\/05\/linha1-10.png 1024w, https:\/\/www.naoobvio.com\/wp-content\/uploads\/2019\/05\/linha1-10-300x1.png 300w, https:\/\/www.naoobvio.com\/wp-content\/uploads\/2019\/05\/linha1-10-768x4.png 768w\" sizes=\"(max-width: 709px) 85vw, (max-width: 909px) 67vw, (max-width: 1362px) 62vw, 840px\" \/><\/figure><\/div>\n\n\n\n<p>Sob a organiza\u00e7\u00e3o de Esmeralda Ribeiro e M\u00e1rcia Barbosa, o livro Cadernos Negros, Volume 39, re\u00fane 100 poemas e contos de autores autodenominados Afro-Brasileiros. Por meio dos escritos, a obra discute conceitos e significados da literatura negra, como a diversidade e cidadania.<br><br>Com tons de manifesto, os autores exibem as dores sociais de quem viv\u00eancia o racismo e a viol\u00eancia armada nas regi\u00f5es perif\u00e9ricas. Por outro lado, o orgulho da pr\u00f3pria cor e identidade exalam empoderamento e abrem os olhos para as iguadades humanas. Hist\u00f3rias de luta de quilombolas e den\u00fancias diversas atuais tamb\u00e9m ficam inclusas. <br><br>Criada em 1978, a s\u00e9rie chega a 2016 conta com jovens autores e aqueles que t\u00eam uma trajet\u00f3ria mais consolidada, com destaque das curadoras para a frase: &#8220;A poesia \u00e9 luz que se esculpe quando n\u00e3o vem pronta&#8221;, do escritor Luiz Silva (Cuti), que tamb\u00e9m participa da antologia.<\/p>\n\n\n\n<p style=\"background-color:#dfa2e0\" class=\"has-background\">\u260c <strong>Onde comprar:<\/strong> <a href=\"https:\/\/www.expressaopopular.com.br\/loja\/produto\/cadernos-negros-volume-39-poemas-afro-brasileiros\/\">Livraria Express\u00e3o Popular<\/a> <br>\u260c <strong>Formato:<\/strong> Vers\u00e3o f\u00edsica  <br>\u260c <strong>Pre\u00e7o: <\/strong>R$ 40  <br>\u260c <strong>Ano de lan\u00e7amento:<\/strong> 2016  <br>\u260c <strong>Editora:<\/strong> Quilomhoje  <br>\u260c <strong>P\u00e1ginas:<\/strong> 132<\/p>\n\n\n\n<h2>6. Profundan\u00e7as | <em>Antologia Liter\u00e1ria e Fotogr\u00e1fica<\/em><\/h2>\n\n\n\n<div class=\"wp-block-image\"><figure class=\"aligncenter\"><img loading=\"lazy\" width=\"1024\" height=\"5\" src=\"http:\/\/www.naoobvio.com\/wp-content\/uploads\/2019\/05\/linha1-11-1024x5.png\" alt=\"\" class=\"wp-image-4232\" srcset=\"https:\/\/www.naoobvio.com\/wp-content\/uploads\/2019\/05\/linha1-11.png 1024w, https:\/\/www.naoobvio.com\/wp-content\/uploads\/2019\/05\/linha1-11-300x1.png 300w, https:\/\/www.naoobvio.com\/wp-content\/uploads\/2019\/05\/linha1-11-768x4.png 768w\" sizes=\"(max-width: 709px) 85vw, (max-width: 909px) 67vw, (max-width: 1362px) 62vw, 840px\" \/><\/figure><\/div>\n\n\n\n<p>Profundan\u00e7as \u00e9 uma antologia liter\u00e1ria e fotogr\u00e1fica que re\u00fane autores in\u00e9ditos ou com apenas uma publica\u00e7\u00e3o, sob organiza\u00e7\u00e3o de Daniela Galdino. <\/p>\n\n\n\n<blockquote class=\"wp-block-quote\"><p><em>&#8220;Chega um tempo que \u00e9 de partida <br>Exala fins <br>Frutas doces caem&#8230; e apodrecem. <br>Pap\u00e9is amarelos rasgam, desgastados. <br>Um velho licor a\u00e7ucara<br>e o sim do telefone emudece. <br>Nasce um dia em flores despetalam <br>e sementes novas vem nos encontrar<br>Os barcos nossos desmoronam <br>todos os dias <br>Mas, a busca n\u00e3o \u00e9 do barco <br>\u00c9 do mar.&#8221; <\/em><\/p><cite> Valqu\u00edria Lima, p\u00e1gina 121 da obra Profundan\u00e7as. <\/cite><\/blockquote>\n\n\n\n<p>O livro \u00e9 resultado de uma a\u00e7\u00e3o colaborativa e sem fins lucrativos que re\u00fane autoras in\u00e9ditas que j\u00e1 divulgaram seus textos via internet, mas que nunca publicaram livro individual, e ainda autoras que publicaram somente um livro individual.<br><br>Para cada poetisa convidada, tem-se, tamb\u00e9m, a presen\u00e7a de jovens fot\u00f3grafos(as) sens\u00edveis \u00e0s formas de resist\u00eancia feminina. Os artistas imag\u00e9ticos produziram um ensaio cujo foco \u00e9 a revela\u00e7\u00e3o da presen\u00e7a feminina nos seus espa\u00e7os de origem e atua\u00e7\u00e3o. A atmosfera de cada ensaio foi de livre cria\u00e7\u00e3o do profissional correspondente. <\/p>\n\n\n\n<p style=\"background-color:#dfa2e0\" class=\"has-background\">\u260c <strong>Onde encontrar:<\/strong> <a href=\"http:\/\/vooaudiovisual.com.br\/projects\/profundancas\/\">Site Voo Audiovisual<\/a> <br>\u260c <strong>Formato:<\/strong> e-book  <br>\u260c <strong>Pre\u00e7o:<\/strong> Gratuito  <br>\u260c <strong>Ano de lan\u00e7amento:<\/strong> 2014 <br>\u260c <strong>Produ\u00e7\u00e3o:<\/strong> Voo Audiovisual  <br>\u260c <strong>P\u00e1ginas: <\/strong>138 <\/p>\n","protected":false},"excerpt":{"rendered":"<p>Antologias com cr\u00f4nicas, contos, poemas e at\u00e9 fotografias podem servir como meios para quem quer descobrir v\u00e1rios escritores brasileiros em uma s\u00f3 obra. Confira uma lista especial com livros n\u00e3o \u00f3bvios que contam com diversas vozes e que foram lan\u00e7ados entre 2005 e 2018, sem exig\u00eancia de alguma leitura linear. Alguns dos indicados, inclusive, s\u00e3o gratuitos.<\/p>\n","protected":false},"author":10,"featured_media":4208,"comment_status":"open","ping_status":"open","sticky":false,"template":"","format":"standard","meta":[],"categories":[24,20],"tags":[105,254,40,41,247,256],"acf":[],"yoast_head":"<!-- This site is optimized with the Yoast SEO plugin v15.9.2 - https:\/\/yoast.com\/wordpress\/plugins\/seo\/ -->\n<title>6 LIVROS QUE TRAZEM V\u00c1RIOS AUTORES NACIONAIS EM UMA S\u00d3 OBRA - N\u00e3o \u00d3bvio<\/title>\n<meta name=\"robots\" content=\"index, follow, max-snippet:-1, max-image-preview:large, max-video-preview:-1\" \/>\n<link rel=\"canonical\" href=\"https:\/\/www.naoobvio.com\/index.php\/2019\/05\/24\/6-livros-que-trazem-varios-autores-brasileiros-em-uma-so-obra\/\" \/>\n<meta property=\"og:locale\" content=\"pt_BR\" \/>\n<meta property=\"og:type\" content=\"article\" \/>\n<meta property=\"og:title\" content=\"6 LIVROS QUE TRAZEM V\u00c1RIOS AUTORES NACIONAIS EM UMA S\u00d3 OBRA - N\u00e3o \u00d3bvio\" \/>\n<meta property=\"og:url\" content=\"https:\/\/www.naoobvio.com\/index.php\/2019\/05\/24\/6-livros-que-trazem-varios-autores-brasileiros-em-uma-so-obra\/\" \/>\n<meta property=\"og:site_name\" content=\"N\u00e3o \u00d3bvio\" \/>\n<meta property=\"article:publisher\" content=\"http:\/\/facebook.com\/nao.obvio\" \/>\n<meta property=\"article:published_time\" content=\"2019-05-24T09:00:07+00:00\" \/>\n<meta property=\"article:modified_time\" content=\"2019-05-24T12:57:41+00:00\" \/>\n<meta property=\"og:image\" content=\"https:\/\/www.naoobvio.com\/wp-content\/uploads\/2019\/05\/A5-notepad-on-desk.jpg\" \/>\n\t<meta property=\"og:image:width\" content=\"3074\" \/>\n\t<meta property=\"og:image:height\" content=\"2363\" \/>\n<meta name=\"twitter:card\" content=\"summary_large_image\" \/>\n<meta name=\"twitter:label1\" content=\"Est. reading time\">\n\t<meta name=\"twitter:data1\" content=\"9 minutos\">\n<script type=\"application\/ld+json\" class=\"yoast-schema-graph\">{\"@context\":\"https:\/\/schema.org\",\"@graph\":[{\"@type\":\"WebSite\",\"@id\":\"https:\/\/www.naoobvio.com\/#website\",\"url\":\"https:\/\/www.naoobvio.com\/\",\"name\":\"N\\u00e3o \\u00d3bvio\",\"description\":\"O que falta na sua  lista\",\"potentialAction\":[{\"@type\":\"SearchAction\",\"target\":\"https:\/\/www.naoobvio.com\/?s={search_term_string}\",\"query-input\":\"required name=search_term_string\"}],\"inLanguage\":\"pt-BR\"},{\"@type\":\"ImageObject\",\"@id\":\"https:\/\/www.naoobvio.com\/index.php\/2019\/05\/24\/6-livros-que-trazem-varios-autores-brasileiros-em-uma-so-obra\/#primaryimage\",\"inLanguage\":\"pt-BR\",\"url\":\"https:\/\/www.naoobvio.com\/wp-content\/uploads\/2019\/05\/A5-notepad-on-desk.jpg\",\"width\":3074,\"height\":2363},{\"@type\":\"WebPage\",\"@id\":\"https:\/\/www.naoobvio.com\/index.php\/2019\/05\/24\/6-livros-que-trazem-varios-autores-brasileiros-em-uma-so-obra\/#webpage\",\"url\":\"https:\/\/www.naoobvio.com\/index.php\/2019\/05\/24\/6-livros-que-trazem-varios-autores-brasileiros-em-uma-so-obra\/\",\"name\":\"6 LIVROS QUE TRAZEM V\\u00c1RIOS AUTORES NACIONAIS EM UMA S\\u00d3 OBRA - N\\u00e3o \\u00d3bvio\",\"isPartOf\":{\"@id\":\"https:\/\/www.naoobvio.com\/#website\"},\"primaryImageOfPage\":{\"@id\":\"https:\/\/www.naoobvio.com\/index.php\/2019\/05\/24\/6-livros-que-trazem-varios-autores-brasileiros-em-uma-so-obra\/#primaryimage\"},\"datePublished\":\"2019-05-24T09:00:07+00:00\",\"dateModified\":\"2019-05-24T12:57:41+00:00\",\"author\":{\"@id\":\"https:\/\/www.naoobvio.com\/#\/schema\/person\/917890ba2c7c33140094e43d57da3d06\"},\"breadcrumb\":{\"@id\":\"https:\/\/www.naoobvio.com\/index.php\/2019\/05\/24\/6-livros-que-trazem-varios-autores-brasileiros-em-uma-so-obra\/#breadcrumb\"},\"inLanguage\":\"pt-BR\",\"potentialAction\":[{\"@type\":\"ReadAction\",\"target\":[\"https:\/\/www.naoobvio.com\/index.php\/2019\/05\/24\/6-livros-que-trazem-varios-autores-brasileiros-em-uma-so-obra\/\"]}]},{\"@type\":\"BreadcrumbList\",\"@id\":\"https:\/\/www.naoobvio.com\/index.php\/2019\/05\/24\/6-livros-que-trazem-varios-autores-brasileiros-em-uma-so-obra\/#breadcrumb\",\"itemListElement\":[{\"@type\":\"ListItem\",\"position\":1,\"item\":{\"@type\":\"WebPage\",\"@id\":\"https:\/\/www.naoobvio.com\/\",\"url\":\"https:\/\/www.naoobvio.com\/\",\"name\":\"In\\u00edcio\"}},{\"@type\":\"ListItem\",\"position\":2,\"item\":{\"@type\":\"WebPage\",\"@id\":\"https:\/\/www.naoobvio.com\/index.php\/2019\/05\/24\/6-livros-que-trazem-varios-autores-brasileiros-em-uma-so-obra\/\",\"url\":\"https:\/\/www.naoobvio.com\/index.php\/2019\/05\/24\/6-livros-que-trazem-varios-autores-brasileiros-em-uma-so-obra\/\",\"name\":\"6 LIVROS QUE TRAZEM V\\u00c1RIOS AUTORES NACIONAIS EM UMA S\\u00d3 OBRA\"}}]},{\"@type\":\"Person\",\"@id\":\"https:\/\/www.naoobvio.com\/#\/schema\/person\/917890ba2c7c33140094e43d57da3d06\",\"name\":\"Karol Amaral \\u2022 @versoscafeinados\",\"image\":{\"@type\":\"ImageObject\",\"@id\":\"https:\/\/www.naoobvio.com\/#personlogo\",\"inLanguage\":\"pt-BR\",\"url\":\"https:\/\/secure.gravatar.com\/avatar\/8c9059149a033853301647f5c9e54d11?s=96&d=mm&r=g\",\"caption\":\"Karol Amaral \\u2022 @versoscafeinados\"},\"description\":\"Karoline do Amaral \\u00e9 baiana de 1999, nascida em Feira de Santana. Acad\\u00eamica de Licenciatura em Letras Vern\\u00e1culas na Universidade Estadual de Feira de Santana (UEFS). Aspirante \\u00e0 poesia, autora do livro Versos Cafeinados, estudante e professora. Com os versos mais sinceros que v\\u00eam do cora\\u00e7\\u00e3o, encontrou na escrita alento para os pesos e as levezas da vida.\"}]}<\/script>\n<!-- \/ Yoast SEO plugin. -->","_links":{"self":[{"href":"https:\/\/www.naoobvio.com\/index.php\/wp-json\/wp\/v2\/posts\/4154"}],"collection":[{"href":"https:\/\/www.naoobvio.com\/index.php\/wp-json\/wp\/v2\/posts"}],"about":[{"href":"https:\/\/www.naoobvio.com\/index.php\/wp-json\/wp\/v2\/types\/post"}],"author":[{"embeddable":true,"href":"https:\/\/www.naoobvio.com\/index.php\/wp-json\/wp\/v2\/users\/10"}],"replies":[{"embeddable":true,"href":"https:\/\/www.naoobvio.com\/index.php\/wp-json\/wp\/v2\/comments?post=4154"}],"version-history":[{"count":30,"href":"https:\/\/www.naoobvio.com\/index.php\/wp-json\/wp\/v2\/posts\/4154\/revisions"}],"predecessor-version":[{"id":4234,"href":"https:\/\/www.naoobvio.com\/index.php\/wp-json\/wp\/v2\/posts\/4154\/revisions\/4234"}],"wp:featuredmedia":[{"embeddable":true,"href":"https:\/\/www.naoobvio.com\/index.php\/wp-json\/wp\/v2\/media\/4208"}],"wp:attachment":[{"href":"https:\/\/www.naoobvio.com\/index.php\/wp-json\/wp\/v2\/media?parent=4154"}],"wp:term":[{"taxonomy":"category","embeddable":true,"href":"https:\/\/www.naoobvio.com\/index.php\/wp-json\/wp\/v2\/categories?post=4154"},{"taxonomy":"post_tag","embeddable":true,"href":"https:\/\/www.naoobvio.com\/index.php\/wp-json\/wp\/v2\/tags?post=4154"}],"curies":[{"name":"wp","href":"https:\/\/api.w.org\/{rel}","templated":true}]}}