{"id":4733,"date":"2019-06-10T12:53:22","date_gmt":"2019-06-10T15:53:22","guid":{"rendered":"http:\/\/www.naoobvio.com\/?p=4733"},"modified":"2019-08-05T21:32:30","modified_gmt":"2019-08-06T00:32:30","slug":"4-locais-nao-obvios-com-cursos-inovadores-em-sao-paulo","status":"publish","type":"post","link":"https:\/\/www.naoobvio.com\/index.php\/2019\/06\/10\/4-locais-nao-obvios-com-cursos-inovadores-em-sao-paulo\/","title":{"rendered":"4 LOCAIS N\u00c3O \u00d3BVIOS COM CURSOS INOVADORES EM S\u00c3O PAULO"},"content":{"rendered":"\n<p style=\"text-align:center\" class=\"has-text-color has-background has-small-font-size has-very-light-gray-color has-cyan-bluish-gray-background-color\"><strong>Foto de abertura: <\/strong><a href=\"https:\/\/www.wework.com\/pt-BR\"><strong>We Work<\/strong><\/a><strong>\/Divulga\u00e7\u00e3o<\/strong><\/p>\n\n\n\n<p>Arte e tecnologia s\u00e3o duas vertentes primordiais para enriquecer curr\u00edculos no mundo atual. Empresas de todos os cantos do mundo t\u00eam buscado humanizar seus objetivos, visando um v\u00ednculo maior e mais participativo em rela\u00e7\u00e3o aos p\u00fablicos e, em meio a tais buscas, foi entendido como algo primordial a melhor utiliza\u00e7\u00e3o das redes sociais e de artes para maiores caminhos.<br><br>Na maior capital do Brasil, s\u00e3o diversas as institui\u00e7\u00f5es conscientes das ca\u00e7as atuais e que fornecem cursos inovadores, que n\u00e3o s\u00e3o encontrados com as mesmas metodologias ou com os mesmos espa\u00e7os diferentes para estimular a criatividade. <\/p>\n\n\n\n<p class=\"has-background has-luminous-vivid-amber-background-color\">N\u00e3o \u00e9 que no resto do pa\u00eds as no\u00e7\u00f5es estejam em falta. Afinal, em Salvador, por exemplo, \u00e9 poss\u00edvel encontrar diversos locais para fazer cursos t\u00e3o diferenciados e tecnol\u00f3gicos quanto. <a href=\"https:\/\/www.correio24horas.com.br\/noticia\/nid\/5-locais-para-fazer-cursos-artisticos-em-salvador\/\"><strong>Confira a lista especial do N\u00c3O \u00d3BVIO com locais para encontrar os cursos art\u00edsticos e digitais na capital baiana.<\/strong><\/a><\/p>\n\n\n\n<div class=\"wp-block-image\"><figure class=\"alignleft is-resized\"><img loading=\"lazy\" src=\"https:\/\/cdn.dribbble.com\/users\/1480043\/screenshots\/3175346\/bagley_dektop.gif\" alt=\"Imagem relacionada\" width=\"393\" height=\"295\"\/><\/figure><\/div>\n\n\n\n<p class=\"has-background has-very-light-gray-background-color\">Mas, para quem est\u00e1 buscando meios de ensino fora dos padr\u00f5es no universo paulista, o N\u00c3O \u00d3BVIO preparou uma lista especial com cursos que pensam n\u00e3o apenas no mercado de trabalho, mas tamb\u00e9m no est\u00edmulo do desenvolvimento da arte e do digital em mesclagens. Confira:<\/p>\n\n\n\n<h2>1. <a href=\"https:\/\/coexiste.com.br\/\">Coexiste<\/a> | <a href=\"https:\/\/www.instagram.com\/coexisteoficial\/\">@coexisteoficial<\/a><\/h2>\n\n\n\n<p style=\"text-align:center\" class=\"has-text-color has-background has-medium-font-size has-very-light-gray-color has-very-dark-gray-background-color\"><strong>S\u00c3O PAULO<\/strong> | PRESENCIAL E COM CURSOS ONLINE<\/p>\n\n\n\n<ul class=\"wp-block-gallery columns-2 is-cropped\"><li class=\"blocks-gallery-item\"><figure><img loading=\"lazy\" width=\"959\" height=\"1024\" src=\"http:\/\/www.naoobvio.com\/wp-content\/uploads\/2019\/06\/facjada-959x1024.jpg\" alt=\"\" data-id=\"4742\" data-link=\"http:\/\/www.naoobvio.com\/?attachment_id=4742\" class=\"wp-image-4742\" srcset=\"https:\/\/www.naoobvio.com\/wp-content\/uploads\/2019\/06\/facjada-959x1024.jpg 959w, https:\/\/www.naoobvio.com\/wp-content\/uploads\/2019\/06\/facjada-281x300.jpg 281w, https:\/\/www.naoobvio.com\/wp-content\/uploads\/2019\/06\/facjada-768x820.jpg 768w, https:\/\/www.naoobvio.com\/wp-content\/uploads\/2019\/06\/facjada.jpg 1080w\" sizes=\"(max-width: 709px) 85vw, (max-width: 909px) 67vw, (max-width: 1362px) 62vw, 840px\" \/><\/figure><\/li><li class=\"blocks-gallery-item\"><figure><img loading=\"lazy\" width=\"1024\" height=\"768\" src=\"http:\/\/www.naoobvio.com\/wp-content\/uploads\/2019\/06\/2-1024x768.jpg\" alt=\"\" data-id=\"4741\" data-link=\"http:\/\/www.naoobvio.com\/?attachment_id=4741\" class=\"wp-image-4741\" srcset=\"https:\/\/www.naoobvio.com\/wp-content\/uploads\/2019\/06\/2-1024x768.jpg 1024w, https:\/\/www.naoobvio.com\/wp-content\/uploads\/2019\/06\/2-300x225.jpg 300w, https:\/\/www.naoobvio.com\/wp-content\/uploads\/2019\/06\/2-768x576.jpg 768w, https:\/\/www.naoobvio.com\/wp-content\/uploads\/2019\/06\/2.jpg 1080w\" sizes=\"(max-width: 709px) 85vw, (max-width: 909px) 67vw, (max-width: 1362px) 62vw, 840px\" \/><\/figure><\/li><li class=\"blocks-gallery-item\"><figure><img loading=\"lazy\" width=\"1024\" height=\"647\" src=\"http:\/\/www.naoobvio.com\/wp-content\/uploads\/2019\/06\/coo3-1024x647.jpg\" alt=\"\" data-id=\"4740\" data-link=\"http:\/\/www.naoobvio.com\/?attachment_id=4740\" class=\"wp-image-4740\" srcset=\"https:\/\/www.naoobvio.com\/wp-content\/uploads\/2019\/06\/coo3-1024x647.jpg 1024w, https:\/\/www.naoobvio.com\/wp-content\/uploads\/2019\/06\/coo3-300x189.jpg 300w, https:\/\/www.naoobvio.com\/wp-content\/uploads\/2019\/06\/coo3-768x485.jpg 768w, https:\/\/www.naoobvio.com\/wp-content\/uploads\/2019\/06\/coo3.jpg 1080w\" sizes=\"(max-width: 709px) 85vw, (max-width: 909px) 67vw, (max-width: 1362px) 62vw, 840px\" \/><\/figure><\/li><li class=\"blocks-gallery-item\"><figure><img loading=\"lazy\" width=\"1024\" height=\"767\" src=\"http:\/\/www.naoobvio.com\/wp-content\/uploads\/2019\/06\/repou-1024x767.jpg\" alt=\"\" data-id=\"4743\" data-link=\"http:\/\/www.naoobvio.com\/?attachment_id=4743\" class=\"wp-image-4743\" srcset=\"https:\/\/www.naoobvio.com\/wp-content\/uploads\/2019\/06\/repou-1024x767.jpg 1024w, https:\/\/www.naoobvio.com\/wp-content\/uploads\/2019\/06\/repou-300x225.jpg 300w, https:\/\/www.naoobvio.com\/wp-content\/uploads\/2019\/06\/repou-768x575.jpg 768w, https:\/\/www.naoobvio.com\/wp-content\/uploads\/2019\/06\/repou.jpg 1080w\" sizes=\"(max-width: 709px) 85vw, (max-width: 909px) 67vw, (max-width: 1362px) 62vw, 840px\" \/><\/figure><\/li><\/ul>\n\n\n\n<p>Coexiste \u00e9 uma institui\u00e7\u00e3o de Consultoria Existencial que mistura cursos art\u00edsticos, palestras, treinamentos e outros formatos para aprendizagens. Seja em \u00e2mbitos vistos como pessoais ou corporativos, a proposta \u00e9 ensinar quest\u00f5es de car\u00e1ter existencial, abordando temas como a Comunica\u00e7\u00e3o com Prop\u00f3sito e formas de conex\u00f5es mais firmes com os p\u00fablicos.<br><br>Por abordar a ideia de um Verdadeiro Prop\u00f3sito, algo que \u00e9 muito estudado e abordado em consultorias de empreendedorismo atualmente \u2013 como \u00e9 feito na empresa baiana <a href=\"https:\/\/www.instagram.com\/cazulo_\/?hl=pt-br\">Cazulo<\/a> (que guia outras empresas no crescimento atrav\u00e9s da mensagem mais humanizada) \u2013, alguns coment\u00e1rios pela internet mostram que parte do p\u00fablico externo acredita que o local trata de algo religioso, o que n\u00e3o \u00e9 o caso.<br><br>As op\u00e7\u00f5es v\u00e3o do Curso de Teatro, para organiza\u00e7\u00e3o e melhoria da autoconfian\u00e7a na comunica\u00e7\u00e3o, at\u00e9 o Teatro Empresa, que desenvolve textos, jogos de improviso, esquetes ou pe\u00e7as completas. O local ainda promove outras possibilidades que s\u00e3o totalmente gratuitas.<br><br>O aluno online acessa os mesmos conte\u00fados dos que est\u00e3o presencialmente. Tudo acontece atrav\u00e9s de multic\u00e2meras para que o participante virtual tenha seu espa\u00e7o em sala de aula, de forma que seu aproveitamento e participa\u00e7\u00e3o ativa seja compat\u00edvel com a experi\u00eancia presencial.  <\/p>\n\n\n\n<p style=\"text-align:center\" class=\"has-text-color has-background has-medium-font-size has-very-dark-gray-color has-luminous-vivid-amber-background-color\"><strong>OS CURSOS<\/strong><\/p>\n\n\n\n<p style=\"text-align:center\" class=\"has-background has-very-light-gray-background-color\"><strong>\u260c Treinamentos art\u00edsticos: <\/strong><\/p>\n\n\n\n<p class=\"has-background has-very-light-gray-background-color\">A <strong>Oficina de Teatro<\/strong> visa explicar como objetivos, conceitos e comportamentos humanos s\u00e3o formados e como o ator pode estar posicionado para conduzir a plateia a novos olhares. Dentre os temas, que misturam teoria e pr\u00e1tica, est\u00e3o aulas sobre como Shakespeare se utilizava da musicalidade, sonoridade, ritmos e imagens na gera\u00e7\u00e3o de atmosferas para suscitar sensa\u00e7\u00f5es e emo\u00e7\u00f5es nos atores e na plateia.<br><br>J\u00e1 o <strong>Curso de Teatro<\/strong> serve mesmo para algu\u00e9m que n\u00e3o pretende seguir na profiss\u00e3o de ator. Desde desinibi\u00e7\u00e3o at\u00e9 a compreens\u00e3o do comportamento humano, o teatro livre passa por todas as nuances experimentais necess\u00e1rias para desenvolver a autoconfian\u00e7a na comunica\u00e7\u00e3o, o que torna a expressividade naturalmente clara e distante do medo. <br><br>A <strong>Prepara\u00e7\u00e3o de Atores<\/strong> ajuda profissionais da Comunica\u00e7\u00e3o ou das Artes C\u00e9nicas para um job (filme, s\u00e9rie ou pe\u00e7a, por exemplo) de forma que entrem em contato com o universo do personagem e sua mentalidade em muitas camadas.<\/p>\n\n\n\n<p style=\"text-align:center\" class=\"has-background has-very-light-gray-background-color\"><strong>\u260c Treinamentos empresariais:<\/strong><\/p>\n\n\n\n<p class=\"has-background has-very-light-gray-background-color\">O <strong>Teatro Empresa<\/strong> desenvolve textos, din\u00e2micas, jogos de improviso, esquetes ou pe\u00e7as completas, gerando a participa\u00e7\u00e3o ativa dos colaboradores durante a apresenta\u00e7\u00e3o. Todo o curso busca atender a demandas de treinamento e capacita\u00e7\u00e3o que possibilitam suportes para mais solu\u00e7\u00f5es di\u00e1rias. Qualidade, efetividade, profundidade e engajamento s\u00e3o algumas das palavra-chave.<br><br>A parte empresarial tamb\u00e9m conta com <strong>palestras<\/strong> focadas em evidenciar a necessidade de mudan\u00e7as e apresentar alternativas \u00f3bvias e relativamente simples e execut\u00e1veis com alto ganho de objetividade, produtividade, sustentabilidade e conforto. <\/p>\n\n\n\n<p style=\"text-align:center\" class=\"has-background has-very-light-gray-background-color\"><strong>\u260c Treinamentos existenciais:<\/strong><\/p>\n\n\n\n<p class=\"has-background has-very-light-gray-background-color\">O <strong>Workshop A Verdade<\/strong> \u00e9 somente presencial e visa restabelecer o contato do indiv\u00edduo com a verdade da pr\u00f3pria exist\u00eancia. Com dura\u00e7\u00e3o de 13 meses, o projeto acontece sempre e um final de semana.&nbsp; <br><br>Ainda \u00e9 poss\u00edvel fazer o <strong>Curso A Verdade<\/strong>, que traz uma estrutura did\u00e1tica desenvolvida&nbsp;para organiza\u00e7\u00e3o dos objetivos individuais ou empresariais. O curso tamb\u00e9m \u00e9 apenas presencial.<\/p>\n\n\n\n<p style=\"text-align:center\" class=\"has-background has-very-light-gray-background-color\"><strong>\u260c Atividades gratuitas:     <\/strong><\/p>\n\n\n\n<p class=\"has-background has-very-light-gray-background-color\">A <a href=\"https:\/\/coexiste.com.br\/cineaula\/\"><strong>CineAula Coexiste<\/strong><\/a> \u00e9 uma aula ministrada por Kaw Yin e Yan Yin, os fundadores da Coexiste, que, a cada semana, usam como recurso did\u00e1tico uma produ\u00e7\u00e3o cinematogr\u00e1fica que traga elementos demonstrativos da cultura humana. Na imers\u00e3o em conjunto, ap\u00f3s o filme, h\u00e1 o debate para um entendimento mais amplo sobre prop\u00f3sitos. <br><br>O objetivo da atividade coletiva \u00e9 para apresentar e discutir sobre uma obra que traga elementos auxiliadores na organiza\u00e7\u00e3o de metas de forma mais humanizada.  <br><br>Tamb\u00e9m \u00e9 poss\u00edvel acessar palestras atrav\u00e9s do projeto no <a href=\"https:\/\/coexiste.com.br\/programa\/\"><strong>canal de YouTube<\/strong><\/a>.<\/p>\n\n\n\n<p class=\"has-background has-luminous-vivid-amber-background-color\">\u260c Cursos para todas as idades e para empresas<br>\u260c <strong>Endere\u00e7o:<\/strong> R. Barbalha, 417 \u2013 Alto da Lapa, S\u00e3o Paulo \u2013 SP, 05083-020 <br>\u260c <strong>Telefone: <\/strong>(11) 99606-9549 <br>\u260c <strong>Pre\u00e7os:<\/strong> variam entre R$ 300\/m\u00eas (cursos) e R$ 1.600 no total (oficinas)<\/p>\n\n\n\n<h2>2. <a href=\"https:\/\/projetoarea51.com.br\/\">Projeto \u00c1rea 51<\/a> | <a href=\"https:\/\/www.instagram.com\/projetoarea51\/\">@projetoarea51<\/a><\/h2>\n\n\n\n<p style=\"text-align:center\" class=\"has-text-color has-background has-medium-font-size has-very-light-gray-color has-very-dark-gray-background-color\"><strong>RIO DE JANEIRO<\/strong> <strong>E S\u00c3O PAULO<\/strong> | SOMENTE PRESENCIAL<\/p>\n\n\n\n<ul class=\"wp-block-gallery columns-2 is-cropped\"><li class=\"blocks-gallery-item\"><figure><img loading=\"lazy\" width=\"837\" height=\"602\" src=\"http:\/\/www.naoobvio.com\/wp-content\/uploads\/2019\/06\/2019-06-10-2.png\" alt=\"\" data-id=\"4751\" data-link=\"http:\/\/www.naoobvio.com\/?attachment_id=4751\" class=\"wp-image-4751\" srcset=\"https:\/\/www.naoobvio.com\/wp-content\/uploads\/2019\/06\/2019-06-10-2.png 837w, https:\/\/www.naoobvio.com\/wp-content\/uploads\/2019\/06\/2019-06-10-2-300x216.png 300w, https:\/\/www.naoobvio.com\/wp-content\/uploads\/2019\/06\/2019-06-10-2-768x552.png 768w\" sizes=\"(max-width: 709px) 85vw, (max-width: 909px) 67vw, (max-width: 984px) 61vw, (max-width: 1362px) 45vw, 600px\" \/><\/figure><\/li><li class=\"blocks-gallery-item\"><figure><img loading=\"lazy\" width=\"1024\" height=\"576\" src=\"http:\/\/www.naoobvio.com\/wp-content\/uploads\/2019\/06\/aula-1024x576.jpg\" alt=\"\" data-id=\"4750\" data-link=\"http:\/\/www.naoobvio.com\/?attachment_id=4750\" class=\"wp-image-4750\" srcset=\"https:\/\/www.naoobvio.com\/wp-content\/uploads\/2019\/06\/aula-1024x576.jpg 1024w, https:\/\/www.naoobvio.com\/wp-content\/uploads\/2019\/06\/aula-300x169.jpg 300w, https:\/\/www.naoobvio.com\/wp-content\/uploads\/2019\/06\/aula-768x432.jpg 768w, https:\/\/www.naoobvio.com\/wp-content\/uploads\/2019\/06\/aula.jpg 1080w\" sizes=\"(max-width: 709px) 85vw, (max-width: 909px) 67vw, (max-width: 1362px) 62vw, 840px\" \/><\/figure><\/li><li class=\"blocks-gallery-item\"><figure><img loading=\"lazy\" width=\"642\" height=\"533\" src=\"http:\/\/www.naoobvio.com\/wp-content\/uploads\/2019\/06\/area5.png\" alt=\"\" data-id=\"4748\" data-link=\"http:\/\/www.naoobvio.com\/?attachment_id=4748\" class=\"wp-image-4748\" srcset=\"https:\/\/www.naoobvio.com\/wp-content\/uploads\/2019\/06\/area5.png 642w, https:\/\/www.naoobvio.com\/wp-content\/uploads\/2019\/06\/area5-300x249.png 300w\" sizes=\"(max-width: 709px) 85vw, (max-width: 909px) 67vw, (max-width: 984px) 61vw, (max-width: 1362px) 45vw, 600px\" \/><\/figure><\/li><li class=\"blocks-gallery-item\"><figure><img loading=\"lazy\" width=\"975\" height=\"699\" src=\"http:\/\/www.naoobvio.com\/wp-content\/uploads\/2019\/06\/epsa\u00e7o.jpg\" alt=\"\" data-id=\"4749\" data-link=\"http:\/\/www.naoobvio.com\/?attachment_id=4749\" class=\"wp-image-4749\" srcset=\"https:\/\/www.naoobvio.com\/wp-content\/uploads\/2019\/06\/epsa\u00e7o.jpg 975w, https:\/\/www.naoobvio.com\/wp-content\/uploads\/2019\/06\/epsa\u00e7o-300x215.jpg 300w, https:\/\/www.naoobvio.com\/wp-content\/uploads\/2019\/06\/epsa\u00e7o-768x551.jpg 768w\" sizes=\"(max-width: 709px) 85vw, (max-width: 909px) 67vw, (max-width: 1362px) 62vw, 840px\" \/><\/figure><\/li><\/ul>\n\n\n\n<p>T\u00e9cnicas do Marketing Digital s\u00e3o desmembradas em diferentes cursos no Projeto \u00c1rea 51. A descri\u00e7\u00e3o das redes sociais j\u00e1 deixa claro: &#8220;99% pr\u00e1tico, mas aquele 1% de conceito. Aqui n\u00e3o tem bl\u00e1-bl\u00e1-bl\u00e1&#8221;, afirmam, por exemplo, na descri\u00e7\u00e3o do Instagram. <br><br>Os temas podem parecer de f\u00e1cil acesso em qualquer canto do pa\u00eds, mas a forma com que as aulas s\u00e3o emitidas \u00e9 que faz a diferen\u00e7a. Ambiente descontra\u00eddo e professores que vieram de cases de sucesso s\u00e3o f\u00f3rmulas para as aulas presenciais que, ap\u00f3s, s\u00e3o transformadas em v\u00eddeos e podem ser baixadas pelos alunos que desejam manter o conte\u00fado. <br><br>O laborat\u00f3rio de experi\u00eancias e tecnologias traz os temas mais comentados da atualidade atrav\u00e9s de metodologias diferenciadas e inspiradas em empresas como <a href=\"https:\/\/www.youtube.com\/watch?v=ADpx9dd2Rr4\">Google<\/a>. Com mais intera\u00e7\u00e3o, sem alunos que necessariamente estejam sentados em cadeiras e calados, o projeto brinca, em seu nome, com a ideia de transformar <em>algo de outro mundo<\/em> (como os lados mais profundos da tecnologia) em coisas simples. <br><br>Caso n\u00e3o tenha entendido a refer\u00eancia, <a href=\"https:\/\/www.youtube.com\/watch?v=D2blNWvloKs\">entenda a conex\u00e3o<\/a> entre a ideia da exist\u00eancia de ETs e da \u00c1rea 51.<\/p>\n\n\n\n<p style=\"text-align:center\" class=\"has-background has-medium-font-size has-luminous-vivid-amber-background-color\"><strong>OS CURSOS<\/strong><\/p>\n\n\n\n<p style=\"text-align:center\" class=\"has-background has-very-light-gray-background-color\"><strong>\u260c M\u00e3e, t\u00f4 no Google!<\/strong><\/p>\n\n\n\n<p class=\"has-background has-very-light-gray-background-color\">O curso visa revelar as estrat\u00e9gias utilizadas diariamente no&nbsp;mercado e apontar o que est\u00e1 por tr\u00e1s de diversas campanhas de sucessos. Nele, as pr\u00e1ticas apresentam t\u00e9cnicas avan\u00e7adas&nbsp;capazes de otimizar as campanhas no Facebook e Instagram, aumentar&nbsp;convers\u00e3o de leads e posicionar melhor uma p\u00e1gina nas pequisas do Google.  <\/p>\n\n\n\n<p style=\"text-align:center\" class=\"has-background has-very-light-gray-background-color\"><strong> \u260c N\u00e3o Troco Likes<\/strong><\/p>\n\n\n\n<p class=\"has-background has-very-light-gray-background-color\">O curso traz t\u00e9cnicas para iniciar um neg\u00f3cio ou projeto nas redes sociais, desde cria\u00e7\u00f5es de p\u00e1ginas, posicionamento a ser seguido e planejamento de postagens at\u00e9 estrat\u00e9gias para cria\u00e7\u00e3o de conte\u00fado. S\u00e3o explicadas fun\u00e7\u00f5es b\u00e1sicas de an\u00fancios em m\u00eddias sociais que podem ajudar a alavancar vendas e engajamento.<\/p>\n\n\n\n<p style=\"text-align:center\" class=\"has-background has-very-light-gray-background-color\"><strong>\u260c <\/strong>O projeto ainda conta com um <a href=\"https:\/\/projetoarea51.com.br\/produto\/curso-de-wordpress\/\"><strong>Curso de WordPress<\/strong><\/a>.<\/p>\n\n\n\n<p class=\"has-background has-luminous-vivid-amber-background-color\">\u260c Para jovens e adultos<br>\u260c <strong>Endere\u00e7o:<\/strong> Rua Helios Seelinger, 155 \u2013 Barra da Tijuca, Rio de Janeiro \u2013 RJ, 22640-040 |  Ribeir\u00e3o Preto \u2013 S\u00e3o Paulo&nbsp; (endere\u00e7o completo a ser confirmado)<br>\u260c <strong>Telefone: <\/strong>(21) 3258-8680 <br>\u260c <strong>Pre\u00e7os:<\/strong> em torno de R$ 1.099 ou em 10x de R$ 109,90.<br>\u260c <strong>Com certificados<\/strong><\/p>\n\n\n\n<h2>3. <a href=\"https:\/\/www.teiamulticultural.com.br\/\">Teia Multicultural<\/a> e <a href=\"https:\/\/www.facebook.com\/mahateia\/\">Maha Teia<\/a> | <a href=\"https:\/\/www.instagram.com\/teiamulticultural.oficial\/\">@teiamulticultural.oficial<\/a><\/h2>\n\n\n\n<p style=\"text-align:center\" class=\"has-text-color has-background has-medium-font-size has-very-light-gray-color has-very-dark-gray-background-color\"><strong>S\u00c3O PAULO<\/strong> | SOMENTE PRESENCIAL<\/p>\n\n\n\n<ul class=\"wp-block-gallery columns-2 is-cropped\"><li class=\"blocks-gallery-item\"><figure><img loading=\"lazy\" width=\"787\" height=\"616\" src=\"http:\/\/www.naoobvio.com\/wp-content\/uploads\/2019\/06\/2019-06-10-3.png\" alt=\"\" data-id=\"4755\" data-link=\"http:\/\/www.naoobvio.com\/?attachment_id=4755\" class=\"wp-image-4755\" srcset=\"https:\/\/www.naoobvio.com\/wp-content\/uploads\/2019\/06\/2019-06-10-3.png 787w, https:\/\/www.naoobvio.com\/wp-content\/uploads\/2019\/06\/2019-06-10-3-300x235.png 300w, https:\/\/www.naoobvio.com\/wp-content\/uploads\/2019\/06\/2019-06-10-3-768x601.png 768w\" sizes=\"(max-width: 709px) 85vw, (max-width: 909px) 67vw, (max-width: 984px) 61vw, (max-width: 1362px) 45vw, 600px\" \/><\/figure><\/li><li class=\"blocks-gallery-item\"><figure><img loading=\"lazy\" width=\"1024\" height=\"576\" src=\"http:\/\/www.naoobvio.com\/wp-content\/uploads\/2019\/06\/rede-1024x576.jpg\" alt=\"\" data-id=\"4757\" data-link=\"http:\/\/www.naoobvio.com\/?attachment_id=4757\" class=\"wp-image-4757\" srcset=\"https:\/\/www.naoobvio.com\/wp-content\/uploads\/2019\/06\/rede-1024x576.jpg 1024w, https:\/\/www.naoobvio.com\/wp-content\/uploads\/2019\/06\/rede-300x169.jpg 300w, https:\/\/www.naoobvio.com\/wp-content\/uploads\/2019\/06\/rede-768x432.jpg 768w, https:\/\/www.naoobvio.com\/wp-content\/uploads\/2019\/06\/rede.jpg 1200w\" sizes=\"(max-width: 709px) 85vw, (max-width: 909px) 67vw, (max-width: 1362px) 62vw, 840px\" \/><\/figure><\/li><li class=\"blocks-gallery-item\"><figure><img loading=\"lazy\" width=\"1024\" height=\"576\" src=\"http:\/\/www.naoobvio.com\/wp-content\/uploads\/2019\/06\/multicu-1024x576.jpg\" alt=\"\" data-id=\"4756\" data-link=\"http:\/\/www.naoobvio.com\/?attachment_id=4756\" class=\"wp-image-4756\" srcset=\"https:\/\/www.naoobvio.com\/wp-content\/uploads\/2019\/06\/multicu-1024x576.jpg 1024w, https:\/\/www.naoobvio.com\/wp-content\/uploads\/2019\/06\/multicu-300x169.jpg 300w, https:\/\/www.naoobvio.com\/wp-content\/uploads\/2019\/06\/multicu-768x432.jpg 768w, https:\/\/www.naoobvio.com\/wp-content\/uploads\/2019\/06\/multicu.jpg 1200w\" sizes=\"(max-width: 709px) 85vw, (max-width: 909px) 67vw, (max-width: 1362px) 62vw, 840px\" \/><\/figure><\/li><li class=\"blocks-gallery-item\"><figure><img loading=\"lazy\" width=\"785\" height=\"768\" src=\"http:\/\/www.naoobvio.com\/wp-content\/uploads\/2019\/06\/possamser.jpg\" alt=\"\" data-id=\"4754\" data-link=\"http:\/\/www.naoobvio.com\/?attachment_id=4754\" class=\"wp-image-4754\" srcset=\"https:\/\/www.naoobvio.com\/wp-content\/uploads\/2019\/06\/possamser.jpg 785w, https:\/\/www.naoobvio.com\/wp-content\/uploads\/2019\/06\/possamser-300x294.jpg 300w, https:\/\/www.naoobvio.com\/wp-content\/uploads\/2019\/06\/possamser-768x751.jpg 768w\" sizes=\"(max-width: 709px) 85vw, (max-width: 909px) 67vw, (max-width: 984px) 61vw, (max-width: 1362px) 45vw, 600px\" \/><\/figure><\/li><\/ul>\n\n\n\n<p>A Teia Multicultural \u00e9 uma institui\u00e7\u00e3o de Artes e Autoconhecimento. Em suma, o local busca desenvolver diversas intelig\u00eancias e potencialidades, bem como a sa\u00fade f\u00edsica e emocional dos alunos atrav\u00e9s de diversos projetos art\u00edsticos. <em>Entenda melhor sobre a import\u00e2ncia da inicializa\u00e7\u00e3o art\u00edstica para crian\u00e7as clicando <a href=\"https:\/\/www.correio24horas.com.br\/noticia\/nid\/inicializacao-artistica-serve-como-cura-e-evolucao-para-criancas-em-salvador\/\">aqui<\/a>. <\/em><br><br>A escola atende alunos desde o ber\u00e7\u00e1rio at\u00e9 o \u00faltimo ano do ensino m\u00e9dio. Em 2019, foi iniciado tamb\u00e9m o projeto UNIL Teia, onde ser\u00e3o atendidos jovens maiores de 18 anos que passar\u00e3o por um processo de autodescoberta em busca de sua adequa\u00e7\u00e3o ao mundo adulto.  <br><br>A ideia \u00e9 que os jovens (ou crian\u00e7as) se desenvolvam no ambiente atrav\u00e9s da Base Nacional Curricular Comum, tendo em seus curr\u00edculos capacidades humanas que os levem a lidar com as dificuldades com mais estabilidade emocional, resili\u00eancia e criatividade.<br><br>O local conta com horta, sala de m\u00fasica, sala de atividades corporais, laborat\u00f3rio e diversos outros ambientes criativos.<\/p>\n\n\n\n<p style=\"text-align:center\" class=\"has-background has-medium-font-size has-luminous-vivid-amber-background-color\"><strong>AS MAT\u00c9RIAS<\/strong><\/p>\n\n\n\n<p class=\"has-background has-very-light-gray-background-color\">A institui\u00e7\u00e3o aborda mat\u00e9rias que s\u00e3o comumente trabalhadas nas escolas tradicionais, como Matem\u00e1tica, Ingl\u00eas e Hist\u00f3ria. Por\u00e9m, tamb\u00e9m trabalha com diferentes mat\u00e9rias art\u00edsticas, como o Teatro, a Dan\u00e7a e a M\u00fasica. <\/p>\n\n\n\n<blockquote class=\"wp-block-quote\"><p><em>&#8220;N\u00e3o temos pesos e medidas diferentes para essas diferentes \u00e1reas. Se um aluno tem muita facilidade em Artes Visuais, por exemplo, isso ser\u00e1 t\u00e3o valorizado quanto uma grande facilidade em Geografia\u2026 inclusive, muitas vezes, utilizamos essa facilidade em determinada \u00e1rea para acessar algo que esse aluno possa apresentar como dificuldade em uma outra mat\u00e9ria.&#8221;<\/em><\/p><cite>Trecho do site oficial<\/cite><\/blockquote>\n\n\n\n<p style=\"text-align:center\" class=\"has-background has-medium-font-size has-luminous-vivid-amber-background-color\"><strong>OS PROJETOS<\/strong><\/p>\n\n\n\n<p class=\"has-background has-very-light-gray-background-color\">Na educa\u00e7\u00e3o infantil e no ensino fundamental 1, o primeiro semestre \u00e9 feito com uma instala\u00e7\u00e3o interativa. J\u00e1 no segundo semestre, a educa\u00e7\u00e3o infantil finaliza os seus projetos com uma grande ciranda, enquanto o ensino fundamental 1 conclui com um espet\u00e1culo teatral. <br><br>O aluno do ensino fundamental 1, em seu \u00faltimo ano, finaliza com uma monografia onde escolhe um educador para ser seu orientador e o tema tamb\u00e9m \u00e9 de sua escolha.&nbsp;No fundamental 2, os alunos finalizam cada semestre produzindo um curta-metragem.<br><br>&nbsp;J\u00e1 no ensino m\u00e9dio, os alunos apresentam uma campanha transm\u00eddia, que envolve diversas maneiras de contar uma hist\u00f3ria, criando uma experi\u00eancia completa em todos os sentidos, desenvolvendo desde a concep\u00e7\u00e3o do roteiro at\u00e9 a divulga\u00e7\u00e3o do espet\u00e1culo e a percep\u00e7\u00e3o do p\u00fablico sobre o mesmo (oferecemos no ensino m\u00e9dio a forma\u00e7\u00e3o t\u00e9cnica em artes c\u00eanicas,<strong> com DRT<\/strong>). <br><br>Conhe\u00e7a outros projetos no <a href=\"https:\/\/www.teiamulticultural.com.br\/perguntas-frequentes\/\">site oficial<\/a>.<\/p>\n\n\n\n<p style=\"text-align:center\" class=\"has-background has-medium-font-size has-luminous-vivid-amber-background-color\"> <strong>MAHA THEIA<\/strong><\/p>\n\n\n\n<p class=\"has-background has-very-light-gray-background-color\">Focada no p\u00fablico adulto, a Maha Teia mistura Artes, Autoconhecimento, Empreendedorismo e Sustentabilidade. O projeto, que \u00e9 ramifica\u00e7\u00e3o da Teia Multicultural, por\u00e9m, n\u00e3o acontece constantemente. Ele \u00e9 feito de cursos, palestras, viv\u00eancias e workshops divulgados para datas espec\u00edficas.<\/p>\n\n\n\n<p class=\"has-background has-luminous-vivid-amber-background-color\">\u260c Teia Multicultural: para crian\u00e7as e jovens | Maha Teia: <br>\u260c <strong>Endere\u00e7o:<\/strong> Teia:  Rua Apiac\u00e1s, 233 \u2013 Perdizes \u2013 S\u00e3o Paulo \u2013 SP | Maha Teia: Rua Jo\u00e3o Ramalho, 1051 \u2013 Perdizes \u2013 S\u00e3o Paulo \u2013 SP<br>\u260c <strong>Telefone: <\/strong>(11) 3872-1035  <br>\u260c <strong>Pre\u00e7os:<\/strong> informados apenas via contato<br>\u260c <strong>Com certificados<\/strong><\/p>\n\n\n\n<h2>4. <a href=\"https:\/\/www.theschooloflife.com\/saopaulo\/\">The School of Life Brazil<\/a> |   <a href=\"https:\/\/www.instagram.com\/theschooloflifebrazil\/\">@theschooloflifebrazil<\/a> <\/h2>\n\n\n\n<p style=\"text-align:center\" class=\"has-text-color has-background has-medium-font-size has-very-light-gray-color has-very-dark-gray-background-color\"><strong>RIO DE JANEIRO E S\u00c3O PAULO<\/strong> | PRESENCIAL E COM CURSOS ONLINE<\/p>\n\n\n\n<ul class=\"wp-block-gallery columns-2 is-cropped\"><li class=\"blocks-gallery-item\"><figure><img loading=\"lazy\" width=\"643\" height=\"563\" src=\"http:\/\/www.naoobvio.com\/wp-content\/uploads\/2019\/06\/2019-06-10-1.png\" alt=\"\" data-id=\"4745\" data-link=\"http:\/\/www.naoobvio.com\/?attachment_id=4745\" class=\"wp-image-4745\" srcset=\"https:\/\/www.naoobvio.com\/wp-content\/uploads\/2019\/06\/2019-06-10-1.png 643w, https:\/\/www.naoobvio.com\/wp-content\/uploads\/2019\/06\/2019-06-10-1-300x263.png 300w\" sizes=\"(max-width: 709px) 85vw, (max-width: 909px) 67vw, (max-width: 984px) 61vw, (max-width: 1362px) 45vw, 600px\" \/><\/figure><\/li><li class=\"blocks-gallery-item\"><figure><img loading=\"lazy\" width=\"477\" height=\"477\" src=\"http:\/\/www.naoobvio.com\/wp-content\/uploads\/2019\/06\/arrumando.jpg\" alt=\"\" data-id=\"4744\" data-link=\"http:\/\/www.naoobvio.com\/?attachment_id=4744\" class=\"wp-image-4744\" srcset=\"https:\/\/www.naoobvio.com\/wp-content\/uploads\/2019\/06\/arrumando.jpg 477w, https:\/\/www.naoobvio.com\/wp-content\/uploads\/2019\/06\/arrumando-150x150.jpg 150w, https:\/\/www.naoobvio.com\/wp-content\/uploads\/2019\/06\/arrumando-300x300.jpg 300w\" sizes=\"(max-width: 477px) 85vw, 477px\" \/><\/figure><\/li><li class=\"blocks-gallery-item\"><figure><img loading=\"lazy\" width=\"890\" height=\"890\" src=\"http:\/\/www.naoobvio.com\/wp-content\/uploads\/2019\/06\/presen.jpg\" alt=\"\" data-id=\"4746\" data-link=\"http:\/\/www.naoobvio.com\/?attachment_id=4746\" class=\"wp-image-4746\" srcset=\"https:\/\/www.naoobvio.com\/wp-content\/uploads\/2019\/06\/presen.jpg 890w, https:\/\/www.naoobvio.com\/wp-content\/uploads\/2019\/06\/presen-150x150.jpg 150w, https:\/\/www.naoobvio.com\/wp-content\/uploads\/2019\/06\/presen-300x300.jpg 300w, https:\/\/www.naoobvio.com\/wp-content\/uploads\/2019\/06\/presen-768x768.jpg 768w\" sizes=\"(max-width: 709px) 85vw, (max-width: 909px) 67vw, (max-width: 1362px) 62vw, 840px\" \/><\/figure><\/li><li class=\"blocks-gallery-item\"><figure><img loading=\"lazy\" width=\"768\" height=\"768\" src=\"http:\/\/www.naoobvio.com\/wp-content\/uploads\/2019\/06\/inte.jpg\" alt=\"\" data-id=\"4747\" data-link=\"http:\/\/www.naoobvio.com\/?attachment_id=4747\" class=\"wp-image-4747\" srcset=\"https:\/\/www.naoobvio.com\/wp-content\/uploads\/2019\/06\/inte.jpg 768w, https:\/\/www.naoobvio.com\/wp-content\/uploads\/2019\/06\/inte-150x150.jpg 150w, https:\/\/www.naoobvio.com\/wp-content\/uploads\/2019\/06\/inte-300x300.jpg 300w\" sizes=\"(max-width: 709px) 85vw, (max-width: 909px) 67vw, (max-width: 984px) 61vw, (max-width: 1362px) 45vw, 600px\" \/><\/figure><\/li><\/ul>\n\n\n\n<p>Fundada em&nbsp;pelo fil\u00f3sofo e escritor su\u00ed\u00e7o Alain de Botton em 2008, em Londres, a The School of Life costuma ter em sua equipe, diversos professores internacionais. Um deles \u00e9 o escritor&nbsp;David Baker,&nbsp;ex-editor da famosa revista <a href=\"https:\/\/www.wired.com\/magazine\/\">Wired<\/a> inglesa. Ele tamb\u00e9m \u00e9 co-fundador da&nbsp;The School of Life&nbsp;no Brasil \u2014 com unidades no Rio de Janeiro e em S\u00e3o Paulo. <br><br>A Coexiste, primeira indicada da lista, pode encontrar semelhan\u00e7as com a The School por conta dos estudos dos prop\u00f3sito. Isto porque a institui\u00e7\u00e3o internacional vai da filosofia \u00e0 literatura e da psicologia \u00e0s artes visuais para explorar as quest\u00f5es fundamentais da vida em torno de temas como trabalho, amor, sociedade, fam\u00edlia, cultura.<\/p>\n\n\n\n<blockquote class=\"wp-block-quote\"><p>&#8220;Voc\u00ea nunca vai ser encurralado por dogmas, mas vamos direcion\u00e1-lo para uma variedade de ideias que ir\u00e3o exercitar, estimular e expandir sua mente. Voc\u00ea vai conhecer outras pessoas curiosas, soci\u00e1veis e de mente aberta em uma atmosfera de descoberta e divers\u00e3o.&#8221;<\/p><cite>Afirma\u00e7\u00e3o do site oficial<\/cite><\/blockquote>\n\n\n\n<p>O intuito da The School of Life, que tem como clientes o Facebook, o Google e a O Botic\u00e1rio, \u00e9 desenvolver&nbsp;a intelig\u00eancia emocional&nbsp;e o autoconhecimento para nutrir \u00e2mbitos criativos e de r\u00e1pidas solu\u00e7\u00f5es para o cotidiano competitivo atual. <\/p>\n\n\n\n<p style=\"text-align:center\" class=\"has-background has-medium-font-size has-luminous-vivid-amber-background-color\"><strong>OS CURSOS<\/strong><\/p>\n\n\n\n<p style=\"text-align:center\" class=\"has-background has-very-light-gray-background-color\"><strong>\u260c Para empresas:<\/strong><\/p>\n\n\n\n<p class=\"has-background has-very-light-gray-background-color\">O curso para empresas ou o programa de Aprendizado e Desenvolvimento, como tamb\u00e9m \u00e9 chamado, \u00e9 projetado para construir maturidade emocional no ambiente de trabalho por meio do ensinamento de 20 Habilidades Emocionais principais. <br><br>O curso oferece workshops de duas horas, professores mundialmente reconhecidos e jornadas personalizadas\/modulares. Um <strong>e-book gratuito <\/strong>com explica\u00e7\u00f5es de base sobre cada habilidade emocional e outros t\u00f3picos do curso pode ser acessado <a href=\"https:\/\/www.theschooloflife.com\/assets\/Uploads\/Brochura-TSOL-2018-final2.pdf\">aqui<\/a>.<\/p>\n\n\n\n<p style=\"text-align:center\" class=\"has-background has-very-light-gray-background-color\"><strong>\u260c Terapias:<\/strong><\/p>\n\n\n\n<p class=\"has-background has-very-light-gray-background-color\">O curso de <strong>Biblioterapia<\/strong> pode ser feito em grupo ou individualmente e serve para guiar o indiv\u00edduo \u00e0quelas obras de literatura que, tanto do passado quanto do presente, t\u00eam o poder de encantar, inspirar e enriquecer. <br><br>Em uma consulta com um dos biblioterapeutas, novas dire\u00e7\u00f5es liter\u00e1rias s\u00e3o guiadas de forma personalizada para o cliente, podendo ajudar em nortes profissionais ou pessoais.<br><br>J\u00e1 na<strong> \u00e1rea de Vida e Carreira<\/strong>, o objetivo \u00e9 que o indiv\u00edduo encontre a motiva\u00e7\u00e3o e as ferramentas para atingir seus objetivos atrav\u00e9s de t\u00e9cnicas exclusivas da institui\u00e7\u00e3o. O cliente pode escolher em ter apenas uma sess\u00e3o ou diversas.<br><br>Por fim, ainda existe a possibilidade de ter <a href=\"https:\/\/www.theschooloflife.com\/saopaulo\/terapia-2\/psicoterapia\/\"><strong>sess\u00f5es com psicoterapeutas<\/strong><\/a>.<\/p>\n\n\n\n<p class=\"has-background has-luminous-vivid-amber-background-color\">\u260c Cursos para todas as idades e para empresas<br>\u260c <strong>Endere\u00e7o:<\/strong> Rua Medeiros de Albuquerque, 60 Vila Madalena, S\u00e3o Paulo \u2013 SP| Visita\u00e7\u00e3o aberta de segunda a sexta, das 10h \u00e0s 18h <br>\u260c <strong>Telefone: <\/strong>(11) 2638-7130  <br>\u260c <strong>Pre\u00e7os:<\/strong> em torno de R$ 470 para sess\u00f5es dos cursos individuais<\/p>\n\n\n\n<p>Esta lista foi feita por Vanessa Brunt (<a href=\"http:\/\/instagram.com\/vanessabrunt\">@vanessabrunt<\/a>) em conjunto com a Catarina Barbosa (<a href=\"http:\/\/instagram.com\/catarinapbarbosa\">@catarinapbarbosa<\/a>), da equipe do N\u00c3O \u00d3BVIO.<\/p>\n","protected":false},"excerpt":{"rendered":"<p>Arte e tecnologia se misturam em locais com cursos que fogem do tradicional. Na maior capital do pa\u00eds, institui\u00e7\u00f5es diversas t\u00eam gerado ambientes descontra\u00eddos para proporcionar maior criatividade e leveza nos momentos de aprendizados. Fora das caixas, elas v\u00e3o do ensino presencial ao online, apresentando aulas que misturam, por exemplo, o teatro para empresas e o marketing humanizado.<\/p>\n","protected":false},"author":3,"featured_media":4762,"comment_status":"open","ping_status":"open","sticky":false,"template":"","format":"standard","meta":[],"categories":[420,21,418],"tags":[290,263,291,88,288,27,289,294,293,292,187,217],"acf":[],"yoast_head":"<!-- This site is optimized with the Yoast SEO plugin v15.9.2 - https:\/\/yoast.com\/wordpress\/plugins\/seo\/ -->\n<title>4 LOCAIS N\u00c3O \u00d3BVIOS COM CURSOS INOVADORES EM S\u00c3O PAULO - N\u00e3o \u00d3bvio<\/title>\n<meta name=\"robots\" content=\"index, follow, max-snippet:-1, max-image-preview:large, max-video-preview:-1\" \/>\n<link rel=\"canonical\" href=\"https:\/\/www.naoobvio.com\/index.php\/2019\/06\/10\/4-locais-nao-obvios-com-cursos-inovadores-em-sao-paulo\/\" \/>\n<meta property=\"og:locale\" content=\"pt_BR\" \/>\n<meta property=\"og:type\" content=\"article\" \/>\n<meta property=\"og:title\" content=\"4 LOCAIS N\u00c3O \u00d3BVIOS COM CURSOS INOVADORES EM S\u00c3O PAULO - N\u00e3o \u00d3bvio\" \/>\n<meta property=\"og:url\" content=\"https:\/\/www.naoobvio.com\/index.php\/2019\/06\/10\/4-locais-nao-obvios-com-cursos-inovadores-em-sao-paulo\/\" \/>\n<meta property=\"og:site_name\" content=\"N\u00e3o \u00d3bvio\" \/>\n<meta property=\"article:publisher\" content=\"http:\/\/facebook.com\/nao.obvio\" \/>\n<meta property=\"article:published_time\" content=\"2019-06-10T15:53:22+00:00\" \/>\n<meta property=\"article:modified_time\" content=\"2019-08-06T00:32:30+00:00\" \/>\n<meta property=\"og:image\" content=\"https:\/\/www.naoobvio.com\/wp-content\/uploads\/2019\/06\/salasinovad.jpg\" \/>\n\t<meta property=\"og:image:width\" content=\"1120\" \/>\n\t<meta property=\"og:image:height\" content=\"630\" \/>\n<meta name=\"twitter:card\" content=\"summary_large_image\" \/>\n<meta name=\"twitter:label1\" content=\"Est. reading time\">\n\t<meta name=\"twitter:data1\" content=\"12 minutos\">\n<script type=\"application\/ld+json\" class=\"yoast-schema-graph\">{\"@context\":\"https:\/\/schema.org\",\"@graph\":[{\"@type\":\"WebSite\",\"@id\":\"https:\/\/www.naoobvio.com\/#website\",\"url\":\"https:\/\/www.naoobvio.com\/\",\"name\":\"N\\u00e3o \\u00d3bvio\",\"description\":\"O que falta na sua  lista\",\"potentialAction\":[{\"@type\":\"SearchAction\",\"target\":\"https:\/\/www.naoobvio.com\/?s={search_term_string}\",\"query-input\":\"required name=search_term_string\"}],\"inLanguage\":\"pt-BR\"},{\"@type\":\"ImageObject\",\"@id\":\"https:\/\/www.naoobvio.com\/index.php\/2019\/06\/10\/4-locais-nao-obvios-com-cursos-inovadores-em-sao-paulo\/#primaryimage\",\"inLanguage\":\"pt-BR\",\"url\":\"https:\/\/www.naoobvio.com\/wp-content\/uploads\/2019\/06\/salasinovad.jpg\",\"width\":1120,\"height\":630,\"caption\":\"Foto de abertura: We Work\/Divulga\\u00e7\\u00e3o\"},{\"@type\":\"WebPage\",\"@id\":\"https:\/\/www.naoobvio.com\/index.php\/2019\/06\/10\/4-locais-nao-obvios-com-cursos-inovadores-em-sao-paulo\/#webpage\",\"url\":\"https:\/\/www.naoobvio.com\/index.php\/2019\/06\/10\/4-locais-nao-obvios-com-cursos-inovadores-em-sao-paulo\/\",\"name\":\"4 LOCAIS N\\u00c3O \\u00d3BVIOS COM CURSOS INOVADORES EM S\\u00c3O PAULO - N\\u00e3o \\u00d3bvio\",\"isPartOf\":{\"@id\":\"https:\/\/www.naoobvio.com\/#website\"},\"primaryImageOfPage\":{\"@id\":\"https:\/\/www.naoobvio.com\/index.php\/2019\/06\/10\/4-locais-nao-obvios-com-cursos-inovadores-em-sao-paulo\/#primaryimage\"},\"datePublished\":\"2019-06-10T15:53:22+00:00\",\"dateModified\":\"2019-08-06T00:32:30+00:00\",\"author\":{\"@id\":\"https:\/\/www.naoobvio.com\/#\/schema\/person\/aa333c7dc722c40a097f7fd1d165ff24\"},\"breadcrumb\":{\"@id\":\"https:\/\/www.naoobvio.com\/index.php\/2019\/06\/10\/4-locais-nao-obvios-com-cursos-inovadores-em-sao-paulo\/#breadcrumb\"},\"inLanguage\":\"pt-BR\",\"potentialAction\":[{\"@type\":\"ReadAction\",\"target\":[\"https:\/\/www.naoobvio.com\/index.php\/2019\/06\/10\/4-locais-nao-obvios-com-cursos-inovadores-em-sao-paulo\/\"]}]},{\"@type\":\"BreadcrumbList\",\"@id\":\"https:\/\/www.naoobvio.com\/index.php\/2019\/06\/10\/4-locais-nao-obvios-com-cursos-inovadores-em-sao-paulo\/#breadcrumb\",\"itemListElement\":[{\"@type\":\"ListItem\",\"position\":1,\"item\":{\"@type\":\"WebPage\",\"@id\":\"https:\/\/www.naoobvio.com\/\",\"url\":\"https:\/\/www.naoobvio.com\/\",\"name\":\"In\\u00edcio\"}},{\"@type\":\"ListItem\",\"position\":2,\"item\":{\"@type\":\"WebPage\",\"@id\":\"https:\/\/www.naoobvio.com\/index.php\/2019\/06\/10\/4-locais-nao-obvios-com-cursos-inovadores-em-sao-paulo\/\",\"url\":\"https:\/\/www.naoobvio.com\/index.php\/2019\/06\/10\/4-locais-nao-obvios-com-cursos-inovadores-em-sao-paulo\/\",\"name\":\"4 LOCAIS N\\u00c3O \\u00d3BVIOS COM CURSOS INOVADORES EM S\\u00c3O PAULO\"}}]},{\"@type\":\"Person\",\"@id\":\"https:\/\/www.naoobvio.com\/#\/schema\/person\/aa333c7dc722c40a097f7fd1d165ff24\",\"name\":\"Vanessa Brunt \\u2022 @vanessabrunt\",\"image\":{\"@type\":\"ImageObject\",\"@id\":\"https:\/\/www.naoobvio.com\/#personlogo\",\"inLanguage\":\"pt-BR\",\"url\":\"https:\/\/secure.gravatar.com\/avatar\/5e8f9ff20d4728e6b1af66e3b4f90d0e?s=96&d=mm&r=g\",\"caption\":\"Vanessa Brunt \\u2022 @vanessabrunt\"},\"description\":\"Vanessa Brunt \\u00e9 autora premiada internacionalmente, com nove livros lan\\u00e7ados no Brasil e em Portugal. Especialista em Influ\\u00eancia Digital, Persuas\\u00e3o, Vendas e Copywriting, \\u00e9 tamb\\u00e9m mentora do SEBRAE e de corpora\\u00e7\\u00f5es como O Botic\\u00e1rio, al\\u00e9m de empres\\u00e1ria e dona da Ag\\u00eancia CiAtive, de Crescimento de Marcas (com Assessoria de Imprensa, MKT e mais). Jornalista e colunista no Correio da Bahia e do Portal iBahia, Brunt produz conte\\u00fados tamb\\u00e9m no seu blog Sem Quases, no site N\\u00e3o \\u00d3bvio e em suas redes. Descreve-se como uma apaixonada por met\\u00e1foras e ansiosa por compartilhar com voc\\u00ea tudo de mais bacana e menos \\u00f3bvio que encontra por a\\u00ed. \\u2022 Saiba mais em: https:\/\/vanessabrunt.com ou em @vanessabrunt, no Instagram.\",\"sameAs\":[\"http:\/\/vanessabrunt.com\"]}]}<\/script>\n<!-- \/ Yoast SEO plugin. -->","_links":{"self":[{"href":"https:\/\/www.naoobvio.com\/index.php\/wp-json\/wp\/v2\/posts\/4733"}],"collection":[{"href":"https:\/\/www.naoobvio.com\/index.php\/wp-json\/wp\/v2\/posts"}],"about":[{"href":"https:\/\/www.naoobvio.com\/index.php\/wp-json\/wp\/v2\/types\/post"}],"author":[{"embeddable":true,"href":"https:\/\/www.naoobvio.com\/index.php\/wp-json\/wp\/v2\/users\/3"}],"replies":[{"embeddable":true,"href":"https:\/\/www.naoobvio.com\/index.php\/wp-json\/wp\/v2\/comments?post=4733"}],"version-history":[{"count":25,"href":"https:\/\/www.naoobvio.com\/index.php\/wp-json\/wp\/v2\/posts\/4733\/revisions"}],"predecessor-version":[{"id":4809,"href":"https:\/\/www.naoobvio.com\/index.php\/wp-json\/wp\/v2\/posts\/4733\/revisions\/4809"}],"wp:featuredmedia":[{"embeddable":true,"href":"https:\/\/www.naoobvio.com\/index.php\/wp-json\/wp\/v2\/media\/4762"}],"wp:attachment":[{"href":"https:\/\/www.naoobvio.com\/index.php\/wp-json\/wp\/v2\/media?parent=4733"}],"wp:term":[{"taxonomy":"category","embeddable":true,"href":"https:\/\/www.naoobvio.com\/index.php\/wp-json\/wp\/v2\/categories?post=4733"},{"taxonomy":"post_tag","embeddable":true,"href":"https:\/\/www.naoobvio.com\/index.php\/wp-json\/wp\/v2\/tags?post=4733"}],"curies":[{"name":"wp","href":"https:\/\/api.w.org\/{rel}","templated":true}]}}