{"id":5121,"date":"2019-06-21T11:05:15","date_gmt":"2019-06-21T14:05:15","guid":{"rendered":"http:\/\/www.naoobvio.com\/?p=5121"},"modified":"2019-08-04T21:08:56","modified_gmt":"2019-08-05T00:08:56","slug":"5-restaurantes-de-salvador-que-misturam-arte-e-culinaria","status":"publish","type":"post","link":"https:\/\/www.naoobvio.com\/index.php\/2019\/06\/21\/5-restaurantes-de-salvador-que-misturam-arte-e-culinaria\/","title":{"rendered":"5 RESTAURANTES DE SALVADOR QUE MISTURAM ARTE E CULIN\u00c1RIA"},"content":{"rendered":"\n<p>Cozinhar pode ser uma arte repleta de mensagens diferenciadas \u2013 e os baianos a conhecem bem. Para al\u00e9m do famoso acaraj\u00e9 e dos temperos mais fortes, a culin\u00e1ria riqu\u00edssima espalhada nos restaurantes da capital podem provar que este lado art\u00edstico est\u00e1 presente nos pratos e espa\u00e7os. Quadros, pinturas, m\u00fasicas que v\u00e3o para al\u00e9m do ax\u00e9 e muita cultura se mesclam em diversos dos restaurantes.<\/p>\n\n\n\n<p>Salvador tem uma vida cultural agitada e, assim, sair do \u00f3bvio pode ser a melhor pedida para quem quer provar da arte e da comida boa. <strong>O que \u00e9 que a capital baiana tem? Tem tempero mexicano, espanhol, brasileiro. Tem arte, show folcl\u00f3rico, exposi\u00e7\u00e3o de artistas baianos e homenagem aos orix\u00e1s. <\/strong><\/p>\n\n\n\n<div class=\"wp-block-image\"><figure class=\"alignleft is-resized\"><img loading=\"lazy\" src=\"http:\/\/www.naoobvio.com\/wp-content\/uploads\/2019\/06\/gifrest.gif\" alt=\"\" class=\"wp-image-5243\" width=\"281\" height=\"448\"\/><\/figure><\/div>\n\n\n\n<p class=\"has-text-color has-background has-very-dark-gray-color has-very-light-gray-background-color\">Confira cinco espa\u00e7os com op\u00e7\u00f5es variadas para os pratos, que v\u00e3o desde a t\u00edpica comida baiana at\u00e9 os temperos e molhos mexicanos; e para completar: fazem tudo rodeados de boa arte, seja na ornamenta\u00e7\u00e3o do ambiente ou at\u00e9 mesmo no samba, maculel\u00ea, salsa e em artes pl\u00e1sticas.<\/p>\n\n\n\n<p class=\"has-background has-very-light-gray-background-color\"><strong><em>ATEN\u00c7\u00c3O! <\/em><\/strong>Temos dicas extras no final.<\/p>\n\n\n\n<h2>1. O Coliseu | <a href=\"https:\/\/www.instagram.com\/restauranteocoliseu\/\">@restauranteocoliseu<\/a><\/h2>\n\n\n\n<div class=\"wp-block-image\"><figure class=\"aligncenter\"><img loading=\"lazy\" width=\"1024\" height=\"5\" src=\"http:\/\/www.naoobvio.com\/wp-content\/uploads\/2019\/06\/linha1-17-1024x5.png\" alt=\"\" class=\"wp-image-5291\" srcset=\"https:\/\/www.naoobvio.com\/wp-content\/uploads\/2019\/06\/linha1-17.png 1024w, https:\/\/www.naoobvio.com\/wp-content\/uploads\/2019\/06\/linha1-17-300x1.png 300w, https:\/\/www.naoobvio.com\/wp-content\/uploads\/2019\/06\/linha1-17-768x4.png 768w\" sizes=\"(max-width: 709px) 85vw, (max-width: 909px) 67vw, (max-width: 1362px) 62vw, 840px\" \/><\/figure><\/div>\n\n\n\n<ul class=\"wp-block-gallery columns-3 is-cropped\"><li class=\"blocks-gallery-item\"><figure><img loading=\"lazy\" width=\"1024\" height=\"685\" src=\"http:\/\/www.naoobvio.com\/wp-content\/uploads\/2019\/06\/show-1024x685.jpg\" alt=\"\" data-id=\"5247\" data-link=\"http:\/\/www.naoobvio.com\/?attachment_id=5247\" class=\"wp-image-5247\" srcset=\"https:\/\/www.naoobvio.com\/wp-content\/uploads\/2019\/06\/show-1024x685.jpg 1024w, https:\/\/www.naoobvio.com\/wp-content\/uploads\/2019\/06\/show-300x201.jpg 300w, https:\/\/www.naoobvio.com\/wp-content\/uploads\/2019\/06\/show-768x513.jpg 768w, https:\/\/www.naoobvio.com\/wp-content\/uploads\/2019\/06\/show.jpg 1080w\" sizes=\"(max-width: 709px) 85vw, (max-width: 909px) 67vw, (max-width: 1362px) 62vw, 840px\" \/><\/figure><\/li><li class=\"blocks-gallery-item\"><figure><img loading=\"lazy\" width=\"1013\" height=\"1024\" src=\"http:\/\/www.naoobvio.com\/wp-content\/uploads\/2019\/06\/colid-1013x1024.jpg\" alt=\"\" data-id=\"5246\" data-link=\"http:\/\/www.naoobvio.com\/?attachment_id=5246\" class=\"wp-image-5246\" srcset=\"https:\/\/www.naoobvio.com\/wp-content\/uploads\/2019\/06\/colid-1013x1024.jpg 1013w, https:\/\/www.naoobvio.com\/wp-content\/uploads\/2019\/06\/colid-297x300.jpg 297w, https:\/\/www.naoobvio.com\/wp-content\/uploads\/2019\/06\/colid-768x776.jpg 768w, https:\/\/www.naoobvio.com\/wp-content\/uploads\/2019\/06\/colid-1200x1213.jpg 1200w, https:\/\/www.naoobvio.com\/wp-content\/uploads\/2019\/06\/colid-1320x1334.jpg 1320w, https:\/\/www.naoobvio.com\/wp-content\/uploads\/2019\/06\/colid.jpg 1900w\" sizes=\"(max-width: 709px) 85vw, (max-width: 909px) 67vw, (max-width: 1362px) 62vw, 840px\" \/><\/figure><\/li><li class=\"blocks-gallery-item\"><figure><img loading=\"lazy\" width=\"1024\" height=\"683\" src=\"http:\/\/www.naoobvio.com\/wp-content\/uploads\/2019\/06\/show2-1024x683.jpg\" alt=\"\" data-id=\"5248\" data-link=\"http:\/\/www.naoobvio.com\/?attachment_id=5248\" class=\"wp-image-5248\" srcset=\"https:\/\/www.naoobvio.com\/wp-content\/uploads\/2019\/06\/show2-1024x683.jpg 1024w, https:\/\/www.naoobvio.com\/wp-content\/uploads\/2019\/06\/show2-300x200.jpg 300w, https:\/\/www.naoobvio.com\/wp-content\/uploads\/2019\/06\/show2-768x512.jpg 768w, https:\/\/www.naoobvio.com\/wp-content\/uploads\/2019\/06\/show2.jpg 1080w\" sizes=\"(max-width: 709px) 85vw, (max-width: 909px) 67vw, (max-width: 1362px) 62vw, 840px\" \/><\/figure><\/li><\/ul>\n\n\n\n<p>O restaurante O Coliseu tem a miss\u00e3o de oferecer servi\u00e7os de alta qualidade no segmento gastron\u00f4mico aliado a trabalhos art\u00edsticos como shows e exposi\u00e7\u00f5es que retratam a cultura baiana. O in\u00edcio de cada apresenta\u00e7\u00e3o \u00e9 marcado por um ritual de limpeza e prepara\u00e7\u00e3o da ambiente, que recebe o nome de Pad\u00ea. <br><br>Em seguida vem o Sacodimento, onde s\u00e3o espalhadas folhas sagradas dedicadas a Ossaim. A mitologia africada \u00e9 narrada por 18 artistas em cena, sendo eles m\u00fasicos, dan\u00e7arinos e capoeiristas. Apresenta\u00e7\u00f5es das divindades denominadas Orix\u00e1s (Ogum, Oxum, Oxossi, Omolu, Ians\u00e3, Oxala, Xang\u00f4, Iemanj\u00e1), dan\u00e7a do fogo, puxada de rede, xaxado, dan\u00e7a afro, maculel\u00ea, capoeira e sampa de roda s\u00e3o marcas do show folcl\u00f3rico do Coliseu. <\/p>\n\n\n\n<p style=\"background-color:#ecdaa7\" class=\"has-background\">\u260c No <a href=\"http:\/\/www.ocoliseu.com.br\/galeria.html\">site<\/a>, O Coliseu divulga em sua galeria fotos da inaugura\u00e7\u00e3o, no ano de 1999, com a presen\u00e7a de celebridades como Adriana Galisteu, Daniela Mercury, Matheus Nachtergaele, Gilberto Gil e Fernanda Montenegro. <\/p>\n\n\n\n<p>O card\u00e1pio especial do restaurante \u00e9 tipicamente baiano. Moqueca de peixe, bob\u00f3 de camar\u00e3o, rabada com legumes e feijoada. Al\u00e9m de saladas, massas e acompanhamentos, como vatap\u00e1, caruru, acaraj\u00e9, pur\u00ea e arroz. O restaurante tamb\u00e9m oferece Buffet Degusta\u00e7\u00e3o e \u00c0 La Carte com 200 lugares.   <\/p>\n\n\n\n<p style=\"background-color:#f5dfa1\" class=\"has-background\">\u260c <strong>Endere\u00e7o: <\/strong>Cruzeiro do S\u00e3o Francisco, 9\/13, Pelourinho. Bahia, Brazil. 4020-280.<br>\u260c <strong>Hor\u00e1rio de funcionamento:<\/strong> Almo\u00e7o segunda \u00e0 s\u00e1bado das 12h \u00e0s 16h e Jantar exclusivamente com reservas das 19h \u00e0s 22h. <br>\u260c <strong>Telefone: <\/strong>(71) 3321-698 | (71) 332-5585 | (71) 98876-1011 | (71) 98633-8150.<br>\u260c <strong><a href=\"http:\/\/www.ocoliseu.com.br\/\">Site<\/a><\/strong> | <a href=\"https:\/\/www.instagram.com\/restauranteocoliseu\/\"><strong>Instagram<\/strong><\/a> | <a href=\"https:\/\/pt-br.facebook.com\/restauranteocoliseu\/\"><strong>Facebook<\/strong><\/a><\/p>\n\n\n\n<h2>2. Rango Vegan | <a href=\"https:\/\/www.instagram.com\/cooperativarangovegan\/\">@rangovegan.ssa<\/a><\/h2>\n\n\n\n<div class=\"wp-block-image\"><figure class=\"aligncenter\"><img loading=\"lazy\" width=\"1024\" height=\"5\" src=\"http:\/\/www.naoobvio.com\/wp-content\/uploads\/2019\/06\/linha1-20-1024x5.png\" alt=\"\" class=\"wp-image-5294\" srcset=\"https:\/\/www.naoobvio.com\/wp-content\/uploads\/2019\/06\/linha1-20.png 1024w, https:\/\/www.naoobvio.com\/wp-content\/uploads\/2019\/06\/linha1-20-300x1.png 300w, https:\/\/www.naoobvio.com\/wp-content\/uploads\/2019\/06\/linha1-20-768x4.png 768w\" sizes=\"(max-width: 709px) 85vw, (max-width: 909px) 67vw, (max-width: 1362px) 62vw, 840px\" \/><\/figure><\/div>\n\n\n\n<ul class=\"wp-block-gallery columns-3 is-cropped\"><li class=\"blocks-gallery-item\"><figure><img loading=\"lazy\" width=\"221\" height=\"228\" src=\"http:\/\/www.naoobvio.com\/wp-content\/uploads\/2019\/06\/images-1.jpg\" alt=\"\" data-id=\"5282\" data-link=\"http:\/\/www.naoobvio.com\/?attachment_id=5282\" class=\"wp-image-5282\"\/><\/figure><\/li><li class=\"blocks-gallery-item\"><figure><img loading=\"lazy\" width=\"224\" height=\"225\" src=\"http:\/\/www.naoobvio.com\/wp-content\/uploads\/2019\/06\/images.jpg\" alt=\"\" data-id=\"5283\" data-link=\"http:\/\/www.naoobvio.com\/?attachment_id=5283\" class=\"wp-image-5283\" srcset=\"https:\/\/www.naoobvio.com\/wp-content\/uploads\/2019\/06\/images.jpg 224w, https:\/\/www.naoobvio.com\/wp-content\/uploads\/2019\/06\/images-150x150.jpg 150w\" sizes=\"(max-width: 224px) 85vw, 224px\" \/><\/figure><\/li><li class=\"blocks-gallery-item\"><figure><img loading=\"lazy\" width=\"1024\" height=\"683\" src=\"http:\/\/www.naoobvio.com\/wp-content\/uploads\/2019\/06\/Rango-Vegan-Santo-Antonio-Salvador-Bahia-Foto-Amanda-Oliveira-4-1-1024x683-1024x683.jpg\" alt=\"\" data-id=\"5284\" data-link=\"http:\/\/www.naoobvio.com\/?attachment_id=5284\" class=\"wp-image-5284\" srcset=\"https:\/\/www.naoobvio.com\/wp-content\/uploads\/2019\/06\/Rango-Vegan-Santo-Antonio-Salvador-Bahia-Foto-Amanda-Oliveira-4-1-1024x683.jpg 1024w, https:\/\/www.naoobvio.com\/wp-content\/uploads\/2019\/06\/Rango-Vegan-Santo-Antonio-Salvador-Bahia-Foto-Amanda-Oliveira-4-1-1024x683-300x200.jpg 300w, https:\/\/www.naoobvio.com\/wp-content\/uploads\/2019\/06\/Rango-Vegan-Santo-Antonio-Salvador-Bahia-Foto-Amanda-Oliveira-4-1-1024x683-768x512.jpg 768w\" sizes=\"(max-width: 709px) 85vw, (max-width: 909px) 67vw, (max-width: 1362px) 62vw, 840px\" \/><\/figure><\/li><\/ul>\n\n\n\n<p>A Rango Vegan \u00e9 um restaurante 100% vegetariano, localizado no Centro hist\u00f3rico de Salvador. Formado por mulheres, h\u00e1 treze anos pratica o veganismo, novas rela\u00e7\u00f5es de trabalho, eco-feminismo, agroecologia e economia solid\u00e1ria. <\/p>\n\n\n\n<p>Al\u00e9m da decora\u00e7\u00e3o r\u00fastica e vintage, que mistura pinturas pela parede e fotografias diversas, o espa\u00e7o tamb\u00e9m encontra a arte pela m\u00fasica ao vivo constante e por eventos pontuais que chegam a misturar, por exemplo, exibi\u00e7\u00e3o de v\u00eddeos produzidos na Bahia e shows com ritmos como samba e bossa. <\/p>\n\n\n\n<p>Recital de poesias e outras atra\u00e7\u00f5es culturais tamb\u00e9m ganham espa\u00e7o no microfone do local, que sempre tem os artistas divulgados previamente nas redes sociais do espa\u00e7o.<\/p>\n\n\n\n<p>O restaurante desvenda os segredos da gastronomia sem leites, ovos e derivados, em suas oficinas de culin\u00e1ria. Com a tem\u00e1tica, ainda s\u00e3o disponibilizadas aulas com dicas funcionais para simplificar as dietas, al\u00e9m dos temperos e acompanhamentos. <a href=\"https:\/\/www.instagram.com\/p\/BqKoY9pHWV_\/\">Oficinas<\/a> de tortas e doces veganos, por exemplo, \u00e9 uma das op\u00e7\u00f5es recorrentes. Al\u00e9m das aulas, tamb\u00e9m acontecem <a href=\"https:\/\/www.instagram.com\/p\/Bm_ZM8yA3dQ\/\">bate-papos<\/a> sobre o tema.<\/p>\n\n\n\n<p style=\"background-color:#ecdaa7\" class=\"has-background\">\u260c No<a href=\"https:\/\/rangovegan.com.br\/#post-24\"> site<\/a>, al\u00e9m do card\u00e1pio completo do restaurante, a Rango Vegan \u00e9 poss\u00edvel encontrar as datas das oficinas e ficha de inscri\u00e7\u00e3o online. <\/p>\n\n\n\n<p>Op\u00e7\u00f5es completas para buffet, totalmente vegetal, tamb\u00e9m est\u00e3o presentes. Os doces e salgados cl\u00e1ssicos, sem gl\u00faten e sem a\u00e7\u00facar, fazem parte. A Rango Vegan ainda possibilita a facilidade de cozinhar em casa, com visitas agendadas no restaurante. <\/p>\n\n\n\n<p style=\"background-color:#f5dfa1\" class=\"has-background\">\u260c <strong>Endere\u00e7o: <\/strong>Rua do Passo, 2. Santo Ant\u00f4nio do Carmo, Salvador. 40301408.<br>\u260c <strong>Hor\u00e1rio de funcionamento: <\/strong>Ter\u00e7a \u00e0 sexta das 12h \u00e0s 20h, s\u00e1bado das 2h \u00e0s 22h e domingo \u00e0 segunda das 12h \u00e0s 15h.<br>\u260c<strong> Telefone: <\/strong>71 348-2756<br>\u260c  <strong><a href=\"https:\/\/rangovegan.com.br\/#post-24\">Site<\/a><\/strong> | <strong><a href=\"https:\/\/www.instagram.com\/rangovegan.ssa\/\">Instagram<\/a><\/strong> | <strong><a href=\"https:\/\/pt-br.facebook.com\/RangoVegan\/\">Facebook<\/a><\/strong><\/p>\n\n\n\n<h2>3. Casa de Tereza | <a href=\"https:\/\/www.instagram.com\/casadetereza_\/\">@casadetereza_<\/a><\/h2>\n\n\n\n<div class=\"wp-block-image\"><figure class=\"aligncenter\"><img loading=\"lazy\" width=\"1024\" height=\"5\" src=\"http:\/\/www.naoobvio.com\/wp-content\/uploads\/2019\/06\/linha1-18-1024x5.png\" alt=\"\" class=\"wp-image-5292\" srcset=\"https:\/\/www.naoobvio.com\/wp-content\/uploads\/2019\/06\/linha1-18.png 1024w, https:\/\/www.naoobvio.com\/wp-content\/uploads\/2019\/06\/linha1-18-300x1.png 300w, https:\/\/www.naoobvio.com\/wp-content\/uploads\/2019\/06\/linha1-18-768x4.png 768w\" sizes=\"(max-width: 709px) 85vw, (max-width: 909px) 67vw, (max-width: 1362px) 62vw, 840px\" \/><\/figure><\/div>\n\n\n\n<ul class=\"wp-block-gallery columns-3 is-cropped\"><li class=\"blocks-gallery-item\"><figure><img loading=\"lazy\" width=\"585\" height=\"435\" src=\"http:\/\/www.naoobvio.com\/wp-content\/uploads\/2019\/06\/fotos_barroco-03-585x435.jpg\" alt=\"\" data-id=\"5125\" data-link=\"http:\/\/www.naoobvio.com\/?attachment_id=5125\" class=\"wp-image-5125\" srcset=\"https:\/\/www.naoobvio.com\/wp-content\/uploads\/2019\/06\/fotos_barroco-03-585x435.jpg 585w, https:\/\/www.naoobvio.com\/wp-content\/uploads\/2019\/06\/fotos_barroco-03-585x435-300x223.jpg 300w\" sizes=\"(max-width: 585px) 85vw, 585px\" \/><\/figure><\/li><li class=\"blocks-gallery-item\"><figure><img loading=\"lazy\" width=\"585\" height=\"435\" src=\"http:\/\/www.naoobvio.com\/wp-content\/uploads\/2019\/06\/recepcao-01-585x435.jpg\" alt=\"\" data-id=\"5127\" data-link=\"http:\/\/www.naoobvio.com\/?attachment_id=5127\" class=\"wp-image-5127\" srcset=\"https:\/\/www.naoobvio.com\/wp-content\/uploads\/2019\/06\/recepcao-01-585x435.jpg 585w, https:\/\/www.naoobvio.com\/wp-content\/uploads\/2019\/06\/recepcao-01-585x435-300x223.jpg 300w\" sizes=\"(max-width: 585px) 85vw, 585px\" \/><\/figure><\/li><li class=\"blocks-gallery-item\"><figure><img loading=\"lazy\" width=\"585\" height=\"435\" src=\"http:\/\/www.naoobvio.com\/wp-content\/uploads\/2019\/06\/yemanja_2-585x435.jpg\" alt=\"\" data-id=\"5128\" data-link=\"http:\/\/www.naoobvio.com\/?attachment_id=5128\" class=\"wp-image-5128\" srcset=\"https:\/\/www.naoobvio.com\/wp-content\/uploads\/2019\/06\/yemanja_2-585x435.jpg 585w, https:\/\/www.naoobvio.com\/wp-content\/uploads\/2019\/06\/yemanja_2-585x435-300x223.jpg 300w\" sizes=\"(max-width: 585px) 85vw, 585px\" \/><\/figure><\/li><\/ul>\n\n\n\n<blockquote class=\"wp-block-quote\"><p>&#8220;Onde tem um t\u00ea de Tereza, tem um qu\u00ea de Bahia.&#8221;<\/p><cite>Casa de Tereza<\/cite><\/blockquote>\n\n\n\n<p>A Casa de Tereza tem como proposta reunir arte, cultura e gastronomia na capital baiana. A recep\u00e7\u00e3o \u00e9 convidativa por si s\u00f3, ao reunir obras de Bel Borda, como forma de homenagear um dos mais renomados artistas pl\u00e1sticos da Bahia. O outro sal\u00e3o presente na Casa, que recebe o nome de Yemanj\u00e1, \u00e9 uma verdadeira galeria de arte. S\u00e3o obras de 11 artistas pl\u00e1sticos baianos, compondo um cen\u00e1rio que re\u00fane originalidade \u00e0 gastronomia.<\/p>\n\n\n\n<p>E o sal\u00e3o terreiro, \u00e9 um espa\u00e7o aben\u00e7oado pelos orix\u00e1s. Este sal\u00e3o homenageia as mais diversas express\u00f5es do candombl\u00e9 em suas mesas e paredes. Para completar a diversidade cultural presente nesta casa, o Espa\u00e7o Barroco traz em sua decora\u00e7\u00e3o fragmentos de anjos e um teto de igreja no forro, lembran\u00e7as do movimento cultural barroco. <\/p>\n\n\n\n<p style=\"background-color:#ecdaa7\" class=\"has-background\">\u260c No <a href=\"http:\/\/www.casadetereza.com.br\/360-casa-tereza\/\">site<\/a> da Casa de Tereza \u00e9 poss\u00edvel fazer um tour virtual de 360\u00b0 por todo restaurante, al\u00e9m de conferir o card\u00e1pio completo. <\/p>\n\n\n\n<p>O Menu Experi\u00eancia da Cozinha de Santo \u00e9 um convite para provar as mais diversas comidas baianas, sendo tamb\u00e9m servidos sem gl\u00faten\/lactose. Al\u00e9m deste, a Casa tamb\u00e9m serve pratos conhecidos como Cozinha do Autor, onde a chef elabora as refei\u00e7\u00f5es com ingredientes da regi\u00e3o. Al\u00e9m de sopas, saladas, especiais veganos\/vegetarianos\/dietas hipoproteicas e sobremesas. Mas, antes mesmo de fazer o pedido, os olhos percorrem arregalados a decora\u00e7\u00e3o do local. <\/p>\n\n\n\n<p style=\"background-color:#f5dfa1\" class=\"has-background\">\u260c <strong>Endere\u00e7o: <\/strong>Rua Dr. Odilon Santos, 45, Rio Vermelho, Salvador, Bahia, Brazil. 41940-350.<br>\u260c <strong>Hor\u00e1rio de funcionamento:<\/strong> Aberto de segunda \u00e0 quarta das 12h \u00e0s 23h, quinta \u00e0 s\u00e1bado das 12h \u00e0s 00h e domingo das 12h \u00e0s 21h30. <br>\u260c <strong>Telefone: <\/strong>(71) 3329-3016<br>\u260c <strong><a href=\"http:\/\/www.casadetereza.com.br\/360-casa-tereza\/\">Site<\/a><\/strong> | <a href=\"https:\/\/www.instagram.com\/casadetereza_\/\"><strong>Instagram<\/strong><\/a> | <a href=\"https:\/\/www.facebook.com\/CasaDeTereza\/\"><strong>Facebook<\/strong><\/a><\/p>\n\n\n\n<h2>4. Nacho&#8217;s Mexican Bar|<a href=\"https:\/\/www.instagram.com\/nachosmex\/?hl=pt\">@nachosmex<\/a><\/h2>\n\n\n\n<ul class=\"wp-block-gallery columns-3 is-cropped\"><li class=\"blocks-gallery-item\"><figure><img loading=\"lazy\" width=\"640\" height=\"640\" src=\"http:\/\/www.naoobvio.com\/wp-content\/uploads\/2019\/06\/59732146_154552595586772_3247001654783249501_n.jpg\" alt=\"\" data-id=\"5278\" data-link=\"http:\/\/www.naoobvio.com\/?attachment_id=5278\" class=\"wp-image-5278\" srcset=\"https:\/\/www.naoobvio.com\/wp-content\/uploads\/2019\/06\/59732146_154552595586772_3247001654783249501_n.jpg 640w, https:\/\/www.naoobvio.com\/wp-content\/uploads\/2019\/06\/59732146_154552595586772_3247001654783249501_n-150x150.jpg 150w, https:\/\/www.naoobvio.com\/wp-content\/uploads\/2019\/06\/59732146_154552595586772_3247001654783249501_n-300x300.jpg 300w\" sizes=\"(max-width: 709px) 85vw, (max-width: 909px) 67vw, (max-width: 984px) 61vw, (max-width: 1362px) 45vw, 600px\" \/><\/figure><\/li><li class=\"blocks-gallery-item\"><figure><img loading=\"lazy\" width=\"640\" height=\"640\" src=\"http:\/\/www.naoobvio.com\/wp-content\/uploads\/2019\/06\/59785604_595546204258575_5216706902281946896_n.jpg\" alt=\"\" data-id=\"5280\" data-link=\"http:\/\/www.naoobvio.com\/?attachment_id=5280\" class=\"wp-image-5280\" srcset=\"https:\/\/www.naoobvio.com\/wp-content\/uploads\/2019\/06\/59785604_595546204258575_5216706902281946896_n.jpg 640w, https:\/\/www.naoobvio.com\/wp-content\/uploads\/2019\/06\/59785604_595546204258575_5216706902281946896_n-150x150.jpg 150w, https:\/\/www.naoobvio.com\/wp-content\/uploads\/2019\/06\/59785604_595546204258575_5216706902281946896_n-300x300.jpg 300w\" sizes=\"(max-width: 709px) 85vw, (max-width: 909px) 67vw, (max-width: 984px) 61vw, (max-width: 1362px) 45vw, 600px\" \/><\/figure><\/li><li class=\"blocks-gallery-item\"><figure><img loading=\"lazy\" width=\"1024\" height=\"1024\" src=\"http:\/\/www.naoobvio.com\/wp-content\/uploads\/2019\/06\/59555932_2262151784114309_3561395425444307069_n1-1024x1024.jpg\" alt=\"\" data-id=\"5279\" data-link=\"http:\/\/www.naoobvio.com\/?attachment_id=5279\" class=\"wp-image-5279\" srcset=\"https:\/\/www.naoobvio.com\/wp-content\/uploads\/2019\/06\/59555932_2262151784114309_3561395425444307069_n1-1024x1024.jpg 1024w, https:\/\/www.naoobvio.com\/wp-content\/uploads\/2019\/06\/59555932_2262151784114309_3561395425444307069_n1-150x150.jpg 150w, https:\/\/www.naoobvio.com\/wp-content\/uploads\/2019\/06\/59555932_2262151784114309_3561395425444307069_n1-300x300.jpg 300w, https:\/\/www.naoobvio.com\/wp-content\/uploads\/2019\/06\/59555932_2262151784114309_3561395425444307069_n1-768x768.jpg 768w, https:\/\/www.naoobvio.com\/wp-content\/uploads\/2019\/06\/59555932_2262151784114309_3561395425444307069_n1.jpg 1080w\" sizes=\"(max-width: 709px) 85vw, (max-width: 909px) 67vw, (max-width: 1362px) 62vw, 840px\" \/><\/figure><\/li><\/ul>\n\n\n\n<p>O Nacho&#8217;s Mexican Bar \u00e9 encontrado em tr\u00eas unidades: Shopping Paralela L2, Vilas do Atl\u00e2ntico e Barra. Em todas elas o ambiente retrata a cultura mexicana em cada detalhe. Arte de caveira nos card\u00e1pios, copos de vidro e paredes, com muita cor. Al\u00e9m de chap\u00e9us tipicamente mexicanos pendurados no teto. <\/p>\n\n\n\n<p>Mas o melhor do bar \u00e9 a programa\u00e7\u00e3o. Show de Rock&#8217;n Rumba, Mambolada, Salsa, noite carimbenha, DJ e atra\u00e7\u00f5es especiais que sempre surgem em datas comemorativas como Dia dos Namorados e Dia dos Mortos, tradi\u00e7\u00e3o no M\u00e9xico. <\/p>\n\n\n\n<p style=\"background-color:#ecdaa7\" class=\"has-background\">\u260c Todas a programa\u00e7\u00e3o e novidades s\u00e3o divulgadas no <a href=\"https:\/\/www.instagram.com\/nachosmex\/?hl=pt\">Instagram<\/a> do bar. <\/p>\n\n\n\n<p>Al\u00e9m de boas atra\u00e7\u00f5es, o que n\u00e3o pode faltar em um bar: drinks. Margarita Blue, Frozen e Roscka Gourmet fazem sucesso. E claro, os aperitivos. Nachos, tacos, burritos, talonera, quesadilla, s\u00e3o algumas das op\u00e7\u00f5es dispon\u00edveis no card\u00e1pio. <\/p>\n\n\n\n<p style=\"background-color:#f5dfa1\" class=\"has-background\">\u260c <strong>Endere\u00e7o: <\/strong>Av. Lu\u00eds Viana, 8544. Paralela, Salvador (Shopping Paralela L2)|Av. Luis Tarqu\u00ednio Pontes, 2899. Vilas do Atl\u00e2ntico, Lauro de Freitas (Vilas do Atl\u00e2ntico)|Av. Almirante Marques de Le\u00e3o, 6. Barra, Salvador (Barra).<br>\u260c Delivery no <a href=\"https:\/\/www.ifood.com.br\/delivery\/salvador-ba\/nacho's-mexican-bar-paralela-paralela\/ce9c5f97-e905-4ffd-9aa8-350d9b959ddb\">Ifood<\/a><br>\u260c <strong>Hor\u00e1rio de funcionamento: <\/strong>Domingo \u00e0 quinta das 12h \u00e0s 22h e Sexta das 12h \u00e0s 03h (Paralela) |Domingo \u00e0 quinta das 17h \u00e0s 00h e Sextas e s\u00e1bados das 17h \u00e0s 03h (Vilas do Atl\u00e2ntico)|Segunda das 17h \u00e0s 05h, Ter\u00e7a \u00e0 quinta das 11h \u00e0s 05h e Sexta, s\u00e1bado e domingo das 13h \u00e0s 05h (Barra)<br>\u260c <strong> Telefone: <\/strong> 71 3032-6040 (Paralela)|71 3026-3443 (Vilas do Atl\u00e2ntico)|71 98800-0902 (Barra)<br>\u260c  <strong><a href=\"https:\/\/www.instagram.com\/nachosmex\/?hl=pt\">Instagram<\/a><\/strong> | <strong><a href=\"https:\/\/pt-br.facebook.com\/nachosmexbar\/\">Facebook<\/a><\/strong><\/p>\n\n\n\n<h2>5. La Taperia |<a href=\"https:\/\/www.instagram.com\/lataperiasalvador\/?hl=pt-br\">@lataperiasalvador<\/a> <\/h2>\n\n\n\n<div class=\"wp-block-image\"><figure class=\"aligncenter\"><img loading=\"lazy\" width=\"1024\" height=\"5\" src=\"http:\/\/www.naoobvio.com\/wp-content\/uploads\/2019\/06\/linha1-19-1024x5.png\" alt=\"\" class=\"wp-image-5293\" srcset=\"https:\/\/www.naoobvio.com\/wp-content\/uploads\/2019\/06\/linha1-19.png 1024w, https:\/\/www.naoobvio.com\/wp-content\/uploads\/2019\/06\/linha1-19-300x1.png 300w, https:\/\/www.naoobvio.com\/wp-content\/uploads\/2019\/06\/linha1-19-768x4.png 768w\" sizes=\"(max-width: 709px) 85vw, (max-width: 909px) 67vw, (max-width: 1362px) 62vw, 840px\" \/><\/figure><\/div>\n\n\n\n<ul class=\"wp-block-gallery columns-3 is-cropped\"><li class=\"blocks-gallery-item\"><figure><img loading=\"lazy\" width=\"601\" height=\"400\" src=\"http:\/\/www.naoobvio.com\/wp-content\/uploads\/2019\/06\/la-taperia-02.jpg\" alt=\"\" data-id=\"5216\" data-link=\"http:\/\/www.naoobvio.com\/?attachment_id=5216\" class=\"wp-image-5216\" srcset=\"https:\/\/www.naoobvio.com\/wp-content\/uploads\/2019\/06\/la-taperia-02.jpg 601w, https:\/\/www.naoobvio.com\/wp-content\/uploads\/2019\/06\/la-taperia-02-300x200.jpg 300w\" sizes=\"(max-width: 709px) 85vw, (max-width: 909px) 67vw, (max-width: 984px) 61vw, (max-width: 1362px) 45vw, 600px\" \/><\/figure><\/li><li class=\"blocks-gallery-item\"><figure><img loading=\"lazy\" width=\"550\" height=\"322\" src=\"http:\/\/www.naoobvio.com\/wp-content\/uploads\/2019\/06\/la-taperia-01.jpg\" alt=\"\" data-id=\"5217\" data-link=\"http:\/\/www.naoobvio.com\/?attachment_id=5217\" class=\"wp-image-5217\" srcset=\"https:\/\/www.naoobvio.com\/wp-content\/uploads\/2019\/06\/la-taperia-01.jpg 550w, https:\/\/www.naoobvio.com\/wp-content\/uploads\/2019\/06\/la-taperia-01-300x176.jpg 300w\" sizes=\"(max-width: 550px) 85vw, 550px\" \/><\/figure><\/li><li class=\"blocks-gallery-item\"><figure><img loading=\"lazy\" width=\"753\" height=\"720\" src=\"http:\/\/www.naoobvio.com\/wp-content\/uploads\/2019\/06\/lataperiahj_alo_alo_bahia-03.jpg\" alt=\"\" data-id=\"5218\" data-link=\"http:\/\/www.naoobvio.com\/?attachment_id=5218\" class=\"wp-image-5218\" srcset=\"https:\/\/www.naoobvio.com\/wp-content\/uploads\/2019\/06\/lataperiahj_alo_alo_bahia-03.jpg 753w, https:\/\/www.naoobvio.com\/wp-content\/uploads\/2019\/06\/lataperiahj_alo_alo_bahia-03-300x287.jpg 300w\" sizes=\"(max-width: 709px) 85vw, (max-width: 909px) 67vw, (max-width: 984px) 61vw, (max-width: 1362px) 45vw, 600px\" \/><\/figure><\/li><\/ul>\n\n\n\n<p>Para al\u00e9m dos elogios para as op\u00e7\u00f5es culin\u00e1rias, o restaurante La Taperia sempre recebe seus clientes com mimos nos pequenos detalhes da decora\u00e7\u00e3o. Nas mesas, os guardanapos s\u00e3o enfeitados com cora\u00e7\u00f5es e mensagens carinhosas escritas em espanhol. Nas paredes, quadros com frases da artista Frida Kahlo. Nas l\u00e2mpadas, pequenos cora\u00e7\u00f5es pintados. <\/p>\n\n\n\n<p>E antes mesmo de entrar na Taperia, a arte do talentoso Eder Muniz decora a fachada com muita cor. Completando a entrada, algumas plantas em vaso de barro penduradas no alto d\u00e3o um toque especial. \u00c0 noite com tons vermelhos, amarelos e verdes, as l\u00e2mpadas iluminam o ambiente.<\/p>\n\n\n\n<p style=\"background-color:#ecdaa7\" class=\"has-background\">\u260c No <a href=\"https:\/\/www.instagram.com\/lataperiasalvador\/?hl=pt-br\">Instagram<\/a> o restaurante divulga os card\u00e1pios especiais para comemora\u00e7\u00f5es (dia dos namorados, Iemanj\u00e1, dia da mulher, entre outros).<\/p>\n\n\n\n<p>As tapas espanholas do Chef Morchon conquistaram um grande p\u00fablico na capital baiana. Outras op\u00e7\u00f5es s\u00e3o bem pedidas, como o Carpaccio de polvo e a lagosta com molho de tomate e batatas, camar\u00f5es, queijos, presuntos, polvos, que podem variar toda a semana, h\u00e1 um card\u00e1pio com comida mais tradicional, como paellas. <\/p>\n\n\n\n<p style=\"background-color:#f5dfa1\" class=\"has-background\">\u260c <strong>Endere\u00e7o: <\/strong>Rua da Paci\u00eancia, 251. Rio Vermelho, Salvador, Bahia, Brazil. 4950-010<br>\u260c <strong>Hor\u00e1rio de funcionamento: <\/strong>Ter\u00e7a \u00e0 s\u00e1bado das 18h \u00e0s 1h30. <br>\u260c<strong> Telefone: <\/strong>(71) 33346871 | (71) 987161077 | (71) 991165140 <br>\u260c  <a href=\"https:\/\/www.instagram.com\/lataperiasalvador\/?hl=pt-br\"><strong>Instagram<\/strong><\/a><strong> <\/strong>| <a href=\"https:\/\/pt-br.facebook.com\/LaTaperiaSalvadorDeBahia\/\"><strong>Facebook<\/strong><\/a><\/p>\n\n\n\n<p style=\"background-color:#52441e;text-align:center\" class=\"has-text-color has-background has-large-font-size has-very-light-gray-color\"><strong>EXTRAS<\/strong><em><strong>:<\/strong><\/em><\/p>\n\n\n\n<h2>6. Cien Fuegos| <a href=\"https:\/\/www.instagram.com\/cienfuegosmexicano\/?hl=pt-br\">@cienfuegosmexicano<\/a> <\/h2>\n\n\n\n<div class=\"wp-block-image\"><figure class=\"aligncenter\"><img loading=\"lazy\" width=\"1024\" height=\"5\" src=\"http:\/\/www.naoobvio.com\/wp-content\/uploads\/2019\/06\/linha1-21-1024x5.png\" alt=\"\" class=\"wp-image-5296\" srcset=\"https:\/\/www.naoobvio.com\/wp-content\/uploads\/2019\/06\/linha1-21.png 1024w, https:\/\/www.naoobvio.com\/wp-content\/uploads\/2019\/06\/linha1-21-300x1.png 300w, https:\/\/www.naoobvio.com\/wp-content\/uploads\/2019\/06\/linha1-21-768x4.png 768w\" sizes=\"(max-width: 709px) 85vw, (max-width: 909px) 67vw, (max-width: 1362px) 62vw, 840px\" \/><\/figure><\/div>\n\n\n\n<ul class=\"wp-block-gallery columns-3 is-cropped\"><li class=\"blocks-gallery-item\"><figure><img loading=\"lazy\" width=\"640\" height=\"640\" src=\"http:\/\/www.naoobvio.com\/wp-content\/uploads\/2019\/06\/43473101_708330989534726_7081944111271352136_n.jpg\" alt=\"\" data-id=\"5231\" data-link=\"http:\/\/www.naoobvio.com\/?attachment_id=5231\" class=\"wp-image-5231\" srcset=\"https:\/\/www.naoobvio.com\/wp-content\/uploads\/2019\/06\/43473101_708330989534726_7081944111271352136_n.jpg 640w, https:\/\/www.naoobvio.com\/wp-content\/uploads\/2019\/06\/43473101_708330989534726_7081944111271352136_n-150x150.jpg 150w, https:\/\/www.naoobvio.com\/wp-content\/uploads\/2019\/06\/43473101_708330989534726_7081944111271352136_n-300x300.jpg 300w\" sizes=\"(max-width: 709px) 85vw, (max-width: 909px) 67vw, (max-width: 984px) 61vw, (max-width: 1362px) 45vw, 600px\" \/><\/figure><\/li><li class=\"blocks-gallery-item\"><figure><img loading=\"lazy\" width=\"1024\" height=\"681\" src=\"http:\/\/www.naoobvio.com\/wp-content\/uploads\/2019\/06\/43985496_274250323223550_2050813889126602333_n1-1024x681.jpg\" alt=\"\" data-id=\"5232\" data-link=\"http:\/\/www.naoobvio.com\/?attachment_id=5232\" class=\"wp-image-5232\" srcset=\"https:\/\/www.naoobvio.com\/wp-content\/uploads\/2019\/06\/43985496_274250323223550_2050813889126602333_n1-1024x681.jpg 1024w, https:\/\/www.naoobvio.com\/wp-content\/uploads\/2019\/06\/43985496_274250323223550_2050813889126602333_n1-300x199.jpg 300w, https:\/\/www.naoobvio.com\/wp-content\/uploads\/2019\/06\/43985496_274250323223550_2050813889126602333_n1-768x511.jpg 768w, https:\/\/www.naoobvio.com\/wp-content\/uploads\/2019\/06\/43985496_274250323223550_2050813889126602333_n1.jpg 1080w\" sizes=\"(max-width: 709px) 85vw, (max-width: 909px) 67vw, (max-width: 1362px) 62vw, 840px\" \/><\/figure><\/li><li class=\"blocks-gallery-item\"><figure><img loading=\"lazy\" width=\"1024\" height=\"724\" src=\"http:\/\/www.naoobvio.com\/wp-content\/uploads\/2019\/06\/44000234_1656551351117991_3394983549395271680_n1-1024x724.jpg\" alt=\"\" data-id=\"5233\" data-link=\"http:\/\/www.naoobvio.com\/?attachment_id=5233\" class=\"wp-image-5233\" srcset=\"https:\/\/www.naoobvio.com\/wp-content\/uploads\/2019\/06\/44000234_1656551351117991_3394983549395271680_n1-1024x724.jpg 1024w, https:\/\/www.naoobvio.com\/wp-content\/uploads\/2019\/06\/44000234_1656551351117991_3394983549395271680_n1-300x212.jpg 300w, https:\/\/www.naoobvio.com\/wp-content\/uploads\/2019\/06\/44000234_1656551351117991_3394983549395271680_n1-768x543.jpg 768w, https:\/\/www.naoobvio.com\/wp-content\/uploads\/2019\/06\/44000234_1656551351117991_3394983549395271680_n1.jpg 1080w\" sizes=\"(max-width: 709px) 85vw, (max-width: 909px) 67vw, (max-width: 1362px) 62vw, 840px\" \/><\/figure><\/li><\/ul>\n\n\n\n<p>O primeiro restaurante mexicano da cidade de Salvador \u00e9 o mais conhecido da lista e faz com que o cliente viaje para o M\u00e9xico sem sair de Salvador, desde as comidas at\u00e9 a t\u00edpica decora\u00e7\u00e3o. <\/p>\n\n\n\n<p>O ambiente tem\u00e1tico conta com janelas e portas de madeira em sua entrada ampla. Mas o melhor \u00e9 o espa\u00e7o interno: No teto s\u00e3o penduras algumas gaiolas brancas, verdes, vermelhas e amarelas. E as mesas e cadeiras de madeiras recebem destaque em meio \u00e0s cores das paredes, que lembram a bandeira do M\u00e9xico. <\/p>\n\n\n\n<p>Entre grades brancas em forma de cacto, o Espa\u00e7o Frida se destaca, tamb\u00e9m, com suas cores vibrantes no desenho da artista homenageada, Frida Kahlo. O Espa\u00e7o Caveira, preto e branco, \u00e9 inspirado nas caveiras mexicanas que representam a vida e prote\u00e7\u00e3o contra os maus esp\u00edritos. A \u00e1rea da banda \u00e9 respons\u00e1vel por noites incr\u00edveis na capital baiana, com muita m\u00fasica e dan\u00e7a. Cores e desenhos inspirados na cultura mexicana.<\/p>\n\n\n\n<p> O Lounge Vip \u00e9 um espa\u00e7o mais reservado e simples, com pouca luz e som, \u00e9 uma boa pedida para quem quer algo mais reservado. E o terra\u00e7o \u00e9 para quem prefere algo ao ar livre, com boa ilumina\u00e7\u00e3o e cor, comumente usado por fumantes, j\u00e1 que o estabelecimento n\u00e3o permite a sa\u00edda para fumar. Al\u00e9m disso, a arte deste local \u00e9 em homenagem a Vila do Chaves, seriado mexicano.<\/p>\n\n\n\n<p style=\"background-color:#ecdaa7\" class=\"has-background\">\u260c No <a href=\"http:\/\/www.cienfuegos.com.br\/home#galeria\">site<\/a> do restaurante \u00e9 poss\u00edvel fazer pedido online, al\u00e9m de conferir todo o card\u00e1pio na \u00edntegra, e no <a href=\"https:\/\/www.instagram.com\/cienfuegosmexicano\/?hl=pt-br\">Instagram<\/a> eles tamb\u00e9m divulgam as promo\u00e7\u00f5es, especiais da casa. <\/p>\n\n\n\n<p>O restaurante Cien Fuegos, inaugurado em 1995, tem o objetivo de divulgar a cultura e culin\u00e1ria mexicana. Totopos, flautas mexicanas, quesadilla, tacos, burritos e nachos s\u00e3o as especialidades da casa. Com promo\u00e7\u00f5es exclusivas, o espa\u00e7o \u00e9 elogiado pela internet, nos coment\u00e1rios do <a href=\"https:\/\/www.instagram.com\/cienfuegosmexicano\/?hl=pt-br\">Instagram<\/a> e avalia\u00e7\u00e3o do <a href=\"https:\/\/www.ifood.com.br\/delivery\/salvador-ba\/cien-fuegos-restaurante-mexicano-rio-vermelho\/ad92992c-e9f6-4eaf-8731-5edc54662496\">Ifood<\/a>. <\/p>\n\n\n\n<p style=\"background-color:#f5dfa1\" class=\"has-background\">\u260c <strong>Endere\u00e7o: <\/strong>Rua Alexandre Gusm\u00e3o, 60. Rio Vermelho. Salvador, Bahia, Brazil.<br>\u260c Delivery no <a href=\"https:\/\/www.ifood.com.br\/delivery\/salvador-ba\/cien-fuegos-restaurante-mexicano-rio-vermelho\/ad92992c-e9f6-4eaf-8731-5edc54662496\">Ifood<\/a>.<br>\u260c <strong>Hor\u00e1rio de funcionamento:<\/strong> Domingo a quinta das 18h \u00e0s 0h. Sexta a s\u00e1bado das 18h \u00e0s 2h.<br>\u260c <strong>Telefone:  <\/strong>71 3334-7711<br>\u260c <a href=\"http:\/\/www.cienfuegos.com.br\/home#galeria\"><strong>Site<\/strong><\/a>| <a href=\"https:\/\/www.instagram.com\/cienfuegosmexicano\/?hl=pt-br\"><strong>Instagram<\/strong><\/a><strong> <\/strong>| <a href=\"https:\/\/pt-br.facebook.com\/cienfuegosmexicano\/\"><strong>Facebook<\/strong><\/a><strong> <\/strong><\/p>\n\n\n\n<h2>7. Mistura Contorno|<a href=\"https:\/\/www.instagram.com\/misturacontorno\/\">@misturacontorno<\/a><\/h2>\n\n\n\n<div class=\"wp-block-image\"><figure class=\"aligncenter\"><img loading=\"lazy\" width=\"1024\" height=\"5\" src=\"http:\/\/www.naoobvio.com\/wp-content\/uploads\/2019\/06\/linha1-22-1024x5.png\" alt=\"\" class=\"wp-image-5297\" srcset=\"https:\/\/www.naoobvio.com\/wp-content\/uploads\/2019\/06\/linha1-22.png 1024w, https:\/\/www.naoobvio.com\/wp-content\/uploads\/2019\/06\/linha1-22-300x1.png 300w, https:\/\/www.naoobvio.com\/wp-content\/uploads\/2019\/06\/linha1-22-768x4.png 768w\" sizes=\"(max-width: 709px) 85vw, (max-width: 909px) 67vw, (max-width: 1362px) 62vw, 840px\" \/><\/figure><\/div>\n\n\n\n<ul class=\"wp-block-gallery columns-3 is-cropped\"><li class=\"blocks-gallery-item\"><figure><img loading=\"lazy\" width=\"474\" height=\"473\" src=\"http:\/\/www.naoobvio.com\/wp-content\/uploads\/2019\/06\/42530956_1627398157364166_6336056804417470464_n1.jpg\" alt=\"\" data-id=\"5234\" data-link=\"http:\/\/www.naoobvio.com\/?attachment_id=5234\" class=\"wp-image-5234\" srcset=\"https:\/\/www.naoobvio.com\/wp-content\/uploads\/2019\/06\/42530956_1627398157364166_6336056804417470464_n1.jpg 474w, https:\/\/www.naoobvio.com\/wp-content\/uploads\/2019\/06\/42530956_1627398157364166_6336056804417470464_n1-150x150.jpg 150w, https:\/\/www.naoobvio.com\/wp-content\/uploads\/2019\/06\/42530956_1627398157364166_6336056804417470464_n1-300x300.jpg 300w\" sizes=\"(max-width: 474px) 85vw, 474px\" \/><\/figure><\/li><li class=\"blocks-gallery-item\"><figure><img loading=\"lazy\" width=\"949\" height=\"631\" src=\"http:\/\/www.naoobvio.com\/wp-content\/uploads\/2019\/06\/2019-06-21.png\" alt=\"\" data-id=\"5295\" data-link=\"http:\/\/www.naoobvio.com\/?attachment_id=5295\" class=\"wp-image-5295\" srcset=\"https:\/\/www.naoobvio.com\/wp-content\/uploads\/2019\/06\/2019-06-21.png 949w, https:\/\/www.naoobvio.com\/wp-content\/uploads\/2019\/06\/2019-06-21-300x199.png 300w, https:\/\/www.naoobvio.com\/wp-content\/uploads\/2019\/06\/2019-06-21-768x511.png 768w\" sizes=\"(max-width: 709px) 85vw, (max-width: 909px) 67vw, (max-width: 1362px) 62vw, 840px\" \/><\/figure><\/li><li class=\"blocks-gallery-item\"><figure><img loading=\"lazy\" width=\"1024\" height=\"681\" src=\"http:\/\/www.naoobvio.com\/wp-content\/uploads\/2019\/06\/Mistura-Ambientes_004-1024x681-1-1024x681.jpg\" alt=\"\" data-id=\"5281\" data-link=\"http:\/\/www.naoobvio.com\/?attachment_id=5281\" class=\"wp-image-5281\" srcset=\"https:\/\/www.naoobvio.com\/wp-content\/uploads\/2019\/06\/Mistura-Ambientes_004-1024x681-1.jpg 1024w, https:\/\/www.naoobvio.com\/wp-content\/uploads\/2019\/06\/Mistura-Ambientes_004-1024x681-1-300x200.jpg 300w, https:\/\/www.naoobvio.com\/wp-content\/uploads\/2019\/06\/Mistura-Ambientes_004-1024x681-1-768x511.jpg 768w\" sizes=\"(max-width: 709px) 85vw, (max-width: 909px) 67vw, (max-width: 1362px) 62vw, 840px\" \/><\/figure><\/li><\/ul>\n\n\n\n<p>No que diz respeito \u00e0 sofistica\u00e7\u00e3o, o Mistura Contorno se destaca. O restaurante em antigo casar\u00e3o, mistura estilo e hist\u00f3ria de forma original. Em frente ao mar, os clientes podem desfrutar de um p\u00f4r do sol deslumbrante, em que a capital baiana oferece. <\/p>\n\n\n\n<p>O ambiente planejado pelo arquiteto Sidney Quintela, oferece o interior climatizado, amplo e claro, adornado de canoa convertida em expositor para peixes e crust\u00e1ceos frescos e uma adega revestida em vidro emoldurado com madeira r\u00fastica. <br><br>A inova\u00e7\u00e3o pode soar art\u00edstica para aqueles apaixonados por decora\u00e7\u00f5es diferenciadas. A inspira\u00e7\u00e3o veio do mar e dos elementos n\u00e1uticos. Na \u00e1rea eterna, os cientes desfrutam da brisa do mar de Itapu\u00e3, embaladas pelo aroma e sabor da culin\u00e1ria brasileira e mediterr\u00e2nea da Chef And\u00e9a Ribeiro e s\u00f3cio Paolo Alfonsi. <\/p>\n\n\n\n<p style=\"background-color:#ecdaa7\" class=\"has-background\">\u260c No <a href=\"http:\/\/www.restaurantemistura.com.br\/\">site<\/a> \u00e9 poss\u00edvel conhecer a Chef respons\u00e1vel pela culin\u00e1ria do restaurante, al\u00e9m de outros detalhes imperd\u00edveis, como adega, premia\u00e7\u00f5es e galeria.<\/p>\n\n\n\n<p>No restaurante, pode ser escolhido entre as 8 op\u00e7\u00f5es do menu \u2013 Carne de boi ou cordeiro, lagosta, frutos do mar \u2013 risotto ou grelhadinha \u2013 badejo). Al\u00e9m das entradas (Buffet de antipasti; Fritura leve de frutos do mar (badejo, camar\u00e3o, lula e siri mole); Salada de lagosta com mel\u00e3o orange.) e sobremesas (brownie com goiabada, sorvete de c\u00f4co e mousse de maracuj\u00e1; Degusta\u00e7\u00e3o de doces t\u00edpicos (cocadas). <\/p>\n\n\n\n<p style=\"background-color:#f5dfa1\" class=\"has-background\">\u260c <strong>Endere\u00e7o: <\/strong>Rua Professor Souza Brito, 41 &#8211; Itapu\u00e3<br>Salvador &#8211; BA, 41640-485 <br>\u260c <strong>Hor\u00e1rio de funcionamento: <\/strong>Domingo \u00e0 quarta das 12h \u00e0s 23h e quinta \u00e0 s\u00e1bado das 12h \u00e0s 00h.<br>\u260c <strong>Telefone:<\/strong> (71) 3375-2623|3012-2623|(71) 2137-0782 |2137-0741.<br>\u260c <a href=\"http:\/\/www.misturacontorno.com.br\/\"><strong>Site<\/strong><\/a> | <a href=\"https:\/\/www.instagram.com\/misturacontorno\/\"><strong>Instagram<\/strong><\/a> | <a href=\"https:\/\/pt-br.facebook.com\/MisturaContorno\/\"><strong>Facebook<\/strong><\/a><strong> <\/strong><\/p>\n\n\n\n<p style=\"background-color:#ecb7b7\" class=\"has-background\">Esta lista foi feita em colabora\u00e7\u00e3o com Vanessa Brunt (<a href=\"http:\/\/instagram.com\/vanessabrunt\">@vanessabrunt<\/a>), editora-chefe do N\u00c3O \u00d3BVIO.<\/p>\n","protected":false},"excerpt":{"rendered":"<p>Dan\u00e7as, shows, pinturas, esculturas, fotografias, grafites e diversos eventos se misturam em variados restaurantes da capital baiana. Com a proposta de valorizar artistas locais, sejam pl\u00e1sticos, da voz, da poesia ou do corpo, esses ambientes mesclam uma culin\u00e1ria nada \u00f3bvia com toques art\u00edsticos pelo ambiente e pela programa\u00e7\u00e3o que apresentam.<\/p>\n","protected":false},"author":10,"featured_media":5215,"comment_status":"open","ping_status":"open","sticky":false,"template":"","format":"standard","meta":[],"categories":[13,7,419,6,418],"tags":[290,271,334,179,110,99,333],"acf":[],"yoast_head":"<!-- This site is optimized with the Yoast SEO plugin v15.9.2 - https:\/\/yoast.com\/wordpress\/plugins\/seo\/ -->\n<title>5 RESTAURANTES DE SALVADOR QUE MISTURAM ARTE E CULIN\u00c1RIA - N\u00e3o \u00d3bvio<\/title>\n<meta name=\"robots\" content=\"index, follow, max-snippet:-1, max-image-preview:large, max-video-preview:-1\" \/>\n<link rel=\"canonical\" href=\"https:\/\/www.naoobvio.com\/index.php\/2019\/06\/21\/5-restaurantes-de-salvador-que-misturam-arte-e-culinaria\/\" \/>\n<meta property=\"og:locale\" content=\"pt_BR\" \/>\n<meta property=\"og:type\" content=\"article\" \/>\n<meta property=\"og:title\" content=\"5 RESTAURANTES DE SALVADOR QUE MISTURAM ARTE E CULIN\u00c1RIA - N\u00e3o \u00d3bvio\" \/>\n<meta property=\"og:url\" content=\"https:\/\/www.naoobvio.com\/index.php\/2019\/06\/21\/5-restaurantes-de-salvador-que-misturam-arte-e-culinaria\/\" \/>\n<meta property=\"og:site_name\" content=\"N\u00e3o \u00d3bvio\" \/>\n<meta property=\"article:publisher\" content=\"http:\/\/facebook.com\/nao.obvio\" \/>\n<meta property=\"article:published_time\" content=\"2019-06-21T14:05:15+00:00\" \/>\n<meta property=\"article:modified_time\" content=\"2019-08-05T00:08:56+00:00\" \/>\n<meta property=\"og:image\" content=\"https:\/\/www.naoobvio.com\/wp-content\/uploads\/2019\/06\/jon-tyson-589827-unsplash-1.jpg\" \/>\n\t<meta property=\"og:image:width\" content=\"3118\" \/>\n\t<meta property=\"og:image:height\" content=\"2345\" \/>\n<meta name=\"twitter:card\" content=\"summary_large_image\" \/>\n<meta name=\"twitter:label1\" content=\"Est. reading time\">\n\t<meta name=\"twitter:data1\" content=\"11 minutos\">\n<script type=\"application\/ld+json\" class=\"yoast-schema-graph\">{\"@context\":\"https:\/\/schema.org\",\"@graph\":[{\"@type\":\"WebSite\",\"@id\":\"https:\/\/www.naoobvio.com\/#website\",\"url\":\"https:\/\/www.naoobvio.com\/\",\"name\":\"N\\u00e3o \\u00d3bvio\",\"description\":\"O que falta na sua  lista\",\"potentialAction\":[{\"@type\":\"SearchAction\",\"target\":\"https:\/\/www.naoobvio.com\/?s={search_term_string}\",\"query-input\":\"required name=search_term_string\"}],\"inLanguage\":\"pt-BR\"},{\"@type\":\"ImageObject\",\"@id\":\"https:\/\/www.naoobvio.com\/index.php\/2019\/06\/21\/5-restaurantes-de-salvador-que-misturam-arte-e-culinaria\/#primaryimage\",\"inLanguage\":\"pt-BR\",\"url\":\"https:\/\/www.naoobvio.com\/wp-content\/uploads\/2019\/06\/jon-tyson-589827-unsplash-1.jpg\",\"width\":3118,\"height\":2345},{\"@type\":\"WebPage\",\"@id\":\"https:\/\/www.naoobvio.com\/index.php\/2019\/06\/21\/5-restaurantes-de-salvador-que-misturam-arte-e-culinaria\/#webpage\",\"url\":\"https:\/\/www.naoobvio.com\/index.php\/2019\/06\/21\/5-restaurantes-de-salvador-que-misturam-arte-e-culinaria\/\",\"name\":\"5 RESTAURANTES DE SALVADOR QUE MISTURAM ARTE E CULIN\\u00c1RIA - N\\u00e3o \\u00d3bvio\",\"isPartOf\":{\"@id\":\"https:\/\/www.naoobvio.com\/#website\"},\"primaryImageOfPage\":{\"@id\":\"https:\/\/www.naoobvio.com\/index.php\/2019\/06\/21\/5-restaurantes-de-salvador-que-misturam-arte-e-culinaria\/#primaryimage\"},\"datePublished\":\"2019-06-21T14:05:15+00:00\",\"dateModified\":\"2019-08-05T00:08:56+00:00\",\"author\":{\"@id\":\"https:\/\/www.naoobvio.com\/#\/schema\/person\/917890ba2c7c33140094e43d57da3d06\"},\"breadcrumb\":{\"@id\":\"https:\/\/www.naoobvio.com\/index.php\/2019\/06\/21\/5-restaurantes-de-salvador-que-misturam-arte-e-culinaria\/#breadcrumb\"},\"inLanguage\":\"pt-BR\",\"potentialAction\":[{\"@type\":\"ReadAction\",\"target\":[\"https:\/\/www.naoobvio.com\/index.php\/2019\/06\/21\/5-restaurantes-de-salvador-que-misturam-arte-e-culinaria\/\"]}]},{\"@type\":\"BreadcrumbList\",\"@id\":\"https:\/\/www.naoobvio.com\/index.php\/2019\/06\/21\/5-restaurantes-de-salvador-que-misturam-arte-e-culinaria\/#breadcrumb\",\"itemListElement\":[{\"@type\":\"ListItem\",\"position\":1,\"item\":{\"@type\":\"WebPage\",\"@id\":\"https:\/\/www.naoobvio.com\/\",\"url\":\"https:\/\/www.naoobvio.com\/\",\"name\":\"In\\u00edcio\"}},{\"@type\":\"ListItem\",\"position\":2,\"item\":{\"@type\":\"WebPage\",\"@id\":\"https:\/\/www.naoobvio.com\/index.php\/2019\/06\/21\/5-restaurantes-de-salvador-que-misturam-arte-e-culinaria\/\",\"url\":\"https:\/\/www.naoobvio.com\/index.php\/2019\/06\/21\/5-restaurantes-de-salvador-que-misturam-arte-e-culinaria\/\",\"name\":\"5 RESTAURANTES DE SALVADOR QUE MISTURAM ARTE E CULIN\\u00c1RIA\"}}]},{\"@type\":\"Person\",\"@id\":\"https:\/\/www.naoobvio.com\/#\/schema\/person\/917890ba2c7c33140094e43d57da3d06\",\"name\":\"Karol Amaral \\u2022 @versoscafeinados\",\"image\":{\"@type\":\"ImageObject\",\"@id\":\"https:\/\/www.naoobvio.com\/#personlogo\",\"inLanguage\":\"pt-BR\",\"url\":\"https:\/\/secure.gravatar.com\/avatar\/8c9059149a033853301647f5c9e54d11?s=96&d=mm&r=g\",\"caption\":\"Karol Amaral \\u2022 @versoscafeinados\"},\"description\":\"Karoline do Amaral \\u00e9 baiana de 1999, nascida em Feira de Santana. Acad\\u00eamica de Licenciatura em Letras Vern\\u00e1culas na Universidade Estadual de Feira de Santana (UEFS). Aspirante \\u00e0 poesia, autora do livro Versos Cafeinados, estudante e professora. Com os versos mais sinceros que v\\u00eam do cora\\u00e7\\u00e3o, encontrou na escrita alento para os pesos e as levezas da vida.\"}]}<\/script>\n<!-- \/ Yoast SEO plugin. -->","_links":{"self":[{"href":"https:\/\/www.naoobvio.com\/index.php\/wp-json\/wp\/v2\/posts\/5121"}],"collection":[{"href":"https:\/\/www.naoobvio.com\/index.php\/wp-json\/wp\/v2\/posts"}],"about":[{"href":"https:\/\/www.naoobvio.com\/index.php\/wp-json\/wp\/v2\/types\/post"}],"author":[{"embeddable":true,"href":"https:\/\/www.naoobvio.com\/index.php\/wp-json\/wp\/v2\/users\/10"}],"replies":[{"embeddable":true,"href":"https:\/\/www.naoobvio.com\/index.php\/wp-json\/wp\/v2\/comments?post=5121"}],"version-history":[{"count":22,"href":"https:\/\/www.naoobvio.com\/index.php\/wp-json\/wp\/v2\/posts\/5121\/revisions"}],"predecessor-version":[{"id":5329,"href":"https:\/\/www.naoobvio.com\/index.php\/wp-json\/wp\/v2\/posts\/5121\/revisions\/5329"}],"wp:featuredmedia":[{"embeddable":true,"href":"https:\/\/www.naoobvio.com\/index.php\/wp-json\/wp\/v2\/media\/5215"}],"wp:attachment":[{"href":"https:\/\/www.naoobvio.com\/index.php\/wp-json\/wp\/v2\/media?parent=5121"}],"wp:term":[{"taxonomy":"category","embeddable":true,"href":"https:\/\/www.naoobvio.com\/index.php\/wp-json\/wp\/v2\/categories?post=5121"},{"taxonomy":"post_tag","embeddable":true,"href":"https:\/\/www.naoobvio.com\/index.php\/wp-json\/wp\/v2\/tags?post=5121"}],"curies":[{"name":"wp","href":"https:\/\/api.w.org\/{rel}","templated":true}]}}