{"id":5312,"date":"2019-06-25T10:25:13","date_gmt":"2019-06-25T13:25:13","guid":{"rendered":"http:\/\/www.naoobvio.com\/?p=5312"},"modified":"2019-06-25T13:11:04","modified_gmt":"2019-06-25T16:11:04","slug":"6-series-nao-obvias-que-vao-estrear-ainda-neste-ano","status":"publish","type":"post","link":"https:\/\/www.naoobvio.com\/index.php\/2019\/06\/25\/6-series-nao-obvias-que-vao-estrear-ainda-neste-ano\/","title":{"rendered":"6 S\u00c9RIES N\u00c3O \u00d3BVIAS QUE V\u00c3O ESTREAR AINDA NESTE ANO"},"content":{"rendered":"\n<p>Aqueles que s\u00e3o seriadores sabem que h\u00e1 um calend\u00e1rio especial para as s\u00e9ries. Elas s\u00e3o divididas, em sua maioria, de acordo com as datas em que s\u00e3o lan\u00e7adas no hemisf\u00e9rio norte. S\u00e9ries lan\u00e7adas entre setembro e novembro pertencem ao <em>fall season<\/em>, o outono no hemisf\u00e9rio norte. Entre janeiro e maio acontece o <em>mid-season<\/em>, em que s\u00e3o lan\u00e7adas na \u201cmetade da temporada\u201d. Por fim, h\u00e1 o <em>summer season, <\/em>com as produ\u00e7\u00f5es que s\u00e3o lan\u00e7adas durante o ver\u00e3o nos EUA, Canad\u00e1 e Reino Unido. No Brasil, esta divis\u00e3o n\u00e3o \u00e9 feita. <\/p>\n\n\n\n<p>Entretanto, os servi\u00e7os de streaming vieram modificar a forma como este calend\u00e1rio costuma ser feito. Netflix, por exemplo, costuma lan\u00e7ar no m\u00ednimo uma produ\u00e7\u00e3o a cada semana do ano, n\u00e3o se importando muito com esta divis\u00e3o.<\/p>\n\n\n\n<div class=\"wp-block-image\"><figure class=\"alignleft is-resized\"><img loading=\"lazy\" src=\"http:\/\/www.naoobvio.com\/wp-content\/uploads\/2019\/06\/lan\u00e7a.gif\" alt=\"\" class=\"wp-image-5337\" width=\"344\" height=\"258\"\/><\/figure><\/div>\n\n\n\n<p class=\"has-background has-very-light-gray-background-color\">Sendo assim, alguns dos grandes lan\u00e7amentos de 2019 j\u00e1 foram feitos. Entretanto, h\u00e1 ainda muita coisa para estrear, como <a href=\"https:\/\/www.youtube.com\/watch?v=zymgtV99Rko\">Watchmen<\/a> (inspirada na famosa <a href=\"https:\/\/www.amazon.com.br\/Watchmen-V%C3%A1rios-Autores\/dp\/857351549X\">HQ<\/a>), <a href=\"http:\/\/www.adorocinema.com\/noticias\/series\/noticia-147046\/\">Looking for Alaska<\/a> (baseada no livro <a href=\"https:\/\/www.intrinseca.com.br\/livro\/509\/\">Quem \u00e9 Voc\u00ea, Alasca?<\/a>) e <a href=\"https:\/\/www.youtube.com\/watch?v=gAN5fVYys24\">The Witcher<\/a> (baseada no <a href=\"https:\/\/thewitcher.com\/pt-br\/\">jogo<\/a> de mesmo nome).<br><br>O N\u00c3O \u00d3BVIO resolveu, ent\u00e3o, fazer uma lista de s\u00e9ries de diversos g\u00eaneros que ainda v\u00e3o estrear em 2019. Confira, de acordo com ordem de lan\u00e7amento:<\/p>\n\n\n\n<h2>1. Family Business <\/h2>\n\n\n\n<div class=\"wp-block-image\"><figure class=\"aligncenter\"><img loading=\"lazy\" width=\"1024\" height=\"5\" src=\"http:\/\/www.naoobvio.com\/wp-content\/uploads\/2019\/06\/linha1-18-1024x5.png\" alt=\"\" class=\"wp-image-5292\" srcset=\"https:\/\/www.naoobvio.com\/wp-content\/uploads\/2019\/06\/linha1-18.png 1024w, https:\/\/www.naoobvio.com\/wp-content\/uploads\/2019\/06\/linha1-18-300x1.png 300w, https:\/\/www.naoobvio.com\/wp-content\/uploads\/2019\/06\/linha1-18-768x4.png 768w\" sizes=\"(max-width: 709px) 85vw, (max-width: 909px) 67vw, (max-width: 1362px) 62vw, 840px\" \/><\/figure><\/div>\n\n\n\n<figure class=\"wp-block-image\"><img loading=\"lazy\" width=\"1024\" height=\"570\" src=\"http:\/\/www.naoobvio.com\/wp-content\/uploads\/2019\/06\/family-business-1024x570.jpg\" alt=\"\" class=\"wp-image-5313\" srcset=\"https:\/\/www.naoobvio.com\/wp-content\/uploads\/2019\/06\/family-business-1024x570.jpg 1024w, https:\/\/www.naoobvio.com\/wp-content\/uploads\/2019\/06\/family-business-300x167.jpg 300w, https:\/\/www.naoobvio.com\/wp-content\/uploads\/2019\/06\/family-business-768x428.jpg 768w, https:\/\/www.naoobvio.com\/wp-content\/uploads\/2019\/06\/family-business-1200x668.jpg 1200w, https:\/\/www.naoobvio.com\/wp-content\/uploads\/2019\/06\/family-business-1320x735.jpg 1320w, https:\/\/www.naoobvio.com\/wp-content\/uploads\/2019\/06\/family-business.jpg 1920w\" sizes=\"(max-width: 709px) 85vw, (max-width: 909px) 67vw, (max-width: 1362px) 62vw, 840px\" \/><\/figure>\n\n\n\n<figure class=\"wp-block-embed-youtube wp-block-embed is-type-video is-provider-youtube wp-embed-aspect-16-9 wp-has-aspect-ratio\"><div class=\"wp-block-embed__wrapper\">\n<iframe title=\"Flagrantes de Fam\u00edlia | Trailer | Netflix\" width=\"840\" height=\"473\" src=\"https:\/\/www.youtube.com\/embed\/cUZIWFqmPMY?feature=oembed\" frameborder=\"0\" allow=\"accelerometer; autoplay; encrypted-media; gyroscope; picture-in-picture\" allowfullscreen><\/iframe>\n<\/div><\/figure>\n\n\n\n<p>A primeira da lista estreia ainda nesta semana, na sexta-feira, 28. Joseph (Jonathan Cohen) tem 35 anos e est\u00e1 sempre com ideias novas para neg\u00f3cios, mas que nem sempre d\u00e3o certo e por isso, est\u00e1 quebrado. Sua fam\u00edlia \u00e9 dona do A\u00e7ougue Hazan. <\/p>\n\n\n\n<p>Por\u00e9m, Joseph descobre de uma fonte \u201csegura\u201d que a maconha ser\u00e1 legalizada na Fran\u00e7a. E \u00e9 a\u00ed que ele tem sua mais nova ideia de neg\u00f3cio: transformar o A\u00e7ougue Hazan em um caf\u00e9 \u201clegalize\u201d, o Horta Hazan, s\u00f3 que antes da legaliza\u00e7\u00e3o realmente acontecer.<\/p>\n\n\n\n<p>A s\u00e9rie \u00e9 francesa e promete muita com\u00e9dia, com humor bem \u00e1cido. Como nunca as ideias de Joseph d\u00e3o certo, ent\u00e3o ningu\u00e9m na sua fam\u00edlia acredita realmente que a horta dar\u00e1, sendo que ainda \u00e9 ilegal.<\/p>\n\n\n\n<p>Traz uma fam\u00edlia complicada, lotada de problemas, mas que se unem para conseguir tocarem o neg\u00f3cio familiar e assim, serem a primeira loja de ervas do pa\u00eds.<\/p>\n\n\n\n<p style=\"background-color:#6f1209\" class=\"has-text-color has-background has-very-light-gray-color\">\u260c <strong>Quando:<\/strong> 28 de junho.<br>\u260c <strong>G\u00eanero:<\/strong> Com\u00e9dia.<br>\u260c <strong>Quantidade de epis\u00f3dios:<\/strong> 6.<br>\u260c <strong>Dura\u00e7\u00e3o:<\/strong> 30 minutos.<br>\u260c <strong>Onde assistir:<\/strong> <a href=\"https:\/\/www.netflix.com\/title\/81010818\">Netflix (<em>clique<\/em>).<\/a> <\/p>\n\n\n\n<h2>2. Aruanas <\/h2>\n\n\n\n<div class=\"wp-block-image\"><figure class=\"aligncenter\"><img loading=\"lazy\" width=\"1024\" height=\"5\" src=\"http:\/\/www.naoobvio.com\/wp-content\/uploads\/2019\/06\/linha1-22-1024x5.png\" alt=\"\" class=\"wp-image-5297\" srcset=\"https:\/\/www.naoobvio.com\/wp-content\/uploads\/2019\/06\/linha1-22.png 1024w, https:\/\/www.naoobvio.com\/wp-content\/uploads\/2019\/06\/linha1-22-300x1.png 300w, https:\/\/www.naoobvio.com\/wp-content\/uploads\/2019\/06\/linha1-22-768x4.png 768w\" sizes=\"(max-width: 709px) 85vw, (max-width: 909px) 67vw, (max-width: 1362px) 62vw, 840px\" \/><\/figure><\/div>\n\n\n\n<figure class=\"wp-block-image\"><img loading=\"lazy\" width=\"1024\" height=\"576\" src=\"http:\/\/www.naoobvio.com\/wp-content\/uploads\/2019\/06\/Aruanas-1024x576.jpg\" alt=\"\" class=\"wp-image-5306\" srcset=\"https:\/\/www.naoobvio.com\/wp-content\/uploads\/2019\/06\/Aruanas-1024x576.jpg 1024w, https:\/\/www.naoobvio.com\/wp-content\/uploads\/2019\/06\/Aruanas-300x169.jpg 300w, https:\/\/www.naoobvio.com\/wp-content\/uploads\/2019\/06\/Aruanas-768x432.jpg 768w, https:\/\/www.naoobvio.com\/wp-content\/uploads\/2019\/06\/Aruanas-1200x675.jpg 1200w, https:\/\/www.naoobvio.com\/wp-content\/uploads\/2019\/06\/Aruanas-1320x742.jpg 1320w, https:\/\/www.naoobvio.com\/wp-content\/uploads\/2019\/06\/Aruanas.jpg 1777w\" sizes=\"(max-width: 709px) 85vw, (max-width: 909px) 67vw, (max-width: 1362px) 62vw, 840px\" \/><\/figure>\n\n\n\n<figure class=\"wp-block-embed-youtube wp-block-embed is-type-video is-provider-youtube wp-embed-aspect-16-9 wp-has-aspect-ratio\"><div class=\"wp-block-embed__wrapper\">\n<iframe title=\"Aruanas | Nova s\u00e9rie Original Globoplay\" width=\"840\" height=\"473\" src=\"https:\/\/www.youtube.com\/embed\/I_HYzzo9n4A?start=8&#038;feature=oembed\" frameborder=\"0\" allow=\"accelerometer; autoplay; encrypted-media; gyroscope; picture-in-picture\" allowfullscreen><\/iframe>\n<\/div><\/figure>\n\n\n\n<p>Considerada o projeto mais ambicioso da Globoplay, Aruanas \u00e9 sobre tr\u00eas amigas: Luiza (Leandra Leal), Natalie (D\u00e9bora Falabella) e Ver\u00f4nica (Ta\u00eds Ara\u00fajo). Elas s\u00e3o ativistas que fundam a ONG ambiental Aruana. Elas investigam uma mineradora na Amaz\u00f4nia e estranhos fatos ocorrem onde a mineradora atua: pessoas adoecem de forma misteriosas, h\u00e1 amea\u00e7as aos povos ind\u00edgenas e pedidos de socorro an\u00f4nimos.<\/p>\n\n\n\n<p>Cada uma fica respons\u00e1vel por uma linha investigativa, que acaba levando a um esquema de crimes ambientais, que envolvem garimpos ilegais e uma mineradora nacional de renome. Para ajud\u00e1-las, elas recebem a estagi\u00e1ria Clara (Thain\u00e1 Duarte). <\/p>\n\n\n\n<p>O que chama a aten\u00e7\u00e3o em Aruanas \u00e9 que poderia ser a descri\u00e7\u00e3o de qualquer ONG que combata crimes ambientais no Brasil ou a hist\u00f3ria de qualquer ativista. Por\u00e9m, \u00e9 um caso de fic\u00e7\u00e3o inspirado na realidade e que tenta debater sobre preserva\u00e7\u00e3o ambiental e prote\u00e7\u00e3o \u00e0 ativistas, povos ind\u00edgenas e comunidades ribeirinhas. <\/p>\n\n\n\n<p>Em um ano que outra barragem se rompeu em Minas Gerais por causa de descaso de mineradora, matando mais de 150 pessoas, a s\u00e9rie \u00e9 urgente, atual e necess\u00e1ria. Inclusive, ser\u00e1 lan\u00e7ada em mais de 150 pa\u00edses, com legendas em 11 idiomas. Ela tem parceria com 28 ONGs ao redor do mundo e conta com apoio do <a href=\"https:\/\/www.greenpeace.org\/brasil\/fale-conosco\/\">Greenpeace<\/a>, da <a href=\"https:\/\/anistia.org.br\/?no-high\">Anistia Internacional<\/a> e da <a href=\"https:\/\/www.wwf.org.br\/\">WWF.<\/a><\/p>\n\n\n\n<p style=\"background-color:#6f1209\" class=\"has-text-color has-background has-very-light-gray-color\">\u260c <strong>Quando:<\/strong> 2 de julho<br>\u260c <strong>G\u00eanero: <\/strong>Drama\/thriller.<br>\u260c <strong>Quantidade de epis\u00f3dios:<\/strong> 10.<br>\u260c <strong>Dura\u00e7\u00e3o dos epis\u00f3dios:<\/strong> 40 minutos.<br>\u260c <strong>Onde assistir:<\/strong> <a href=\"https:\/\/globoplay.globo.com\/\">Globoplay (<em>clique<\/em>).<\/a><\/p>\n\n\n\n<h2>3. Pico da Neblina <\/h2>\n\n\n\n<div class=\"wp-block-image\"><figure class=\"aligncenter\"><img loading=\"lazy\" width=\"1024\" height=\"5\" src=\"http:\/\/www.naoobvio.com\/wp-content\/uploads\/2019\/06\/linha1-22-1024x5.png\" alt=\"\" class=\"wp-image-5297\" srcset=\"https:\/\/www.naoobvio.com\/wp-content\/uploads\/2019\/06\/linha1-22.png 1024w, https:\/\/www.naoobvio.com\/wp-content\/uploads\/2019\/06\/linha1-22-300x1.png 300w, https:\/\/www.naoobvio.com\/wp-content\/uploads\/2019\/06\/linha1-22-768x4.png 768w\" sizes=\"(max-width: 709px) 85vw, (max-width: 909px) 67vw, (max-width: 1362px) 62vw, 840px\" \/><\/figure><\/div>\n\n\n\n<figure class=\"wp-block-image\"><img loading=\"lazy\" width=\"1024\" height=\"576\" src=\"http:\/\/www.naoobvio.com\/wp-content\/uploads\/2019\/06\/pico-da-neblina-1024x576.jpg\" alt=\"\" class=\"wp-image-5310\" srcset=\"https:\/\/www.naoobvio.com\/wp-content\/uploads\/2019\/06\/pico-da-neblina-1024x576.jpg 1024w, https:\/\/www.naoobvio.com\/wp-content\/uploads\/2019\/06\/pico-da-neblina-300x169.jpg 300w, https:\/\/www.naoobvio.com\/wp-content\/uploads\/2019\/06\/pico-da-neblina-768x432.jpg 768w, https:\/\/www.naoobvio.com\/wp-content\/uploads\/2019\/06\/pico-da-neblina-1200x675.jpg 1200w, https:\/\/www.naoobvio.com\/wp-content\/uploads\/2019\/06\/pico-da-neblina-1320x743.jpg 1320w, https:\/\/www.naoobvio.com\/wp-content\/uploads\/2019\/06\/pico-da-neblina.jpg 1920w\" sizes=\"(max-width: 709px) 85vw, (max-width: 909px) 67vw, (max-width: 1362px) 62vw, 840px\" \/><\/figure>\n\n\n\n<figure class=\"wp-block-embed-youtube wp-block-embed is-type-video is-provider-youtube wp-embed-aspect-16-9 wp-has-aspect-ratio\"><div class=\"wp-block-embed__wrapper\">\n<iframe title=\"Pico da Neblina | Trailer (HBO)\" width=\"840\" height=\"473\" src=\"https:\/\/www.youtube.com\/embed\/ZSMewYkiXBU?feature=oembed\" frameborder=\"0\" allow=\"accelerometer; autoplay; encrypted-media; gyroscope; picture-in-picture\" allowfullscreen><\/iframe>\n<\/div><\/figure>\n\n\n\n<p>Numa realidade em que a maconha acabou de ser legalizada no Brasil, Biriba (Lu\u00eds Navarro) \u00e9 um traficante de maconha que sustenta toda sua fam\u00edlia. Ap\u00f3s a legaliza\u00e7\u00e3o, ele v\u00ea uma oportunidade em ter um neg\u00f3cio legal. Para isso, ele vai atr\u00e1s de um s\u00f3cio, o Vini (Daniel Furlan), que \u00e9 um empreendedor fracassado. <\/p>\n\n\n\n<p>Por\u00e9m, seu melhor amigo Salim (Henrique Santana), que tamb\u00e9m \u00e9 traficante, resolve continuar agindo \u00e0 moda antiga. Biriba acha que abrir seu neg\u00f3cio \u00e9 a solu\u00e7\u00e3o para todos seus problemas, mas vai aprender que ter um empreendimento desse tipo \u00e9 mais dif\u00edcil do que parece.<\/p>\n\n\n\n<p>Pico da Neblina \u00e9 uma das tr\u00eas s\u00e9ries brasileiras que a HBO pretende lan\u00e7ar nos pr\u00f3ximos anos e \u00e9 dirigida por Quico Meirelles, filho do diretor Fernando Meirelles (<a href=\"https:\/\/www.youtube.com\/watch?v=tDt1O9MIA3M\">Cidade de Deus<\/a>). Diferentemente da indicada Family Business, a narrativa \u00e9 mais s\u00e9ria e promete debater a legaliza\u00e7\u00e3o das drogas e a \u00e1rea cinzenta que envolve esse assunto. <\/p>\n\n\n\n<p style=\"background-color:#6f1209\" class=\"has-text-color has-background has-very-light-gray-color\">\u260c <strong>Quando:<\/strong> 4 de agosto<br>\u260c <strong>G\u00eanero: <\/strong>Drama<br>\u260c <strong>Quantidade de epis\u00f3dios:<\/strong> 10.<br>\u260c <strong>Dura\u00e7\u00e3o:<\/strong> 60 minutos.<br>\u260c <strong>Onde assistir:<\/strong> <a href=\"https:\/\/www.hbogo.com.br\/\">HBO GO (<em>clique<\/em>)<\/a>. <\/p>\n\n\n\n<h2>4. Carnival Row <\/h2>\n\n\n\n<div class=\"wp-block-image\"><figure class=\"aligncenter\"><img loading=\"lazy\" width=\"1024\" height=\"5\" src=\"http:\/\/www.naoobvio.com\/wp-content\/uploads\/2019\/06\/linha1-22-1024x5.png\" alt=\"\" class=\"wp-image-5297\" srcset=\"https:\/\/www.naoobvio.com\/wp-content\/uploads\/2019\/06\/linha1-22.png 1024w, https:\/\/www.naoobvio.com\/wp-content\/uploads\/2019\/06\/linha1-22-300x1.png 300w, https:\/\/www.naoobvio.com\/wp-content\/uploads\/2019\/06\/linha1-22-768x4.png 768w\" sizes=\"(max-width: 709px) 85vw, (max-width: 909px) 67vw, (max-width: 1362px) 62vw, 840px\" \/><\/figure><\/div>\n\n\n\n<figure class=\"wp-block-image\"><img loading=\"lazy\" width=\"768\" height=\"432\" src=\"http:\/\/www.naoobvio.com\/wp-content\/uploads\/2019\/06\/Carnival-Row.jpg\" alt=\"\" class=\"wp-image-5307\" srcset=\"https:\/\/www.naoobvio.com\/wp-content\/uploads\/2019\/06\/Carnival-Row.jpg 768w, https:\/\/www.naoobvio.com\/wp-content\/uploads\/2019\/06\/Carnival-Row-300x169.jpg 300w\" sizes=\"(max-width: 709px) 85vw, (max-width: 909px) 67vw, (max-width: 984px) 61vw, (max-width: 1362px) 45vw, 600px\" \/><\/figure>\n\n\n\n<figure class=\"wp-block-embed-youtube wp-block-embed is-type-video is-provider-youtube wp-embed-aspect-16-9 wp-has-aspect-ratio\"><div class=\"wp-block-embed__wrapper\">\n<iframe title=\"Carnival Row - Official Teaser: Philo and Vignette | Prime Video\" width=\"840\" height=\"473\" src=\"https:\/\/www.youtube.com\/embed\/GWl39o7RSg4?feature=oembed\" frameborder=\"0\" allow=\"accelerometer; autoplay; encrypted-media; gyroscope; picture-in-picture\" allowfullscreen><\/iframe>\n<\/div><\/figure>\n\n\n\n<p>A Era Vitoriana foi uma \u00e9poca surgida na Inglaterra que serve de ambienta\u00e7\u00e3o para diversas hist\u00f3rias, principalmente se elas envolvem qualquer aspecto fant\u00e1stico ou de terror. Al\u00e9m dos cl\u00e1ssicos que foram lan\u00e7ados durante seguindo o per\u00edodo, algumas s\u00e9ries como Penny Dreadful escolhem ambientar suas narrativas durante esta \u00e9poca. E este \u00e9 o caso de Carnival Row, nova aposta da Prime Video.<\/p>\n\n\n\n<p>Em uma cidade com atmosfera vitoriana, algumas criaturas mitol\u00f3gicas imigrantes tiveram suas terras invadidas por imp\u00e9rios do ser humano. Por conta disso, essa popula\u00e7\u00e3o \u00e9 impedida de ter liberdade, enquanto luta para coexistir com os humanos.<\/p>\n\n\n\n<p>Isso n\u00e3o impede que o detetive humano Rycroft Philostrate (Orlando Bloom) e a fada refugiada Vignette Stonemoss (Cara Delevigne) de se apaixonarem, mesmo com a crescente intoler\u00e2ncia. Entretanto, Vignette guarda um segredo que amea\u00e7a a seguran\u00e7a de Philo, enquanto ele investiga uma s\u00e9rie de assassinatos cujas v\u00edtimas s\u00e3o essas criaturas.<\/p>\n\n\n\n<p>Originalmente seria um filme dirigido por Guillermo Del Toro (<a href=\"https:\/\/www.youtube.com\/watch?v=-DTVuQTZr3E\">A Forma da \u00c1gua<\/a>), chamado Killing on Carnival Row. Por\u00e9m, o diretor teve que sair do projeto devido a conflito de agenda. \u00c9 o primeiro trabalho de Cara Delevigne para a televis\u00e3o.  <\/p>\n\n\n\n<p style=\"background-color:#6f1209\" class=\"has-text-color has-background has-very-light-gray-color\">\u260c <strong>Quando:<\/strong> 30 de agosto.<br>\u260c <strong>G\u00eanero:<\/strong> Fantasia\/Mist\u00e9rio.<br>\u260c <strong>Quantidade de epis\u00f3dios:<\/strong> 8.<br>\u260c <strong>Dura\u00e7\u00e3o dos epis\u00f3dios: <\/strong>60 minutos.<br>\u260c <strong>Onde assistir:<\/strong> <a href=\"https:\/\/www.primevideo.com\/detail\/0IV9CZO9F1W92MF3HB93GQOD1P\/ref=atv_sr_def_c_unkc__1_1_1?sr=1-1&amp;qid=1561304776\">Prime Video (<em>clique<\/em>).<\/a><\/p>\n\n\n\n<h2>5. The Politician <\/h2>\n\n\n\n<div class=\"wp-block-image\"><figure class=\"aligncenter\"><img loading=\"lazy\" width=\"1024\" height=\"5\" src=\"http:\/\/www.naoobvio.com\/wp-content\/uploads\/2019\/06\/linha1-22-1024x5.png\" alt=\"\" class=\"wp-image-5297\" srcset=\"https:\/\/www.naoobvio.com\/wp-content\/uploads\/2019\/06\/linha1-22.png 1024w, https:\/\/www.naoobvio.com\/wp-content\/uploads\/2019\/06\/linha1-22-300x1.png 300w, https:\/\/www.naoobvio.com\/wp-content\/uploads\/2019\/06\/linha1-22-768x4.png 768w\" sizes=\"(max-width: 709px) 85vw, (max-width: 909px) 67vw, (max-width: 1362px) 62vw, 840px\" \/><\/figure><\/div>\n\n\n\n<figure class=\"wp-block-image\"><img loading=\"lazy\" width=\"810\" height=\"456\" src=\"http:\/\/www.naoobvio.com\/wp-content\/uploads\/2019\/06\/the-Politician.jpg\" alt=\"\" class=\"wp-image-5318\" srcset=\"https:\/\/www.naoobvio.com\/wp-content\/uploads\/2019\/06\/the-Politician.jpg 810w, https:\/\/www.naoobvio.com\/wp-content\/uploads\/2019\/06\/the-Politician-300x169.jpg 300w, https:\/\/www.naoobvio.com\/wp-content\/uploads\/2019\/06\/the-Politician-768x432.jpg 768w\" sizes=\"(max-width: 709px) 85vw, (max-width: 909px) 67vw, (max-width: 984px) 61vw, (max-width: 1362px) 45vw, 600px\" \/><\/figure>\n\n\n\n<p>Aqueles que estavam sentindo falta de Ryan Murphy produzindo com\u00e9dia, podem ficar felizes: The Politician \u00e9 sua mais nova s\u00e9rie. \u00c9 a primeira da parceria do produtor com a Netflix.<\/p>\n\n\n\n<p>Ainda n\u00e3o foram reveladas muitas informa\u00e7\u00f5es sobre a trama, mas at\u00e9 agora sabe-se que \u00e9 uma com\u00e9dia sat\u00edrica com toques musicais e que gira em torno de Payton Hobart (Ben Platt). <\/p>\n\n\n\n<p>Ele \u00e9 um estudante de Santa Barbara que desde os sete anos sabe que ser\u00e1 presidente dos Estados Unidos. Por\u00e9m, antes de chegar ao mais alto posto pol\u00edtico, ele ter\u00e1 que enfrentar uma realidade pol\u00edtica bem trai\u00e7oeira: o ensino m\u00e9dio.<\/p>\n\n\n\n<p>Quem tem familiaridade com o humor do produtor vai gostar dessa s\u00e9rie, principalmente aqueles que estavam \u00f3rf\u00e3os desde <a href=\"https:\/\/www.youtube.com\/watch?v=fLwB0TEbFAc\">Glee<\/a>. Al\u00e9m disso, como os f\u00e3s sabem, Ryan Murphy n\u00e3o brinca em servi\u00e7o. Logo, o elenco anunciado tem nomes como <a href=\"https:\/\/www.imdb.com\/name\/nm0001448\/?ref_=tt_cl_t10\">Jessica Lange<\/a> (que trabalha com Murphy desde American Horror Story), <a href=\"https:\/\/www.imdb.com\/name\/nm0000569\/?ref_=tt_cl_t13\">Gwyneth Paltrow<\/a>, <a href=\"https:\/\/www.imdb.com\/name\/nm0000541\/?ref_=tt_cl_t12\">Bette Midler<\/a> e <a href=\"https:\/\/www.imdb.com\/name\/nm0005064\/?ref_=nv_sr_1?ref_=nv_sr_1\">January Jones<\/a>.<\/p>\n\n\n\n<p style=\"background-color:#6f1209\" class=\"has-text-color has-background has-very-light-gray-color\">\u260c <strong>Quando:<\/strong> 27 de setembro.<br>\u260c <strong>G\u00eanero:<\/strong> Com\u00e9dia.<br>\u260c <strong>Quantidade de epis\u00f3dios:<\/strong> 8.<br>\u260c <strong>Dura\u00e7\u00e3o dos epis\u00f3dios:<\/strong> n\u00e3o informado at\u00e9 a publica\u00e7\u00e3o desta lista.<br>\u260c <strong>Onde assistir:<\/strong> <a href=\"https:\/\/www.netflix.com\/title\/80241248\">Netflix (<em>clique<\/em>).<\/a> <\/p>\n\n\n\n<blockquote class=\"wp-block-quote\"><p> <em>A s\u00e9rie ainda n\u00e3o possui trailer at\u00e9 momento da publica\u00e7\u00e3o desta lista<\/em>.<\/p><\/blockquote>\n\n\n\n<h2>6. His Dark Materials <\/h2>\n\n\n\n<div class=\"wp-block-image\"><figure class=\"aligncenter\"><img loading=\"lazy\" width=\"1024\" height=\"5\" src=\"http:\/\/www.naoobvio.com\/wp-content\/uploads\/2019\/06\/linha1-22-1024x5.png\" alt=\"\" class=\"wp-image-5297\" srcset=\"https:\/\/www.naoobvio.com\/wp-content\/uploads\/2019\/06\/linha1-22.png 1024w, https:\/\/www.naoobvio.com\/wp-content\/uploads\/2019\/06\/linha1-22-300x1.png 300w, https:\/\/www.naoobvio.com\/wp-content\/uploads\/2019\/06\/linha1-22-768x4.png 768w\" sizes=\"(max-width: 709px) 85vw, (max-width: 909px) 67vw, (max-width: 1362px) 62vw, 840px\" \/><\/figure><\/div>\n\n\n\n<figure class=\"wp-block-image\"><img loading=\"lazy\" width=\"740\" height=\"416\" src=\"http:\/\/www.naoobvio.com\/wp-content\/uploads\/2019\/06\/His-Dark-Materials.jpg\" alt=\"\" class=\"wp-image-5309\" srcset=\"https:\/\/www.naoobvio.com\/wp-content\/uploads\/2019\/06\/His-Dark-Materials.jpg 740w, https:\/\/www.naoobvio.com\/wp-content\/uploads\/2019\/06\/His-Dark-Materials-300x169.jpg 300w\" sizes=\"(max-width: 709px) 85vw, (max-width: 909px) 67vw, (max-width: 984px) 61vw, (max-width: 1362px) 45vw, 600px\" \/><\/figure>\n\n\n\n<figure class=\"wp-block-embed-youtube wp-block-embed is-type-video is-provider-youtube wp-embed-aspect-16-9 wp-has-aspect-ratio\"><div class=\"wp-block-embed__wrapper\">\n<iframe title=\"His Dark Materials | Trailer (HBO)\" width=\"840\" height=\"473\" src=\"https:\/\/www.youtube.com\/embed\/3jlYZg2Q590?feature=oembed\" frameborder=\"0\" allow=\"accelerometer; autoplay; encrypted-media; gyroscope; picture-in-picture\" allowfullscreen><\/iframe>\n<\/div><\/figure>\n\n\n\n<p>O ano era 2007 e foi lan\u00e7ado nos cinemas <a href=\"https:\/\/www.youtube.com\/watch?v=58q2lEBb2FA\">A B\u00fassola de Ouro<\/a>, filme que adaptava o primeiro livro da saga <a href=\"https:\/\/www.amazon.com.br\/b%C3%BAssola-ouro-Philip-Pullman\/dp\/8556510426\/ref=sr_1_1?keywords=fronteiras+do+universo&amp;qid=1561310233&amp;refinements=p_n_feature_nine_browse-bin%3A9754444011&amp;s=books&amp;sr=1-1\">Fronteiras do Universo<\/a>, de Philip Pullman. O elenco tinha nomes como Nicole Kidman, Daniel Craig e Eva Green. Por\u00e9m, foi um fracasso de bilheteria e cr\u00edtica.<\/p>\n\n\n\n<p>Uma nova tentativa de adapta\u00e7\u00e3o da saga sair\u00e1 este ano, feita em parceria com a BBC One e a HBO. A hist\u00f3ria \u00e9 sobre Lyra Belacqua (Dafne Keen), uma \u00f3rf\u00e3 que foi criada na Universidade de Oxford. No mundo em que a trama se passa, todas as pessoas possuem um \u201cdaemon\u201d, uma manifesta\u00e7\u00e3o de sua pr\u00f3pria alma s\u00f3 que em forma de animal. <\/p>\n\n\n\n<p>Lyra \u00e9 obrigada a sair em uma jornada para resgatar seu amigo Will Perry (Amir Wilson), que foi sequestrado por uma institui\u00e7\u00e3o poderosa. A s\u00e9rie mistura universos paralelos e uma guerra celestial envolvendo v\u00e1rios mundos, al\u00e9m de abordar ci\u00eancia, religi\u00e3o, tecnologia, feiticeiras, magia, dentre outros.<\/p>\n\n\n\n<p>His Dark Materials est\u00e1 sendo encarada como a grande aposta da HBO ap\u00f3s Game of Thrones, mesmo que no Reino Unido ela seja da BBC One. O elenco possui nomes de peso como <a href=\"https:\/\/www.imdb.com\/name\/nm0564215\/?ref_=nv_sr_1?ref_=nv_sr_1\">James McAvoy<\/a>, <a href=\"https:\/\/www.imdb.com\/name\/nm0592135\/?ref_=nv_sr_1?ref_=nv_sr_1\">Lin-Manuel Miranda<\/a> e <a href=\"https:\/\/www.imdb.com\/name\/nm2235721\/?ref_=nv_sr_1?ref_=nv_sr_1\">Ruth Wilson<\/a>. Os f\u00e3s do filme <a href=\"https:\/\/www.youtube.com\/watch?v=RWSuAC9CYxo\">Logan<\/a> v\u00e3o reconhecer a int\u00e9rprete de Lyra Belacqua de longe: a atriz \u00e9 Dafne Keen, a X-23 no filme.<\/p>\n\n\n\n<p style=\"background-color:#6f1209\" class=\"has-text-color has-background has-very-light-gray-color\">\u260c <strong>Quando:<\/strong> sem data definida at\u00e9 a publica\u00e7\u00e3o desta lista.<br>\u260c <strong>G\u00eanero:<\/strong> Fantasia.<br>\u260c <strong>Quantidade de epis\u00f3dios:<\/strong> 10.<br>\u260c <strong>Dura\u00e7\u00e3o dos epis\u00f3dios:<\/strong> 60 minutos.<br>\u260c <strong>Onde assistir:<\/strong> <a href=\"https:\/\/www.hbogo.com.br\/\">HBO GO (<em>clique<\/em>).<\/a><\/p>\n\n\n\n<blockquote class=\"wp-block-quote\"><p> <em>A s\u00e9rie j\u00e1 foi renovada para uma segunda temporada antes mesmo de sua estreia. <\/em><\/p><\/blockquote>\n\n\n\n<p class=\"has-text-color has-background has-drop-cap has-very-light-gray-color has-very-dark-gray-background-color\">E<em><strong>XTRAS<\/strong><\/em>! Outra indica\u00e7\u00e3o \u00e9 a s\u00e9rie de com\u00e9dia brasileira (1)<em> <a href=\"http:\/\/www.adorocinema.com\/series\/serie-23681\/\">Ningu\u00e9m T\u00e1 Olhando (clique para saber mais)<\/a><\/em> , da Netflix. O enredo \u00e9 sobre Uli, um anjo que est\u00e1 revoltado com as decis\u00f5es \u201carbitr\u00e1rias\u201d divinas e resolve se rebelar para ajudar a humanidade. A s\u00e9rie ainda n\u00e3o tem data de estreia, mas sabe-se que ser\u00e1 ainda este ano. <br><br>Mais uma indica\u00e7\u00e3o \u00e9 (2) <em><a href=\"https:\/\/www.imdb.com\/title\/tt7587362\/\">Four Weddings and a Funeral (clique para saber mais),<\/a><\/em> adapta\u00e7\u00e3o em miniss\u00e9rie do famoso filme de com\u00e9dia rom\u00e2ntica Quatro Casamentos e um Funeral. Estreia dia 31 de julho no Hulu, servi\u00e7o de streaming indispon\u00edvel no Brasil. Ela ainda n\u00e3o tem trailer.  <\/p>\n","protected":false},"excerpt":{"rendered":"<p>Junho est\u00e1 chegando ao fim, sinalizando que metade de um ano j\u00e1 se foi e que diversas aguardadas produ\u00e7\u00f5es televisivas para 2019 j\u00e1 estrearam. Por\u00e9m, h\u00e1 ainda grandes lan\u00e7amentos por vir. Dramas, thrillers, fantasias, aventuras, com\u00e9dias e v\u00e1rios outros g\u00eaneros se misturam em uma sele\u00e7\u00e3o nada \u00f3bvia para ficar de olho no quem vem por a\u00ed e fugir das indica\u00e7\u00f5es j\u00e1 batidas pela internet.<\/p>\n","protected":false},"author":7,"featured_media":5319,"comment_status":"open","ping_status":"open","sticky":false,"template":"","format":"standard","meta":[],"categories":[14,18],"tags":[109,107,337,340,339,338,335,336,342],"acf":[],"yoast_head":"<!-- This site is optimized with the Yoast SEO plugin v15.9.2 - https:\/\/yoast.com\/wordpress\/plugins\/seo\/ -->\n<title>6 S\u00c9RIES N\u00c3O \u00d3BVIAS QUE V\u00c3O ESTREAR AINDA NESTE ANO - N\u00e3o \u00d3bvio<\/title>\n<meta name=\"robots\" content=\"index, follow, max-snippet:-1, max-image-preview:large, max-video-preview:-1\" \/>\n<link rel=\"canonical\" href=\"https:\/\/www.naoobvio.com\/index.php\/2019\/06\/25\/6-series-nao-obvias-que-vao-estrear-ainda-neste-ano\/\" \/>\n<meta property=\"og:locale\" content=\"pt_BR\" \/>\n<meta property=\"og:type\" content=\"article\" \/>\n<meta property=\"og:title\" content=\"6 S\u00c9RIES N\u00c3O \u00d3BVIAS QUE V\u00c3O ESTREAR AINDA NESTE ANO - N\u00e3o \u00d3bvio\" \/>\n<meta property=\"og:url\" content=\"https:\/\/www.naoobvio.com\/index.php\/2019\/06\/25\/6-series-nao-obvias-que-vao-estrear-ainda-neste-ano\/\" \/>\n<meta property=\"og:site_name\" content=\"N\u00e3o \u00d3bvio\" \/>\n<meta property=\"article:publisher\" content=\"http:\/\/facebook.com\/nao.obvio\" \/>\n<meta property=\"article:published_time\" content=\"2019-06-25T13:25:13+00:00\" \/>\n<meta property=\"article:modified_time\" content=\"2019-06-25T16:11:04+00:00\" \/>\n<meta property=\"og:image\" content=\"https:\/\/www.naoobvio.com\/wp-content\/uploads\/2019\/06\/carnival-row2.jpg\" \/>\n\t<meta property=\"og:image:width\" content=\"1200\" \/>\n\t<meta property=\"og:image:height\" content=\"680\" \/>\n<meta name=\"twitter:card\" content=\"summary_large_image\" \/>\n<meta name=\"twitter:label1\" content=\"Est. reading time\">\n\t<meta name=\"twitter:data1\" content=\"9 minutos\">\n<script type=\"application\/ld+json\" class=\"yoast-schema-graph\">{\"@context\":\"https:\/\/schema.org\",\"@graph\":[{\"@type\":\"WebSite\",\"@id\":\"https:\/\/www.naoobvio.com\/#website\",\"url\":\"https:\/\/www.naoobvio.com\/\",\"name\":\"N\\u00e3o \\u00d3bvio\",\"description\":\"O que falta na sua  lista\",\"potentialAction\":[{\"@type\":\"SearchAction\",\"target\":\"https:\/\/www.naoobvio.com\/?s={search_term_string}\",\"query-input\":\"required name=search_term_string\"}],\"inLanguage\":\"pt-BR\"},{\"@type\":\"ImageObject\",\"@id\":\"https:\/\/www.naoobvio.com\/index.php\/2019\/06\/25\/6-series-nao-obvias-que-vao-estrear-ainda-neste-ano\/#primaryimage\",\"inLanguage\":\"pt-BR\",\"url\":\"https:\/\/www.naoobvio.com\/wp-content\/uploads\/2019\/06\/carnival-row2.jpg\",\"width\":1200,\"height\":680,\"caption\":\"Foto: Carnival Row | Divulga\\u00e7\\u00e3o\"},{\"@type\":\"WebPage\",\"@id\":\"https:\/\/www.naoobvio.com\/index.php\/2019\/06\/25\/6-series-nao-obvias-que-vao-estrear-ainda-neste-ano\/#webpage\",\"url\":\"https:\/\/www.naoobvio.com\/index.php\/2019\/06\/25\/6-series-nao-obvias-que-vao-estrear-ainda-neste-ano\/\",\"name\":\"6 S\\u00c9RIES N\\u00c3O \\u00d3BVIAS QUE V\\u00c3O ESTREAR AINDA NESTE ANO - N\\u00e3o \\u00d3bvio\",\"isPartOf\":{\"@id\":\"https:\/\/www.naoobvio.com\/#website\"},\"primaryImageOfPage\":{\"@id\":\"https:\/\/www.naoobvio.com\/index.php\/2019\/06\/25\/6-series-nao-obvias-que-vao-estrear-ainda-neste-ano\/#primaryimage\"},\"datePublished\":\"2019-06-25T13:25:13+00:00\",\"dateModified\":\"2019-06-25T16:11:04+00:00\",\"author\":{\"@id\":\"https:\/\/www.naoobvio.com\/#\/schema\/person\/f2356746523868f8df6c26bfe84aa5a6\"},\"breadcrumb\":{\"@id\":\"https:\/\/www.naoobvio.com\/index.php\/2019\/06\/25\/6-series-nao-obvias-que-vao-estrear-ainda-neste-ano\/#breadcrumb\"},\"inLanguage\":\"pt-BR\",\"potentialAction\":[{\"@type\":\"ReadAction\",\"target\":[\"https:\/\/www.naoobvio.com\/index.php\/2019\/06\/25\/6-series-nao-obvias-que-vao-estrear-ainda-neste-ano\/\"]}]},{\"@type\":\"BreadcrumbList\",\"@id\":\"https:\/\/www.naoobvio.com\/index.php\/2019\/06\/25\/6-series-nao-obvias-que-vao-estrear-ainda-neste-ano\/#breadcrumb\",\"itemListElement\":[{\"@type\":\"ListItem\",\"position\":1,\"item\":{\"@type\":\"WebPage\",\"@id\":\"https:\/\/www.naoobvio.com\/\",\"url\":\"https:\/\/www.naoobvio.com\/\",\"name\":\"In\\u00edcio\"}},{\"@type\":\"ListItem\",\"position\":2,\"item\":{\"@type\":\"WebPage\",\"@id\":\"https:\/\/www.naoobvio.com\/index.php\/2019\/06\/25\/6-series-nao-obvias-que-vao-estrear-ainda-neste-ano\/\",\"url\":\"https:\/\/www.naoobvio.com\/index.php\/2019\/06\/25\/6-series-nao-obvias-que-vao-estrear-ainda-neste-ano\/\",\"name\":\"6 S\\u00c9RIES N\\u00c3O \\u00d3BVIAS QUE V\\u00c3O ESTREAR AINDA NESTE ANO\"}}]},{\"@type\":\"Person\",\"@id\":\"https:\/\/www.naoobvio.com\/#\/schema\/person\/f2356746523868f8df6c26bfe84aa5a6\",\"name\":\"Catarina Barbosa \\u2022 @catarinapbarbosa\",\"image\":{\"@type\":\"ImageObject\",\"@id\":\"https:\/\/www.naoobvio.com\/#personlogo\",\"inLanguage\":\"pt-BR\",\"url\":\"https:\/\/secure.gravatar.com\/avatar\/d6cbd5bfb54769c9fae8fbea6f6aef31?s=96&d=mm&r=g\",\"caption\":\"Catarina Barbosa \\u2022 @catarinapbarbosa\"},\"description\":\"Catarina Barbosa \\u00e9 jornalista e fot\\u00f3grafa. Baiana, atualmente mora em S\\u00e3o Paulo. Amante de caf\\u00e9, nerd assumida e apaixonada por viagens, sonha em sempre ter uma mochila nas costas para desbravar o mundo.\"}]}<\/script>\n<!-- \/ Yoast SEO plugin. -->","_links":{"self":[{"href":"https:\/\/www.naoobvio.com\/index.php\/wp-json\/wp\/v2\/posts\/5312"}],"collection":[{"href":"https:\/\/www.naoobvio.com\/index.php\/wp-json\/wp\/v2\/posts"}],"about":[{"href":"https:\/\/www.naoobvio.com\/index.php\/wp-json\/wp\/v2\/types\/post"}],"author":[{"embeddable":true,"href":"https:\/\/www.naoobvio.com\/index.php\/wp-json\/wp\/v2\/users\/7"}],"replies":[{"embeddable":true,"href":"https:\/\/www.naoobvio.com\/index.php\/wp-json\/wp\/v2\/comments?post=5312"}],"version-history":[{"count":12,"href":"https:\/\/www.naoobvio.com\/index.php\/wp-json\/wp\/v2\/posts\/5312\/revisions"}],"predecessor-version":[{"id":5344,"href":"https:\/\/www.naoobvio.com\/index.php\/wp-json\/wp\/v2\/posts\/5312\/revisions\/5344"}],"wp:featuredmedia":[{"embeddable":true,"href":"https:\/\/www.naoobvio.com\/index.php\/wp-json\/wp\/v2\/media\/5319"}],"wp:attachment":[{"href":"https:\/\/www.naoobvio.com\/index.php\/wp-json\/wp\/v2\/media?parent=5312"}],"wp:term":[{"taxonomy":"category","embeddable":true,"href":"https:\/\/www.naoobvio.com\/index.php\/wp-json\/wp\/v2\/categories?post=5312"},{"taxonomy":"post_tag","embeddable":true,"href":"https:\/\/www.naoobvio.com\/index.php\/wp-json\/wp\/v2\/tags?post=5312"}],"curies":[{"name":"wp","href":"https:\/\/api.w.org\/{rel}","templated":true}]}}