{"id":5857,"date":"2019-07-08T06:00:05","date_gmt":"2019-07-08T09:00:05","guid":{"rendered":"http:\/\/www.naoobvio.com\/?p=5857"},"modified":"2019-07-09T10:12:28","modified_gmt":"2019-07-09T13:12:28","slug":"5-videos-de-curiosidades-para-quem-quer-ter-um-consumo-consciente","status":"publish","type":"post","link":"https:\/\/www.naoobvio.com\/index.php\/2019\/07\/08\/5-videos-de-curiosidades-para-quem-quer-ter-um-consumo-consciente\/","title":{"rendered":"5 V\u00cdDEOS DE CURIOSIDADES PARA QUEM QUER ADERIR AO CONSUMO CONSCIENTE"},"content":{"rendered":"\n<p>Ter menos pode ser ter mais. A frase pode at\u00e9 soar clich\u00ea para alguns, mas na pr\u00e1tica a dificuldade de seguir um estilo de vida minimalista ou, ao menos, do consumo consciente, nunca \u00e9 t\u00e3o simples. A pauta j\u00e1 surgiu dentro da lista de <a href=\"http:\/\/www.naoobvio.com\/index.php\/2019\/05\/22\/10-reportagens-para-cuidar-melhor-do-seu-bem-estar\/\"><strong>10 reportagens para cuidar cuidar melhor do seu bem-estar<\/strong><\/a>, que trouxe uma <a href=\"https:\/\/www.correio24horas.com.br\/noticia\/nid\/consumo-consciente-quando-ter-menos-e-ter-mais\/\">mat\u00e9ria especial<\/a> sobre o tema escrita pela editora-chefe do N\u00c3O \u00d3BVIO. Nela, inclusive, existe uma lista de canais do YouTube que d\u00e3o dicas sobre consumo consciente e que foram indicados no final.<\/p>\n\n\n\n<p style=\"background-color:#ffb8b8\" class=\"has-background\"><strong>VEJA TAMB\u00c9M: <\/strong><a href=\"http:\/\/www.naoobvio.com\/index.php\/2018\/12\/05\/5-marcas-sustentaveis-baianas-para-seguir-no-instagram\/\"><strong>5 marcas baianas e sustent\u00e1veis<\/strong><\/a> para seguir no Instagram e descubra solu\u00e7\u00f5es diversas para uma vida com menos lixo.<\/p>\n\n\n\n<p>Entender o que \u00e9 um estilo de vida minimalista e como aderi-lo pode ajudar na quebra de paradigmas diversos, como o que traz a no\u00e7\u00e3o de que seguir o consumo consciente gera custos mais altos. A dor no bolso, na verdade, promete ficar menor, j\u00e1 que os produtos, por serem de mais alta qualidade, s\u00e3o adquiridos em menos quantidade, sem necessidade urgente de reposi\u00e7\u00e3o. <\/p>\n\n\n\n<p>Produzir menos lixo, saber a origem e a fabrica\u00e7\u00e3o dos produtos e estar ciente sobre pautas socioambientais s\u00e3o algumas responsabilidades que o consumidor pode assumir. Al\u00e9m disso, \u00e9 bom observar o que as autoridades est\u00e3o propondo em rela\u00e7\u00e3o ao meio ambiente e, assim, cobrar mudan\u00e7as.<\/p>\n\n\n\n<div class=\"wp-block-image\"><figure class=\"alignleft is-resized\"><img loading=\"lazy\" src=\"http:\/\/www.naoobvio.com\/wp-content\/uploads\/2019\/07\/gifiuss.gif\" alt=\"\" class=\"wp-image-5874\" width=\"396\" height=\"278\"\/><\/figure><\/div>\n\n\n\n<p class=\"has-text-color has-background has-very-light-gray-color has-very-dark-gray-background-color\">Como julho \u00e9 o m\u00eas em que muitos aderentes do movimento<em> lixo zero<\/em> se unem para conscientizar a popula\u00e7\u00e3o sobre a necessidade de parar de consumir pl\u00e1stico, o N\u00c3O \u00d3BVIO resolveu dar destaque ao tema. <br><br>Para quem est\u00e1 interessado em iniciar uma vida mais sustent\u00e1vel, o Julho Sem Pl\u00e1stico pode ser um dos momentos mais bacanas para encontrar novas produ\u00e7\u00f5es sobre o tema e a sele\u00e7\u00e3o de dicas deixadas pelos canais de YouTube abaixo podem servir como ponta-p\u00e9.<\/p>\n\n\n\n<h2>1. Depila\u00e7\u00e3o \u00e9 uma das grandes causas da polui\u00e7\u00e3o e j\u00e1 existem alternativas para combater<\/h2>\n\n\n\n<div class=\"wp-block-image\"><figure class=\"aligncenter\"><img loading=\"lazy\" width=\"1024\" height=\"5\" src=\"http:\/\/www.naoobvio.com\/wp-content\/uploads\/2019\/07\/linha1-9-1024x5.png\" alt=\"\" class=\"wp-image-5602\" srcset=\"https:\/\/www.naoobvio.com\/wp-content\/uploads\/2019\/07\/linha1-9.png 1024w, https:\/\/www.naoobvio.com\/wp-content\/uploads\/2019\/07\/linha1-9-300x1.png 300w, https:\/\/www.naoobvio.com\/wp-content\/uploads\/2019\/07\/linha1-9-768x4.png 768w\" sizes=\"(max-width: 709px) 85vw, (max-width: 909px) 67vw, (max-width: 1362px) 62vw, 840px\" \/><\/figure><\/div>\n\n\n\n<figure class=\"wp-block-embed-youtube wp-block-embed is-type-video is-provider-youtube wp-embed-aspect-16-9 wp-has-aspect-ratio\"><div class=\"wp-block-embed__wrapper\">\n<iframe title=\"Depila\u00e7\u00e3o sem lixo\" width=\"840\" height=\"473\" src=\"https:\/\/www.youtube.com\/embed\/bP9DuU3t9nY?feature=oembed\" frameborder=\"0\" allow=\"accelerometer; autoplay; encrypted-media; gyroscope; picture-in-picture\" allowfullscreen><\/iframe>\n<\/div><\/figure>\n\n\n\n<p>Em rela\u00e7\u00e3o ao universo feminino, duas coisas precisam ser lembradas e debatidas quando o assunto \u00e9 consumo consciente: menstrua\u00e7\u00e3o e depila\u00e7\u00e3o. A depender de como cada mulher age nesses momentos, mais lixo pode ser gerado atrav\u00e9s de absorventes com muito pl\u00e1stico sendo descartados (por exemplo).<\/p>\n\n\n\n<p>J\u00e1 existe, por\u00e9m, um movimento com alternativas de substitui\u00e7\u00e3o para o absorvente descart\u00e1vel, que leva quase <a href=\"https:\/\/www.ecycle.com.br\/3989-absorvente-impactos-ambientais\"><strong>100 anos para se decompor<\/strong><\/a>. Atualmente, existem coletores menstruais, absorventes de pano e calcinhas absorventes como op\u00e7\u00f5es para substituir o tradicional descart\u00e1vel. Mas e a depila\u00e7\u00e3o? <\/p>\n\n\n\n<p>As ceras, na maior parte dos casos, s\u00e3o feitas de parafina, que \u00e9 derivada do petr\u00f3leo, principal ind\u00fastria causadora de polui\u00e7\u00e3o no mundo. Quando n\u00e3o \u00e9 este o caso, outra grande parte das ceras s\u00e3o vindas da explora\u00e7\u00e3o de abelhas, j\u00e1 que para uma abelha produzir 1kg de cera, ela precisa consumir 6kg de mel.<br><br>Quando a cera n\u00e3o \u00e9 utilizada para as depila\u00e7\u00f5es, as l\u00e2minas, suas hastes e outros aparelhos descart\u00e1veis envolvidos tamb\u00e9m aumentam a quantidade de lixo que vai parar em aterros. <\/p>\n\n\n\n<p>Ainda que tenha um movimento debatendo sobre a necessidade de se depilar ou n\u00e3o, a depila\u00e7\u00e3o \u00e9 comum para muitas mulheres. Fica, ent\u00e3o, a pergunta: como fazer de forma consciente e sem agredir o meio ambiente? Al\u00e9m de pontuar curiosidades sobre cada tipo de depila\u00e7\u00e3o, o canal Menos 1 Lixo trouxe dicas e alternativas para se depilar sem gerar res\u00edduos.<\/p>\n\n\n\n<p style=\"background-color:#9af79c\" class=\"has-background\">\u260c O canal<a href=\"https:\/\/www.youtube.com\/channel\/UCmgNZ_BA_TTPujLxQbC8MwQ?sub_confirmation=1\"> Menos 1 Lixo<\/a> j\u00e1 \u00e9 renomado, tanto no YouTube quanto no Instagram. Para acompanhar o projeto e saber mais informa\u00e7\u00f5es sobre redu\u00e7\u00e3o de lixo, basta seguir <a href=\"https:\/\/www.instagram.com\/menos1lixo\/\">@menos1lixo<\/a>. Tenha acesso aos links de outras curiosidades <a href=\"https:\/\/linktr.ee\/menos1lixo\">aqui<\/a>.<\/p>\n\n\n\n<h2>2. Nem todo r\u00f3tulo de <em>produtos sustent\u00e1veis<\/em> \u00e9 confi\u00e1vel<\/h2>\n\n\n\n<div class=\"wp-block-image\"><figure class=\"aligncenter\"><img loading=\"lazy\" width=\"1024\" height=\"5\" src=\"http:\/\/www.naoobvio.com\/wp-content\/uploads\/2019\/07\/linha1-11-1024x5.png\" alt=\"\" class=\"wp-image-5898\" srcset=\"https:\/\/www.naoobvio.com\/wp-content\/uploads\/2019\/07\/linha1-11.png 1024w, https:\/\/www.naoobvio.com\/wp-content\/uploads\/2019\/07\/linha1-11-300x1.png 300w, https:\/\/www.naoobvio.com\/wp-content\/uploads\/2019\/07\/linha1-11-768x4.png 768w\" sizes=\"(max-width: 709px) 85vw, (max-width: 909px) 67vw, (max-width: 1362px) 62vw, 840px\" \/><\/figure><\/div>\n\n\n\n<figure class=\"wp-block-embed-youtube wp-block-embed is-type-video is-provider-youtube wp-embed-aspect-16-9 wp-has-aspect-ratio\"><div class=\"wp-block-embed__wrapper\">\n<iframe title=\"O que \u00e9 greenwashing e como n\u00e3o cair nele?\" width=\"840\" height=\"473\" src=\"https:\/\/www.youtube.com\/embed\/DoBULqXJDsk?feature=oembed\" frameborder=\"0\" allow=\"accelerometer; autoplay; encrypted-media; gyroscope; picture-in-picture\" allowfullscreen><\/iframe>\n<\/div><\/figure>\n\n\n\n<p>Talvez os que estejam mais familiarizados com o consumo consciente conhe\u00e7am o termo <em>greenwashing<\/em>. Por\u00e9m, para aqueles que ainda est\u00e3o buscando informa\u00e7\u00f5es e come\u00e7aram a pensar sobre o assunto mais recentemente, este \u00e9 um termo importante e n\u00e3o t\u00e3o divulgado ao grande p\u00fablico.<\/p>\n\n\n\n<p>Da mesma forma como no movimento feminista e no movimento negro h\u00e1 empresas que se apropriam do discurso e, no fundo, n\u00e3o apoiam a causa tanto assim, isso tamb\u00e9m ocorre com o consumo consciente.<\/p>\n\n\n\n<p>O <em>greenwashing<\/em>, ou <em>lavagem verde<\/em>, \u00e9 a pr\u00e1tica de uma empresa pregar o discurso de sustentabilidade e, por tr\u00e1s, apoiar situa\u00e7\u00f5es contra o meio ambiente. Ou, ainda, colocar no r\u00f3tulo que um produto \u00e9 livre de um aditivo qu\u00edmico e dizer que \u00e9 um diferencial, sendo que, pela legisla\u00e7\u00e3o, aquilo \u00e9 uma obriga\u00e7\u00e3o.<\/p>\n\n\n\n<p>O v\u00eddeo traz quatro situa\u00e7\u00f5es sobre <em>greenwashing<\/em> para todos ficarem atentos e explica como isso ocorre e como, mais uma vez, precisamos ficar atentos ao que consumimos.<\/p>\n\n\n\n<p style=\"background-color:#9af79c\" class=\"has-background\">\u260c O Modefica possui um site com dicas, not\u00edcias, podcasts e temas como moda, feminismo e veganismo. \u00c9 poss\u00edvel acess\u00e1-lo <a href=\"https:\/\/www.modefica.com.br\/\">aqui<\/a>. Al\u00e9m disso, h\u00e1 o perfil no Instagram: <a href=\"https:\/\/www.instagram.com\/modefica\/\">@modefica<\/a><\/p>\n\n\n\n<h2>3. A moda \u00e9 o segundo maior vil\u00e3o e as solu\u00e7\u00f5es s\u00e3o v\u00e1rias<\/h2>\n\n\n\n<div class=\"wp-block-image\"><figure class=\"aligncenter\"><img loading=\"lazy\" width=\"1024\" height=\"5\" src=\"http:\/\/www.naoobvio.com\/wp-content\/uploads\/2019\/07\/linha1-9-1024x5.png\" alt=\"\" class=\"wp-image-5602\" srcset=\"https:\/\/www.naoobvio.com\/wp-content\/uploads\/2019\/07\/linha1-9.png 1024w, https:\/\/www.naoobvio.com\/wp-content\/uploads\/2019\/07\/linha1-9-300x1.png 300w, https:\/\/www.naoobvio.com\/wp-content\/uploads\/2019\/07\/linha1-9-768x4.png 768w\" sizes=\"(max-width: 709px) 85vw, (max-width: 909px) 67vw, (max-width: 1362px) 62vw, 840px\" \/><\/figure><\/div>\n\n\n\n<figure class=\"wp-block-embed-youtube wp-block-embed is-type-video is-provider-youtube wp-embed-aspect-16-9 wp-has-aspect-ratio\"><div class=\"wp-block-embed__wrapper\">\n<iframe title=\"Arm\u00e1rio C\u00e1psula\" width=\"840\" height=\"473\" src=\"https:\/\/www.youtube.com\/embed\/GwOL2-G6zw4?start=232&#038;feature=oembed\" frameborder=\"0\" allow=\"accelerometer; autoplay; encrypted-media; gyroscope; picture-in-picture\" allowfullscreen><\/iframe>\n<\/div><\/figure>\n\n\n\n<p>Talvez moda e sustentabilidade sejam duas palavras que juntas, a princ\u00edpio, cause um estranhamento. Mas a ind\u00fastria da moda continua sendo a segunda principal vil\u00e3 da polui\u00e7\u00e3o, ficando atr\u00e1s apenas da ind\u00fastria do petr\u00f3leo. <em><a href=\"https:\/\/www.correio24horas.com.br\/noticia\/nid\/consumo-consciente-quando-ter-menos-e-ter-mais\/\">Veja mais dados.<\/a><\/em><\/p>\n\n\n\n<p>\u00c9 poss\u00edvel, portanto, diminuir consideravelmente a quantidade de lixo causado atrav\u00e9s de uma utiliza\u00e7\u00e3o mais consciente de roupas e outros itens voltados ao tema. Afinal, voc\u00ea usa todas as roupas do seu guarda-roupa? N\u00e3o h\u00e1 aquela pe\u00e7a que fica engavetada h\u00e1 anos e que nem lembra mais que estava ali at\u00e9 ter que arrumar o arm\u00e1rio todo?<\/p>\n\n\n\n<p>No v\u00eddeo, Giovanna Nader apresenta o conceito de Arm\u00e1rio C\u00e1psula: um mini arm\u00e1rio que cont\u00e9m apenas pe\u00e7as vers\u00e1teis, para que se utilize 100% das pe\u00e7as. O arm\u00e1rio c\u00e1psula \u00e9 inspirado no guarda-roupa de mulheres da d\u00e9cada de 1930, que usavam cerca de 36 itens.<\/p>\n\n\n\n<p>Giovanna Nader conta sua experi\u00eancia ao se tornar adepta do projeto, d\u00e1 dicas como desenvolver seu pr\u00f3prio arm\u00e1rio c\u00e1psula e traz reflex\u00f5es sobre a ind\u00fastria t\u00eaxtil, a quinta mais poluente do mundo.&nbsp;<\/p>\n\n\n\n<p style=\"background-color:#f79f9f\" class=\"has-background\">Marcas de guarda-roupa compartilhado tamb\u00e9m fazem parte das solu\u00e7\u00f5es. Conhe\u00e7a uma e entenda melhor como funciona <a href=\"http:\/\/www.naoobvio.com\/index.php\/2018\/12\/05\/5-marcas-sustentaveis-baianas-para-seguir-no-instagram\/\">clicando aqui<\/a>.<\/p>\n\n\n\n<p style=\"background-color:#9af79c\" class=\"has-background\">\u260c Giovanna Nader \u00e9 fundadora do Projeto Gaveta, festival de moda sustent\u00e1vel em que se troca roupas. \u00c9 poss\u00edvel saber mais sobre o projeto no Instagram <a href=\"https:\/\/www.instagram.com\/projetogaveta\/\">@projetogaveta<\/a> e seguir a youtuber Giovanna em <a href=\"https:\/\/www.instagram.com\/giovannanader\/\">@giovannanader<\/a>. Para aqueles que querem come\u00e7ar a ter uma vida mais sustent\u00e1vel e n\u00e3o sabem por onde come\u00e7ar, ela traz dicas simples e b\u00e1sicas nesse outro <a href=\"https:\/\/www.youtube.com\/watch?v=QYc-fLJHb3E\">v\u00eddeo<\/a>.<\/p>\n\n\n\n<h2>4. Saco de lixo tamb\u00e9m polui<\/h2>\n\n\n\n<div class=\"wp-block-image\"><figure class=\"aligncenter\"><img loading=\"lazy\" width=\"1024\" height=\"5\" src=\"http:\/\/www.naoobvio.com\/wp-content\/uploads\/2019\/07\/linha1-9-1024x5.png\" alt=\"\" class=\"wp-image-5602\" srcset=\"https:\/\/www.naoobvio.com\/wp-content\/uploads\/2019\/07\/linha1-9.png 1024w, https:\/\/www.naoobvio.com\/wp-content\/uploads\/2019\/07\/linha1-9-300x1.png 300w, https:\/\/www.naoobvio.com\/wp-content\/uploads\/2019\/07\/linha1-9-768x4.png 768w\" sizes=\"(max-width: 709px) 85vw, (max-width: 909px) 67vw, (max-width: 1362px) 62vw, 840px\" \/><\/figure><\/div>\n\n\n\n<figure class=\"wp-block-embed-youtube wp-block-embed is-type-video is-provider-youtube wp-embed-aspect-16-9 wp-has-aspect-ratio\"><div class=\"wp-block-embed__wrapper\">\n<iframe title=\"Como fazer um SACO DE LIXO com JORNAL! | Marieli Mallmann\" width=\"840\" height=\"473\" src=\"https:\/\/www.youtube.com\/embed\/6Nfkg5C4QCE?feature=oembed\" frameborder=\"0\" allow=\"accelerometer; autoplay; encrypted-media; gyroscope; picture-in-picture\" allowfullscreen><\/iframe>\n<\/div><\/figure>\n\n\n\n<p>O canal da youtuber <a href=\"https:\/\/www.youtube.com\/channel\/UCoR1lXzaHaVZ7Gl-mDuf5fw\">Marieli Mallmann<\/a> aborda diversas curiosidades sobre consumo consciente e um dos v\u00eddeos sobre o tema foi voltado para o estilo DIY (Do It Yourself), ou seja, seguindo a linha do <em>fa\u00e7a voc\u00ea mesmo<\/em>. A curiosidade fica para o fato de que, quando se trata da redu\u00e7\u00e3o do uso de pl\u00e1stico nem todo mundo pensa sobre as sacolas de lixo. S\u00e3o elas que revestem as lixeiras e, como s\u00e3o feitas (na maior parte dos casos) de pl\u00e1stico, acabam gerando apenas mais polui\u00e7\u00e3o.<\/p>\n\n\n\n<p>No tutorial, Marieli, comprometida com uma vida no estilo minimalista, ensina a fazer saco de lixo com jornal. Afinal, ap\u00f3s a leitura das mat\u00e9rias, tamb\u00e9m \u00e9 poss\u00edvel reaproveitar o produto de diversas formas, sendo uma delas: criando a sacola para a lixeira.<\/p>\n\n\n\n<p>Ent\u00e3o, a dica \u00e9: reaproveitamento. Da mesma forma como se <a href=\"https:\/\/sustentarqui.com.br\/reutilizar-garrafas-de-vidro-decoracao-2\/\">reaproveita garrafas de vidro<\/a> para uma decora\u00e7\u00e3o incr\u00edvel, tamb\u00e9m \u00e9 poss\u00edvel reaproveitar jornais para fins sustent\u00e1veis.<\/p>\n\n\n\n<p style=\"background-color:#9af79c\" class=\"has-background\">\u260c Para maiores informa\u00e7\u00f5es sobre uma vida mais minimalista, sustentabilidade ou curiosidades sobre a Marieli Mallman, \u00e9 poss\u00edvel fazer a inscri\u00e7\u00e3o no <a href=\"https:\/\/www.youtube.com\/channel\/UCoR1lXzaHaVZ7Gl-mDuf5fw\">canal<\/a> dela ou segui-la no Instagram (<a href=\"https:\/\/www.instagram.com\/m_marieli\/\">@m_marieli<\/a>).<\/p>\n\n\n\n<h2>5. O movimento <em>lixo zero<\/em> n\u00e3o \u00e9 sobre mudan\u00e7as demoradas e imposs\u00edveis<\/h2>\n\n\n\n<div class=\"wp-block-image\"><figure class=\"aligncenter\"><img loading=\"lazy\" width=\"1024\" height=\"5\" src=\"http:\/\/www.naoobvio.com\/wp-content\/uploads\/2019\/07\/linha1-5-1024x5.png\" alt=\"\" class=\"wp-image-5596\" srcset=\"https:\/\/www.naoobvio.com\/wp-content\/uploads\/2019\/07\/linha1-5.png 1024w, https:\/\/www.naoobvio.com\/wp-content\/uploads\/2019\/07\/linha1-5-300x1.png 300w, https:\/\/www.naoobvio.com\/wp-content\/uploads\/2019\/07\/linha1-5-768x4.png 768w\" sizes=\"(max-width: 709px) 85vw, (max-width: 909px) 67vw, (max-width: 1362px) 62vw, 840px\" \/><\/figure><\/div>\n\n\n\n<figure class=\"wp-block-embed-youtube wp-block-embed is-type-video is-provider-youtube wp-embed-aspect-16-9 wp-has-aspect-ratio\"><div class=\"wp-block-embed__wrapper\">\n<iframe title=\"O que \u00e9 Lixo Zero?\" width=\"840\" height=\"473\" src=\"https:\/\/www.youtube.com\/embed\/Oa6zdILhlck?feature=oembed\" frameborder=\"0\" allow=\"accelerometer; autoplay; encrypted-media; gyroscope; picture-in-picture\" allowfullscreen><\/iframe>\n<\/div><\/figure>\n\n\n\n<p>Pode parecer um conceito bem abrangente, mas nem todo mundo sabe o que \u00e9 <em>lixo zero<\/em> e muitos ficam confusos com o termo. \u00c9 poss\u00edvel n\u00e3o gerar nenhum lixo? No v\u00eddeo, o canal <a href=\"https:\/\/www.youtube.com\/channel\/UCoiJu7py8wlmb3OtkmPvHqA\"><strong>Casa sem Lixo<\/strong><\/a> explica que o movimento possui uma meta em que mais importa o caminho do que o objetivo.<\/p>\n\n\n\n<p>A pr\u00e1tica trata de um intuito \u00e9tico em que a pessoa que assume vai para al\u00e9m dela mesma. O movimento visa pensar em todos ao redor. O v\u00eddeo explica tamb\u00e9m que \u00e9 uma quest\u00e3o econ\u00f4mica. Afinal, o quanto de dinheiro p\u00fablico \u00e9 investido em aterros sanit\u00e1rios?<\/p>\n\n\n\n<p>A dica \u00e9: evitar desperd\u00edcios e ter consci\u00eancia do que consome e do que se descarta.<\/p>\n\n\n\n<p style=\"background-color:#9af79c\" class=\"has-background\">\u260c \u00c9 poss\u00edvel saber mais sobre o Movimento Lixo Zero atrav\u00e9s do site do <a href=\"http:\/\/ilzb.org\/\">Instituto Lixo Zero Brasil<\/a>. O instituto tamb\u00e9m atualiza o Instragram em <a href=\"https:\/\/www.instagram.com\/institutolixozerobrasil\/\">@institutolixozerobrasil<\/a> e o Casa sem Lixo em <a href=\"https:\/\/www.instagram.com\/casasemlixo\/\">@casasemlixo<\/a>. Veja tamb\u00e9m o <a href=\"http:\/\/www.casasemlixo.com\">site oficial<\/a>.<\/p>\n","protected":false},"excerpt":{"rendered":"<p>Os principais causadores da polui\u00e7\u00e3o mundial s\u00e3o citados e substitu\u00eddos em v\u00eddeos repletos de fatos nada \u00f3bvios. Conhe\u00e7a canais de YouTube sobre o estilo de vida minimalista e confira desde respostas para perguntas feitas no seu cotidiano at\u00e9 indica\u00e7\u00f5es de itens que podem ser feitos com suas pr\u00f3prias m\u00e3os.<\/p>\n","protected":false},"author":7,"featured_media":5887,"comment_status":"open","ping_status":"open","sticky":false,"template":"","format":"standard","meta":[],"categories":[22],"tags":[250,371,370,197],"acf":[],"yoast_head":"<!-- This site is optimized with the Yoast SEO plugin v15.9.2 - https:\/\/yoast.com\/wordpress\/plugins\/seo\/ -->\n<title>5 V\u00cdDEOS DE CURIOSIDADES PARA QUEM QUER ADERIR AO CONSUMO CONSCIENTE - N\u00e3o \u00d3bvio<\/title>\n<meta name=\"robots\" content=\"index, follow, max-snippet:-1, max-image-preview:large, max-video-preview:-1\" \/>\n<link rel=\"canonical\" href=\"https:\/\/www.naoobvio.com\/index.php\/2019\/07\/08\/5-videos-de-curiosidades-para-quem-quer-ter-um-consumo-consciente\/\" \/>\n<meta property=\"og:locale\" content=\"pt_BR\" \/>\n<meta property=\"og:type\" content=\"article\" \/>\n<meta property=\"og:title\" content=\"5 V\u00cdDEOS DE CURIOSIDADES PARA QUEM QUER ADERIR AO CONSUMO CONSCIENTE - N\u00e3o \u00d3bvio\" \/>\n<meta property=\"og:url\" content=\"https:\/\/www.naoobvio.com\/index.php\/2019\/07\/08\/5-videos-de-curiosidades-para-quem-quer-ter-um-consumo-consciente\/\" \/>\n<meta property=\"og:site_name\" content=\"N\u00e3o \u00d3bvio\" \/>\n<meta property=\"article:publisher\" content=\"http:\/\/facebook.com\/nao.obvio\" \/>\n<meta property=\"article:published_time\" content=\"2019-07-08T09:00:05+00:00\" \/>\n<meta property=\"article:modified_time\" content=\"2019-07-09T13:12:28+00:00\" \/>\n<meta property=\"og:image\" content=\"https:\/\/www.naoobvio.com\/wp-content\/uploads\/2019\/07\/comprar.jpg\" \/>\n\t<meta property=\"og:image:width\" content=\"1500\" \/>\n\t<meta property=\"og:image:height\" content=\"1000\" \/>\n<meta name=\"twitter:card\" content=\"summary_large_image\" \/>\n<meta name=\"twitter:label1\" content=\"Est. reading time\">\n\t<meta name=\"twitter:data1\" content=\"8 minutos\">\n<script type=\"application\/ld+json\" class=\"yoast-schema-graph\">{\"@context\":\"https:\/\/schema.org\",\"@graph\":[{\"@type\":\"WebSite\",\"@id\":\"https:\/\/www.naoobvio.com\/#website\",\"url\":\"https:\/\/www.naoobvio.com\/\",\"name\":\"N\\u00e3o \\u00d3bvio\",\"description\":\"O que falta na sua  lista\",\"potentialAction\":[{\"@type\":\"SearchAction\",\"target\":\"https:\/\/www.naoobvio.com\/?s={search_term_string}\",\"query-input\":\"required name=search_term_string\"}],\"inLanguage\":\"pt-BR\"},{\"@type\":\"ImageObject\",\"@id\":\"https:\/\/www.naoobvio.com\/index.php\/2019\/07\/08\/5-videos-de-curiosidades-para-quem-quer-ter-um-consumo-consciente\/#primaryimage\",\"inLanguage\":\"pt-BR\",\"url\":\"https:\/\/www.naoobvio.com\/wp-content\/uploads\/2019\/07\/comprar.jpg\",\"width\":1500,\"height\":1000},{\"@type\":\"WebPage\",\"@id\":\"https:\/\/www.naoobvio.com\/index.php\/2019\/07\/08\/5-videos-de-curiosidades-para-quem-quer-ter-um-consumo-consciente\/#webpage\",\"url\":\"https:\/\/www.naoobvio.com\/index.php\/2019\/07\/08\/5-videos-de-curiosidades-para-quem-quer-ter-um-consumo-consciente\/\",\"name\":\"5 V\\u00cdDEOS DE CURIOSIDADES PARA QUEM QUER ADERIR AO CONSUMO CONSCIENTE - N\\u00e3o \\u00d3bvio\",\"isPartOf\":{\"@id\":\"https:\/\/www.naoobvio.com\/#website\"},\"primaryImageOfPage\":{\"@id\":\"https:\/\/www.naoobvio.com\/index.php\/2019\/07\/08\/5-videos-de-curiosidades-para-quem-quer-ter-um-consumo-consciente\/#primaryimage\"},\"datePublished\":\"2019-07-08T09:00:05+00:00\",\"dateModified\":\"2019-07-09T13:12:28+00:00\",\"author\":{\"@id\":\"https:\/\/www.naoobvio.com\/#\/schema\/person\/f2356746523868f8df6c26bfe84aa5a6\"},\"breadcrumb\":{\"@id\":\"https:\/\/www.naoobvio.com\/index.php\/2019\/07\/08\/5-videos-de-curiosidades-para-quem-quer-ter-um-consumo-consciente\/#breadcrumb\"},\"inLanguage\":\"pt-BR\",\"potentialAction\":[{\"@type\":\"ReadAction\",\"target\":[\"https:\/\/www.naoobvio.com\/index.php\/2019\/07\/08\/5-videos-de-curiosidades-para-quem-quer-ter-um-consumo-consciente\/\"]}]},{\"@type\":\"BreadcrumbList\",\"@id\":\"https:\/\/www.naoobvio.com\/index.php\/2019\/07\/08\/5-videos-de-curiosidades-para-quem-quer-ter-um-consumo-consciente\/#breadcrumb\",\"itemListElement\":[{\"@type\":\"ListItem\",\"position\":1,\"item\":{\"@type\":\"WebPage\",\"@id\":\"https:\/\/www.naoobvio.com\/\",\"url\":\"https:\/\/www.naoobvio.com\/\",\"name\":\"In\\u00edcio\"}},{\"@type\":\"ListItem\",\"position\":2,\"item\":{\"@type\":\"WebPage\",\"@id\":\"https:\/\/www.naoobvio.com\/index.php\/2019\/07\/08\/5-videos-de-curiosidades-para-quem-quer-ter-um-consumo-consciente\/\",\"url\":\"https:\/\/www.naoobvio.com\/index.php\/2019\/07\/08\/5-videos-de-curiosidades-para-quem-quer-ter-um-consumo-consciente\/\",\"name\":\"5 V\\u00cdDEOS DE CURIOSIDADES PARA QUEM QUER ADERIR AO CONSUMO CONSCIENTE\"}}]},{\"@type\":\"Person\",\"@id\":\"https:\/\/www.naoobvio.com\/#\/schema\/person\/f2356746523868f8df6c26bfe84aa5a6\",\"name\":\"Catarina Barbosa \\u2022 @catarinapbarbosa\",\"image\":{\"@type\":\"ImageObject\",\"@id\":\"https:\/\/www.naoobvio.com\/#personlogo\",\"inLanguage\":\"pt-BR\",\"url\":\"https:\/\/secure.gravatar.com\/avatar\/d6cbd5bfb54769c9fae8fbea6f6aef31?s=96&d=mm&r=g\",\"caption\":\"Catarina Barbosa \\u2022 @catarinapbarbosa\"},\"description\":\"Catarina Barbosa \\u00e9 jornalista e fot\\u00f3grafa. Baiana, atualmente mora em S\\u00e3o Paulo. Amante de caf\\u00e9, nerd assumida e apaixonada por viagens, sonha em sempre ter uma mochila nas costas para desbravar o mundo.\"}]}<\/script>\n<!-- \/ Yoast SEO plugin. -->","_links":{"self":[{"href":"https:\/\/www.naoobvio.com\/index.php\/wp-json\/wp\/v2\/posts\/5857"}],"collection":[{"href":"https:\/\/www.naoobvio.com\/index.php\/wp-json\/wp\/v2\/posts"}],"about":[{"href":"https:\/\/www.naoobvio.com\/index.php\/wp-json\/wp\/v2\/types\/post"}],"author":[{"embeddable":true,"href":"https:\/\/www.naoobvio.com\/index.php\/wp-json\/wp\/v2\/users\/7"}],"replies":[{"embeddable":true,"href":"https:\/\/www.naoobvio.com\/index.php\/wp-json\/wp\/v2\/comments?post=5857"}],"version-history":[{"count":24,"href":"https:\/\/www.naoobvio.com\/index.php\/wp-json\/wp\/v2\/posts\/5857\/revisions"}],"predecessor-version":[{"id":5965,"href":"https:\/\/www.naoobvio.com\/index.php\/wp-json\/wp\/v2\/posts\/5857\/revisions\/5965"}],"wp:featuredmedia":[{"embeddable":true,"href":"https:\/\/www.naoobvio.com\/index.php\/wp-json\/wp\/v2\/media\/5887"}],"wp:attachment":[{"href":"https:\/\/www.naoobvio.com\/index.php\/wp-json\/wp\/v2\/media?parent=5857"}],"wp:term":[{"taxonomy":"category","embeddable":true,"href":"https:\/\/www.naoobvio.com\/index.php\/wp-json\/wp\/v2\/categories?post=5857"},{"taxonomy":"post_tag","embeddable":true,"href":"https:\/\/www.naoobvio.com\/index.php\/wp-json\/wp\/v2\/tags?post=5857"}],"curies":[{"name":"wp","href":"https:\/\/api.w.org\/{rel}","templated":true}]}}