{"id":6182,"date":"2019-08-14T13:16:00","date_gmt":"2019-08-14T16:16:00","guid":{"rendered":"http:\/\/www.naoobvio.com\/?p=6182"},"modified":"2019-08-14T13:46:07","modified_gmt":"2019-08-14T16:46:07","slug":"10-filmes-nada-obvios-sobre-o-universo-da-gastronomia","status":"publish","type":"post","link":"https:\/\/www.naoobvio.com\/index.php\/2019\/08\/14\/10-filmes-nada-obvios-sobre-o-universo-da-gastronomia\/","title":{"rendered":"10 FILMES NADA \u00d3BVIOS SOBRE O UNIVERSO DA GASTRONOMIA"},"content":{"rendered":"\n<p>Quem nunca salivou assistindo \u00e0s aventuras de Julia Roberts devorando massas e pizzas ou degustando vinhos no filme <a href=\"https:\/\/www.youtube.com\/watch?v=cji7pUWhBi8\">Comer Rezar e Amar<\/a>? E quem nunca se imaginou na cozinha do ratinho Remy na anima\u00e7\u00e3o <a href=\"https:\/\/www.youtube.com\/watch?v=NgsQ8mVkN8w\">Ratatouille<\/a>? <br><br>No universo cinematogr\u00e1fico, a gastronomia costuma servir como met\u00e1fora para trazer li\u00e7\u00f5es sobre a vida amorosa, sobre empreendedorismo ou sobre autoconhecimento. \u00c9 o caso, por exemplo, do filme <a href=\"https:\/\/www.youtube.com\/watch?v=HpaS8nD7d1E\">Sem Reservas<\/a>, que mistura mensagens sobre diversas \u00e1reas. <\/p>\n\n\n\n<div class=\"wp-block-image\"><figure class=\"alignleft is-resized\"><img loading=\"lazy\" src=\"https:\/\/www.naoobvio.com\/wp-content\/uploads\/2019\/08\/come.gif\" alt=\"\" class=\"wp-image-7770\" width=\"479\" height=\"359\"\/><\/figure><\/div>\n\n\n\n<p class=\"has-background has-very-light-gray-background-color\">S\u00e3o diversas as formas com que os alimentos \u2013 ou a caminhada envolvida com eles \u2013 conseguem servir de analogias para os percal\u00e7os da vida. <br><br>E justamente para trazer reflex\u00f5es mais saborosas e entretenimento que vai desde os dramas at\u00e9 as com\u00e9dias, foi que o N\u00c3O \u00d3BVIO correu atr\u00e1s de tramas que recheiam a vida dos seus personagens com cenas apetitosas. Confira as produ\u00e7\u00f5es que passeiam por obras de 2018 at\u00e9 1987.<\/p>\n\n\n\n<p style=\"background-color:#e2b4b4\" class=\"has-background\">\u260c Depois de conferir a lista abaixo, n\u00e3o deixe de passar no compilado de <strong><a href=\"https:\/\/www.naoobvio.com\/index.php\/2019\/07\/24\/6-filmes-e-series-com-historias-inspiradoras-sobre-empreendimento\/\">filmes e s\u00e9ries nada \u00f3bvios sobre empreender<\/a><\/strong>, que traz mais tr\u00eas longas voltados para o universo da gastronomia.<\/p>\n\n\n\n<h2>1. Est\u00f4mago<\/h2>\n\n\n\n<div class=\"wp-block-image\"><figure class=\"aligncenter\"><img src=\"http:\/\/www.naoobvio.com\/wp-content\/uploads\/2019\/03\/linha-4-1024x5.png\" alt=\"O atributo alt desta imagem est\u00c3\u0083\u00c2\u0083\u00c3\u0082\u00c2\u0083\u00c3\u0083\u00c2\u0082\u00c3\u0082\u00c2\u0083\u00c3\u0083\u00c2\u0083\u00c3\u0082\u00c2\u0082\u00c3\u0083\u00c2\u0082\u00c3\u0082\u00c2\u0083\u00c3\u0083\u00c2\u0083\u00c3\u0082\u00c2\u0083\u00c3\u0083\u00c2\u0082\u00c3\u0082\u00c2\u0082\u00c3\u0083\u00c2\u0083\u00c3\u0082\u00c2\u0082\u00c3\u0083\u00c2\u0082\u00c3\u0082\u00c2\u0083\u00c3\u0083\u00c2\u0083\u00c3\u0082\u00c2\u0083\u00c3\u0083\u00c2\u0082\u00c3\u0082\u00c2\u0083\u00c3\u0083\u00c2\u0083\u00c3\u0082\u00c2\u0082\u00c3\u0083\u00c2\u0082\u00c3\u0082\u00c2\u0082\u00c3\u0083\u00c2\u0083\u00c3\u0082\u00c2\u0083\u00c3\u0083\u00c2\u0082\u00c3\u0082\u00c2\u0082\u00c3\u0083\u00c2\u0083\u00c3\u0082\u00c2\u0082\u00c3\u0083\u00c2\u0082\u00c3\u0082\u00c2\u00a1 vazio. O nome do arquivo \u00c3\u0083\u00c2\u0083\u00c3\u0082\u00c2\u0083\u00c3\u0083\u00c2\u0082\u00c3\u0082\u00c2\u0083\u00c3\u0083\u00c2\u0083\u00c3\u0082\u00c2\u0082\u00c3\u0083\u00c2\u0082\u00c3\u0082\u00c2\u0083\u00c3\u0083\u00c2\u0083\u00c3\u0082\u00c2\u0083\u00c3\u0083\u00c2\u0082\u00c3\u0082\u00c2\u0082\u00c3\u0083\u00c2\u0083\u00c3\u0082\u00c2\u0082\u00c3\u0083\u00c2\u0082\u00c3\u0082\u00c2\u0083\u00c3\u0083\u00c2\u0083\u00c3\u0082\u00c2\u0083\u00c3\u0083\u00c2\u0082\u00c3\u0082\u00c2\u0083\u00c3\u0083\u00c2\u0083\u00c3\u0082\u00c2\u0082\u00c3\u0083\u00c2\u0082\u00c3\u0082\u00c2\u0082\u00c3\u0083\u00c2\u0083\u00c3\u0082\u00c2\u0083\u00c3\u0083\u00c2\u0082\u00c3\u0082\u00c2\u0082\u00c3\u0083\u00c2\u0083\u00c3\u0082\u00c2\u0082\u00c3\u0083\u00c2\u0082\u00c3\u0082\u00c2\u00a9 linha-4-1024x5.png\"\/><\/figure><\/div>\n\n\n\n<figure class=\"wp-block-image\"><img loading=\"lazy\" width=\"800\" height=\"446\" src=\"https:\/\/www.naoobvio.com\/wp-content\/uploads\/2019\/08\/estomago.jpg\" alt=\"\" class=\"wp-image-8181\" srcset=\"https:\/\/www.naoobvio.com\/wp-content\/uploads\/2019\/08\/estomago.jpg 800w, https:\/\/www.naoobvio.com\/wp-content\/uploads\/2019\/08\/estomago-300x167.jpg 300w, https:\/\/www.naoobvio.com\/wp-content\/uploads\/2019\/08\/estomago-768x428.jpg 768w\" sizes=\"(max-width: 709px) 85vw, (max-width: 909px) 67vw, (max-width: 984px) 61vw, (max-width: 1362px) 45vw, 600px\" \/><\/figure>\n\n\n\n<figure class=\"wp-block-embed-youtube wp-block-embed is-type-video is-provider-youtube wp-embed-aspect-16-9 wp-has-aspect-ratio\"><div class=\"wp-block-embed__wrapper\">\n<iframe title=\"Trailer oficial do filme &quot;Est\u00f4mago&quot; | Assista agora pelo NOW\" width=\"840\" height=\"473\" src=\"https:\/\/www.youtube.com\/embed\/Awq6P5Bjvgg?feature=oembed\" frameborder=\"0\" allow=\"accelerometer; autoplay; encrypted-media; gyroscope; picture-in-picture\" allowfullscreen><\/iframe>\n<\/div><\/figure>\n\n\n\n<p class=\"has-background has-very-light-gray-background-color\">Em meio \u00e0s no\u00e7\u00f5es de que na vida h\u00e1 os que devoram e os que s\u00e3o devorados, Raimundo Nonato (Jo\u00e3o Miguel) descobre um caminho \u00e0 parte: ele cozinha. \u00c9 nas cozinhas de um boteco, de um restaurante italiano e de uma pris\u00e3o \u2013 o que ele fez para acabar ali? \u2013 que Nonato vive sua intrigante hist\u00f3ria. <br><br>O cozinheiro se mudou para a cidade grande para tentar uma vida melhor e acaba sendo contratado para trabalhar em um restaurante italiano. L\u00e1 e na pris\u00e3o, ele vai aprender e mudar as regras de uma sociedade perdida entre as ideias do p\u00e9ssimo e do excelente. Das regras j\u00e1 existentes, ele vai usar algumas ao seu favor, porque mesmo os cozinheiros t\u00eam direito a comer sua parte.<br><br>Com discuss\u00f5es sobre \u00e9tica e diversas cr\u00edticas sociais, o premiado longa promete um final surpreente e ao inv\u00e9s de ser uma trama fragmentada, funciona para o espectador atento \u00e0s entrelinhas que v\u00e3o desde as reflex\u00f5es sobre a imigra\u00e7\u00e3o at\u00e9 fortes no\u00e7\u00f5es empreendedoras.<\/p>\n\n\n\n<p style=\"background-color:#f4dfa4\" class=\"has-background\">\u260c <strong>Onde assistir: <\/strong><a href=\"https:\/\/www.nowonline.com.br\/filme\/estomago\/76826\">NOW<\/a><br>\u260c <strong>G\u00eanero:<\/strong> Drama<br>\u260c <strong>Dura\u00e7\u00e3o:<\/strong> 1h52<br>\u260c <strong>Lan\u00e7amento:<\/strong> 2008<br>\u260c <strong>Dire\u00e7\u00e3o:<\/strong> Marcos Jorge<br>\u260c <strong>Elenco:<\/strong> Jo\u00e3o Miguel,&nbsp;Babu Santana,&nbsp;Fabiula Nascimento <br>\u260c <strong>Nacionalidade:<\/strong> It\u00e1lia, Brasil<\/p>\n\n\n\n<h2>2.<strong> Lunchbox<\/strong><\/h2>\n\n\n\n<div class=\"wp-block-image\"><figure class=\"aligncenter\"><img src=\"http:\/\/www.naoobvio.com\/wp-content\/uploads\/2019\/03\/linha-4-1024x5.png\" alt=\"O atributo alt desta imagem est\u00c3\u0083\u00c2\u0083\u00c3\u0082\u00c2\u0083\u00c3\u0083\u00c2\u0082\u00c3\u0082\u00c2\u0083\u00c3\u0083\u00c2\u0083\u00c3\u0082\u00c2\u0082\u00c3\u0083\u00c2\u0082\u00c3\u0082\u00c2\u0083\u00c3\u0083\u00c2\u0083\u00c3\u0082\u00c2\u0083\u00c3\u0083\u00c2\u0082\u00c3\u0082\u00c2\u0082\u00c3\u0083\u00c2\u0083\u00c3\u0082\u00c2\u0082\u00c3\u0083\u00c2\u0082\u00c3\u0082\u00c2\u0083\u00c3\u0083\u00c2\u0083\u00c3\u0082\u00c2\u0083\u00c3\u0083\u00c2\u0082\u00c3\u0082\u00c2\u0083\u00c3\u0083\u00c2\u0083\u00c3\u0082\u00c2\u0082\u00c3\u0083\u00c2\u0082\u00c3\u0082\u00c2\u0082\u00c3\u0083\u00c2\u0083\u00c3\u0082\u00c2\u0083\u00c3\u0083\u00c2\u0082\u00c3\u0082\u00c2\u0082\u00c3\u0083\u00c2\u0083\u00c3\u0082\u00c2\u0082\u00c3\u0083\u00c2\u0082\u00c3\u0082\u00c2\u00a1 vazio. O nome do arquivo \u00c3\u0083\u00c2\u0083\u00c3\u0082\u00c2\u0083\u00c3\u0083\u00c2\u0082\u00c3\u0082\u00c2\u0083\u00c3\u0083\u00c2\u0083\u00c3\u0082\u00c2\u0082\u00c3\u0083\u00c2\u0082\u00c3\u0082\u00c2\u0083\u00c3\u0083\u00c2\u0083\u00c3\u0082\u00c2\u0083\u00c3\u0083\u00c2\u0082\u00c3\u0082\u00c2\u0082\u00c3\u0083\u00c2\u0083\u00c3\u0082\u00c2\u0082\u00c3\u0083\u00c2\u0082\u00c3\u0082\u00c2\u0083\u00c3\u0083\u00c2\u0083\u00c3\u0082\u00c2\u0083\u00c3\u0083\u00c2\u0082\u00c3\u0082\u00c2\u0083\u00c3\u0083\u00c2\u0083\u00c3\u0082\u00c2\u0082\u00c3\u0083\u00c2\u0082\u00c3\u0082\u00c2\u0082\u00c3\u0083\u00c2\u0083\u00c3\u0082\u00c2\u0083\u00c3\u0083\u00c2\u0082\u00c3\u0082\u00c2\u0082\u00c3\u0083\u00c2\u0083\u00c3\u0082\u00c2\u0082\u00c3\u0083\u00c2\u0082\u00c3\u0082\u00c2\u00a9 linha-4-1024x5.png\"\/><\/figure><\/div>\n\n\n\n<figure class=\"wp-block-image\"><img loading=\"lazy\" width=\"984\" height=\"656\" src=\"https:\/\/www.naoobvio.com\/wp-content\/uploads\/2019\/08\/lun.jpg\" alt=\"\" class=\"wp-image-8186\" srcset=\"https:\/\/www.naoobvio.com\/wp-content\/uploads\/2019\/08\/lun.jpg 984w, https:\/\/www.naoobvio.com\/wp-content\/uploads\/2019\/08\/lun-300x200.jpg 300w, https:\/\/www.naoobvio.com\/wp-content\/uploads\/2019\/08\/lun-768x512.jpg 768w\" sizes=\"(max-width: 709px) 85vw, (max-width: 909px) 67vw, (max-width: 1362px) 62vw, 840px\" \/><\/figure>\n\n\n\n<figure class=\"wp-block-embed-youtube wp-block-embed is-type-video is-provider-youtube wp-embed-aspect-16-9 wp-has-aspect-ratio\"><div class=\"wp-block-embed__wrapper\">\n<iframe title=\"Lunchbox - Trailer Legendado\" width=\"840\" height=\"473\" src=\"https:\/\/www.youtube.com\/embed\/vKjjXaP2iqY?feature=oembed\" frameborder=\"0\" allow=\"accelerometer; autoplay; encrypted-media; gyroscope; picture-in-picture\" allowfullscreen><\/iframe>\n<\/div><\/figure>\n\n\n\n<p class=\"has-background has-very-light-gray-background-color\">O Mumbai Dabbawallahs \u00e9 um servi\u00e7o de entrega de comida bastante conhecido em Mumbai, na \u00cdndia. Um dia, um erro na entrega faz com que uma pacata dona de casa conhe\u00e7a um homem que est\u00e1 na fase final de sua vida. Juntos, eles criam um mundo de fantasia a partir de mensagens trocadas atrav\u00e9s das embalagens usadas pelo Mumbai Dabbawallahs. <br><br>Em meio \u00e0s cenas de dar \u00e1gua na boca atrav\u00e9s dos quitutes, o filme passeia por reflex\u00f5s sobre v\u00e1rios temas do cotidiano da \u00cdndia atual, mas aplic\u00e1veis em qualquer parte do mundo. Saudade, solid\u00e3o, competi\u00e7\u00e3o, velhice, vaidade, juventude, depress\u00e3o e modernidade s\u00e3o somente alguns dos t\u00f3picos debatidos de maneiras profundas.<\/p>\n\n\n\n<p style=\"background-color:#f4dfa4\" class=\"has-background\">\u260c <strong>Onde assistir:<\/strong> <a href=\"https:\/\/play.google.com\/store\/movies\/details?id=H0oNONjpM1M\">Google Play<\/a> | <a href=\"http:\/\/www.youtube.com\/watch?v=H0oNONjpM1M\">YouTube Play<\/a><br>\u260c <strong>G\u00eanero:<\/strong> Romance<br>\u260c <strong>Dura\u00e7\u00e3o:<\/strong> 1h42<br>\u260c <strong>Lan\u00e7amento:<\/strong> 2014<br>\u260c <strong>Dire\u00e7\u00e3o:<\/strong> Ritesh Batra <br>\u260c <strong>Elenco:<\/strong> Irrfan Khan,&nbsp;Nimrat Kaur,&nbsp;Nawazuddin Siddiqui <br>\u260c <strong>Nacionalidade:<\/strong> \u00cdndia,&nbsp;Fran\u00e7a,&nbsp;Alemanha <\/p>\n\n\n\n<h2>3. Rom\u00e2nticos An\u00f4nimos <\/h2>\n\n\n\n<div class=\"wp-block-image\"><figure class=\"aligncenter\"><img src=\"http:\/\/www.naoobvio.com\/wp-content\/uploads\/2019\/03\/linha-4-1024x5.png\" alt=\"O atributo alt desta imagem est\u00c3\u0083\u00c2\u0083\u00c3\u0082\u00c2\u0083\u00c3\u0083\u00c2\u0082\u00c3\u0082\u00c2\u0083\u00c3\u0083\u00c2\u0083\u00c3\u0082\u00c2\u0082\u00c3\u0083\u00c2\u0082\u00c3\u0082\u00c2\u0083\u00c3\u0083\u00c2\u0083\u00c3\u0082\u00c2\u0083\u00c3\u0083\u00c2\u0082\u00c3\u0082\u00c2\u0082\u00c3\u0083\u00c2\u0083\u00c3\u0082\u00c2\u0082\u00c3\u0083\u00c2\u0082\u00c3\u0082\u00c2\u0083\u00c3\u0083\u00c2\u0083\u00c3\u0082\u00c2\u0083\u00c3\u0083\u00c2\u0082\u00c3\u0082\u00c2\u0083\u00c3\u0083\u00c2\u0083\u00c3\u0082\u00c2\u0082\u00c3\u0083\u00c2\u0082\u00c3\u0082\u00c2\u0082\u00c3\u0083\u00c2\u0083\u00c3\u0082\u00c2\u0083\u00c3\u0083\u00c2\u0082\u00c3\u0082\u00c2\u0082\u00c3\u0083\u00c2\u0083\u00c3\u0082\u00c2\u0082\u00c3\u0083\u00c2\u0082\u00c3\u0082\u00c2\u00a1 vazio. O nome do arquivo \u00c3\u0083\u00c2\u0083\u00c3\u0082\u00c2\u0083\u00c3\u0083\u00c2\u0082\u00c3\u0082\u00c2\u0083\u00c3\u0083\u00c2\u0083\u00c3\u0082\u00c2\u0082\u00c3\u0083\u00c2\u0082\u00c3\u0082\u00c2\u0083\u00c3\u0083\u00c2\u0083\u00c3\u0082\u00c2\u0083\u00c3\u0083\u00c2\u0082\u00c3\u0082\u00c2\u0082\u00c3\u0083\u00c2\u0083\u00c3\u0082\u00c2\u0082\u00c3\u0083\u00c2\u0082\u00c3\u0082\u00c2\u0083\u00c3\u0083\u00c2\u0083\u00c3\u0082\u00c2\u0083\u00c3\u0083\u00c2\u0082\u00c3\u0082\u00c2\u0083\u00c3\u0083\u00c2\u0083\u00c3\u0082\u00c2\u0082\u00c3\u0083\u00c2\u0082\u00c3\u0082\u00c2\u0082\u00c3\u0083\u00c2\u0083\u00c3\u0082\u00c2\u0083\u00c3\u0083\u00c2\u0082\u00c3\u0082\u00c2\u0082\u00c3\u0083\u00c2\u0083\u00c3\u0082\u00c2\u0082\u00c3\u0083\u00c2\u0082\u00c3\u0082\u00c2\u00a9 linha-4-1024x5.png\"\/><\/figure><\/div>\n\n\n\n<ul class=\"wp-block-gallery columns-1 is-cropped\"><li class=\"blocks-gallery-item\"><figure><img loading=\"lazy\" width=\"1024\" height=\"683\" src=\"https:\/\/www.naoobvio.com\/wp-content\/uploads\/2019\/08\/romanticos-1-1024x683.jpg\" alt=\"\" data-id=\"8177\" data-link=\"https:\/\/www.naoobvio.com\/?attachment_id=8177\" class=\"wp-image-8177\" srcset=\"https:\/\/www.naoobvio.com\/wp-content\/uploads\/2019\/08\/romanticos-1-1024x683.jpg 1024w, https:\/\/www.naoobvio.com\/wp-content\/uploads\/2019\/08\/romanticos-1-300x200.jpg 300w, https:\/\/www.naoobvio.com\/wp-content\/uploads\/2019\/08\/romanticos-1-768x512.jpg 768w, https:\/\/www.naoobvio.com\/wp-content\/uploads\/2019\/08\/romanticos-1-1200x800.jpg 1200w, https:\/\/www.naoobvio.com\/wp-content\/uploads\/2019\/08\/romanticos-1-1320x880.jpg 1320w, https:\/\/www.naoobvio.com\/wp-content\/uploads\/2019\/08\/romanticos-1.jpg 1500w\" sizes=\"(max-width: 709px) 85vw, (max-width: 909px) 67vw, (max-width: 1362px) 62vw, 840px\" \/><\/figure><\/li><\/ul>\n\n\n\n<figure class=\"wp-block-embed-youtube wp-block-embed is-type-video is-provider-youtube wp-embed-aspect-16-9 wp-has-aspect-ratio\"><div class=\"wp-block-embed__wrapper\">\n<iframe title=\"Rom\u00e2nticos An\u00f4nimos  - Trailer legendado\" width=\"840\" height=\"473\" src=\"https:\/\/www.youtube.com\/embed\/L8TIHDPZp8A?feature=oembed\" frameborder=\"0\" allow=\"accelerometer; autoplay; encrypted-media; gyroscope; picture-in-picture\" allowfullscreen><\/iframe>\n<\/div><\/figure>\n\n\n\n<p class=\"has-background has-very-light-gray-background-color\">T\u00edmidos, rom\u00e2nticos e apaixonados por chocolate, Jean Ren\u00e9 e Ang\u00e9lique se aproximam e meio a muitas dificuldades. Ela, chocolateira talentosa. Esconde seu talento com os chocolates (e a si mesma) em um codinome. Ele, dono de uma f\u00e1brica de bombons, tenta lidar com a dificuldade em se relacionar com as pessoas, principalmente as mulheres.<br><br>Ap\u00f3s perder o emprego, Ang\u00e9lique procura uma vaga na F\u00e1brica de Chocolates que est\u00e1 prestes a falir. Ela consegue uma vaga como representante comercial, o que n\u00e3o lhe d\u00e1 muita credibilidade. Por outro lado, Jean faz terapias para tentar superar a suas dificuldades, e v\u00ea em Ang\u00e9lique a oportunidade de cumprir os desafios passados por sua terapeuta. <br><br>A aproxima\u00e7\u00e3o entre os dois vem para salvar um ao outro das suas inseguran\u00e7as, e por consequ\u00eancia salvar a f\u00e1brica da fal\u00eancia. <br>O chocolate \u00e9 pe\u00e7a chave para curar os cora\u00e7\u00f5es partidos, ajudar no processo terap\u00eautico de Jean e provar as del\u00edcias do dia a dia.<\/p>\n\n\n\n<blockquote class=\"wp-block-quote\"><p><em>A foto de abertura desta mat\u00e9ria \u00e9 de uma cena do filme Rom\u00e2nticos An\u00f4nimos.<\/em><\/p><\/blockquote>\n\n\n\n<p style=\"background-color:#f4dfa4\" class=\"has-background\">\u260c <strong>Onde assistir: <\/strong><a href=\"https:\/\/lista.mercadolivre.com.br\/dvd-romanticos-anonimos\">adquira o DVD<\/a><br>\u260c <strong>G\u00eanero:<\/strong> Com\u00e9dia rom\u00e2ntica<br>\u260c <strong>Dura\u00e7\u00e3o:<\/strong> 1h20<br>\u260c <strong>Lan\u00e7amento:<\/strong> 2011<br>\u260c <strong>Dire\u00e7\u00e3o:<\/strong> Jean-Pierre Am\u00e9ris<br>\u260c <strong>Elenco:<\/strong> Alexandra Morales, Alice Pol e Anny Vogel<br>\u260c <strong>Nacionalidade:<\/strong> Fran\u00e7a, B\u00e9lgica<\/p>\n\n\n\n<h2>4. O Tempero da Vida <\/h2>\n\n\n\n<div class=\"wp-block-image\"><figure class=\"aligncenter\"><img src=\"http:\/\/www.naoobvio.com\/wp-content\/uploads\/2019\/03\/linha-4-1024x5.png\" alt=\"O atributo alt desta imagem est\u00c3\u0083\u00c2\u0083\u00c3\u0082\u00c2\u0083\u00c3\u0083\u00c2\u0082\u00c3\u0082\u00c2\u0083\u00c3\u0083\u00c2\u0083\u00c3\u0082\u00c2\u0082\u00c3\u0083\u00c2\u0082\u00c3\u0082\u00c2\u0083\u00c3\u0083\u00c2\u0083\u00c3\u0082\u00c2\u0083\u00c3\u0083\u00c2\u0082\u00c3\u0082\u00c2\u0082\u00c3\u0083\u00c2\u0083\u00c3\u0082\u00c2\u0082\u00c3\u0083\u00c2\u0082\u00c3\u0082\u00c2\u0083\u00c3\u0083\u00c2\u0083\u00c3\u0082\u00c2\u0083\u00c3\u0083\u00c2\u0082\u00c3\u0082\u00c2\u0083\u00c3\u0083\u00c2\u0083\u00c3\u0082\u00c2\u0082\u00c3\u0083\u00c2\u0082\u00c3\u0082\u00c2\u0082\u00c3\u0083\u00c2\u0083\u00c3\u0082\u00c2\u0083\u00c3\u0083\u00c2\u0082\u00c3\u0082\u00c2\u0082\u00c3\u0083\u00c2\u0083\u00c3\u0082\u00c2\u0082\u00c3\u0083\u00c2\u0082\u00c3\u0082\u00c2\u00a1 vazio. O nome do arquivo \u00c3\u0083\u00c2\u0083\u00c3\u0082\u00c2\u0083\u00c3\u0083\u00c2\u0082\u00c3\u0082\u00c2\u0083\u00c3\u0083\u00c2\u0083\u00c3\u0082\u00c2\u0082\u00c3\u0083\u00c2\u0082\u00c3\u0082\u00c2\u0083\u00c3\u0083\u00c2\u0083\u00c3\u0082\u00c2\u0083\u00c3\u0083\u00c2\u0082\u00c3\u0082\u00c2\u0082\u00c3\u0083\u00c2\u0083\u00c3\u0082\u00c2\u0082\u00c3\u0083\u00c2\u0082\u00c3\u0082\u00c2\u0083\u00c3\u0083\u00c2\u0083\u00c3\u0082\u00c2\u0083\u00c3\u0083\u00c2\u0082\u00c3\u0082\u00c2\u0083\u00c3\u0083\u00c2\u0083\u00c3\u0082\u00c2\u0082\u00c3\u0083\u00c2\u0082\u00c3\u0082\u00c2\u0082\u00c3\u0083\u00c2\u0083\u00c3\u0082\u00c2\u0083\u00c3\u0083\u00c2\u0082\u00c3\u0082\u00c2\u0082\u00c3\u0083\u00c2\u0083\u00c3\u0082\u00c2\u0082\u00c3\u0083\u00c2\u0082\u00c3\u0082\u00c2\u00a9 linha-4-1024x5.png\"\/><\/figure><\/div>\n\n\n\n<ul class=\"wp-block-gallery columns-1 is-cropped\"><li class=\"blocks-gallery-item\"><figure><img loading=\"lazy\" width=\"959\" height=\"541\" src=\"http:\/\/www.naoobvio.com\/wp-content\/uploads\/2019\/08\/027786.jpg\" alt=\"\" data-id=\"7549\" data-link=\"http:\/\/www.naoobvio.com\/?attachment_id=7549\" class=\"wp-image-7549\" srcset=\"https:\/\/www.naoobvio.com\/wp-content\/uploads\/2019\/08\/027786.jpg 959w, https:\/\/www.naoobvio.com\/wp-content\/uploads\/2019\/08\/027786-300x169.jpg 300w, https:\/\/www.naoobvio.com\/wp-content\/uploads\/2019\/08\/027786-768x433.jpg 768w\" sizes=\"(max-width: 709px) 85vw, (max-width: 909px) 67vw, (max-width: 1362px) 62vw, 840px\" \/><\/figure><\/li><\/ul>\n\n\n\n<figure class=\"wp-block-embed-youtube wp-block-embed is-type-video is-provider-youtube wp-embed-aspect-4-3 wp-has-aspect-ratio\"><div class=\"wp-block-embed__wrapper\">\n<iframe title=\"O Tempero da Vida (Trailer)\" width=\"840\" height=\"630\" src=\"https:\/\/www.youtube.com\/embed\/mK33xQxbYW4?feature=oembed\" frameborder=\"0\" allow=\"accelerometer; autoplay; encrypted-media; gyroscope; picture-in-picture\" allowfullscreen><\/iframe>\n<\/div><\/figure>\n\n\n\n<blockquote class=\"wp-block-quote\"><p>&#8220;Canela, doce e ardente como toda mulher. Pimenta, picante e ardida como o sol. Sal, utilizado para dar mais sabor \u00e0 vida.&#8221;<\/p><cite>Frase do filme O Tempero da Vida.<\/cite><\/blockquote>\n\n\n\n<p class=\"has-background has-very-light-gray-background-color\">Fanis (Markos Osse) \u00e9 neto de Vassilis (Tassos Bandis), um filos\u00f3fo culin\u00e1rio que ensina que a comida e a vida precisam de sal para ganhar sabor. Ao crescer, Fanis (George Corraface) se torna um astrof\u00edsico que usa seus dotes culin\u00e1rios herdados do seu av\u00f4 para temperar a vida as pessoas que o cercam. <br><br>Mas \u00e9 aos 35 anos que sua vida muda, quando decide retornar para Istambul para reencontrar seu av\u00f4 e, tamb\u00e9m, seu primeiro amor; tendo a culin\u00e1ria como protagonista nos momentos mais importantes da vida de Fanis, como a canela o conduz nas cenas de desilus\u00e3o amorosa, paix\u00f5es e segredos. <br><br>Ao longo da trama Fanis descobre que lidar com temperos, assim como pessoas, exige muita sabedoria. A melhor parte \u00e9 que ele est\u00e1 disposto a usar todos os condimentos (e sentimentos) necess\u00e1rios. <\/p>\n\n\n\n<p style=\"background-color:#f4dfa4\" class=\"has-background\">\u260c <strong>Onde assistir:<\/strong> <a href=\"https:\/\/lista.mercadolivre.com.br\/dvd-o-tempero-da-vida\">adquira o DVD<\/a><strong><br><\/strong>\u260c <strong>G\u00eanero:<\/strong> Drama\/Com\u00e9dia<strong><br><\/strong>\u260c<strong> Dura\u00e7\u00e3o:<\/strong> 1h48<strong><br><\/strong>\u260c<strong> Lan\u00e7amento:<\/strong> 2005<strong><br><\/strong>\u260c<strong> Dire\u00e7\u00e3o:<\/strong> Tassos Boulmetis<strong><br><\/strong>\u260c<strong> Elenco:<\/strong> Georgs Corraface, Renia Louizidou e Ieroklis Michaelidis . <strong><br><\/strong>\u260c<strong> Nacionalidade:<\/strong> Gr\u00e9cia<\/p>\n\n\n\n<h2>5. A Festa da Babette <\/h2>\n\n\n\n<div class=\"wp-block-image\"><figure class=\"aligncenter\"><img src=\"http:\/\/www.naoobvio.com\/wp-content\/uploads\/2019\/03\/linha-4-1024x5.png\" alt=\"O atributo alt desta imagem est\u00c3\u0083\u00c2\u0083\u00c3\u0082\u00c2\u0083\u00c3\u0083\u00c2\u0082\u00c3\u0082\u00c2\u0083\u00c3\u0083\u00c2\u0083\u00c3\u0082\u00c2\u0082\u00c3\u0083\u00c2\u0082\u00c3\u0082\u00c2\u0083\u00c3\u0083\u00c2\u0083\u00c3\u0082\u00c2\u0083\u00c3\u0083\u00c2\u0082\u00c3\u0082\u00c2\u0082\u00c3\u0083\u00c2\u0083\u00c3\u0082\u00c2\u0082\u00c3\u0083\u00c2\u0082\u00c3\u0082\u00c2\u0083\u00c3\u0083\u00c2\u0083\u00c3\u0082\u00c2\u0083\u00c3\u0083\u00c2\u0082\u00c3\u0082\u00c2\u0083\u00c3\u0083\u00c2\u0083\u00c3\u0082\u00c2\u0082\u00c3\u0083\u00c2\u0082\u00c3\u0082\u00c2\u0082\u00c3\u0083\u00c2\u0083\u00c3\u0082\u00c2\u0083\u00c3\u0083\u00c2\u0082\u00c3\u0082\u00c2\u0082\u00c3\u0083\u00c2\u0083\u00c3\u0082\u00c2\u0082\u00c3\u0083\u00c2\u0082\u00c3\u0082\u00c2\u00a1 vazio. O nome do arquivo \u00c3\u0083\u00c2\u0083\u00c3\u0082\u00c2\u0083\u00c3\u0083\u00c2\u0082\u00c3\u0082\u00c2\u0083\u00c3\u0083\u00c2\u0083\u00c3\u0082\u00c2\u0082\u00c3\u0083\u00c2\u0082\u00c3\u0082\u00c2\u0083\u00c3\u0083\u00c2\u0083\u00c3\u0082\u00c2\u0083\u00c3\u0083\u00c2\u0082\u00c3\u0082\u00c2\u0082\u00c3\u0083\u00c2\u0083\u00c3\u0082\u00c2\u0082\u00c3\u0083\u00c2\u0082\u00c3\u0082\u00c2\u0083\u00c3\u0083\u00c2\u0083\u00c3\u0082\u00c2\u0083\u00c3\u0083\u00c2\u0082\u00c3\u0082\u00c2\u0083\u00c3\u0083\u00c2\u0083\u00c3\u0082\u00c2\u0082\u00c3\u0083\u00c2\u0082\u00c3\u0082\u00c2\u0082\u00c3\u0083\u00c2\u0083\u00c3\u0082\u00c2\u0083\u00c3\u0083\u00c2\u0082\u00c3\u0082\u00c2\u0082\u00c3\u0083\u00c2\u0083\u00c3\u0082\u00c2\u0082\u00c3\u0083\u00c2\u0082\u00c3\u0082\u00c2\u00a9 linha-4-1024x5.png\"\/><\/figure><\/div>\n\n\n\n<ul class=\"wp-block-gallery columns-1 is-cropped\"><li class=\"blocks-gallery-item\"><figure><img loading=\"lazy\" width=\"665\" height=\"400\" src=\"http:\/\/www.naoobvio.com\/wp-content\/uploads\/2019\/08\/festa_de_babette_01-ok.jpg\" alt=\"\" data-id=\"7545\" data-link=\"http:\/\/www.naoobvio.com\/?attachment_id=7545\" class=\"wp-image-7545\" srcset=\"https:\/\/www.naoobvio.com\/wp-content\/uploads\/2019\/08\/festa_de_babette_01-ok.jpg 665w, https:\/\/www.naoobvio.com\/wp-content\/uploads\/2019\/08\/festa_de_babette_01-ok-300x180.jpg 300w\" sizes=\"(max-width: 709px) 85vw, (max-width: 909px) 67vw, (max-width: 984px) 61vw, (max-width: 1362px) 45vw, 600px\" \/><\/figure><\/li><\/ul>\n\n\n\n<figure class=\"wp-block-embed-youtube wp-block-embed is-type-video is-provider-youtube wp-embed-aspect-4-3 wp-has-aspect-ratio\"><div class=\"wp-block-embed__wrapper\">\n<iframe title=\"Gastronomia na Telona - A Festa de Babette\" width=\"840\" height=\"630\" src=\"https:\/\/www.youtube.com\/embed\/4lbZoR6MFr8?feature=oembed\" frameborder=\"0\" allow=\"accelerometer; autoplay; encrypted-media; gyroscope; picture-in-picture\" allowfullscreen><\/iframe>\n<\/div><\/figure>\n\n\n\n<p class=\"has-background has-very-light-gray-background-color\">A festa de Babette acontece no s\u00e9culo 19, em um vilarejo da Dinamarca. Duas filhas de um pastor luterano contratam Babette (St\u00e9phane Audran), uma parisiense rec\u00e9m-chegada para ser cozinheira. Esta cozinheira, quatorze anos depois, oferece um baquete inesquec\u00edvel na comemora\u00e7\u00e3o do centen\u00e1rio do r\u00edgido pastor. <br><br>Este filme dinamarqu\u00eas premiado ao Oscar em 1988, foi inspirado no <a href=\"https:\/\/www.amazon.com.br\/Festa-Babette-Karen-Blixen\/dp\/8550403156?tag=goog0ef-20&amp;smid=A1ZZFT5FULY4LN&amp;ascsubtag=go_726685122_52073337753_242620863014_pla-493209873541_c_\">conto<\/a> da escritora dinamarquesa Karen Blixen (11885 \u2013 1962). Tem em sua trama um card\u00e1pio com todas as etapas de degusta\u00e7\u00e3o preparado com esmero para os fieis do vilarejo.<br><br>Sob amea\u00e7a do pecado da gula, Babette realiza o preparo do banquete para a festa. No fundo, o que ela mais queria era proporcionar para aquelas pessoas algo que jamais tiveram em suas vidas cheias de limita\u00e7\u00f5es e regras. Resultado? Uma aula de gastronomia capaz de lambuzar a mem\u00f3ria.<br><br>O menu do banquete vai de receitas como sopa de tartaruga, blinis com caviar e creme de leite, codorna recheada com foie gras e trufas negras dentro da massa folhada, salada de end\u00edvias, queijos, frutas e o tradicional bolo franc\u00eas. Para os fieis, um desafio: n\u00e3o saborear a comida e focar no alimento da alma, a palavra sagrada. <\/p>\n\n\n\n<p style=\"background-color:#f4dfa4\" class=\"has-background\">\u260c <strong>Onde assistir<\/strong>: <a href=\"https:\/\/www.saraiva.com.br\/a-festa-de-babette-dvd-9817003.html\">adquira o DVD<\/a><strong><br><\/strong>\u260c <strong>G\u00eanero<\/strong>: Drama\/Romance<strong><br><\/strong>\u260c<strong> Dura\u00e7\u00e3o<\/strong>: 1h43<strong><br><\/strong>\u260c<strong> Lan\u00e7amento<\/strong>: 1987<strong><br><\/strong>\u260c<strong> Dire\u00e7\u00e3o<\/strong>: Gabriel Axel<strong><br><\/strong>\u260c<strong> Elenco<\/strong>: St\u00e9phane Audran, Bodil Kjer, Birgitte Ferderspiel, Bibi Andersson, Jarl Kulle, Jean-Philipe Lafont e Vibeke Hastrup.<strong><br><\/strong>\u260c<strong> Nacionalidade:<\/strong> Dinamarca<\/p>\n\n\n\n<h2>6. Sushi \u00e0 La Mexicana<\/h2>\n\n\n\n<div class=\"wp-block-image\"><figure class=\"aligncenter\"><img src=\"http:\/\/www.naoobvio.com\/wp-content\/uploads\/2019\/03\/linha-4-1024x5.png\" alt=\"O atributo alt desta imagem est\u00c3\u0083\u00c2\u0083\u00c3\u0082\u00c2\u0083\u00c3\u0083\u00c2\u0082\u00c3\u0082\u00c2\u0083\u00c3\u0083\u00c2\u0083\u00c3\u0082\u00c2\u0082\u00c3\u0083\u00c2\u0082\u00c3\u0082\u00c2\u0083\u00c3\u0083\u00c2\u0083\u00c3\u0082\u00c2\u0083\u00c3\u0083\u00c2\u0082\u00c3\u0082\u00c2\u0082\u00c3\u0083\u00c2\u0083\u00c3\u0082\u00c2\u0082\u00c3\u0083\u00c2\u0082\u00c3\u0082\u00c2\u0083\u00c3\u0083\u00c2\u0083\u00c3\u0082\u00c2\u0083\u00c3\u0083\u00c2\u0082\u00c3\u0082\u00c2\u0083\u00c3\u0083\u00c2\u0083\u00c3\u0082\u00c2\u0082\u00c3\u0083\u00c2\u0082\u00c3\u0082\u00c2\u0082\u00c3\u0083\u00c2\u0083\u00c3\u0082\u00c2\u0083\u00c3\u0083\u00c2\u0082\u00c3\u0082\u00c2\u0082\u00c3\u0083\u00c2\u0083\u00c3\u0082\u00c2\u0082\u00c3\u0083\u00c2\u0082\u00c3\u0082\u00c2\u00a1 vazio. O nome do arquivo \u00c3\u0083\u00c2\u0083\u00c3\u0082\u00c2\u0083\u00c3\u0083\u00c2\u0082\u00c3\u0082\u00c2\u0083\u00c3\u0083\u00c2\u0083\u00c3\u0082\u00c2\u0082\u00c3\u0083\u00c2\u0082\u00c3\u0082\u00c2\u0083\u00c3\u0083\u00c2\u0083\u00c3\u0082\u00c2\u0083\u00c3\u0083\u00c2\u0082\u00c3\u0082\u00c2\u0082\u00c3\u0083\u00c2\u0083\u00c3\u0082\u00c2\u0082\u00c3\u0083\u00c2\u0082\u00c3\u0082\u00c2\u0083\u00c3\u0083\u00c2\u0083\u00c3\u0082\u00c2\u0083\u00c3\u0083\u00c2\u0082\u00c3\u0082\u00c2\u0083\u00c3\u0083\u00c2\u0083\u00c3\u0082\u00c2\u0082\u00c3\u0083\u00c2\u0082\u00c3\u0082\u00c2\u0082\u00c3\u0083\u00c2\u0083\u00c3\u0082\u00c2\u0083\u00c3\u0083\u00c2\u0082\u00c3\u0082\u00c2\u0082\u00c3\u0083\u00c2\u0083\u00c3\u0082\u00c2\u0082\u00c3\u0083\u00c2\u0082\u00c3\u0082\u00c2\u00a9 linha-4-1024x5.png\"\/><\/figure><\/div>\n\n\n\n<ul class=\"wp-block-gallery columns-1 is-cropped\"><li class=\"blocks-gallery-item\"><figure><img loading=\"lazy\" width=\"710\" height=\"473\" src=\"https:\/\/www.naoobvio.com\/wp-content\/uploads\/2019\/08\/sushi_a-la-mexicana.jpg\" alt=\"\" data-id=\"7862\" data-link=\"https:\/\/www.naoobvio.com\/?attachment_id=7862\" class=\"wp-image-7862\" srcset=\"https:\/\/www.naoobvio.com\/wp-content\/uploads\/2019\/08\/sushi_a-la-mexicana.jpg 710w, https:\/\/www.naoobvio.com\/wp-content\/uploads\/2019\/08\/sushi_a-la-mexicana-300x200.jpg 300w\" sizes=\"(max-width: 709px) 85vw, (max-width: 909px) 67vw, (max-width: 984px) 61vw, (max-width: 1362px) 45vw, 600px\" \/><\/figure><\/li><\/ul>\n\n\n\n<figure class=\"wp-block-embed-youtube wp-block-embed is-type-video is-provider-youtube wp-embed-aspect-16-9 wp-has-aspect-ratio\"><div class=\"wp-block-embed__wrapper\">\n<iframe title=\"Trailer Sushi a la mexicana\" width=\"840\" height=\"473\" src=\"https:\/\/www.youtube.com\/embed\/u34KmjfO3W0?feature=oembed\" frameborder=\"0\" allow=\"accelerometer; autoplay; encrypted-media; gyroscope; picture-in-picture\" allowfullscreen><\/iframe>\n<\/div><\/figure>\n\n\n\n<p class=\"has-background has-very-light-gray-background-color\">East Side Sushi conta a hist\u00f3ria de Juana (Diana Elizabeth Torres), m\u00e3e solteira que tem a incr\u00edvel habilidade de cortar qualquer tipo de alimento com extrema facilidade e rapidez. <br><br>Ap\u00f3s receber uma proposta de emprego para trabalhar em um restaurante japon\u00eas, ela prontamente aceita e aprende a fazer uma multid\u00e3o de Sushi por conta pr\u00f3pria. <br><br>Mesmo sem ter sequer comido Sushi antes deste trabalho, ela aprende as sutilezas da culin\u00e1ria oriental. Durante a trajet\u00f3ria, dilemas que exigem autodetermina\u00e7\u00e3o e supera\u00e7\u00e3o mostra os percal\u00e7os comuns aos imigrantes.<\/p>\n\n\n\n<p style=\"background-color:#f4dfa4\" class=\"has-background\">\u260c <strong>Onde assistir<\/strong>: <a href=\"https:\/\/www.netflix.com\/pa\/title\/80077127\">Netflix<\/a> <br>\u260c <strong>G\u00eanero<\/strong>: Com\u00e9dia\/Drama<br>\u260c<strong> Dura\u00e7\u00e3o<\/strong>: 1h46<br>\u260c<strong> Lan\u00e7amento<\/strong>: 18 de outubro 2014<br>\u260c<strong>Dire\u00e7\u00e3o<\/strong>: Anthony Lucero<br>\u260c<strong> Elenco<\/strong>: Diana Elizabeth, Yutaka Takeuchi, Kaya Jade e Lane Nishikawa <br>\u260c<strong> Nacionalidade:<\/strong> Estados Unidos da Am\u00e9rica<\/p>\n\n\n\n<h2>7. Sideways \u2013 Entre Umas e Outras <\/h2>\n\n\n\n<div class=\"wp-block-image\"><figure class=\"aligncenter\"><img src=\"http:\/\/www.naoobvio.com\/wp-content\/uploads\/2019\/03\/linha-4-1024x5.png\" alt=\"O atributo alt desta imagem est\u00c3\u0083\u00c2\u0083\u00c3\u0082\u00c2\u0083\u00c3\u0083\u00c2\u0082\u00c3\u0082\u00c2\u0083\u00c3\u0083\u00c2\u0083\u00c3\u0082\u00c2\u0082\u00c3\u0083\u00c2\u0082\u00c3\u0082\u00c2\u0083\u00c3\u0083\u00c2\u0083\u00c3\u0082\u00c2\u0083\u00c3\u0083\u00c2\u0082\u00c3\u0082\u00c2\u0082\u00c3\u0083\u00c2\u0083\u00c3\u0082\u00c2\u0082\u00c3\u0083\u00c2\u0082\u00c3\u0082\u00c2\u0083\u00c3\u0083\u00c2\u0083\u00c3\u0082\u00c2\u0083\u00c3\u0083\u00c2\u0082\u00c3\u0082\u00c2\u0083\u00c3\u0083\u00c2\u0083\u00c3\u0082\u00c2\u0082\u00c3\u0083\u00c2\u0082\u00c3\u0082\u00c2\u0082\u00c3\u0083\u00c2\u0083\u00c3\u0082\u00c2\u0083\u00c3\u0083\u00c2\u0082\u00c3\u0082\u00c2\u0082\u00c3\u0083\u00c2\u0083\u00c3\u0082\u00c2\u0082\u00c3\u0083\u00c2\u0082\u00c3\u0082\u00c2\u00a1 vazio. O nome do arquivo \u00c3\u0083\u00c2\u0083\u00c3\u0082\u00c2\u0083\u00c3\u0083\u00c2\u0082\u00c3\u0082\u00c2\u0083\u00c3\u0083\u00c2\u0083\u00c3\u0082\u00c2\u0082\u00c3\u0083\u00c2\u0082\u00c3\u0082\u00c2\u0083\u00c3\u0083\u00c2\u0083\u00c3\u0082\u00c2\u0083\u00c3\u0083\u00c2\u0082\u00c3\u0082\u00c2\u0082\u00c3\u0083\u00c2\u0083\u00c3\u0082\u00c2\u0082\u00c3\u0083\u00c2\u0082\u00c3\u0082\u00c2\u0083\u00c3\u0083\u00c2\u0083\u00c3\u0082\u00c2\u0083\u00c3\u0083\u00c2\u0082\u00c3\u0082\u00c2\u0083\u00c3\u0083\u00c2\u0083\u00c3\u0082\u00c2\u0082\u00c3\u0083\u00c2\u0082\u00c3\u0082\u00c2\u0082\u00c3\u0083\u00c2\u0083\u00c3\u0082\u00c2\u0083\u00c3\u0083\u00c2\u0082\u00c3\u0082\u00c2\u0082\u00c3\u0083\u00c2\u0083\u00c3\u0082\u00c2\u0082\u00c3\u0083\u00c2\u0082\u00c3\u0082\u00c2\u00a9 linha-4-1024x5.png\"\/><\/figure><\/div>\n\n\n\n<ul class=\"wp-block-gallery columns-1 is-cropped\"><li class=\"blocks-gallery-item\"><figure><img loading=\"lazy\" width=\"1024\" height=\"676\" src=\"http:\/\/www.naoobvio.com\/wp-content\/uploads\/2019\/08\/sideways-1024x676.jpg\" alt=\"\" data-id=\"7548\" data-link=\"http:\/\/www.naoobvio.com\/?attachment_id=7548\" class=\"wp-image-7548\" srcset=\"https:\/\/www.naoobvio.com\/wp-content\/uploads\/2019\/08\/sideways-1024x676.jpg 1024w, https:\/\/www.naoobvio.com\/wp-content\/uploads\/2019\/08\/sideways-300x198.jpg 300w, https:\/\/www.naoobvio.com\/wp-content\/uploads\/2019\/08\/sideways-768x507.jpg 768w, https:\/\/www.naoobvio.com\/wp-content\/uploads\/2019\/08\/sideways.jpg 1100w\" sizes=\"(max-width: 709px) 85vw, (max-width: 909px) 67vw, (max-width: 1362px) 62vw, 840px\" \/><\/figure><\/li><\/ul>\n\n\n\n<figure class=\"wp-block-embed-youtube wp-block-embed is-type-video is-provider-youtube wp-embed-aspect-16-9 wp-has-aspect-ratio\"><div class=\"wp-block-embed__wrapper\">\n<iframe title=\"Sideways - Trailer\" width=\"840\" height=\"473\" src=\"https:\/\/www.youtube.com\/embed\/Pqbz8yojxBY?feature=oembed\" frameborder=\"0\" allow=\"accelerometer; autoplay; encrypted-media; gyroscope; picture-in-picture\" allowfullscreen><\/iframe>\n<\/div><\/figure>\n\n\n\n<p class=\"has-background has-very-light-gray-background-color\">Baseado no livro semi-autobiogr\u00e1fico de Rex Pickett, Sideways conta a hist\u00f3ria de Jack (Thomas Haden), que est\u00e1 prestes a se casar, e Miles (Paul Giamatti), que decide dar ao amigo uma viagem pela Calif\u00f3rnia para conhecer os vinhetos da regi\u00e3o. Nesta aventura memor\u00e1vel, eles degustam vinhos e fazem boas amizades.<br><br>A viagem come\u00e7a com um brinde quando abrem uma garrafa de espumante quente. E a pr\u00f3xima parada \u00e9 na cidade de Solvang, pr\u00f3xima de diversas vin\u00edculas, onde Miles convence Jack a jantar com duas mulheres locais, a gar\u00e7onete Maya (Virginia Madsen) e a balconista Stephanie (Sandra Oh).<br><br>Entre uma dose e outra, di\u00e1logos como o de Miles explicando por que aprecia o vinho Pinot Noir usando a met\u00e1fora da fragilidade da uva e a necessidade que o vinicultor tem de apreciar seu potencial, d\u00e3o um tom de com\u00e9dia \u00e0 trama em quest\u00e3o. <\/p>\n\n\n\n<p style=\"background-color:#f4dfa4\" class=\"has-background\">\u260c <strong>Onde assistir:<\/strong> <a href=\"https:\/\/play.google.com\/store\/movies\/details\/Sideways?id=tDXnT7eMgAU&amp;hl=en_US\">Google Play Filmes<\/a><strong><br><\/strong>\u260c <strong>G\u00eanero:<\/strong> Com\u00e9dia dram\u00e1tica\/ Romance<br>\u260c <strong>Dura\u00e7\u00e3o:<\/strong> 2h07<br>\u260c<strong> Lan\u00e7amento:<\/strong> 2005<strong><br><\/strong>\u260c<strong> Dire\u00e7\u00e3o:<\/strong> Alexander Payne<strong><br><\/strong>\u260c<strong> Elenco:<\/strong> Paul Giamatti, Thomas Haden Church, Sandra Oh e Virginia Madsen.<strong><br><\/strong>\u260c<strong> Nacionalidade:<\/strong> Estados Unidos<\/p>\n\n\n\n<h2>8. Gosto Se Discute<\/h2>\n\n\n\n<div class=\"wp-block-image\"><figure class=\"aligncenter\"><img src=\"http:\/\/www.naoobvio.com\/wp-content\/uploads\/2019\/03\/linha-4-1024x5.png\" alt=\"O atributo alt desta imagem est\u00c3\u0083\u00c2\u0083\u00c3\u0082\u00c2\u0083\u00c3\u0083\u00c2\u0082\u00c3\u0082\u00c2\u0083\u00c3\u0083\u00c2\u0083\u00c3\u0082\u00c2\u0082\u00c3\u0083\u00c2\u0082\u00c3\u0082\u00c2\u0083\u00c3\u0083\u00c2\u0083\u00c3\u0082\u00c2\u0083\u00c3\u0083\u00c2\u0082\u00c3\u0082\u00c2\u0082\u00c3\u0083\u00c2\u0083\u00c3\u0082\u00c2\u0082\u00c3\u0083\u00c2\u0082\u00c3\u0082\u00c2\u0083\u00c3\u0083\u00c2\u0083\u00c3\u0082\u00c2\u0083\u00c3\u0083\u00c2\u0082\u00c3\u0082\u00c2\u0083\u00c3\u0083\u00c2\u0083\u00c3\u0082\u00c2\u0082\u00c3\u0083\u00c2\u0082\u00c3\u0082\u00c2\u0082\u00c3\u0083\u00c2\u0083\u00c3\u0082\u00c2\u0083\u00c3\u0083\u00c2\u0082\u00c3\u0082\u00c2\u0082\u00c3\u0083\u00c2\u0083\u00c3\u0082\u00c2\u0082\u00c3\u0083\u00c2\u0082\u00c3\u0082\u00c2\u00a1 vazio. O nome do arquivo \u00c3\u0083\u00c2\u0083\u00c3\u0082\u00c2\u0083\u00c3\u0083\u00c2\u0082\u00c3\u0082\u00c2\u0083\u00c3\u0083\u00c2\u0083\u00c3\u0082\u00c2\u0082\u00c3\u0083\u00c2\u0082\u00c3\u0082\u00c2\u0083\u00c3\u0083\u00c2\u0083\u00c3\u0082\u00c2\u0083\u00c3\u0083\u00c2\u0082\u00c3\u0082\u00c2\u0082\u00c3\u0083\u00c2\u0083\u00c3\u0082\u00c2\u0082\u00c3\u0083\u00c2\u0082\u00c3\u0082\u00c2\u0083\u00c3\u0083\u00c2\u0083\u00c3\u0082\u00c2\u0083\u00c3\u0083\u00c2\u0082\u00c3\u0082\u00c2\u0083\u00c3\u0083\u00c2\u0083\u00c3\u0082\u00c2\u0082\u00c3\u0083\u00c2\u0082\u00c3\u0082\u00c2\u0082\u00c3\u0083\u00c2\u0083\u00c3\u0082\u00c2\u0083\u00c3\u0083\u00c2\u0082\u00c3\u0082\u00c2\u0082\u00c3\u0083\u00c2\u0083\u00c3\u0082\u00c2\u0082\u00c3\u0083\u00c2\u0082\u00c3\u0082\u00c2\u00a9 linha-4-1024x5.png\"\/><\/figure><\/div>\n\n\n\n<ul class=\"wp-block-gallery columns-1 is-cropped\"><li class=\"blocks-gallery-item\"><figure><img loading=\"lazy\" width=\"1024\" height=\"576\" src=\"https:\/\/www.naoobvio.com\/wp-content\/uploads\/2019\/08\/sed-1-1024x576.jpg\" alt=\"\" data-id=\"8176\" data-link=\"https:\/\/www.naoobvio.com\/?attachment_id=8176\" class=\"wp-image-8176\" srcset=\"https:\/\/www.naoobvio.com\/wp-content\/uploads\/2019\/08\/sed-1-1024x576.jpg 1024w, https:\/\/www.naoobvio.com\/wp-content\/uploads\/2019\/08\/sed-1-300x169.jpg 300w, https:\/\/www.naoobvio.com\/wp-content\/uploads\/2019\/08\/sed-1-768x432.jpg 768w, https:\/\/www.naoobvio.com\/wp-content\/uploads\/2019\/08\/sed-1.jpg 1080w\" sizes=\"(max-width: 709px) 85vw, (max-width: 909px) 67vw, (max-width: 1362px) 62vw, 840px\" \/><\/figure><\/li><\/ul>\n\n\n\n<figure class=\"wp-block-embed-youtube wp-block-embed is-type-video is-provider-youtube wp-embed-aspect-16-9 wp-has-aspect-ratio\"><div class=\"wp-block-embed__wrapper\">\n<iframe title=\"Gosto Se Discute - Trailer Oficial\" width=\"840\" height=\"473\" src=\"https:\/\/www.youtube.com\/embed\/UUXnXVHmfGw?feature=oembed\" frameborder=\"0\" allow=\"accelerometer; autoplay; encrypted-media; gyroscope; picture-in-picture\" allowfullscreen><\/iframe>\n<\/div><\/figure>\n\n\n\n<p class=\"has-background has-very-light-gray-background-color\">De um lado, um restaurante sofisticado. Do outro, um food truck. Entre um e outro, alguns metros, uma rua, duas cal\u00e7adas e um grande embate. <br><br>A trama come\u00e7a quando o chef Augusto (Gabus Mendes) v\u00ea o seu com\u00e9rcio desmoronar, sobretudo com a chegada do food truck do outro lado da rua. Para lidar com a situa\u00e7\u00e3o, ele recebe a visita de Cristina (K\u00e9fera), uma representante do banco que pretende fazer mudan\u00e7as no local. <br><br>Agora, ele ter\u00e1 que bolar um card\u00e1pio novo e salvar seu neg\u00f3cio. Desafiado, o Chef pretende fazer uma verdadeira revolu\u00e7\u00e3o na culin\u00e1ria, mas algo d\u00e1 errado: ele acaba perdendo o paladar. <\/p>\n\n\n\n<p class=\"has-background has-very-light-gray-background-color\"><strong>Nas entrelinhas<\/strong>, o filme aborda a necessidade de romper com preconceitos. O longa apresenta o trabalho gastron\u00f4mico como representa\u00e7\u00e3o das tantas profiss\u00f5es que est\u00e3o passando por mudan\u00e7as dr\u00e1sticas no s\u00e9culo, seja pela rela\u00e7\u00e3o com concorr\u00eancias que buscam firmar mais praticidades ou pelas novas ondas alargadas em redes sociais, como \u00e9 o caso do seguimento fitness. <br><br>O filme, no entanto, vai ainda al\u00e9m, e traz a no\u00e7\u00e3o de que o velho e o novo n\u00e3o precisam necessariamente de uma vis\u00e3o dicot\u00f4mica para manter ra\u00edzes nas misturas entre si. A obra critica a forma do p\u00fablico de lidar com o que&nbsp;est\u00e1 na moda, com abordagem para&nbsp;a falta de valoriza\u00e7\u00e3o para o que j\u00e1 esteve em alta no mercado. <br><br><a href=\"https:\/\/www.correio24horas.com.br\/noticia\/nid\/gosto-se-discute-aborda-a-necessidade-de-romper-com-preconceitos\/\"><strong>Entenda todas as met\u00e1foras e li\u00e7\u00f5es<\/strong><\/a> da obra na cr\u00edtica de Vanessa Brunt (editora-chefe do N\u00c3O \u00d3BVIO) no jornal Correio da Bahia.<\/p>\n\n\n\n<blockquote class=\"wp-block-quote\"><p>Leia a entrevista com a K\u00e9fera Buchmann sobre o filme Gosto Se Discute no <a href=\"http:\/\/www.semquases.com\/2017\/11\/video-dicas-de-filmes-e-series-com.html\">blog Sem Quases<\/a>, parceiro do N\u00c3O \u00d3BVIO. <\/p><\/blockquote>\n\n\n\n<p style=\"background-color:#f4dfa4\" class=\"has-background\">\u260c <strong>Onde assistir<\/strong>: <a href=\"https:\/\/www.netflix.com\/br\/title\/80239606\">Netflix<\/a><br>\u260c <strong>G\u00eanero<\/strong>: Com\u00e9dia<br>\u260c<strong> Dura\u00e7\u00e3o<\/strong>: 1h30<br>\u260c<strong> Lan\u00e7amento<\/strong>: 9 de novembro de 2017<br>\u260c<strong>Dire\u00e7\u00e3o<\/strong>: Andr\u00e9 Pellens<br>\u260c<strong> Elenco<\/strong>: K\u00e9fera Buchmann e Cassio Gabus Mendes<br>\u260c<strong> Nacionalidade:<\/strong> Brasileiro<\/p>\n\n\n\n<h2>9. Chocolate<\/h2>\n\n\n\n<div class=\"wp-block-image\"><figure class=\"aligncenter\"><img src=\"http:\/\/www.naoobvio.com\/wp-content\/uploads\/2019\/03\/linha-4-1024x5.png\" alt=\"O atributo alt desta imagem est\u00c3\u0083\u00c2\u0083\u00c3\u0082\u00c2\u0083\u00c3\u0083\u00c2\u0082\u00c3\u0082\u00c2\u0083\u00c3\u0083\u00c2\u0083\u00c3\u0082\u00c2\u0082\u00c3\u0083\u00c2\u0082\u00c3\u0082\u00c2\u0083\u00c3\u0083\u00c2\u0083\u00c3\u0082\u00c2\u0083\u00c3\u0083\u00c2\u0082\u00c3\u0082\u00c2\u0082\u00c3\u0083\u00c2\u0083\u00c3\u0082\u00c2\u0082\u00c3\u0083\u00c2\u0082\u00c3\u0082\u00c2\u0083\u00c3\u0083\u00c2\u0083\u00c3\u0082\u00c2\u0083\u00c3\u0083\u00c2\u0082\u00c3\u0082\u00c2\u0083\u00c3\u0083\u00c2\u0083\u00c3\u0082\u00c2\u0082\u00c3\u0083\u00c2\u0082\u00c3\u0082\u00c2\u0082\u00c3\u0083\u00c2\u0083\u00c3\u0082\u00c2\u0083\u00c3\u0083\u00c2\u0082\u00c3\u0082\u00c2\u0082\u00c3\u0083\u00c2\u0083\u00c3\u0082\u00c2\u0082\u00c3\u0083\u00c2\u0082\u00c3\u0082\u00c2\u00a1 vazio. O nome do arquivo \u00c3\u0083\u00c2\u0083\u00c3\u0082\u00c2\u0083\u00c3\u0083\u00c2\u0082\u00c3\u0082\u00c2\u0083\u00c3\u0083\u00c2\u0083\u00c3\u0082\u00c2\u0082\u00c3\u0083\u00c2\u0082\u00c3\u0082\u00c2\u0083\u00c3\u0083\u00c2\u0083\u00c3\u0082\u00c2\u0083\u00c3\u0083\u00c2\u0082\u00c3\u0082\u00c2\u0082\u00c3\u0083\u00c2\u0083\u00c3\u0082\u00c2\u0082\u00c3\u0083\u00c2\u0082\u00c3\u0082\u00c2\u0083\u00c3\u0083\u00c2\u0083\u00c3\u0082\u00c2\u0083\u00c3\u0083\u00c2\u0082\u00c3\u0082\u00c2\u0083\u00c3\u0083\u00c2\u0083\u00c3\u0082\u00c2\u0082\u00c3\u0083\u00c2\u0082\u00c3\u0082\u00c2\u0082\u00c3\u0083\u00c2\u0083\u00c3\u0082\u00c2\u0083\u00c3\u0083\u00c2\u0082\u00c3\u0082\u00c2\u0082\u00c3\u0083\u00c2\u0083\u00c3\u0082\u00c2\u0082\u00c3\u0083\u00c2\u0082\u00c3\u0082\u00c2\u00a9 linha-4-1024x5.png\"\/><\/figure><\/div>\n\n\n\n<ul class=\"wp-block-gallery columns-1 is-cropped\"><li class=\"blocks-gallery-item\"><figure><img loading=\"lazy\" width=\"1024\" height=\"686\" src=\"http:\/\/www.naoobvio.com\/wp-content\/uploads\/2019\/08\/filme-chocolate-julia-sardenberg-bethenny-frankel-pinterest-vianne-armande-na-chocolateria-maya-ickfd1-1024x686.jpg\" alt=\"\" data-id=\"7556\" data-link=\"http:\/\/www.naoobvio.com\/?attachment_id=7556\" class=\"wp-image-7556\" srcset=\"https:\/\/www.naoobvio.com\/wp-content\/uploads\/2019\/08\/filme-chocolate-julia-sardenberg-bethenny-frankel-pinterest-vianne-armande-na-chocolateria-maya-ickfd1-1024x686.jpg 1024w, https:\/\/www.naoobvio.com\/wp-content\/uploads\/2019\/08\/filme-chocolate-julia-sardenberg-bethenny-frankel-pinterest-vianne-armande-na-chocolateria-maya-ickfd1-300x201.jpg 300w, https:\/\/www.naoobvio.com\/wp-content\/uploads\/2019\/08\/filme-chocolate-julia-sardenberg-bethenny-frankel-pinterest-vianne-armande-na-chocolateria-maya-ickfd1-768x515.jpg 768w, https:\/\/www.naoobvio.com\/wp-content\/uploads\/2019\/08\/filme-chocolate-julia-sardenberg-bethenny-frankel-pinterest-vianne-armande-na-chocolateria-maya-ickfd1.jpg 1125w\" sizes=\"(max-width: 709px) 85vw, (max-width: 909px) 67vw, (max-width: 1362px) 62vw, 840px\" \/><\/figure><\/li><\/ul>\n\n\n\n<figure class=\"wp-block-embed-youtube wp-block-embed is-type-video is-provider-youtube wp-embed-aspect-16-9 wp-has-aspect-ratio\"><div class=\"wp-block-embed__wrapper\">\n<iframe title=\"Chocolat | Official Trailer (HD) - Johnny Depp, Judi Dench | MIRAMAX\" width=\"840\" height=\"473\" src=\"https:\/\/www.youtube.com\/embed\/692hOJq1KJE?feature=oembed\" frameborder=\"0\" allow=\"accelerometer; autoplay; encrypted-media; gyroscope; picture-in-picture\" allowfullscreen><\/iframe>\n<\/div><\/figure>\n\n\n\n<p class=\"has-background has-very-light-gray-background-color\">Baseado em <a href=\"https:\/\/www.travessa.com.br\/chocolate\/artigo\/77f47986-1749-42cc-878a-6e11c983e61c\">Chocolate<\/a>, de Joanne Harris, o filme se passa no ano de 1959 em um pequeno vilarejo na Fran\u00e7a. Vianne Rocher (Juliette Binoche), uma m\u00e3e solteira viaja levando chocolate pelo mundo. Ao chegar no pequeno vilarejo, Vianne tem a dif\u00edcil tarefa e convencer os moradores com o chocolate em plena Quaresma. <br><br>Ao alugar uma confeitaria, que recebe o nome de Chocolaterie Maya, a personagem encontra um conflituoso relacionamento com o l\u00edder local, o conde de Reyaud, que faz a cabe\u00e7a das pessoas do vilarejo contra Vianne. <br><br>O que o conde n\u00e3o contava era com o poder que o chocolate exerce sobre as pessoas, sendo capaz de transformar e revelar os sentimentos mais profundos. <\/p>\n\n\n\n<p style=\"background-color:#f4dfa4\" class=\"has-background\">\u260c <strong>Onde assistir:<\/strong> <a href=\"https:\/\/play.google.com\/store\/movies\/details?id=Dh0O7p8fcRc\">Google Play Filmes<\/a><br>\u260c <strong>G\u00eanero:<\/strong> Drama\/Romance<br>\u260c <strong>Dura\u00e7\u00e3o:<\/strong> 2h01<br>\u260c <strong>Lan\u00e7amento:<\/strong> 2001<br>\u260c <strong>Dire\u00e7\u00e3o:<\/strong> Lasse Hallstrom<br>\u260c <strong>Elenco:<\/strong> Juliette Binoche, Johnny Depp e Judi Dench<br>\u260c <strong>Nacionalidade:<\/strong> Britanico-estadunidense<\/p>\n\n\n\n<h2>10. O Sabor da Magia <\/h2>\n\n\n\n<div class=\"wp-block-image\"><figure class=\"aligncenter\"><img src=\"http:\/\/www.naoobvio.com\/wp-content\/uploads\/2019\/03\/linha-4-1024x5.png\" alt=\"O atributo alt desta imagem est\u00c3\u0083\u00c2\u0083\u00c3\u0082\u00c2\u0083\u00c3\u0083\u00c2\u0082\u00c3\u0082\u00c2\u0083\u00c3\u0083\u00c2\u0083\u00c3\u0082\u00c2\u0082\u00c3\u0083\u00c2\u0082\u00c3\u0082\u00c2\u0083\u00c3\u0083\u00c2\u0083\u00c3\u0082\u00c2\u0083\u00c3\u0083\u00c2\u0082\u00c3\u0082\u00c2\u0082\u00c3\u0083\u00c2\u0083\u00c3\u0082\u00c2\u0082\u00c3\u0083\u00c2\u0082\u00c3\u0082\u00c2\u0083\u00c3\u0083\u00c2\u0083\u00c3\u0082\u00c2\u0083\u00c3\u0083\u00c2\u0082\u00c3\u0082\u00c2\u0083\u00c3\u0083\u00c2\u0083\u00c3\u0082\u00c2\u0082\u00c3\u0083\u00c2\u0082\u00c3\u0082\u00c2\u0082\u00c3\u0083\u00c2\u0083\u00c3\u0082\u00c2\u0083\u00c3\u0083\u00c2\u0082\u00c3\u0082\u00c2\u0082\u00c3\u0083\u00c2\u0083\u00c3\u0082\u00c2\u0082\u00c3\u0083\u00c2\u0082\u00c3\u0082\u00c2\u00a1 vazio. O nome do arquivo \u00c3\u0083\u00c2\u0083\u00c3\u0082\u00c2\u0083\u00c3\u0083\u00c2\u0082\u00c3\u0082\u00c2\u0083\u00c3\u0083\u00c2\u0083\u00c3\u0082\u00c2\u0082\u00c3\u0083\u00c2\u0082\u00c3\u0082\u00c2\u0083\u00c3\u0083\u00c2\u0083\u00c3\u0082\u00c2\u0083\u00c3\u0083\u00c2\u0082\u00c3\u0082\u00c2\u0082\u00c3\u0083\u00c2\u0083\u00c3\u0082\u00c2\u0082\u00c3\u0083\u00c2\u0082\u00c3\u0082\u00c2\u0083\u00c3\u0083\u00c2\u0083\u00c3\u0082\u00c2\u0083\u00c3\u0083\u00c2\u0082\u00c3\u0082\u00c2\u0083\u00c3\u0083\u00c2\u0083\u00c3\u0082\u00c2\u0082\u00c3\u0083\u00c2\u0082\u00c3\u0082\u00c2\u0082\u00c3\u0083\u00c2\u0083\u00c3\u0082\u00c2\u0083\u00c3\u0083\u00c2\u0082\u00c3\u0082\u00c2\u0082\u00c3\u0083\u00c2\u0083\u00c3\u0082\u00c2\u0082\u00c3\u0083\u00c2\u0082\u00c3\u0082\u00c2\u00a9 linha-4-1024x5.png\"\/><\/figure><\/div>\n\n\n\n<ul class=\"wp-block-gallery columns-1 is-cropped\"><li class=\"blocks-gallery-item\"><figure><img loading=\"lazy\" width=\"1024\" height=\"683\" src=\"http:\/\/www.naoobvio.com\/wp-content\/uploads\/2019\/08\/Mistress-of-Spice-Still-aishwarya-rai-230686_1920_1280-1024x683.jpg\" alt=\"\" data-id=\"7551\" data-link=\"http:\/\/www.naoobvio.com\/?attachment_id=7551\" class=\"wp-image-7551\" srcset=\"https:\/\/www.naoobvio.com\/wp-content\/uploads\/2019\/08\/Mistress-of-Spice-Still-aishwarya-rai-230686_1920_1280-1024x683.jpg 1024w, https:\/\/www.naoobvio.com\/wp-content\/uploads\/2019\/08\/Mistress-of-Spice-Still-aishwarya-rai-230686_1920_1280-300x200.jpg 300w, https:\/\/www.naoobvio.com\/wp-content\/uploads\/2019\/08\/Mistress-of-Spice-Still-aishwarya-rai-230686_1920_1280-768x512.jpg 768w, https:\/\/www.naoobvio.com\/wp-content\/uploads\/2019\/08\/Mistress-of-Spice-Still-aishwarya-rai-230686_1920_1280-1200x800.jpg 1200w, https:\/\/www.naoobvio.com\/wp-content\/uploads\/2019\/08\/Mistress-of-Spice-Still-aishwarya-rai-230686_1920_1280-1320x880.jpg 1320w, https:\/\/www.naoobvio.com\/wp-content\/uploads\/2019\/08\/Mistress-of-Spice-Still-aishwarya-rai-230686_1920_1280.jpg 1920w\" sizes=\"(max-width: 709px) 85vw, (max-width: 909px) 67vw, (max-width: 1362px) 62vw, 840px\" \/><\/figure><\/li><\/ul>\n\n\n\n<figure class=\"wp-block-embed-youtube wp-block-embed is-type-video is-provider-youtube wp-embed-aspect-4-3 wp-has-aspect-ratio\"><div class=\"wp-block-embed__wrapper\">\n<iframe title=\"O Sabor da Magia (Trailer)\" width=\"840\" height=\"630\" src=\"https:\/\/www.youtube.com\/embed\/3cLGO1Wl56M?feature=oembed\" frameborder=\"0\" allow=\"accelerometer; autoplay; encrypted-media; gyroscope; picture-in-picture\" allowfullscreen><\/iframe>\n<\/div><\/figure>\n\n\n\n<p class=\"has-background has-very-light-gray-background-color\">O Sabor da Magia \u00e9 uma hist\u00f3ria sensual que mistura em sua trama romance e a descoberta do amor. Tilo (Aishwara Rai), a protagonista, \u00e9 uma misteriosa dona de uma loja de especiarias e possui o dom de transformar seus ingredientes em por\u00e7\u00f5es que curam pessoas.<br><br>Mas h\u00e1 uma \u00fanica regra: ela nunca poder\u00e1 provar da sua pr\u00f3pria receio e se apaixonar, em hip\u00f3tese alguma. \u00c9 quando Doug (Dylan McDermott) entra no seu caminho, e caso ela se entregue, tudo se perder\u00e1 para sempre. A partir deste momento, os clientes come\u00e7am a relatar problemas ocasionados pelas receitas que Tilo vendeu. Assim, ela precisa escolher entre esta paix\u00e3o ou os seus dons.<br><br>Uma adapta\u00e7\u00e3o de A senhora das especiarias, o filme levou da bilheteria 1,338 milh\u00f5es USD em seu ano de lan\u00e7amento. Para quem n\u00e3o gosta de filme \u00e1gua com a\u00e7\u00facar, O Sabor da Magia viaja at\u00e9 a \u00cdndia trazendo os temperos, simbologias e poderes m\u00e1gicos. <\/p>\n\n\n\n<p style=\"background-color:#f4dfa4\" class=\"has-background\">\u260c <strong>Onde assistir:<\/strong> <a href=\"https:\/\/lista.mercadolivre.com.br\/filme-o-sabor-da-magia\">adquira o DVD<\/a><strong><br><\/strong>\u260c <strong>G\u00eanero:<\/strong> Adapta\u00e7\u00e3o f\u00edlmica\/Drama<strong><br><\/strong>\u260c<strong> Dura\u00e7\u00e3o:<\/strong> 1h36<strong><br><\/strong>\u260c<strong> Lan\u00e7amento:<\/strong> 2006<strong><br><\/strong>\u260c<strong> Dire\u00e7\u00e3o:<\/strong> Paul Mayeda Berges<strong><br><\/strong>\u260c<strong> Elenco:<\/strong> Aishwarya Rai, Dylan McDermott e Nitin Ganatra<strong><br><\/strong>\u260c<strong> Nacionalidade:<\/strong> Reino Unido<\/p>\n\n\n\n<h2><em>EXTRA!<\/em> Pegando Fogo<\/h2>\n\n\n\n<div class=\"wp-block-image\"><figure class=\"aligncenter\"><img src=\"http:\/\/www.naoobvio.com\/wp-content\/uploads\/2019\/03\/linha-4-1024x5.png\" alt=\"O atributo alt desta imagem est\u00c3\u0083\u00c2\u0083\u00c3\u0082\u00c2\u0083\u00c3\u0083\u00c2\u0082\u00c3\u0082\u00c2\u0083\u00c3\u0083\u00c2\u0083\u00c3\u0082\u00c2\u0082\u00c3\u0083\u00c2\u0082\u00c3\u0082\u00c2\u0083\u00c3\u0083\u00c2\u0083\u00c3\u0082\u00c2\u0083\u00c3\u0083\u00c2\u0082\u00c3\u0082\u00c2\u0082\u00c3\u0083\u00c2\u0083\u00c3\u0082\u00c2\u0082\u00c3\u0083\u00c2\u0082\u00c3\u0082\u00c2\u0083\u00c3\u0083\u00c2\u0083\u00c3\u0082\u00c2\u0083\u00c3\u0083\u00c2\u0082\u00c3\u0082\u00c2\u0083\u00c3\u0083\u00c2\u0083\u00c3\u0082\u00c2\u0082\u00c3\u0083\u00c2\u0082\u00c3\u0082\u00c2\u0082\u00c3\u0083\u00c2\u0083\u00c3\u0082\u00c2\u0083\u00c3\u0083\u00c2\u0082\u00c3\u0082\u00c2\u0082\u00c3\u0083\u00c2\u0083\u00c3\u0082\u00c2\u0082\u00c3\u0083\u00c2\u0082\u00c3\u0082\u00c2\u00a1 vazio. O nome do arquivo \u00c3\u0083\u00c2\u0083\u00c3\u0082\u00c2\u0083\u00c3\u0083\u00c2\u0082\u00c3\u0082\u00c2\u0083\u00c3\u0083\u00c2\u0083\u00c3\u0082\u00c2\u0082\u00c3\u0083\u00c2\u0082\u00c3\u0082\u00c2\u0083\u00c3\u0083\u00c2\u0083\u00c3\u0082\u00c2\u0083\u00c3\u0083\u00c2\u0082\u00c3\u0082\u00c2\u0082\u00c3\u0083\u00c2\u0083\u00c3\u0082\u00c2\u0082\u00c3\u0083\u00c2\u0082\u00c3\u0082\u00c2\u0083\u00c3\u0083\u00c2\u0083\u00c3\u0082\u00c2\u0083\u00c3\u0083\u00c2\u0082\u00c3\u0082\u00c2\u0083\u00c3\u0083\u00c2\u0083\u00c3\u0082\u00c2\u0082\u00c3\u0083\u00c2\u0082\u00c3\u0082\u00c2\u0082\u00c3\u0083\u00c2\u0083\u00c3\u0082\u00c2\u0083\u00c3\u0083\u00c2\u0082\u00c3\u0082\u00c2\u0082\u00c3\u0083\u00c2\u0083\u00c3\u0082\u00c2\u0082\u00c3\u0083\u00c2\u0082\u00c3\u0082\u00c2\u00a9 linha-4-1024x5.png\"\/><\/figure><\/div>\n\n\n\n<ul class=\"wp-block-gallery columns-1 is-cropped\"><li class=\"blocks-gallery-item\"><figure><img loading=\"lazy\" width=\"1024\" height=\"730\" src=\"https:\/\/www.naoobvio.com\/wp-content\/uploads\/2019\/08\/Pegando-fogo-filme-1024x730.jpg\" alt=\"\" data-id=\"7863\" data-link=\"https:\/\/www.naoobvio.com\/?attachment_id=7863\" class=\"wp-image-7863\" srcset=\"https:\/\/www.naoobvio.com\/wp-content\/uploads\/2019\/08\/Pegando-fogo-filme-1024x730.jpg 1024w, https:\/\/www.naoobvio.com\/wp-content\/uploads\/2019\/08\/Pegando-fogo-filme-300x214.jpg 300w, https:\/\/www.naoobvio.com\/wp-content\/uploads\/2019\/08\/Pegando-fogo-filme-768x547.jpg 768w, https:\/\/www.naoobvio.com\/wp-content\/uploads\/2019\/08\/Pegando-fogo-filme.jpg 1078w\" sizes=\"(max-width: 709px) 85vw, (max-width: 909px) 67vw, (max-width: 1362px) 62vw, 840px\" \/><\/figure><\/li><\/ul>\n\n\n\n<figure class=\"wp-block-embed-youtube wp-block-embed is-type-video is-provider-youtube wp-embed-aspect-4-3 wp-has-aspect-ratio\"><div class=\"wp-block-embed__wrapper\">\n<iframe title=\"Pegando Fogo - Trailer legendado\" width=\"840\" height=\"630\" src=\"https:\/\/www.youtube.com\/embed\/vRRV_99s8n4?feature=oembed\" frameborder=\"0\" allow=\"accelerometer; autoplay; encrypted-media; gyroscope; picture-in-picture\" allowfullscreen><\/iframe>\n<\/div><\/figure>\n\n\n\n<p class=\"has-background has-very-light-gray-background-color\">Apesar de mais conhecido, o filme Pegando Fogo fica como mais uma indica\u00e7\u00e3o para quem est\u00e1 ca\u00e7ando produ\u00e7\u00f5es do g\u00eanero pela Netflix. Nele, Adam Jones (Bradley Cooper) \u00e9 um chef egoc\u00eantrico e mal-humorado que ap\u00f3s um tempo afastado decide montar uma equipe para estrear em um restaurante premiado.<br><br>Acontece que da \u00faltima vez, tudo deu errado. Na tentativa de fazer tudo diferente, o Chef combinava a explos\u00e3o de sabores, assim como o seu temperamento, igualmente explosivo. <br><br>Mas agora, para ganhar a t\u00e3o sonhada estrela no concurso Michelin, ele ter\u00e1 que recrutar os melhores para estar ao seu lado. A equipe, por sua vez, ter\u00e1 que lidar com as loucuras deste chef. <\/p>\n\n\n\n<p style=\"background-color:#f4dfa4\" class=\"has-background\">\u260c <strong>Onde assistir<\/strong>: <a href=\"https:\/\/www.netflix.com\/us-pt\/title\/80048561\">Netflix<\/a><br>\u260c <strong>G\u00eanero<\/strong>: Drama\/Com\u00e9dia<br>\u260c<strong> Dura\u00e7\u00e3o<\/strong>: 1h41<br>\u260c<strong> Lan\u00e7amento<\/strong>: 10 de dezembro de 2015 <br>\u260c<strong>Dire\u00e7\u00e3o<\/strong>: John Wells<br>\u260c<strong> Elenco<\/strong>: Bradley Cooper, Emma Thompson e Omar Sy<br>\u260c<strong> Nacionalidade:<\/strong> Estados Unidos da Am\u00e9rica<\/p>\n\n\n\n<p style=\"background-color:#fdeec6\" class=\"has-background has-drop-cap\">E<em><strong>xtra!<\/strong><\/em> Para quem \u00e9 apaixonado por livros e quer degustar literatura de qualidade com di\u00e1logos que envolvem gastronomia de diversos lugares, confira a lista de <a href=\"http:\/\/www.naoobvio.com\/index.php\/2019\/06\/07\/7-livros-nao-obvios-que-misturam-literatura-e-culinaria\/\">sete livros que misturam literatura e gastronomia<\/a>.<\/p>\n\n\n\n<div class=\"wp-block-image\"><figure class=\"alignleft is-resized\"><img loading=\"lazy\" src=\"https:\/\/www.naoobvio.com\/wp-content\/uploads\/2019\/08\/nott.gif\" alt=\"\" class=\"wp-image-8187\" width=\"494\" height=\"371\"\/><\/figure><\/div>\n\n\n\n<p class=\"has-text-color has-background has-very-light-gray-color has-vivid-red-background-color\">Esta lista contou com colabora\u00e7\u00f5es de Vanessa Brunt, editora-chefe do N\u00c3O \u00d3BVIO.<\/p>\n","protected":false},"excerpt":{"rendered":"<p>A gastronomia serve como met\u00e1foras para tratar de temas como autoconhecimento, empreendedorismo e romance em diversas produ\u00e7\u00f5es cinematogr\u00e1ficas. Conhe\u00e7a tramas com roteiros fora dos clich\u00eas para dar \u00e1gua na boca e ampliar as li\u00e7\u00f5es de vida. <\/p>\n","protected":false},"author":10,"featured_media":8179,"comment_status":"open","ping_status":"open","sticky":false,"template":"","format":"standard","meta":[],"categories":[14,16],"tags":[109,351,271,107,356,111,357,110],"acf":[],"yoast_head":"<!-- This site is optimized with the Yoast SEO plugin v15.9.2 - https:\/\/yoast.com\/wordpress\/plugins\/seo\/ -->\n<title>10 FILMES NADA \u00d3BVIOS SOBRE O UNIVERSO DA GASTRONOMIA - N\u00e3o \u00d3bvio<\/title>\n<meta name=\"robots\" content=\"index, follow, max-snippet:-1, max-image-preview:large, max-video-preview:-1\" \/>\n<link rel=\"canonical\" href=\"https:\/\/www.naoobvio.com\/index.php\/2019\/08\/14\/10-filmes-nada-obvios-sobre-o-universo-da-gastronomia\/\" \/>\n<meta property=\"og:locale\" content=\"pt_BR\" \/>\n<meta property=\"og:type\" content=\"article\" \/>\n<meta property=\"og:title\" content=\"10 FILMES NADA \u00d3BVIOS SOBRE O UNIVERSO DA GASTRONOMIA - N\u00e3o \u00d3bvio\" \/>\n<meta property=\"og:url\" content=\"https:\/\/www.naoobvio.com\/index.php\/2019\/08\/14\/10-filmes-nada-obvios-sobre-o-universo-da-gastronomia\/\" \/>\n<meta property=\"og:site_name\" content=\"N\u00e3o \u00d3bvio\" \/>\n<meta property=\"article:publisher\" content=\"http:\/\/facebook.com\/nao.obvio\" \/>\n<meta property=\"article:published_time\" content=\"2019-08-14T16:16:00+00:00\" \/>\n<meta property=\"article:modified_time\" content=\"2019-08-14T16:46:07+00:00\" \/>\n<meta property=\"og:image\" content=\"https:\/\/www.naoobvio.com\/wp-content\/uploads\/2019\/08\/doc.jpg\" \/>\n\t<meta property=\"og:image:width\" content=\"4368\" \/>\n\t<meta property=\"og:image:height\" content=\"2912\" \/>\n<meta name=\"twitter:card\" content=\"summary_large_image\" \/>\n<meta name=\"twitter:label1\" content=\"Est. reading time\">\n\t<meta name=\"twitter:data1\" content=\"13 minutos\">\n<script type=\"application\/ld+json\" class=\"yoast-schema-graph\">{\"@context\":\"https:\/\/schema.org\",\"@graph\":[{\"@type\":\"WebSite\",\"@id\":\"https:\/\/www.naoobvio.com\/#website\",\"url\":\"https:\/\/www.naoobvio.com\/\",\"name\":\"N\\u00e3o \\u00d3bvio\",\"description\":\"O que falta na sua  lista\",\"potentialAction\":[{\"@type\":\"SearchAction\",\"target\":\"https:\/\/www.naoobvio.com\/?s={search_term_string}\",\"query-input\":\"required name=search_term_string\"}],\"inLanguage\":\"pt-BR\"},{\"@type\":\"ImageObject\",\"@id\":\"https:\/\/www.naoobvio.com\/index.php\/2019\/08\/14\/10-filmes-nada-obvios-sobre-o-universo-da-gastronomia\/#primaryimage\",\"inLanguage\":\"pt-BR\",\"url\":\"https:\/\/www.naoobvio.com\/wp-content\/uploads\/2019\/08\/doc.jpg\",\"width\":4368,\"height\":2912},{\"@type\":\"WebPage\",\"@id\":\"https:\/\/www.naoobvio.com\/index.php\/2019\/08\/14\/10-filmes-nada-obvios-sobre-o-universo-da-gastronomia\/#webpage\",\"url\":\"https:\/\/www.naoobvio.com\/index.php\/2019\/08\/14\/10-filmes-nada-obvios-sobre-o-universo-da-gastronomia\/\",\"name\":\"10 FILMES NADA \\u00d3BVIOS SOBRE O UNIVERSO DA GASTRONOMIA - N\\u00e3o \\u00d3bvio\",\"isPartOf\":{\"@id\":\"https:\/\/www.naoobvio.com\/#website\"},\"primaryImageOfPage\":{\"@id\":\"https:\/\/www.naoobvio.com\/index.php\/2019\/08\/14\/10-filmes-nada-obvios-sobre-o-universo-da-gastronomia\/#primaryimage\"},\"datePublished\":\"2019-08-14T16:16:00+00:00\",\"dateModified\":\"2019-08-14T16:46:07+00:00\",\"author\":{\"@id\":\"https:\/\/www.naoobvio.com\/#\/schema\/person\/917890ba2c7c33140094e43d57da3d06\"},\"breadcrumb\":{\"@id\":\"https:\/\/www.naoobvio.com\/index.php\/2019\/08\/14\/10-filmes-nada-obvios-sobre-o-universo-da-gastronomia\/#breadcrumb\"},\"inLanguage\":\"pt-BR\",\"potentialAction\":[{\"@type\":\"ReadAction\",\"target\":[\"https:\/\/www.naoobvio.com\/index.php\/2019\/08\/14\/10-filmes-nada-obvios-sobre-o-universo-da-gastronomia\/\"]}]},{\"@type\":\"BreadcrumbList\",\"@id\":\"https:\/\/www.naoobvio.com\/index.php\/2019\/08\/14\/10-filmes-nada-obvios-sobre-o-universo-da-gastronomia\/#breadcrumb\",\"itemListElement\":[{\"@type\":\"ListItem\",\"position\":1,\"item\":{\"@type\":\"WebPage\",\"@id\":\"https:\/\/www.naoobvio.com\/\",\"url\":\"https:\/\/www.naoobvio.com\/\",\"name\":\"In\\u00edcio\"}},{\"@type\":\"ListItem\",\"position\":2,\"item\":{\"@type\":\"WebPage\",\"@id\":\"https:\/\/www.naoobvio.com\/index.php\/2019\/08\/14\/10-filmes-nada-obvios-sobre-o-universo-da-gastronomia\/\",\"url\":\"https:\/\/www.naoobvio.com\/index.php\/2019\/08\/14\/10-filmes-nada-obvios-sobre-o-universo-da-gastronomia\/\",\"name\":\"10 FILMES NADA \\u00d3BVIOS SOBRE O UNIVERSO DA GASTRONOMIA\"}}]},{\"@type\":\"Person\",\"@id\":\"https:\/\/www.naoobvio.com\/#\/schema\/person\/917890ba2c7c33140094e43d57da3d06\",\"name\":\"Karol Amaral \\u2022 @versoscafeinados\",\"image\":{\"@type\":\"ImageObject\",\"@id\":\"https:\/\/www.naoobvio.com\/#personlogo\",\"inLanguage\":\"pt-BR\",\"url\":\"https:\/\/secure.gravatar.com\/avatar\/8c9059149a033853301647f5c9e54d11?s=96&d=mm&r=g\",\"caption\":\"Karol Amaral \\u2022 @versoscafeinados\"},\"description\":\"Karoline do Amaral \\u00e9 baiana de 1999, nascida em Feira de Santana. Acad\\u00eamica de Licenciatura em Letras Vern\\u00e1culas na Universidade Estadual de Feira de Santana (UEFS). Aspirante \\u00e0 poesia, autora do livro Versos Cafeinados, estudante e professora. Com os versos mais sinceros que v\\u00eam do cora\\u00e7\\u00e3o, encontrou na escrita alento para os pesos e as levezas da vida.\"}]}<\/script>\n<!-- \/ Yoast SEO plugin. -->","_links":{"self":[{"href":"https:\/\/www.naoobvio.com\/index.php\/wp-json\/wp\/v2\/posts\/6182"}],"collection":[{"href":"https:\/\/www.naoobvio.com\/index.php\/wp-json\/wp\/v2\/posts"}],"about":[{"href":"https:\/\/www.naoobvio.com\/index.php\/wp-json\/wp\/v2\/types\/post"}],"author":[{"embeddable":true,"href":"https:\/\/www.naoobvio.com\/index.php\/wp-json\/wp\/v2\/users\/10"}],"replies":[{"embeddable":true,"href":"https:\/\/www.naoobvio.com\/index.php\/wp-json\/wp\/v2\/comments?post=6182"}],"version-history":[{"count":22,"href":"https:\/\/www.naoobvio.com\/index.php\/wp-json\/wp\/v2\/posts\/6182\/revisions"}],"predecessor-version":[{"id":8196,"href":"https:\/\/www.naoobvio.com\/index.php\/wp-json\/wp\/v2\/posts\/6182\/revisions\/8196"}],"wp:featuredmedia":[{"embeddable":true,"href":"https:\/\/www.naoobvio.com\/index.php\/wp-json\/wp\/v2\/media\/8179"}],"wp:attachment":[{"href":"https:\/\/www.naoobvio.com\/index.php\/wp-json\/wp\/v2\/media?parent=6182"}],"wp:term":[{"taxonomy":"category","embeddable":true,"href":"https:\/\/www.naoobvio.com\/index.php\/wp-json\/wp\/v2\/categories?post=6182"},{"taxonomy":"post_tag","embeddable":true,"href":"https:\/\/www.naoobvio.com\/index.php\/wp-json\/wp\/v2\/tags?post=6182"}],"curies":[{"name":"wp","href":"https:\/\/api.w.org\/{rel}","templated":true}]}}