{"id":8712,"date":"2019-08-22T06:00:48","date_gmt":"2019-08-22T09:00:48","guid":{"rendered":"https:\/\/www.naoobvio.com\/?p=8712"},"modified":"2019-08-22T00:32:02","modified_gmt":"2019-08-22T03:32:02","slug":"5-e-books-gratuitos-para-impulsionar-redes-sociais-de-negocios","status":"publish","type":"post","link":"https:\/\/www.naoobvio.com\/index.php\/2019\/08\/22\/5-e-books-gratuitos-para-impulsionar-redes-sociais-de-negocios\/","title":{"rendered":"5 E-BOOKS GRATUITOS PARA IMPULSIONAR REDES SOCIAIS DE NEG\u00d3CIOS"},"content":{"rendered":"\n<p>Ultraconectado, <a rel=\"noreferrer noopener\" aria-label=\"o brasileiro \u00e9 um dos campe\u00f5es em tempo conectado na internet.  (abre numa nova aba)\" href=\"https:\/\/g1.globo.com\/especial-publicitario\/em-movimento\/noticia\/2018\/10\/22\/brasileiro-e-um-dos-campeoes-em-tempo-conectado-na-internet.ghtml\" target=\"_blank\">o brasileiro \u00e9 um dos campe\u00f5es<\/a> em tempo de acesso di\u00e1rio na internet. De acordo com a pesquisa <a href=\"https:\/\/materiais.rockcontent.com\/social-media-trends\">S<\/a><a rel=\"noreferrer noopener\" aria-label=\"ocial Media Trends 2019 (abre numa nova aba)\" href=\"https:\/\/materiais.rockcontent.com\/social-media-trends\" target=\"_blank\">ocial Media Trends 2019<\/a>, 96,2% dos usu\u00e1rios no Brasil est\u00e3o em alguma rede social. E \u00e9 em busca desse p\u00fablico que as marcas e empresas est\u00e3o cada vez mais presentes nas plataformas online.\u00a0<\/p>\n\n\n\n<p>Em 2018, o marketing digital foi considerado <a rel=\"noreferrer noopener\" aria-label=\"o principal canal de investimentos para publicidade (abre numa nova aba)\" href=\"https:\/\/exame.abril.com.br\/negocios\/dino\/marketing-digital-esta-em-alta-e-seu-investimento-deve-crescer-12-ate-2021\/\" target=\"_blank\">o principal canal de investimentos para publicidade<\/a> e o crescimento desse segmento s\u00f3 refor\u00e7a a import\u00e2ncia de estar presente na internet e, principalmente, nas redes para se destacar no mercado. <\/p>\n\n\n\n<p>Seja para se aproximar da audi\u00eancia ou ficar perto das tend\u00eancias, o monitoramento e gerenciamento das m\u00eddias sociais \u00e9 uma ferramenta de trabalho de divulga\u00e7\u00e3o e&nbsp;pode fortalecer ainda mais o relacionamento das marcas com o p\u00fablico-alvo.<\/p>\n\n\n\n<div class=\"wp-block-image\"><figure class=\"alignleft is-resized\"><img loading=\"lazy\" src=\"https:\/\/www.naoobvio.com\/wp-content\/uploads\/2019\/08\/3131wf.gif\" alt=\"\" class=\"wp-image-8735\" width=\"486\" height=\"364\"\/><\/figure><\/div>\n\n\n\n<p class=\"has-text-color has-background has-very-light-gray-color has-very-dark-gray-background-color\">Para as empresas e marcas que est\u00e3o iniciando ou buscando um melhor crescimento nas plataformas, confira abaixo uma sele\u00e7\u00e3o com cinco e-books gratuitos que abordam temas sobre engajamento, vendas, marketing, conte\u00fado e re\u00fanem dicas pr\u00e1ticas para quem deseja aperfei\u00e7oar o gerenciamento das redes sociais.\u00a0<br><br><em>Veja sem ordem de prefer\u00eancias:<\/em><\/p>\n\n\n\n<figure class=\"wp-block-image\"><img src=\"https:\/\/techcrunch.com\/wp-content\/uploads\/2018\/01\/giphy1.gif?w=730&amp;crop=1\" alt=\"Resultado de imagem para gif instagram\"\/><\/figure>\n\n\n\n<p style=\"background-color:#d5b6b6\" class=\"has-background\">\u260c Uma dica extra para quem quer buscar formas ainda mais diferenciadas de fidelizar p\u00fablicos, \u00e9 tamb\u00e9m acessar mais informa\u00e7\u00f5es sobre <a href=\"https:\/\/rockcontent.com\/blog\/storytelling-guia\/\">storytelling<\/a>, termo famoso atualmente no universo da publicidade e do marketing. Veja <a href=\"https:\/\/comunidade.rockcontent.com\/storytelling-para-redes-sociais\/\">aqui<\/a> algumas dicas iniciais sobre como aplicar o storytelling nas redes. <\/p>\n\n\n\n<p style=\"background-color:#d5b6b6\" class=\"has-background\">\u260c Veja tamb\u00e9m <a href=\"http:\/\/www.naoobvio.com\/index.php\/2019\/05\/28\/5-perfis-do-instagram-sobre-empreendedorismo-feitos-por-mulheres\/\">a lista do N\u00c3O \u00d3BVIO<\/a> com perfis do Instagram que d\u00e3o dicas pr\u00e1ticas de como crescer nas redes com pouco ou nenhum custo.<\/p>\n\n\n\n<h2>1. Instagram para Empresas | <a href=\"https:\/\/www.qmais.com\/ebook\/instagram-para-empresas.html#baixar\">ACESSE<\/a><\/h2>\n\n\n\n<div class=\"wp-block-image\"><figure class=\"aligncenter\"><img src=\"http:\/\/www.naoobvio.com\/wp-content\/uploads\/2019\/03\/linha-4-1024x5.png\" alt=\"O atributo alt desta imagem est\u00c3\u0083\u00c2\u0083\u00c3\u0082\u00c2\u0083\u00c3\u0083\u00c2\u0082\u00c3\u0082\u00c2\u0083\u00c3\u0083\u00c2\u0083\u00c3\u0082\u00c2\u0082\u00c3\u0083\u00c2\u0082\u00c3\u0082\u00c2\u0083\u00c3\u0083\u00c2\u0083\u00c3\u0082\u00c2\u0083\u00c3\u0083\u00c2\u0082\u00c3\u0082\u00c2\u0082\u00c3\u0083\u00c2\u0083\u00c3\u0082\u00c2\u0082\u00c3\u0083\u00c2\u0082\u00c3\u0082\u00c2\u0083\u00c3\u0083\u00c2\u0083\u00c3\u0082\u00c2\u0083\u00c3\u0083\u00c2\u0082\u00c3\u0082\u00c2\u0083\u00c3\u0083\u00c2\u0083\u00c3\u0082\u00c2\u0082\u00c3\u0083\u00c2\u0082\u00c3\u0082\u00c2\u0082\u00c3\u0083\u00c2\u0083\u00c3\u0082\u00c2\u0083\u00c3\u0083\u00c2\u0082\u00c3\u0082\u00c2\u0082\u00c3\u0083\u00c2\u0083\u00c3\u0082\u00c2\u0082\u00c3\u0083\u00c2\u0082\u00c3\u0082\u00c2\u00a1 vazio. O nome do arquivo \u00c3\u0083\u00c2\u0083\u00c3\u0082\u00c2\u0083\u00c3\u0083\u00c2\u0082\u00c3\u0082\u00c2\u0083\u00c3\u0083\u00c2\u0083\u00c3\u0082\u00c2\u0082\u00c3\u0083\u00c2\u0082\u00c3\u0082\u00c2\u0083\u00c3\u0083\u00c2\u0083\u00c3\u0082\u00c2\u0083\u00c3\u0083\u00c2\u0082\u00c3\u0082\u00c2\u0082\u00c3\u0083\u00c2\u0083\u00c3\u0082\u00c2\u0082\u00c3\u0083\u00c2\u0082\u00c3\u0082\u00c2\u0083\u00c3\u0083\u00c2\u0083\u00c3\u0082\u00c2\u0083\u00c3\u0083\u00c2\u0082\u00c3\u0082\u00c2\u0083\u00c3\u0083\u00c2\u0083\u00c3\u0082\u00c2\u0082\u00c3\u0083\u00c2\u0082\u00c3\u0082\u00c2\u0082\u00c3\u0083\u00c2\u0083\u00c3\u0082\u00c2\u0083\u00c3\u0083\u00c2\u0082\u00c3\u0082\u00c2\u0082\u00c3\u0083\u00c2\u0083\u00c3\u0082\u00c2\u0082\u00c3\u0083\u00c2\u0082\u00c3\u0082\u00c2\u00a9 linha-4-1024x5.png\"\/><\/figure><\/div>\n\n\n\n<div class=\"wp-block-image\"><figure class=\"alignleft is-resized\"><img loading=\"lazy\" src=\"https:\/\/www.naoobvio.com\/wp-content\/uploads\/2019\/08\/Screen-Shot-2019-08-21-at-11.09.03-PM-722x1024.png\" alt=\"\" class=\"wp-image-8767\" width=\"501\" height=\"710\" srcset=\"https:\/\/www.naoobvio.com\/wp-content\/uploads\/2019\/08\/Screen-Shot-2019-08-21-at-11.09.03-PM-722x1024.png 722w, https:\/\/www.naoobvio.com\/wp-content\/uploads\/2019\/08\/Screen-Shot-2019-08-21-at-11.09.03-PM-211x300.png 211w, https:\/\/www.naoobvio.com\/wp-content\/uploads\/2019\/08\/Screen-Shot-2019-08-21-at-11.09.03-PM.png 730w\" sizes=\"(max-width: 501px) 85vw, 501px\" \/><\/figure><\/div>\n\n\n\n<p class=\"has-background has-very-light-gray-background-color\">Com mais de 1 bilh\u00e3o de usu\u00e1rios ativos, o Instagram \u00e9 atualmente a rede social que mais cresce no mundo e, <a rel=\"noreferrer noopener\" aria-label=\"segundo dados da empresa (abre numa nova aba)\" href=\"https:\/\/business.instagram.com\" target=\"_blank\">segundo dados da empresa<\/a>, 80% desses perfis seguem uma conta empresarial.&nbsp;<br><br>A import\u00e2ncia da plataforma como meio de comunica\u00e7\u00e3o e ferramenta de conex\u00e3o entre marca e usu\u00e1rios \u00e9 ainda mais relevante no Brasil, que conta com o segundo maior n\u00famero de usu\u00e1rios, ficando atr\u00e1s apenas dos Estados Unidos.&nbsp;<br><br>Para quem quer come\u00e7ar a utilizar a rede social para divulgar seus servi\u00e7os e produtos, abrindo nossa lista est\u00e1 o e-book Instagram para Empresas. Desenvolvido e lan\u00e7ado em 2018 pela ag\u00eancia <a rel=\"noreferrer noopener\" aria-label=\"QMais (abre numa nova aba)\" href=\"https:\/\/qmais.com\" target=\"_blank\">QMais<\/a>, o material disponibilizado tem foco&nbsp;em ensinar a utilizar a rede social como meio de fortalecer e engajar o seu neg\u00f3cio.&nbsp;<br><br>Com dicas que v\u00e3o desde explica\u00e7\u00f5es b\u00e1sicas de como criar um perfil profissional, como funciona o Instagram Ads e analise dos resultados, \u00e9 poss\u00edvel fazer o download gratuito do material clicando <a rel=\"noreferrer noopener\" aria-label=\"aqui (abre numa nova aba)\" href=\"https:\/\/www.qmais.com\/ebook\/instagram-para-empresas.html#faq\" target=\"_blank\">aqui<\/a>.&nbsp;<\/p>\n\n\n\n<p class=\"has-background has-light-green-cyan-background-color\">\u260c Para as marcas que querem crescer no Instagram, entender melhor como trabalhar com Influenciadores Digitais e a real influ\u00eancia dos publiposts, confira esse <a rel=\"noreferrer noopener\" aria-label=\"v\u00eddeo (abre numa nova aba)\" href=\"https:\/\/www.youtube.com\/watch?v=NheHiGmqdao\" target=\"_blank\">v\u00eddeo<\/a> no canal da <a rel=\"noreferrer noopener\" aria-label=\"Luciana Levy (abre numa nova aba)\" href=\"https:\/\/lucianalevy.com\" target=\"_blank\">Luciana Levy<\/a>.<\/p>\n\n\n\n<h2>2. Como Vender Atrav\u00e9s das Redes Sociais | <a href=\"https:\/\/agenciaflorescer.com\/como-vender-atraves-das-redes-sociais\/\">ACESSE<\/a><\/h2>\n\n\n\n<div class=\"wp-block-image\"><figure class=\"aligncenter\"><img src=\"http:\/\/www.naoobvio.com\/wp-content\/uploads\/2019\/03\/linha-4-1024x5.png\" alt=\"O atributo alt desta imagem est\u00c3\u0083\u00c2\u0083\u00c3\u0082\u00c2\u0083\u00c3\u0083\u00c2\u0082\u00c3\u0082\u00c2\u0083\u00c3\u0083\u00c2\u0083\u00c3\u0082\u00c2\u0082\u00c3\u0083\u00c2\u0082\u00c3\u0082\u00c2\u0083\u00c3\u0083\u00c2\u0083\u00c3\u0082\u00c2\u0083\u00c3\u0083\u00c2\u0082\u00c3\u0082\u00c2\u0082\u00c3\u0083\u00c2\u0083\u00c3\u0082\u00c2\u0082\u00c3\u0083\u00c2\u0082\u00c3\u0082\u00c2\u0083\u00c3\u0083\u00c2\u0083\u00c3\u0082\u00c2\u0083\u00c3\u0083\u00c2\u0082\u00c3\u0082\u00c2\u0083\u00c3\u0083\u00c2\u0083\u00c3\u0082\u00c2\u0082\u00c3\u0083\u00c2\u0082\u00c3\u0082\u00c2\u0082\u00c3\u0083\u00c2\u0083\u00c3\u0082\u00c2\u0083\u00c3\u0083\u00c2\u0082\u00c3\u0082\u00c2\u0082\u00c3\u0083\u00c2\u0083\u00c3\u0082\u00c2\u0082\u00c3\u0083\u00c2\u0082\u00c3\u0082\u00c2\u00a1 vazio. O nome do arquivo \u00c3\u0083\u00c2\u0083\u00c3\u0082\u00c2\u0083\u00c3\u0083\u00c2\u0082\u00c3\u0082\u00c2\u0083\u00c3\u0083\u00c2\u0083\u00c3\u0082\u00c2\u0082\u00c3\u0083\u00c2\u0082\u00c3\u0082\u00c2\u0083\u00c3\u0083\u00c2\u0083\u00c3\u0082\u00c2\u0083\u00c3\u0083\u00c2\u0082\u00c3\u0082\u00c2\u0082\u00c3\u0083\u00c2\u0083\u00c3\u0082\u00c2\u0082\u00c3\u0083\u00c2\u0082\u00c3\u0082\u00c2\u0083\u00c3\u0083\u00c2\u0083\u00c3\u0082\u00c2\u0083\u00c3\u0083\u00c2\u0082\u00c3\u0082\u00c2\u0083\u00c3\u0083\u00c2\u0083\u00c3\u0082\u00c2\u0082\u00c3\u0083\u00c2\u0082\u00c3\u0082\u00c2\u0082\u00c3\u0083\u00c2\u0083\u00c3\u0082\u00c2\u0083\u00c3\u0083\u00c2\u0082\u00c3\u0082\u00c2\u0082\u00c3\u0083\u00c2\u0083\u00c3\u0082\u00c2\u0082\u00c3\u0083\u00c2\u0082\u00c3\u0082\u00c2\u00a9 linha-4-1024x5.png\"\/><\/figure><\/div>\n\n\n\n<div class=\"wp-block-image\"><figure class=\"alignleft is-resized\"><img loading=\"lazy\" src=\"https:\/\/www.naoobvio.com\/wp-content\/uploads\/2019\/08\/Screen-Shot-2019-08-21-at-6.10.20-PM-774x1024.png\" alt=\"\" class=\"wp-image-8759\" width=\"502\" height=\"663\" srcset=\"https:\/\/www.naoobvio.com\/wp-content\/uploads\/2019\/08\/Screen-Shot-2019-08-21-at-6.10.20-PM-774x1024.png 774w, https:\/\/www.naoobvio.com\/wp-content\/uploads\/2019\/08\/Screen-Shot-2019-08-21-at-6.10.20-PM-227x300.png 227w, https:\/\/www.naoobvio.com\/wp-content\/uploads\/2019\/08\/Screen-Shot-2019-08-21-at-6.10.20-PM-768x1016.png 768w, https:\/\/www.naoobvio.com\/wp-content\/uploads\/2019\/08\/Screen-Shot-2019-08-21-at-6.10.20-PM.png 860w\" sizes=\"(max-width: 502px) 85vw, 502px\" \/><\/figure><\/div>\n\n\n\n<p class=\"has-background has-very-light-gray-background-color\">Desenvolvido pela ag\u00eancia <a rel=\"noreferrer noopener\" aria-label=\"Florescer Marketing&nbsp;Digital (abre numa nova aba)\" href=\"https:\/\/agenciaflorescer.com\" target=\"_blank\">Florescer Marketing&nbsp;Digital<\/a>, o guia <a rel=\"noreferrer noopener\" aria-label=\"Como Vender Atrav\u00e9s das Redes Sociais (abre numa nova aba)\" href=\"https:\/\/agenciaflorescer.com\/como-vender-atraves-das-redes-sociais\/\" target=\"_blank\">Como Vender Atrav\u00e9s das Redes Sociais<\/a> oferece trinta p\u00e1ginas com conte\u00fado para quem deseja aumentar o seu faturamento atrav\u00e9s das m\u00eddias sociais.<br><br>Com informa\u00e7\u00f5es sobre p\u00fablico alvo, marketing de conte\u00fado e informa\u00e7\u00f5es direcionadas para cada plataforma (Instagram, Facebook, WhatsApp Business e YouTube), o material explica a import\u00e2ncia da cria\u00e7\u00e3o de uma estrat\u00e9gia de comunica\u00e7\u00e3o e vendas para estabelecer o reconhecimento do p\u00fablico e formar um mercado de oportunidade e visibilidade para a marca, e assim aumentar as vendas.&nbsp;<\/p>\n\n\n\n<p class=\"has-background has-light-green-cyan-background-color\">\u260c Para mais informa\u00e7\u00f5es sobre vendas online, a <a rel=\"noreferrer noopener\" aria-label=\"Nuvemshop (abre numa nova aba)\" href=\"https:\/\/www.nuvemshop.com.br\" target=\"_blank\">Nuvemshop<\/a> (plataforma de e-commerce) lan\u00e7ou o e-book <a href=\"https:\/\/www.nuvemshop.com.br\/ebooks-ecommerce\/relatorio-anual-comercio-eletronico-2019\"><\/a><a href=\"https:\/\/www.nuvemshop.com.br\/ebooks-ecommerce\/relatorio-anual-comercio-eletronico-2019\" target=\"_blank\" rel=\"noreferrer noopener\" aria-label=\" (abre numa nova aba)\">NuvemCommerce: relat\u00f3rio anual de com\u00e9rcio eletr\u00f4nico &#8211; 2018\/2019<\/a>. Com informa\u00e7\u00f5es sobre o cen\u00e1rio do com\u00e9rcio eletr\u00f4nico nacional e internacional, estrat\u00e9gias mais utilizadas pelos lojistas e tend\u00eancias para 2019, o material esta dispon\u00edvel para download gratuito. Confira clicando <a rel=\"noreferrer noopener\" aria-label=\" (abre numa nova aba)\" href=\"https:\/\/www.nuvemshop.com.br\/ebooks-ecommerce\/relatorio-anual-comercio-eletronico-2019\" target=\"_blank\">aqui<\/a>.&nbsp;<\/p>\n\n\n\n<h2>3. Os 9 Segredos do Marketing Digital Que V\u00e3o Transformar a Sua Estrat\u00e9gia de Produ\u00e7\u00e3o de Conte\u00fado | <a href=\"http:\/\/www.sebrae.com.br\/Sebrae\/Portal%20Sebrae\/UFs\/PE\/Anexos\/MARKETING-Os-9-segredos-do-marketing-digital-que-vao-transformar-a-sua-estrategia-de-producao-de-conteudo.pdf\">ACESSE<\/a><\/h2>\n\n\n\n<div class=\"wp-block-image\"><figure class=\"aligncenter\"><img src=\"http:\/\/www.naoobvio.com\/wp-content\/uploads\/2019\/03\/linha-4-1024x5.png\" alt=\"O atributo alt desta imagem est\u00c3\u0083\u00c2\u0083\u00c3\u0082\u00c2\u0083\u00c3\u0083\u00c2\u0082\u00c3\u0082\u00c2\u0083\u00c3\u0083\u00c2\u0083\u00c3\u0082\u00c2\u0082\u00c3\u0083\u00c2\u0082\u00c3\u0082\u00c2\u0083\u00c3\u0083\u00c2\u0083\u00c3\u0082\u00c2\u0083\u00c3\u0083\u00c2\u0082\u00c3\u0082\u00c2\u0082\u00c3\u0083\u00c2\u0083\u00c3\u0082\u00c2\u0082\u00c3\u0083\u00c2\u0082\u00c3\u0082\u00c2\u0083\u00c3\u0083\u00c2\u0083\u00c3\u0082\u00c2\u0083\u00c3\u0083\u00c2\u0082\u00c3\u0082\u00c2\u0083\u00c3\u0083\u00c2\u0083\u00c3\u0082\u00c2\u0082\u00c3\u0083\u00c2\u0082\u00c3\u0082\u00c2\u0082\u00c3\u0083\u00c2\u0083\u00c3\u0082\u00c2\u0083\u00c3\u0083\u00c2\u0082\u00c3\u0082\u00c2\u0082\u00c3\u0083\u00c2\u0083\u00c3\u0082\u00c2\u0082\u00c3\u0083\u00c2\u0082\u00c3\u0082\u00c2\u00a1 vazio. O nome do arquivo \u00c3\u0083\u00c2\u0083\u00c3\u0082\u00c2\u0083\u00c3\u0083\u00c2\u0082\u00c3\u0082\u00c2\u0083\u00c3\u0083\u00c2\u0083\u00c3\u0082\u00c2\u0082\u00c3\u0083\u00c2\u0082\u00c3\u0082\u00c2\u0083\u00c3\u0083\u00c2\u0083\u00c3\u0082\u00c2\u0083\u00c3\u0083\u00c2\u0082\u00c3\u0082\u00c2\u0082\u00c3\u0083\u00c2\u0083\u00c3\u0082\u00c2\u0082\u00c3\u0083\u00c2\u0082\u00c3\u0082\u00c2\u0083\u00c3\u0083\u00c2\u0083\u00c3\u0082\u00c2\u0083\u00c3\u0083\u00c2\u0082\u00c3\u0082\u00c2\u0083\u00c3\u0083\u00c2\u0083\u00c3\u0082\u00c2\u0082\u00c3\u0083\u00c2\u0082\u00c3\u0082\u00c2\u0082\u00c3\u0083\u00c2\u0083\u00c3\u0082\u00c2\u0083\u00c3\u0083\u00c2\u0082\u00c3\u0082\u00c2\u0082\u00c3\u0083\u00c2\u0083\u00c3\u0082\u00c2\u0082\u00c3\u0083\u00c2\u0082\u00c3\u0082\u00c2\u00a9 linha-4-1024x5.png\"\/><\/figure><\/div>\n\n\n\n<div class=\"wp-block-image\"><figure class=\"alignleft is-resized\"><img loading=\"lazy\" src=\"https:\/\/www.naoobvio.com\/wp-content\/uploads\/2019\/08\/Screen-Shot-2019-08-21-at-7.50.10-PM-1-1024x771.png\" alt=\"\" class=\"wp-image-8765\" width=\"503\" height=\"378\" srcset=\"https:\/\/www.naoobvio.com\/wp-content\/uploads\/2019\/08\/Screen-Shot-2019-08-21-at-7.50.10-PM-1-1024x771.png 1024w, https:\/\/www.naoobvio.com\/wp-content\/uploads\/2019\/08\/Screen-Shot-2019-08-21-at-7.50.10-PM-1-300x226.png 300w, https:\/\/www.naoobvio.com\/wp-content\/uploads\/2019\/08\/Screen-Shot-2019-08-21-at-7.50.10-PM-1-768x578.png 768w, https:\/\/www.naoobvio.com\/wp-content\/uploads\/2019\/08\/Screen-Shot-2019-08-21-at-7.50.10-PM-1-1200x903.png 1200w, https:\/\/www.naoobvio.com\/wp-content\/uploads\/2019\/08\/Screen-Shot-2019-08-21-at-7.50.10-PM-1-1320x994.png 1320w, https:\/\/www.naoobvio.com\/wp-content\/uploads\/2019\/08\/Screen-Shot-2019-08-21-at-7.50.10-PM-1.png 1554w\" sizes=\"(max-width: 503px) 85vw, 503px\" \/><\/figure><\/div>\n\n\n\n<p class=\"has-background has-very-light-gray-background-color\">A preocupa\u00e7\u00e3o em produzir um conte\u00fado de qualidade deve ser um dos pontos principais para quem quer se destacar nas redes socais. E \u00e9 sobre o que nossa terceira indica\u00e7\u00e3o ressalta: aliar o conte\u00fado com o marketing digital.<br><br>Produzido pelo <a rel=\"noreferrer noopener\" aria-label=\"Sebrae (abre numa nova aba)\" href=\"http:\/\/www.sebrae.com.br\/sites\/PortalSebrae\" target=\"_blank\">Sebrae<\/a> (Servi\u00e7o Brasileiro de Apoio \u00e0s Micro e Pequenas Empresas), o e-book <a rel=\"noreferrer noopener\" aria-label=\"Os 9 segredos do marketing digital que v\u00e3o transformar a sua estrat\u00e9gia de produ\u00e7\u00e3o de conte\u00fado (abre numa nova aba)\" href=\"http:\/\/www.sebrae.com.br\/Sebrae\/Portal%20Sebrae\/UFs\/PE\/Anexos\/MARKETING-Os-9-segredos-do-marketing-digital-que-vao-transformar-a-sua-estrategia-de-producao-de-conteudo.pdf\" target=\"_blank\">Os 9 segredos do marketing digital que v\u00e3o transformar a sua estrat\u00e9gia de produ\u00e7\u00e3o de conte\u00fado<\/a> apresenta informa\u00e7\u00f5es sobre investimentos e jornada de compra.<br><br>Sobre redes sociais, o material ressalta a import\u00e2ncia das plataformas como canais para ouvir e entender o consumidor, e acrescenta informa\u00e7\u00f5es sobre o poder de encontrar o p\u00fablico-alvo investindo na rede social certa para sua atividade e a import\u00e2ncia de aliar canais para constru\u00e7\u00e3o da audi\u00eancia.<\/p>\n\n\n\n<p class=\"has-background has-light-green-cyan-background-color\">\u260c O Sebrae ofere v\u00e1rios cursos gratuitos, entre eles o de Marketing Digital para o Empreendedor. Com seis m\u00f3dulos e carga hor\u00e1ria de duas horas, o curso \u00e9 disponibilizado online. Para mais informa\u00e7\u00f5es e inscri\u00e7\u00e3o, clique <a href=\"http:\/\/www.sebrae.com.br\/sites\/PortalSebrae\/cursosonline\/marketing-digital-para-o-empreendedor,f870b8a6a28bb610VgnVCM1000004c00210aRCRD\" target=\"_blank\" rel=\"noreferrer noopener\" aria-label=\"aqui (abre numa nova aba)\">aqui<\/a>. <\/p>\n\n\n\n<h2>4. Segredos do Instagram: Como ter um Perfil Campe\u00e3o | <a href=\"https:\/\/mkt-tracking.hotmart.com\/l\/506291\/2018-09-11\/3khvl8\">ACESSE<\/a><\/h2>\n\n\n\n<div class=\"wp-block-image\"><figure class=\"aligncenter\"><img src=\"http:\/\/www.naoobvio.com\/wp-content\/uploads\/2019\/03\/linha-4-1024x5.png\" alt=\"O atributo alt desta imagem est\u00c3\u0083\u00c2\u0083\u00c3\u0082\u00c2\u0083\u00c3\u0083\u00c2\u0082\u00c3\u0082\u00c2\u0083\u00c3\u0083\u00c2\u0083\u00c3\u0082\u00c2\u0082\u00c3\u0083\u00c2\u0082\u00c3\u0082\u00c2\u0083\u00c3\u0083\u00c2\u0083\u00c3\u0082\u00c2\u0083\u00c3\u0083\u00c2\u0082\u00c3\u0082\u00c2\u0082\u00c3\u0083\u00c2\u0083\u00c3\u0082\u00c2\u0082\u00c3\u0083\u00c2\u0082\u00c3\u0082\u00c2\u0083\u00c3\u0083\u00c2\u0083\u00c3\u0082\u00c2\u0083\u00c3\u0083\u00c2\u0082\u00c3\u0082\u00c2\u0083\u00c3\u0083\u00c2\u0083\u00c3\u0082\u00c2\u0082\u00c3\u0083\u00c2\u0082\u00c3\u0082\u00c2\u0082\u00c3\u0083\u00c2\u0083\u00c3\u0082\u00c2\u0083\u00c3\u0083\u00c2\u0082\u00c3\u0082\u00c2\u0082\u00c3\u0083\u00c2\u0083\u00c3\u0082\u00c2\u0082\u00c3\u0083\u00c2\u0082\u00c3\u0082\u00c2\u00a1 vazio. O nome do arquivo \u00c3\u0083\u00c2\u0083\u00c3\u0082\u00c2\u0083\u00c3\u0083\u00c2\u0082\u00c3\u0082\u00c2\u0083\u00c3\u0083\u00c2\u0083\u00c3\u0082\u00c2\u0082\u00c3\u0083\u00c2\u0082\u00c3\u0082\u00c2\u0083\u00c3\u0083\u00c2\u0083\u00c3\u0082\u00c2\u0083\u00c3\u0083\u00c2\u0082\u00c3\u0082\u00c2\u0082\u00c3\u0083\u00c2\u0083\u00c3\u0082\u00c2\u0082\u00c3\u0083\u00c2\u0082\u00c3\u0082\u00c2\u0083\u00c3\u0083\u00c2\u0083\u00c3\u0082\u00c2\u0083\u00c3\u0083\u00c2\u0082\u00c3\u0082\u00c2\u0083\u00c3\u0083\u00c2\u0083\u00c3\u0082\u00c2\u0082\u00c3\u0083\u00c2\u0082\u00c3\u0082\u00c2\u0082\u00c3\u0083\u00c2\u0083\u00c3\u0082\u00c2\u0083\u00c3\u0083\u00c2\u0082\u00c3\u0082\u00c2\u0082\u00c3\u0083\u00c2\u0083\u00c3\u0082\u00c2\u0082\u00c3\u0083\u00c2\u0082\u00c3\u0082\u00c2\u00a9 linha-4-1024x5.png\"\/><\/figure><\/div>\n\n\n\n<div class=\"wp-block-image\"><figure class=\"alignleft is-resized\"><img loading=\"lazy\" src=\"https:\/\/www.naoobvio.com\/wp-content\/uploads\/2019\/08\/Screen-Shot-2019-08-21-at-8.35.11-PM-684x1024.png\" alt=\"\" class=\"wp-image-8766\" width=\"500\" height=\"748\" srcset=\"https:\/\/www.naoobvio.com\/wp-content\/uploads\/2019\/08\/Screen-Shot-2019-08-21-at-8.35.11-PM-684x1024.png 684w, https:\/\/www.naoobvio.com\/wp-content\/uploads\/2019\/08\/Screen-Shot-2019-08-21-at-8.35.11-PM-200x300.png 200w, https:\/\/www.naoobvio.com\/wp-content\/uploads\/2019\/08\/Screen-Shot-2019-08-21-at-8.35.11-PM-768x1149.png 768w, https:\/\/www.naoobvio.com\/wp-content\/uploads\/2019\/08\/Screen-Shot-2019-08-21-at-8.35.11-PM.png 850w\" sizes=\"(max-width: 500px) 85vw, 500px\" \/><\/figure><\/div>\n\n\n\n<p class=\"has-background has-very-light-gray-background-color\">Como j\u00e1 ressaltamos a import\u00e2ncia da rede social que mais cresceu nos \u00faltimos anos, o e-book <a href=\"https:\/\/mkt-tracking.hotmart.com\/l\/506291\/2018-09-11\/3khvl8\" target=\"_blank\" rel=\"noreferrer noopener\" aria-label=\"Segredos do Instagram: Como Ter um Perfil Campe\u00e3o (abre numa nova aba)\">Segredos do Instagram: Como Ter um Perfil Campe\u00e3o<\/a>, tem foco em ensinar como rentabilizar o perfil na plataforma.&nbsp;<br><br>Desenvolvido pela <a rel=\"noreferrer noopener\" aria-label=\"Hotmart (abre numa nova aba)\" href=\"https:\/\/app.hotmart.com\/hc\/pt-br\" target=\"_blank\">Hotmart<\/a> (plataforma de cria\u00e7\u00e3o de neg\u00f3cios digitais), o material apresenta dados sobre o Instagram, linha do tempo do aplicativo e dicas para conquistar uma audi\u00eancia engajada e garantir visibilidade para o usu\u00e1rio ou marca. <br><br>\u00c9&nbsp; poss\u00edvel fazer o download do e-book clicando <a rel=\"noreferrer noopener\" aria-label=\"aqui (abre numa nova aba)\" href=\"https:\/\/mkt-tracking.hotmart.com\/l\/506291\/2018-09-11\/3khvl8\" target=\"_blank\">aqui<\/a>.&nbsp;<\/p>\n\n\n\n<p class=\"has-background has-light-green-cyan-background-color\">\u260c Para quem se interessar sobre o assunto e estiver disposto a investir, conhe\u00e7a o livro <a rel=\"noreferrer noopener\" aria-label=\"Instagram Skills: as oito habilidades essenciais para produzir um feed estrat\u00e9gico para sua marca (abre numa nova aba)\" href=\"https:\/\/orna.com.br\/produto\/livro-instagram-skills-edicao2\/?utm_source=site_eo&amp;utm_medium=organic&amp;utm_campaign=instagram_skills_2\" target=\"_blank\">Instagram Skills: as oito habilidades essenciais para produzir um feed estrat\u00e9gico para sua marca<\/a>, desenvolvido pelas <a href=\"https:\/\/tudoorna.com\/quem-somos\/\" target=\"_blank\" rel=\"noreferrer noopener\" aria-label=\"I\ufffcrm\u00e3s Alc\u00e2ntara (abre numa nova aba)\">I<a href=\"https:\/\/tudoorna.com\/quem-somos\/\"><\/a>rm\u00e3s Alc\u00e2ntara<\/a><a href=\"https:\/\/tudoorna.com\/quem-somos\/\">,<\/a> donas da marca <a rel=\"noreferrer noopener\" aria-label=\"Orna (abre numa nova aba)\" href=\"https:\/\/orna.com.br\" target=\"_blank\">Orna<\/a> e especialistas em social branding. Saiba mais e adquira clicando <a rel=\"noreferrer noopener\" aria-label=\"aqui (abre numa nova aba)\" href=\"https:\/\/orna.com.br\/produto\/livro-instagram-skills-edicao2\/?utm_source=site_eo&amp;utm_medium=organic&amp;utm_campaign=instagram_skills_2\" target=\"_blank\">aqui<\/a> (tamb\u00e9m est\u00e1 dispon\u00edvel na sua vers\u00e3o digital, clicando <a rel=\"noreferrer noopener\" aria-label=\"aqui (abre numa nova aba)\" href=\"https:\/\/pay.hotmart.com\/U9282715G?off=pc5frjlq&amp;checkoutMode=10&amp;bid=1542920352192\" target=\"_blank\">aqui<\/a>).\u00a0<\/p>\n\n\n\n<h2>5. O Novo Manual do Engajamento | <a href=\"http:\/\/bit.ly\/Ebookgratuitoinsta\">ACESSE<\/a><\/h2>\n\n\n\n<div class=\"wp-block-image\"><figure class=\"aligncenter\"><img src=\"http:\/\/www.naoobvio.com\/wp-content\/uploads\/2019\/03\/linha-4-1024x5.png\" alt=\"O atributo alt desta imagem est\u00c3\u0083\u00c2\u0083\u00c3\u0082\u00c2\u0083\u00c3\u0083\u00c2\u0082\u00c3\u0082\u00c2\u0083\u00c3\u0083\u00c2\u0083\u00c3\u0082\u00c2\u0082\u00c3\u0083\u00c2\u0082\u00c3\u0082\u00c2\u0083\u00c3\u0083\u00c2\u0083\u00c3\u0082\u00c2\u0083\u00c3\u0083\u00c2\u0082\u00c3\u0082\u00c2\u0082\u00c3\u0083\u00c2\u0083\u00c3\u0082\u00c2\u0082\u00c3\u0083\u00c2\u0082\u00c3\u0082\u00c2\u0083\u00c3\u0083\u00c2\u0083\u00c3\u0082\u00c2\u0083\u00c3\u0083\u00c2\u0082\u00c3\u0082\u00c2\u0083\u00c3\u0083\u00c2\u0083\u00c3\u0082\u00c2\u0082\u00c3\u0083\u00c2\u0082\u00c3\u0082\u00c2\u0082\u00c3\u0083\u00c2\u0083\u00c3\u0082\u00c2\u0083\u00c3\u0083\u00c2\u0082\u00c3\u0082\u00c2\u0082\u00c3\u0083\u00c2\u0083\u00c3\u0082\u00c2\u0082\u00c3\u0083\u00c2\u0082\u00c3\u0082\u00c2\u00a1 vazio. O nome do arquivo \u00c3\u0083\u00c2\u0083\u00c3\u0082\u00c2\u0083\u00c3\u0083\u00c2\u0082\u00c3\u0082\u00c2\u0083\u00c3\u0083\u00c2\u0083\u00c3\u0082\u00c2\u0082\u00c3\u0083\u00c2\u0082\u00c3\u0082\u00c2\u0083\u00c3\u0083\u00c2\u0083\u00c3\u0082\u00c2\u0083\u00c3\u0083\u00c2\u0082\u00c3\u0082\u00c2\u0082\u00c3\u0083\u00c2\u0083\u00c3\u0082\u00c2\u0082\u00c3\u0083\u00c2\u0082\u00c3\u0082\u00c2\u0083\u00c3\u0083\u00c2\u0083\u00c3\u0082\u00c2\u0083\u00c3\u0083\u00c2\u0082\u00c3\u0082\u00c2\u0083\u00c3\u0083\u00c2\u0083\u00c3\u0082\u00c2\u0082\u00c3\u0083\u00c2\u0082\u00c3\u0082\u00c2\u0082\u00c3\u0083\u00c2\u0083\u00c3\u0082\u00c2\u0083\u00c3\u0083\u00c2\u0082\u00c3\u0082\u00c2\u0082\u00c3\u0083\u00c2\u0083\u00c3\u0082\u00c2\u0082\u00c3\u0083\u00c2\u0082\u00c3\u0082\u00c2\u00a9 linha-4-1024x5.png\"\/><\/figure><\/div>\n\n\n\n<div class=\"wp-block-image\"><figure class=\"alignleft is-resized\"><img loading=\"lazy\" src=\"https:\/\/www.naoobvio.com\/wp-content\/uploads\/2019\/08\/Screen-Shot-2019-08-21-at-9.17.38-PM.png\" alt=\"\" class=\"wp-image-8721\" width=\"489\" height=\"251\" srcset=\"https:\/\/www.naoobvio.com\/wp-content\/uploads\/2019\/08\/Screen-Shot-2019-08-21-at-9.17.38-PM.png 954w, https:\/\/www.naoobvio.com\/wp-content\/uploads\/2019\/08\/Screen-Shot-2019-08-21-at-9.17.38-PM-300x154.png 300w, https:\/\/www.naoobvio.com\/wp-content\/uploads\/2019\/08\/Screen-Shot-2019-08-21-at-9.17.38-PM-768x394.png 768w\" sizes=\"(max-width: 489px) 85vw, 489px\" \/><\/figure><\/div>\n\n\n\n<p class=\"has-background has-very-light-gray-background-color\">Com a premissa <em>seja o mais interessante, n\u00e3o o mais curtido<\/em>, o e-book <a rel=\"noreferrer noopener\" aria-label=\"O Novo Manual do Engajamento (abre numa nova aba)\" href=\"http:\/\/bit.ly\/Ebookgratuitoinsta\" target=\"_blank\">O Novo Manual do Engajamento<\/a> apresenta em curtas e objetivas p\u00e1ginas informa\u00e7\u00f5es sobre como melhorar o engajamento em todas as ferramentas da plataforma: feed, stories, IGTV e direct message.<br><br>&nbsp;Produzido pelo consultor <a href=\"http:\/\/arnaldoalves.me\/arnaldo-alves\/\">Arnaldo Alves<\/a>, o material tamb\u00e9m exp\u00f5e dados relevantes para constru\u00e7\u00e3o de conte\u00fado. Confira e baixa de forma gratuita o e-book clicando <a rel=\"noreferrer noopener\" aria-label=\"aqui (abre numa nova aba)\" href=\"http:\/\/bit.ly\/Ebookgratuitoinsta\" target=\"_blank\">aqui<\/a>.&nbsp;<\/p>\n\n\n\n<p class=\"has-background has-vivid-green-cyan-background-color\">\u260c Para saber mais sobre engajamento: confira o v\u00eddeo <a rel=\"noreferrer noopener\" aria-label=\"Erros que Matam o Engajamento no Instagram (abre numa nova aba)\" href=\"https:\/\/www.youtube.com\/watch?v=U3X-z9op5bc\" target=\"_blank\">Erros que Matam o Engajamento no Instagram<\/a> dispon\u00edvel no canal do YouTube <a rel=\"noreferrer noopener\" aria-label=\"Gerenciagram (abre numa nova aba)\" href=\"https:\/\/www.youtube.com\/channel\/UCbzPtD0Mt_5sVMAq3sfS-tQ\/featured\" target=\"_blank\">Gerenciagram<\/a>. <\/p>\n","protected":false},"excerpt":{"rendered":"<p>Atualmente as redes sociais s\u00e3o pe\u00e7as fundamentais para a cria\u00e7\u00e3o e continuidade de um neg\u00f3cio de sucesso. Para quem deseja fidelizar p\u00fablicos, e-books gratuitos, atuais e de confian\u00e7a disponibilizam informa\u00e7\u00f5es sobre engajamento, vendas, marketing e conte\u00fado. Confira uma lista repleta de dicas extras.<\/p>\n","protected":false},"author":9,"featured_media":8789,"comment_status":"open","ping_status":"open","sticky":false,"template":"","format":"standard","meta":[],"categories":[21],"tags":[439,27,45,50,228,440],"acf":[],"yoast_head":"<!-- This site is optimized with the Yoast SEO plugin v15.9.2 - https:\/\/yoast.com\/wordpress\/plugins\/seo\/ -->\n<title>5 E-BOOKS GRATUITOS PARA IMPULSIONAR REDES SOCIAIS DE NEG\u00d3CIOS - N\u00e3o \u00d3bvio<\/title>\n<meta name=\"robots\" content=\"index, follow, max-snippet:-1, max-image-preview:large, max-video-preview:-1\" \/>\n<link rel=\"canonical\" href=\"https:\/\/www.naoobvio.com\/index.php\/2019\/08\/22\/5-e-books-gratuitos-para-impulsionar-redes-sociais-de-negocios\/\" \/>\n<meta property=\"og:locale\" content=\"pt_BR\" \/>\n<meta property=\"og:type\" content=\"article\" \/>\n<meta property=\"og:title\" content=\"5 E-BOOKS GRATUITOS PARA IMPULSIONAR REDES SOCIAIS DE NEG\u00d3CIOS - N\u00e3o \u00d3bvio\" \/>\n<meta property=\"og:url\" content=\"https:\/\/www.naoobvio.com\/index.php\/2019\/08\/22\/5-e-books-gratuitos-para-impulsionar-redes-sociais-de-negocios\/\" \/>\n<meta property=\"og:site_name\" content=\"N\u00e3o \u00d3bvio\" \/>\n<meta property=\"article:publisher\" content=\"http:\/\/facebook.com\/nao.obvio\" \/>\n<meta property=\"article:published_time\" content=\"2019-08-22T09:00:48+00:00\" \/>\n<meta property=\"article:modified_time\" content=\"2019-08-22T03:32:02+00:00\" \/>\n<meta property=\"og:image\" content=\"https:\/\/www.naoobvio.com\/wp-content\/uploads\/2019\/08\/Closeup-of-man-with-iPhone-X.jpg\" \/>\n\t<meta property=\"og:image:width\" content=\"4499\" \/>\n\t<meta property=\"og:image:height\" content=\"3011\" \/>\n<meta name=\"twitter:card\" content=\"summary_large_image\" \/>\n<meta name=\"twitter:label1\" content=\"Est. reading time\">\n\t<meta name=\"twitter:data1\" content=\"6 minutos\">\n<script type=\"application\/ld+json\" class=\"yoast-schema-graph\">{\"@context\":\"https:\/\/schema.org\",\"@graph\":[{\"@type\":\"WebSite\",\"@id\":\"https:\/\/www.naoobvio.com\/#website\",\"url\":\"https:\/\/www.naoobvio.com\/\",\"name\":\"N\\u00e3o \\u00d3bvio\",\"description\":\"O que falta na sua  lista\",\"potentialAction\":[{\"@type\":\"SearchAction\",\"target\":\"https:\/\/www.naoobvio.com\/?s={search_term_string}\",\"query-input\":\"required name=search_term_string\"}],\"inLanguage\":\"pt-BR\"},{\"@type\":\"ImageObject\",\"@id\":\"https:\/\/www.naoobvio.com\/index.php\/2019\/08\/22\/5-e-books-gratuitos-para-impulsionar-redes-sociais-de-negocios\/#primaryimage\",\"inLanguage\":\"pt-BR\",\"url\":\"https:\/\/www.naoobvio.com\/wp-content\/uploads\/2019\/08\/Closeup-of-man-with-iPhone-X.jpg\",\"width\":4499,\"height\":3011},{\"@type\":\"WebPage\",\"@id\":\"https:\/\/www.naoobvio.com\/index.php\/2019\/08\/22\/5-e-books-gratuitos-para-impulsionar-redes-sociais-de-negocios\/#webpage\",\"url\":\"https:\/\/www.naoobvio.com\/index.php\/2019\/08\/22\/5-e-books-gratuitos-para-impulsionar-redes-sociais-de-negocios\/\",\"name\":\"5 E-BOOKS GRATUITOS PARA IMPULSIONAR REDES SOCIAIS DE NEG\\u00d3CIOS - N\\u00e3o \\u00d3bvio\",\"isPartOf\":{\"@id\":\"https:\/\/www.naoobvio.com\/#website\"},\"primaryImageOfPage\":{\"@id\":\"https:\/\/www.naoobvio.com\/index.php\/2019\/08\/22\/5-e-books-gratuitos-para-impulsionar-redes-sociais-de-negocios\/#primaryimage\"},\"datePublished\":\"2019-08-22T09:00:48+00:00\",\"dateModified\":\"2019-08-22T03:32:02+00:00\",\"author\":{\"@id\":\"https:\/\/www.naoobvio.com\/#\/schema\/person\/c8d8e4941eea2c1ccf7410863aa3c826\"},\"breadcrumb\":{\"@id\":\"https:\/\/www.naoobvio.com\/index.php\/2019\/08\/22\/5-e-books-gratuitos-para-impulsionar-redes-sociais-de-negocios\/#breadcrumb\"},\"inLanguage\":\"pt-BR\",\"potentialAction\":[{\"@type\":\"ReadAction\",\"target\":[\"https:\/\/www.naoobvio.com\/index.php\/2019\/08\/22\/5-e-books-gratuitos-para-impulsionar-redes-sociais-de-negocios\/\"]}]},{\"@type\":\"BreadcrumbList\",\"@id\":\"https:\/\/www.naoobvio.com\/index.php\/2019\/08\/22\/5-e-books-gratuitos-para-impulsionar-redes-sociais-de-negocios\/#breadcrumb\",\"itemListElement\":[{\"@type\":\"ListItem\",\"position\":1,\"item\":{\"@type\":\"WebPage\",\"@id\":\"https:\/\/www.naoobvio.com\/\",\"url\":\"https:\/\/www.naoobvio.com\/\",\"name\":\"In\\u00edcio\"}},{\"@type\":\"ListItem\",\"position\":2,\"item\":{\"@type\":\"WebPage\",\"@id\":\"https:\/\/www.naoobvio.com\/index.php\/2019\/08\/22\/5-e-books-gratuitos-para-impulsionar-redes-sociais-de-negocios\/\",\"url\":\"https:\/\/www.naoobvio.com\/index.php\/2019\/08\/22\/5-e-books-gratuitos-para-impulsionar-redes-sociais-de-negocios\/\",\"name\":\"5 E-BOOKS GRATUITOS PARA IMPULSIONAR REDES SOCIAIS DE NEG\\u00d3CIOS\"}}]},{\"@type\":\"Person\",\"@id\":\"https:\/\/www.naoobvio.com\/#\/schema\/person\/c8d8e4941eea2c1ccf7410863aa3c826\",\"name\":\"J\\u00e9ssica Zoleti \\u2022 @jessicazoleti\",\"image\":{\"@type\":\"ImageObject\",\"@id\":\"https:\/\/www.naoobvio.com\/#personlogo\",\"inLanguage\":\"pt-BR\",\"url\":\"https:\/\/secure.gravatar.com\/avatar\/b0fbbfef5609da6d09af134092016cd3?s=96&d=mm&r=g\",\"caption\":\"J\\u00e9ssica Zoleti \\u2022 @jessicazoleti\"},\"description\":\"Produtora audiovisual, apaixonada por arte e viagens.\"}]}<\/script>\n<!-- \/ Yoast SEO plugin. -->","_links":{"self":[{"href":"https:\/\/www.naoobvio.com\/index.php\/wp-json\/wp\/v2\/posts\/8712"}],"collection":[{"href":"https:\/\/www.naoobvio.com\/index.php\/wp-json\/wp\/v2\/posts"}],"about":[{"href":"https:\/\/www.naoobvio.com\/index.php\/wp-json\/wp\/v2\/types\/post"}],"author":[{"embeddable":true,"href":"https:\/\/www.naoobvio.com\/index.php\/wp-json\/wp\/v2\/users\/9"}],"replies":[{"embeddable":true,"href":"https:\/\/www.naoobvio.com\/index.php\/wp-json\/wp\/v2\/comments?post=8712"}],"version-history":[{"count":64,"href":"https:\/\/www.naoobvio.com\/index.php\/wp-json\/wp\/v2\/posts\/8712\/revisions"}],"predecessor-version":[{"id":8792,"href":"https:\/\/www.naoobvio.com\/index.php\/wp-json\/wp\/v2\/posts\/8712\/revisions\/8792"}],"wp:featuredmedia":[{"embeddable":true,"href":"https:\/\/www.naoobvio.com\/index.php\/wp-json\/wp\/v2\/media\/8789"}],"wp:attachment":[{"href":"https:\/\/www.naoobvio.com\/index.php\/wp-json\/wp\/v2\/media?parent=8712"}],"wp:term":[{"taxonomy":"category","embeddable":true,"href":"https:\/\/www.naoobvio.com\/index.php\/wp-json\/wp\/v2\/categories?post=8712"},{"taxonomy":"post_tag","embeddable":true,"href":"https:\/\/www.naoobvio.com\/index.php\/wp-json\/wp\/v2\/tags?post=8712"}],"curies":[{"name":"wp","href":"https:\/\/api.w.org\/{rel}","templated":true}]}}